{"id":9963,"date":"2010-12-16T07:51:14","date_gmt":"2010-12-16T05:51:14","guid":{"rendered":"https:\/\/www.satokangas.fi\/blogi\/?p=9963"},"modified":"2010-12-16T07:55:05","modified_gmt":"2010-12-16T05:55:05","slug":"valokuvatorstai-mielenrauha","status":"publish","type":"post","link":"https:\/\/www.satokangas.fi\/blogi\/2010\/12\/valokuvatorstai-mielenrauha\/","title":{"rendered":"Valokuvatorstai: mielenrauha"},"content":{"rendered":"<p style=\"text-align: center;\">Valokuvatorstain haasteena joulun alla<em> mielenrauha<\/em>.<\/p>\n<p style=\"text-align: center;\">Pohjoisessa, m\u00f6kill\u00e4 p\u00e4iv\u00e4n ulkoilun j\u00e4lkeen, takkatulen \u00e4\u00e4ress\u00e4 &#8211; siin\u00e4 on mielenrauha<\/p>\n<p style=\"text-align: center;\"><a href=\"https:\/\/www.satokangas.fi\/blogi\/wp-content\/uploads\/Mielenrauhaa-My\u00f6t\u00e4tuulessa.jpg\"><img loading=\"lazy\" decoding=\"async\" class=\"size-medium wp-image-9964 aligncenter\" title=\"Mielenrauhaa My\u00f6t\u00e4tuulessa\" src=\"https:\/\/www.satokangas.fi\/blogi\/wp-content\/uploads\/Mielenrauhaa-My\u00f6t\u00e4tuulessa-500x325.jpg\" alt=\"\" width=\"500\" height=\"325\" \/><\/a><\/p>\n<p style=\"text-align: center;\">(klikkaamalla takkatuli suurenee)<\/p>\n<p style=\"text-align: center;\">Muiden mielenrauha-kuvia on<a href=\"http:\/\/inspis.vuodatus.net\/blog\/2750948\/18-haaste\/\"> t\u00e4\u00e4ll\u00e4<\/a>.<\/p>\n<p style=\"text-align: center;\">T\u00e4m\u00e4 onkin minun sadas osallistumiseni valokuvatorstaihin.<\/p>\n<p style=\"text-align: center;\">Kiitokset kaikille t\u00e4h\u00e4nastisesta ja<\/p>\n<p style=\"text-align: center;\">mielenrauhaa ja levollista joulua<\/p>\n<p style=\"text-align: center;\">Valokuvatorstain poppoolle toivottelen<\/p>\n<p style=\"text-align: center;\"><a href=\"http:\/\/www.satokangas.fi\/Keittio\/Joulu_2010\/index.html\">ks. joulukorttisivuni<\/a><\/p>\n<p style=\"text-align: center;\">\n","protected":false},"excerpt":{"rendered":"<p>Valokuvatorstain haasteena joulun alla mielenrauha. Pohjoisessa, m\u00f6kill\u00e4 p\u00e4iv\u00e4n ulkoilun j\u00e4lkeen, takkatulen \u00e4\u00e4ress\u00e4 &#8211; siin\u00e4 on mielenrauha (klikkaamalla takkatuli suurenee) Muiden mielenrauha-kuvia on t\u00e4\u00e4ll\u00e4. T\u00e4m\u00e4 onkin minun sadas osallistumiseni valokuvatorstaihin. Kiitokset kaikille t\u00e4h\u00e4nastisesta ja mielenrauhaa ja levollista joulua Valokuvatorstain poppoolle toivottelen ks. joulukorttisivuni<\/p>\n","protected":false},"author":1,"featured_media":0,"comment_status":"open","ping_status":"open","sticky":false,"template":"","format":"standard","meta":{"jetpack_post_was_ever_published":false,"_jetpack_newsletter_access":"","_jetpack_dont_email_post_to_subs":false,"_jetpack_newsletter_tier_id":0,"_jetpack_memberships_contains_paywalled_content":false,"_jetpack_memberships_contains_paid_content":false,"footnotes":"","jetpack_publicize_message":"","jetpack_publicize_feature_enabled":true,"jetpack_social_post_already_shared":false,"jetpack_social_options":{"image_generator_settings":{"template":"highway","default_image_id":0,"font":"","enabled":false},"version":2}},"categories":[21],"tags":[],"class_list":["post-9963","post","type-post","status-publish","format-standard","hentry","category-valokuvatorstai","latest_post"],"jetpack_publicize_connections":[],"jetpack_featured_media_url":"","jetpack_shortlink":"https:\/\/wp.me\/pr4p4-2AH","jetpack_sharing_enabled":true,"jetpack_likes_enabled":false,"jetpack-related-posts":[{"id":52364,"url":"https:\/\/www.satokangas.fi\/blogi\/2025\/04\/erilainen-paasiaisretriitti\/","url_meta":{"origin":9963,"position":0},"title":"Erilainen p\u00e4\u00e4si\u00e4isretriitti","author":"Reija","date":"12.4.2025","format":false,"excerpt":"Varjot lumenpeitt\u00e4m\u00e4n Hangasojan uoman yll\u00e4 ovat viel\u00e4 pitk\u00e4t. Mutta on valoakin. Nyt jo on. Ja on hiljaisuutta. Ja mahdollisuus saada mielenrauhaa. T\u00e4n\u00e4 vuonna p\u00e4\u00e4si\u00e4isretriitti erilainen kuin usein ennen (esim.): nyt kaksin Pehtoorin kanssa. M\u00f6kill\u00e4, luonnossa, hangilla, unessakin. \u00a0","rel":"","context":"Kategoriassa &quot;M\u00f6kkiel\u00e4m\u00e4\u00e4&quot;","block_context":{"text":"M\u00f6kkiel\u00e4m\u00e4\u00e4","link":"https:\/\/www.satokangas.fi\/blogi\/category\/mokkielamaa\/"},"img":{"alt_text":"","src":"https:\/\/i0.wp.com\/www.satokangas.fi\/blogi\/wp-content\/uploads\/2025\/04\/2025_4-2.jpg?resize=350%2C200&ssl=1","width":350,"height":200,"srcset":"https:\/\/i0.wp.com\/www.satokangas.fi\/blogi\/wp-content\/uploads\/2025\/04\/2025_4-2.jpg?resize=350%2C200&ssl=1 1x, https:\/\/i0.wp.com\/www.satokangas.fi\/blogi\/wp-content\/uploads\/2025\/04\/2025_4-2.jpg?resize=525%2C300&ssl=1 1.5x, https:\/\/i0.wp.com\/www.satokangas.fi\/blogi\/wp-content\/uploads\/2025\/04\/2025_4-2.jpg?resize=700%2C400&ssl=1 2x"},"classes":[]},{"id":40102,"url":"https:\/\/www.satokangas.fi\/blogi\/2021\/01\/ikioma-riddari\/","url_meta":{"origin":9963,"position":1},"title":"Ikioma riddari","author":"Reija","date":"19.1.2021","format":false,"excerpt":"Siin\u00e4 se on! Mun ikioma, ite tehty riddari. Olipa mukava neulottava. Ei todellakaan valmistunut tuosta vaan, kuukausi kului, joka p\u00e4iv\u00e4 neuloin ainakin v\u00e4h\u00e4n. Automatkoilla, takkatulen \u00e4\u00e4ress\u00e4, m\u00f6kki-iltoina, pakkasp\u00e4ivin\u00e4 \u00e4\u00e4nikirjoja kuunnellen, C Moren ja Netflixin \u00e4\u00e4rell\u00e4... Mielenrauhaa ja mieluisaa tekemist\u00e4. K\u00e4sill\u00e4 tekeminen on mukavaa, hy\u00f6dyllist\u00e4kin. Istex Lettlopi -lanka on islantilaista karkeaa\u2026","rel":"","context":"Kategoriassa &quot;Neulottua&quot;","block_context":{"text":"Neulottua","link":"https:\/\/www.satokangas.fi\/blogi\/category\/neulottua\/"},"img":{"alt_text":"","src":"https:\/\/i0.wp.com\/www.satokangas.fi\/blogi\/wp-content\/uploads\/2021\/01\/riddari-4.jpg?resize=350%2C200&ssl=1","width":350,"height":200,"srcset":"https:\/\/i0.wp.com\/www.satokangas.fi\/blogi\/wp-content\/uploads\/2021\/01\/riddari-4.jpg?resize=350%2C200&ssl=1 1x, https:\/\/i0.wp.com\/www.satokangas.fi\/blogi\/wp-content\/uploads\/2021\/01\/riddari-4.jpg?resize=525%2C300&ssl=1 1.5x, https:\/\/i0.wp.com\/www.satokangas.fi\/blogi\/wp-content\/uploads\/2021\/01\/riddari-4.jpg?resize=700%2C400&ssl=1 2x"},"classes":[]},{"id":39311,"url":"https:\/\/www.satokangas.fi\/blogi\/2020\/09\/talle-oli-tarvetta\/","url_meta":{"origin":9963,"position":2},"title":"T\u00e4lle oli tarvetta","author":"Reija","date":"6.9.2020","format":false,"excerpt":"\u00a0 Joka syksyinen tavoite ja toive on ollut p\u00e4\u00e4st\u00e4 ruska-aikana m\u00f6kille. Melkein aina viimeisten parin vuosikymmenen aikana se on onnistunut: joko parin p\u00e4iv\u00e4n pikainen pyr\u00e4hdys tai viikko vier\u00e4ht\u00e4en tuntureilla ja m\u00f6kiss\u00e4. Aina m\u00f6kkireissu tuntuu olevan tarpeen ja toivottu, niin nytkin. Ja vaikka nykyisin on paljon enemm\u00e4n JOS-sanalla kuin KUN-sanalla alkavia\u2026","rel":"","context":"Kategoriassa &quot;Lappi&quot;","block_context":{"text":"Lappi","link":"https:\/\/www.satokangas.fi\/blogi\/category\/lappi\/"},"img":{"alt_text":"","src":"https:\/\/i0.wp.com\/www.satokangas.fi\/blogi\/wp-content\/uploads\/2020\/09\/2-6.jpg?resize=350%2C200&ssl=1","width":350,"height":200,"srcset":"https:\/\/i0.wp.com\/www.satokangas.fi\/blogi\/wp-content\/uploads\/2020\/09\/2-6.jpg?resize=350%2C200&ssl=1 1x, https:\/\/i0.wp.com\/www.satokangas.fi\/blogi\/wp-content\/uploads\/2020\/09\/2-6.jpg?resize=525%2C300&ssl=1 1.5x, https:\/\/i0.wp.com\/www.satokangas.fi\/blogi\/wp-content\/uploads\/2020\/09\/2-6.jpg?resize=700%2C400&ssl=1 2x"},"classes":[]},{"id":52091,"url":"https:\/\/www.satokangas.fi\/blogi\/2025\/02\/hiihdellen\/","url_meta":{"origin":9963,"position":3},"title":"Hiihdellen","author":"Reija","date":"20.2.2025","format":false,"excerpt":"M\u00f6kkih\u00f6per\u00f6ily\u00e4 t\u00e4n\u00e4\u00e4n. Tai siis oikeastaan ihan mit\u00e4\u00e4n tekem\u00e4t\u00f6nt\u00e4. Villasukkien neulomista ja \u00e4\u00e4nikirjan kuuntelua pid\u00e4n aika tekem\u00e4tt\u00f6m\u00e4n\u00e4. Lumisateisena iltap\u00e4iv\u00e4n\u00e4 ja iltana se on tuntunut oikein hyv\u00e4lt\u00e4, rauhoittaakin kummasti. Aamup\u00e4iv\u00e4ll\u00e4 k\u00e4vimme sent\u00e4\u00e4n hiiht\u00e4m\u00e4ss\u00e4. Koskapa meid\u00e4n kahden kunto ja liikkumisen vauhti eiv\u00e4t oikein m\u00e4ts\u00e4\u00e4, ja koska on hyv\u00e4kin olla pieni osa p\u00e4ivist\u00e4 ihan\u2026","rel":"","context":"Kategoriassa &quot;Lappi&quot;","block_context":{"text":"Lappi","link":"https:\/\/www.satokangas.fi\/blogi\/category\/lappi\/"},"img":{"alt_text":"","src":"https:\/\/i0.wp.com\/www.satokangas.fi\/blogi\/wp-content\/uploads\/2025\/02\/Reposet_2025_2-4.jpg?resize=350%2C200&ssl=1","width":350,"height":200,"srcset":"https:\/\/i0.wp.com\/www.satokangas.fi\/blogi\/wp-content\/uploads\/2025\/02\/Reposet_2025_2-4.jpg?resize=350%2C200&ssl=1 1x, https:\/\/i0.wp.com\/www.satokangas.fi\/blogi\/wp-content\/uploads\/2025\/02\/Reposet_2025_2-4.jpg?resize=525%2C300&ssl=1 1.5x, https:\/\/i0.wp.com\/www.satokangas.fi\/blogi\/wp-content\/uploads\/2025\/02\/Reposet_2025_2-4.jpg?resize=700%2C400&ssl=1 2x, https:\/\/i0.wp.com\/www.satokangas.fi\/blogi\/wp-content\/uploads\/2025\/02\/Reposet_2025_2-4.jpg?resize=1050%2C600&ssl=1 3x"},"classes":[]},{"id":42542,"url":"https:\/\/www.satokangas.fi\/blogi\/2022\/03\/huolenpitoa\/","url_meta":{"origin":9963,"position":4},"title":"Huolenpitoa","author":"Reija","date":"8.3.2022","format":false,"excerpt":"No nyt min\u00e4 sen tein ja p\u00e4\u00e4tin: uutisten luvulle tulee nyt rankat rajoitukset. Sallittua on: aamulla - kuten tavallisesti - lehtien luku, korkeintaan 20 minuuttia. Iltap\u00e4iv\u00e4ll\u00e4 ennen ruokaa vartti, ja t\u00e4ss\u00e4 iltasella, ennen blogin kirjoitusta vain lyhyt piipahdus uutissivuilla, ja huom. illalla ovat vain YLE tai Hesari sallittuja. N\u00e4in tein\u2026","rel":"","context":"Kategoriassa &quot;Niit\u00e4 n\u00e4it\u00e4&quot;","block_context":{"text":"Niit\u00e4 n\u00e4it\u00e4","link":"https:\/\/www.satokangas.fi\/blogi\/category\/aiheeton\/"},"img":{"alt_text":"","src":"https:\/\/i0.wp.com\/www.satokangas.fi\/blogi\/wp-content\/uploads\/2022\/03\/ukraina_.jpg?resize=350%2C200&ssl=1","width":350,"height":200,"srcset":"https:\/\/i0.wp.com\/www.satokangas.fi\/blogi\/wp-content\/uploads\/2022\/03\/ukraina_.jpg?resize=350%2C200&ssl=1 1x, https:\/\/i0.wp.com\/www.satokangas.fi\/blogi\/wp-content\/uploads\/2022\/03\/ukraina_.jpg?resize=525%2C300&ssl=1 1.5x, https:\/\/i0.wp.com\/www.satokangas.fi\/blogi\/wp-content\/uploads\/2022\/03\/ukraina_.jpg?resize=700%2C400&ssl=1 2x"},"classes":[]},{"id":40334,"url":"https:\/\/www.satokangas.fi\/blogi\/2021\/02\/huikea-hiihtolomapaiva\/","url_meta":{"origin":9963,"position":5},"title":"Huikea hiihtolomap\u00e4iv\u00e4","author":"Reija","date":"27.2.2021","format":false,"excerpt":"Yksi kuva kertoo enemm\u00e4n kuin sata (vai onko se tuhat?) sanaa. Miksip\u00e4 siis turhia t\u00e4n\u00e4\u00e4n sanoittaisin t\u00e4t\u00e4 p\u00e4iv\u00e4\u00e4... En osaisi kuitenkaan. K\u00e4vin aamusella kaupassa, Kuukkeliin olivat legendaariset kuulutukset palanneet. Ne on t\u00e4ytynyt joskus kuulla, jotta ymm\u00e4rt\u00e4\u00e4, mist\u00e4 kummasta on kyse. Mutta siis: ne ovat taas l\u00e4sn\u00e4, mik\u00e4 monelle (= Ty\u00e4r\u2026","rel":"","context":"Kategoriassa &quot;Lappi&quot;","block_context":{"text":"Lappi","link":"https:\/\/www.satokangas.fi\/blogi\/category\/lappi\/"},"img":{"alt_text":"","src":"https:\/\/i0.wp.com\/www.satokangas.fi\/blogi\/wp-content\/uploads\/2021\/02\/2-14.jpg?resize=350%2C200&ssl=1","width":350,"height":200,"srcset":"https:\/\/i0.wp.com\/www.satokangas.fi\/blogi\/wp-content\/uploads\/2021\/02\/2-14.jpg?resize=350%2C200&ssl=1 1x, https:\/\/i0.wp.com\/www.satokangas.fi\/blogi\/wp-content\/uploads\/2021\/02\/2-14.jpg?resize=525%2C300&ssl=1 1.5x, https:\/\/i0.wp.com\/www.satokangas.fi\/blogi\/wp-content\/uploads\/2021\/02\/2-14.jpg?resize=700%2C400&ssl=1 2x"},"classes":[]}],"_links":{"self":[{"href":"https:\/\/www.satokangas.fi\/blogi\/wp-json\/wp\/v2\/posts\/9963","targetHints":{"allow":["GET"]}}],"collection":[{"href":"https:\/\/www.satokangas.fi\/blogi\/wp-json\/wp\/v2\/posts"}],"about":[{"href":"https:\/\/www.satokangas.fi\/blogi\/wp-json\/wp\/v2\/types\/post"}],"author":[{"embeddable":true,"href":"https:\/\/www.satokangas.fi\/blogi\/wp-json\/wp\/v2\/users\/1"}],"replies":[{"embeddable":true,"href":"https:\/\/www.satokangas.fi\/blogi\/wp-json\/wp\/v2\/comments?post=9963"}],"version-history":[{"count":0,"href":"https:\/\/www.satokangas.fi\/blogi\/wp-json\/wp\/v2\/posts\/9963\/revisions"}],"wp:attachment":[{"href":"https:\/\/www.satokangas.fi\/blogi\/wp-json\/wp\/v2\/media?parent=9963"}],"wp:term":[{"taxonomy":"category","embeddable":true,"href":"https:\/\/www.satokangas.fi\/blogi\/wp-json\/wp\/v2\/categories?post=9963"},{"taxonomy":"post_tag","embeddable":true,"href":"https:\/\/www.satokangas.fi\/blogi\/wp-json\/wp\/v2\/tags?post=9963"}],"curies":[{"name":"wp","href":"https:\/\/api.w.org\/{rel}","templated":true}]}}