{"id":9463,"date":"2010-11-12T18:33:16","date_gmt":"2010-11-12T16:33:16","guid":{"rendered":"https:\/\/www.satokangas.fi\/blogi\/?p=9463"},"modified":"2010-11-12T18:54:52","modified_gmt":"2010-11-12T16:54:52","slug":"erilainen-perjantai","status":"publish","type":"post","link":"https:\/\/www.satokangas.fi\/blogi\/2010\/11\/erilainen-perjantai\/","title":{"rendered":"Erilainen perjantai"},"content":{"rendered":"<p>Nuorten nukkuessa, pehtoorin hiiht\u00e4ess\u00e4 tein aamusella muutaman tunnin reippasti t\u00f6it\u00e4. Brunssin nautimme yhdess\u00e4 ennen yht\u00e4toista ja sitten pihalle. Nelj\u00e4st\u00e4\u00e4n tehtiin lumit\u00f6it\u00e4, laiteltiin saunaa illaksi valmiiksi,v\u00e4rkk\u00e4iltiin (joulu)valoja (pehtoori oli hankkinut taas uusia)\u00a0ja lyhtyj\u00e4, kuvailtiin ja juoksutettiin Maisaa (J:n koiruli), joka nauttii el\u00e4m\u00e4ns\u00e4 ensimm\u00e4isest\u00e4 lumesta t\u00e4ysin rinnoin.<\/p>\n<p>Onko t\u00e4\u00e4ll\u00e4 lunta? On! Yllin kyllin. Kovin on kaunista.<\/p>\n<p style=\"text-align: center;\">\u00a0<a href=\"https:\/\/www.satokangas.fi\/blogi\/wp-content\/uploads\/purolla.jpg\">\u00a0<img loading=\"lazy\" decoding=\"async\" data-attachment-id=\"9466\" data-permalink=\"https:\/\/www.satokangas.fi\/blogi\/2010\/11\/erilainen-perjantai\/purolla-3\/\" data-orig-file=\"https:\/\/www.satokangas.fi\/blogi\/wp-content\/uploads\/purolla.jpg\" data-orig-size=\"683,1024\" data-comments-opened=\"1\" data-image-meta=\"{&quot;aperture&quot;:&quot;16&quot;,&quot;credit&quot;:&quot;&quot;,&quot;camera&quot;:&quot;Canon EOS 5D Mark II&quot;,&quot;caption&quot;:&quot;&quot;,&quot;created_timestamp&quot;:&quot;1289570002&quot;,&quot;copyright&quot;:&quot;&quot;,&quot;focal_length&quot;:&quot;27&quot;,&quot;iso&quot;:&quot;400&quot;,&quot;shutter_speed&quot;:&quot;0.02&quot;,&quot;title&quot;:&quot;&quot;}\" data-image-title=\"purolla\" data-image-description=\"\" data-image-caption=\"\" data-large-file=\"https:\/\/www.satokangas.fi\/blogi\/wp-content\/uploads\/purolla.jpg\" class=\"aligncenter size-medium wp-image-9466\" title=\"purolla\" src=\"https:\/\/www.satokangas.fi\/blogi\/wp-content\/uploads\/purolla-266x400.jpg\" alt=\"\" width=\"266\" height=\"400\" srcset=\"https:\/\/www.satokangas.fi\/blogi\/wp-content\/uploads\/purolla-266x400.jpg 266w, https:\/\/www.satokangas.fi\/blogi\/wp-content\/uploads\/purolla-133x200.jpg 133w, https:\/\/www.satokangas.fi\/blogi\/wp-content\/uploads\/purolla.jpg 683w\" sizes=\"auto, (max-width: 266px) 100vw, 266px\" \/><\/a><\/p>\n<p style=\"text-align: center;\">Allaolevassa kuvassa (suurenevat klikkaamalla) kehotan kiinnitt\u00e4m\u00e4\u00e4n huomiota erityisen hyvin, mutta stailatusti,\u00a0erottuviin aurauskeppeihin (perhe nimittelee tukeiksi&#8230;H\u00f6!)<\/p>\n<p style=\"text-align: center;\"><a href=\"https:\/\/www.satokangas.fi\/blogi\/wp-content\/uploads\/vedenotto.jpg\"><img loading=\"lazy\" decoding=\"async\" data-attachment-id=\"9465\" data-permalink=\"https:\/\/www.satokangas.fi\/blogi\/2010\/11\/erilainen-perjantai\/vedenotto\/\" data-orig-file=\"https:\/\/www.satokangas.fi\/blogi\/wp-content\/uploads\/vedenotto.jpg\" data-orig-size=\"768,838\" data-comments-opened=\"1\" data-image-meta=\"{&quot;aperture&quot;:&quot;14&quot;,&quot;credit&quot;:&quot;&quot;,&quot;camera&quot;:&quot;Canon EOS 5D Mark II&quot;,&quot;caption&quot;:&quot;&quot;,&quot;created_timestamp&quot;:&quot;1289570077&quot;,&quot;copyright&quot;:&quot;&quot;,&quot;focal_length&quot;:&quot;35&quot;,&quot;iso&quot;:&quot;400&quot;,&quot;shutter_speed&quot;:&quot;0.01&quot;,&quot;title&quot;:&quot;&quot;}\" data-image-title=\"vedenotto\" data-image-description=\"\" data-image-caption=\"\" data-large-file=\"https:\/\/www.satokangas.fi\/blogi\/wp-content\/uploads\/vedenotto.jpg\" class=\"aligncenter size-medium wp-image-9465\" title=\"vedenotto\" src=\"https:\/\/www.satokangas.fi\/blogi\/wp-content\/uploads\/vedenotto-366x400.jpg\" alt=\"\" width=\"366\" height=\"400\" srcset=\"https:\/\/www.satokangas.fi\/blogi\/wp-content\/uploads\/vedenotto-366x400.jpg 366w, https:\/\/www.satokangas.fi\/blogi\/wp-content\/uploads\/vedenotto-183x200.jpg 183w, https:\/\/www.satokangas.fi\/blogi\/wp-content\/uploads\/vedenotto.jpg 768w\" sizes=\"auto, (max-width: 366px) 100vw, 366px\" \/><\/a><\/p>\n<p>Kylill\u00e4 k\u00e4ytiin toteamassa marraskuinen Saariselk\u00e4 varsin hiljaiseksi paikaksi. Niin hiljaiseksi, ett\u00e4 Alkon myyj\u00e4ll\u00e4 oli aikaa harrastaa hieman niuhottavaa\u00a0virkaintoisuutta. Mentiin n\u00e4et Kuukkeli-kaupan j\u00e4lkeen saunakuohuvat\/oluet ja ruokaviinit ostamaan, ja kun J:ll\u00e4 (19 v.) ei ollut\u00a0henkkarit mukana, \u00a0ei meille muillekaan myyty. Ei edes minulle ja pehtoorille yht\u00e4 laatuviini\u00e4 &#8221;kun ei voi tiet\u00e4\u00e4 jos me ostetaan alaik\u00e4isille&#8221;. Just. Alaik\u00e4isille 28 euron Amaronea (meillon t\u00e4n\u00e4\u00e4n Laaninleikett\u00e4 ja se vaatii Amaronea) ostellaan p\u00e4nti\u00f6nn\u00e4\u00e4n! Ja se myyj\u00e4 on ollut siell\u00e4 kaikki n\u00e4m\u00e4 vuodet kun me on siell\u00e4 kuljettu!<\/p>\n<p>Iltap\u00e4iv\u00e4ll\u00e4 lepoilua ja meitsi teki kuin tekikin pikku jutun ens torstain Kalevaan. Alta pois sekin.<\/p>\n<p>Rantasauna on jo nautittu. Kohta sy\u00f6d\u00e4\u00e4n ja pelataan. Miksi muuttaa m\u00f6kkeilyn hyv\u00e4ksi havaittuja rutiineja? Ja se viini? On, on meill\u00e4 Amarone avattuna. \ud83d\ude42<\/p>\n","protected":false},"excerpt":{"rendered":"<p>Nuorten nukkuessa, pehtoorin hiiht\u00e4ess\u00e4 tein aamusella muutaman tunnin reippasti t\u00f6it\u00e4. Brunssin nautimme yhdess\u00e4 ennen yht\u00e4toista ja sitten pihalle. Nelj\u00e4st\u00e4\u00e4n tehtiin lumit\u00f6it\u00e4, laiteltiin saunaa illaksi valmiiksi,v\u00e4rkk\u00e4iltiin (joulu)valoja (pehtoori oli hankkinut taas uusia)\u00a0ja lyhtyj\u00e4, kuvailtiin ja juoksutettiin Maisaa (J:n koiruli), joka nauttii el\u00e4m\u00e4ns\u00e4 ensimm\u00e4isest\u00e4 lumesta t\u00e4ysin rinnoin. Onko t\u00e4\u00e4ll\u00e4 lunta? On! Yllin kyllin. Kovin on kaunista. \u00a0\u00a0 Allaolevassa kuvassa (suurenevat klikkaamalla) kehotan &hellip; <\/p>\n","protected":false},"author":1,"featured_media":0,"comment_status":"open","ping_status":"open","sticky":false,"template":"","format":"standard","meta":{"jetpack_post_was_ever_published":false,"_jetpack_newsletter_access":"","_jetpack_dont_email_post_to_subs":false,"_jetpack_newsletter_tier_id":0,"_jetpack_memberships_contains_paywalled_content":false,"_jetpack_memberships_contains_paid_content":false,"footnotes":"","jetpack_publicize_message":"","jetpack_publicize_feature_enabled":true,"jetpack_social_post_already_shared":false,"jetpack_social_options":{"image_generator_settings":{"template":"highway","default_image_id":0,"font":"","enabled":false},"version":2}},"categories":[15],"tags":[],"class_list":["post-9463","post","type-post","status-publish","format-standard","hentry","category-lappi","latest_post"],"jetpack_publicize_connections":[],"jetpack_featured_media_url":"","jetpack_shortlink":"https:\/\/wp.me\/pr4p4-2sD","jetpack_sharing_enabled":true,"jetpack_likes_enabled":false,"jetpack-related-posts":[{"id":376,"url":"https:\/\/www.satokangas.fi\/blogi\/2008\/03\/pakkaaminen-ja-huoli\/","url_meta":{"origin":9463,"position":0},"title":"Pakkaaminen ja huoli","author":"Reija","date":"19.3.2008","format":false,"excerpt":"On ik\u00e4v\u00e4\u00e4 pakata matkalle, jonne ei oikeastaan edes haluaisi l\u00e4hte\u00e4. Jos oltaisiin l\u00e4hd\u00f6ss\u00e4 m\u00f6kille ei tarvitsisi pakata. Ja olen huolissani - jo nyt! - kuopuksesta. Ja esikoisesta. Vasta nyt!Pehtoorista en ole huolissani. Pehtoori pakkaa ja jakaa\u00a0huolestumiseni ja yritt\u00e4\u00e4 est\u00e4\u00e4 sen.\u00a0Niin\u00a0pehtoorin\u00a0kuuluukin.\u00a0","rel":"","context":"Kategoriassa &quot;Niit\u00e4 n\u00e4it\u00e4&quot;","block_context":{"text":"Niit\u00e4 n\u00e4it\u00e4","link":"https:\/\/www.satokangas.fi\/blogi\/category\/aiheeton\/"},"img":{"alt_text":"","src":"","width":0,"height":0},"classes":[]},{"id":31598,"url":"https:\/\/www.satokangas.fi\/blogi\/2017\/08\/pehtoorin-juhlaviikonloppu\/","url_meta":{"origin":9463,"position":1},"title":"Pehtoorin juhlaviikonloppu","author":"Reija","date":"11.8.2017","format":false,"excerpt":"Juhlaviikko on jo lopuillaan. Teemana ollut \"ruusuja ja historiaa\" jatkui elokuun kauniina perjantaina Helsingiss\u00e4kin. Kunhan my\u00f6h\u00e4\u00e4n her\u00e4tty\u00e4mme ehdimme aamiaiselle, oli sen j\u00e4lkeen aika l\u00e4hte\u00e4 liikkeelle, \"lenkille\". Ensimm\u00e4isen\u00e4 kohteena Kaisaniemen kasvitieteellinen puisto. Viime vuotisen remontin j\u00e4lkeen se oli oikein kaunis. Juuri t\u00e4n\u00e4\u00e4n tasavuosia t\u00e4ytt\u00e4nyt Pehtoori l\u00f6ysi kaikenmoista mielenkiintoista katseltavaa. Ehk\u00e4 inspiraatiota\u2026","rel":"","context":"Kategoriassa &quot;Niit\u00e4 n\u00e4it\u00e4&quot;","block_context":{"text":"Niit\u00e4 n\u00e4it\u00e4","link":"https:\/\/www.satokangas.fi\/blogi\/category\/aiheeton\/"},"img":{"alt_text":"","src":"https:\/\/i0.wp.com\/www.satokangas.fi\/blogi\/wp-content\/uploads\/2017\/08\/valokuva-11.jpg?resize=350%2C200&ssl=1","width":350,"height":200,"srcset":"https:\/\/i0.wp.com\/www.satokangas.fi\/blogi\/wp-content\/uploads\/2017\/08\/valokuva-11.jpg?resize=350%2C200&ssl=1 1x, https:\/\/i0.wp.com\/www.satokangas.fi\/blogi\/wp-content\/uploads\/2017\/08\/valokuva-11.jpg?resize=525%2C300&ssl=1 1.5x, https:\/\/i0.wp.com\/www.satokangas.fi\/blogi\/wp-content\/uploads\/2017\/08\/valokuva-11.jpg?resize=700%2C400&ssl=1 2x"},"classes":[]},{"id":43322,"url":"https:\/\/www.satokangas.fi\/blogi\/2022\/07\/italian-matkoja\/","url_meta":{"origin":9463,"position":2},"title":"Italian matkoja &#8230;","author":"Reija","date":"4.7.2022","format":false,"excerpt":"Omnes viae Romam ducunt? - kaikki tiet viev\u00e4t Roomaan? Laskin, ett\u00e4 se oli\u00a0 nyt viidestoista matkani Italiaan, t\u00e4m\u00e4 viimeisin siis. T\u00e4ss\u00e4 kohtaa matkaksi lasken sen, jos maassa on ollut v\u00e4hint\u00e4\u00e4 kaksi y\u00f6t\u00e4. Aika monta kertaa Italia on valikoitunut matkakohteeksi jotenkin merkitt\u00e4v\u00e4ss\u00e4 el\u00e4m\u00e4n vaiheessa... 1978 Roomassa ja Riminill\u00e4 Pehtoorin kanssa autoreissulla\u2026","rel":"","context":"Kategoriassa &quot;Italia&quot;","block_context":{"text":"Italia","link":"https:\/\/www.satokangas.fi\/blogi\/category\/italia\/"},"img":{"alt_text":"","src":"https:\/\/i0.wp.com\/www.satokangas.fi\/blogi\/wp-content\/uploads\/2022\/07\/1-27.jpg?resize=350%2C200&ssl=1","width":350,"height":200,"srcset":"https:\/\/i0.wp.com\/www.satokangas.fi\/blogi\/wp-content\/uploads\/2022\/07\/1-27.jpg?resize=350%2C200&ssl=1 1x, https:\/\/i0.wp.com\/www.satokangas.fi\/blogi\/wp-content\/uploads\/2022\/07\/1-27.jpg?resize=525%2C300&ssl=1 1.5x, https:\/\/i0.wp.com\/www.satokangas.fi\/blogi\/wp-content\/uploads\/2022\/07\/1-27.jpg?resize=700%2C400&ssl=1 2x, https:\/\/i0.wp.com\/www.satokangas.fi\/blogi\/wp-content\/uploads\/2022\/07\/1-27.jpg?resize=1050%2C600&ssl=1 3x"},"classes":[]},{"id":5743,"url":"https:\/\/www.satokangas.fi\/blogi\/2010\/01\/valokuvauksen-merkeissa\/","url_meta":{"origin":9463,"position":3},"title":"Valokuvauksen merkeiss\u00e4","author":"Reija","date":"15.1.2010","format":false,"excerpt":"K\u00e4vimme pehtoorin kanssa t\u00f6iden j\u00e4lkeen valokuvan\u00e4yttelyss\u00e4: museolla on viimeisi\u00e4 p\u00e4ivi\u00e4 menossa oululaisen Uuno Laukan (1914-1978) valokuvista koottu n\u00e4yttely. Laukan kuvat on digitoituna museon sivustollakin mutta n\u00e4yttelyss\u00e4 ne avautuivat aivan eri tavoin. Ja n\u00e4yttelyyn oli koottu parhaimmistoa nimenomaan Oulun historian kannalta. Parasta antia oli osio \"ennen-nyt\": kuva samalta kadulta, samasta maisemasta,\u2026","rel":"","context":"Kategoriassa &quot;Historiaa&quot;","block_context":{"text":"Historiaa","link":"https:\/\/www.satokangas.fi\/blogi\/category\/historiaa\/"},"img":{"alt_text":"","src":"https:\/\/i0.wp.com\/www.satokangas.fi\/blogi\/wp-content\/uploads\/2010\/01\/kodak100.jpg?resize=350%2C200&ssl=1","width":350,"height":200,"srcset":"https:\/\/i0.wp.com\/www.satokangas.fi\/blogi\/wp-content\/uploads\/2010\/01\/kodak100.jpg?resize=350%2C200&ssl=1 1x, https:\/\/i0.wp.com\/www.satokangas.fi\/blogi\/wp-content\/uploads\/2010\/01\/kodak100.jpg?resize=525%2C300&ssl=1 1.5x"},"classes":[]},{"id":37647,"url":"https:\/\/www.satokangas.fi\/blogi\/2019\/11\/niin-paljon-hyvaa-tanaan\/","url_meta":{"origin":9463,"position":4},"title":"Niin paljon hyv\u00e4\u00e4 t\u00e4n\u00e4\u00e4n &#8230;","author":"Reija","date":"22.11.2019","format":false,"excerpt":"T\u00e4n\u00e4\u00e4n(kin) on ollut hyv\u00e4 p\u00e4iv\u00e4. Niin hyv\u00e4. T\u00e4n\u00e4\u00e4n oleme olleet sisaren luona: iltap\u00e4iv\u00e4ll\u00e4 minituparit, joihin Pehtoorin kanssa haimme \u00e4idin mukaan. Kyll\u00e4h\u00e4n me kaikki kolme olimme ihastuksissamme nyt kun koti on valmiiksi sisustettu ja kaikki paikallaan. On avaraa ja valoisaa (marraskuusta huolimatta), harmaata mutta kauniisti harmoonista. Eik\u00e4 ainakaan minua h\u00e4mm\u00e4stytt\u00e4nyt, ett\u00e4\u2026","rel":"","context":"Kategoriassa &quot;Niit\u00e4 n\u00e4it\u00e4&quot;","block_context":{"text":"Niit\u00e4 n\u00e4it\u00e4","link":"https:\/\/www.satokangas.fi\/blogi\/category\/aiheeton\/"},"img":{"alt_text":"","src":"https:\/\/i0.wp.com\/www.satokangas.fi\/blogi\/wp-content\/uploads\/2019\/11\/juhlapaiva-6.jpg?resize=350%2C200&ssl=1","width":350,"height":200,"srcset":"https:\/\/i0.wp.com\/www.satokangas.fi\/blogi\/wp-content\/uploads\/2019\/11\/juhlapaiva-6.jpg?resize=350%2C200&ssl=1 1x, https:\/\/i0.wp.com\/www.satokangas.fi\/blogi\/wp-content\/uploads\/2019\/11\/juhlapaiva-6.jpg?resize=525%2C300&ssl=1 1.5x, https:\/\/i0.wp.com\/www.satokangas.fi\/blogi\/wp-content\/uploads\/2019\/11\/juhlapaiva-6.jpg?resize=700%2C400&ssl=1 2x"},"classes":[]},{"id":507,"url":"https:\/\/www.satokangas.fi\/blogi\/2008\/08\/rapu-rapu-rallaa\/","url_meta":{"origin":9463,"position":5},"title":"Rapu-rapu-rallaa","author":"Reija","date":"9.8.2008","format":false,"excerpt":"Pehtoori oli tilannut meille muutaman ravun: t\u00e4pl\u00e4rapuja, - kun jokiravut menev\u00e4t kaikki kuulemma etel\u00e4\u00e4n. Pehtoori ne sai keitt\u00e4\u00e4kin. Minusta ei ole siihen, mutta sy\u00f6m\u00e4\u00e4n on. Meill\u00e4 rapuperinne on pitk\u00e4 [minulla juuret jo murmelilta] ja pehtoori on monista ohjeista kehitt\u00e4nyt oman tapansa keitt\u00e4\u00e4 saksiniekkoja. Perinteen vahvuudella on ollut seurauksensa. Esikoisemme sai\u2026","rel":"","context":"Kategoriassa &quot;Ruoka ja viini&quot;","block_context":{"text":"Ruoka ja viini","link":"https:\/\/www.satokangas.fi\/blogi\/category\/ruoka_ja_viini\/"},"img":{"alt_text":"","src":"","width":0,"height":0},"classes":[]}],"_links":{"self":[{"href":"https:\/\/www.satokangas.fi\/blogi\/wp-json\/wp\/v2\/posts\/9463","targetHints":{"allow":["GET"]}}],"collection":[{"href":"https:\/\/www.satokangas.fi\/blogi\/wp-json\/wp\/v2\/posts"}],"about":[{"href":"https:\/\/www.satokangas.fi\/blogi\/wp-json\/wp\/v2\/types\/post"}],"author":[{"embeddable":true,"href":"https:\/\/www.satokangas.fi\/blogi\/wp-json\/wp\/v2\/users\/1"}],"replies":[{"embeddable":true,"href":"https:\/\/www.satokangas.fi\/blogi\/wp-json\/wp\/v2\/comments?post=9463"}],"version-history":[{"count":0,"href":"https:\/\/www.satokangas.fi\/blogi\/wp-json\/wp\/v2\/posts\/9463\/revisions"}],"wp:attachment":[{"href":"https:\/\/www.satokangas.fi\/blogi\/wp-json\/wp\/v2\/media?parent=9463"}],"wp:term":[{"taxonomy":"category","embeddable":true,"href":"https:\/\/www.satokangas.fi\/blogi\/wp-json\/wp\/v2\/categories?post=9463"},{"taxonomy":"post_tag","embeddable":true,"href":"https:\/\/www.satokangas.fi\/blogi\/wp-json\/wp\/v2\/tags?post=9463"}],"curies":[{"name":"wp","href":"https:\/\/api.w.org\/{rel}","templated":true}]}}