{"id":9460,"date":"2010-11-11T21:08:46","date_gmt":"2010-11-11T19:08:46","guid":{"rendered":"https:\/\/www.satokangas.fi\/blogi\/?p=9460"},"modified":"2010-11-11T21:08:46","modified_gmt":"2010-11-11T19:08:46","slug":"pakoon-pohjoiseen","status":"publish","type":"post","link":"https:\/\/www.satokangas.fi\/blogi\/2010\/11\/pakoon-pohjoiseen\/","title":{"rendered":"Pakoon pohjoiseen"},"content":{"rendered":"<p>Pakomatkalla piilopirtiss\u00e4. Lukulomalla Lapissa. Harrastuksen houkuttamana Hangasojalle hakeuduttu. Kaamoksen keskelle. Sinisten hetkien hell\u00e4\u00e4n huomaan.<\/p>\n<p>Reppu t\u00e4ynn\u00e4 arvioitavia tekstej\u00e4, mukana matkassa pehtoori suksineen, Juniori ja tytt\u00f6yst\u00e4v\u00e4ns\u00e4 ja koirunenkin kimpassa.\u00a0\u00a0<\/p>\n<p>Liki kaksituntinen lounaskokous v\u00e4sytti minua enemm\u00e4n kuin kunnon kahdeksantuntinen ty\u00f6n touhu. Ett\u00e4 uudistusvastarinta voi olla vahvaa!<\/p>\n<p>Iltap\u00e4iv\u00e4n abi-infon (eilen ja t\u00e4n\u00e4\u00e4n tuhansia abiturentteja tutustumassa yliopistoon, josko siit\u00e4 tulisi seuraava opinahjo. Min\u00e4 markkinointivuorossa; kovasti kehuin meid\u00e4n oppiainetta ja historian opiskelua, Aina joku kansankynttil\u00e4ksi haluaa&#8230; ;)) j\u00e4lkeen viel\u00e4 pient\u00e4 h\u00e4slinki\u00e4 ja illaksi tienp\u00e4\u00e4lle.\u00a0 Talvirajoitukset, pime\u00e4, alij\u00e4\u00e4htynyt vesi ja v\u00e4symys eiv\u00e4t tehneet matkasta erityisen riemullista.\u00a0 Mutta menih\u00e4n se. Ja nyt My\u00f6t\u00e4tuulessa. Nyt rauha.<\/p>\n","protected":false},"excerpt":{"rendered":"<p>Pakomatkalla piilopirtiss\u00e4. Lukulomalla Lapissa. Harrastuksen houkuttamana Hangasojalle hakeuduttu. Kaamoksen keskelle. Sinisten hetkien hell\u00e4\u00e4n huomaan. Reppu t\u00e4ynn\u00e4 arvioitavia tekstej\u00e4, mukana matkassa pehtoori suksineen, Juniori ja tytt\u00f6yst\u00e4v\u00e4ns\u00e4 ja koirunenkin kimpassa.\u00a0\u00a0 Liki kaksituntinen lounaskokous v\u00e4sytti minua enemm\u00e4n kuin kunnon kahdeksantuntinen ty\u00f6n touhu. Ett\u00e4 uudistusvastarinta voi olla vahvaa! Iltap\u00e4iv\u00e4n abi-infon (eilen ja t\u00e4n\u00e4\u00e4n tuhansia abiturentteja tutustumassa yliopistoon, josko siit\u00e4 tulisi seuraava opinahjo. Min\u00e4 markkinointivuorossa; &hellip; <\/p>\n","protected":false},"author":1,"featured_media":0,"comment_status":"open","ping_status":"open","sticky":false,"template":"","format":"standard","meta":{"jetpack_post_was_ever_published":false,"_jetpack_newsletter_access":"","_jetpack_dont_email_post_to_subs":false,"_jetpack_newsletter_tier_id":0,"_jetpack_memberships_contains_paywalled_content":false,"_jetpack_memberships_contains_paid_content":false,"footnotes":"","jetpack_publicize_message":"","jetpack_publicize_feature_enabled":true,"jetpack_social_post_already_shared":false,"jetpack_social_options":{"image_generator_settings":{"template":"highway","default_image_id":0,"font":"","enabled":false},"version":2}},"categories":[1],"tags":[],"class_list":["post-9460","post","type-post","status-publish","format-standard","hentry","category-aiheeton","latest_post"],"jetpack_publicize_connections":[],"jetpack_featured_media_url":"","jetpack_shortlink":"https:\/\/wp.me\/pr4p4-2sA","jetpack_sharing_enabled":true,"jetpack_likes_enabled":false,"jetpack-related-posts":[{"id":7532,"url":"https:\/\/www.satokangas.fi\/blogi\/2010\/06\/valokuvatorstai-matkan-varrella\/","url_meta":{"origin":9460,"position":0},"title":"Valokuvatorstai: matkan varrella","author":"Reija","date":"17.6.2010","format":false,"excerpt":"Hyv\u00e4ntoivonniemi Afrikan etel\u00e4k\u00e4rjess\u00e4 on monen matkan varrella. (klikkaamalla suurenee) Se on ollut monelle purjehtijalle my\u00f6s matkan p\u00e4\u00e4: l\u00e4nness\u00e4 on kylm\u00e4 Atlantti ja id\u00e4ss\u00e4 Intian valtameri ja niiden merivirtojen kohtaaminen saa aikaan merireitin myrskyisyyden. Yli 500 vuotta t\u00e4m\u00e4 vaikuttava paikka on ollut eurooppalaisten merenkulkijoiden matkan varrella. Ja varmasti nyt jalkapallon mm-kisojen\u2026","rel":"","context":"Kategoriassa &quot;Valokuvatorstai&quot;","block_context":{"text":"Valokuvatorstai","link":"https:\/\/www.satokangas.fi\/blogi\/category\/valokuvaus\/valokuvatorstai\/"},"img":{"alt_text":"","src":"https:\/\/i0.wp.com\/www.satokangas.fi\/blogi\/wp-content\/uploads\/2010\/06\/Hyvantoivonniemi-500x334.jpg?resize=350%2C200&ssl=1","width":350,"height":200},"classes":[]},{"id":35118,"url":"https:\/\/www.satokangas.fi\/blogi\/2018\/10\/matka-ajatuksia\/","url_meta":{"origin":9460,"position":1},"title":"Matka-ajatuksia","author":"Reija","date":"30.10.2018","format":false,"excerpt":"Igranen auringonlasku. Vuoden takaiselta Kroatian matkalta (ja muiltakin) olen valinnut ja muokannut kuvia kuvapankkiin. Ja vuosi matkan j\u00e4lkeenkin tuntuu, ett\u00e4 se oli oikein hyv\u00e4 reissu. Oli kovin erilainen aika silloin. Matkakuume t\u00e4ss\u00e4 puuhassa on noussut, mutta onneksi on matka varattuna. Tai kaksikin matkaa. Tampereelle menn\u00e4\u00e4n ensi kuun loppupuolella ja sitten\u2026","rel":"","context":"Kategoriassa &quot;Niit\u00e4 n\u00e4it\u00e4&quot;","block_context":{"text":"Niit\u00e4 n\u00e4it\u00e4","link":"https:\/\/www.satokangas.fi\/blogi\/category\/aiheeton\/"},"img":{"alt_text":"","src":"https:\/\/i0.wp.com\/www.satokangas.fi\/blogi\/wp-content\/uploads\/2018\/10\/1-4.jpg?resize=350%2C200&ssl=1","width":350,"height":200,"srcset":"https:\/\/i0.wp.com\/www.satokangas.fi\/blogi\/wp-content\/uploads\/2018\/10\/1-4.jpg?resize=350%2C200&ssl=1 1x, https:\/\/i0.wp.com\/www.satokangas.fi\/blogi\/wp-content\/uploads\/2018\/10\/1-4.jpg?resize=525%2C300&ssl=1 1.5x, https:\/\/i0.wp.com\/www.satokangas.fi\/blogi\/wp-content\/uploads\/2018\/10\/1-4.jpg?resize=700%2C400&ssl=1 2x"},"classes":[]},{"id":11126,"url":"https:\/\/www.satokangas.fi\/blogi\/2011\/03\/ranskan-matkan-jalkeen\/","url_meta":{"origin":9460,"position":2},"title":"Ranskan matkan j\u00e4lkeen","author":"Reija","date":"18.3.2011","format":false,"excerpt":"Ranskan matkan j\u00e4lkeen on kulunut viikko. Ranskan matkan j\u00e4lkeen olen tullut ostaneeksi kaksi kertaa patonkia. Ja molemmilla kerroilla on tullut mietitty\u00e4, ett\u00e4 miksi? Jos on sy\u00f6nyt vastik\u00e4\u00e4n ranskalaista patonkia - olkoonkin kliseist\u00e4!! - niin kertakaikkiaan ei voi ymm\u00e4rt\u00e4\u00e4, miksi tulee ostaneeksi suomalaista patonkia. Ranskan matkan j\u00e4lkeen ostin Alkosta ranskalaista punaviini\u00e4,\u2026","rel":"","context":"Kategoriassa &quot;Niit\u00e4 n\u00e4it\u00e4&quot;","block_context":{"text":"Niit\u00e4 n\u00e4it\u00e4","link":"https:\/\/www.satokangas.fi\/blogi\/category\/aiheeton\/"},"img":{"alt_text":"","src":"https:\/\/i0.wp.com\/www.satokangas.fi\/blogi\/wp-content\/uploads\/Rasteau-200x168.jpg?resize=350%2C200&ssl=1","width":350,"height":200},"classes":[]},{"id":33545,"url":"https:\/\/www.satokangas.fi\/blogi\/2018\/03\/seuraavan-matkan-merkeissa\/","url_meta":{"origin":9460,"position":3},"title":"Seuraavan matkan merkeiss\u00e4","author":"Reija","date":"17.3.2018","format":false,"excerpt":"Reissuun l\u00e4hdet\u00e4\u00e4n 49 vrk:n kuluttua. Me kaikki seitsem\u00e4n. Ja perhe oli iloinen valinnastani. Kerron huomenna lis\u00e4\u00e4.","rel":"","context":"Kategoriassa &quot;Niit\u00e4 n\u00e4it\u00e4&quot;","block_context":{"text":"Niit\u00e4 n\u00e4it\u00e4","link":"https:\/\/www.satokangas.fi\/blogi\/category\/aiheeton\/"},"img":{"alt_text":"","src":"","width":0,"height":0},"classes":[]},{"id":1816,"url":"https:\/\/www.satokangas.fi\/blogi\/2008\/12\/buorre-matki\/","url_meta":{"origin":9460,"position":4},"title":"Buorre matki","author":"Reija","date":"7.12.2008","format":false,"excerpt":"Maalikyliin palattu pohjoisesta. Hmph! Siniset hetket talletettu mieleen ja niill\u00e4 muistoilla menn\u00e4\u00e4n taas monta p\u00e4iv\u00e4\u00e4. Ja kuvia on: nyt voisin jo v\u00e4itt\u00e4\u00e4 harrastavani valokuvausta. Otin 200 kuvaa! Puolet suoraan deletoitava, mutta muutama joulusivulle kelvollinenkin joukossa. Eilen l\u00e4hdettiiin nuorten kanssa Saarisel\u00e4n keskustaan ja Kaunisp\u00e4\u00e4lle. Pehtoorilla kun taas iski noidannuoli joten oli\u2026","rel":"","context":"Kategoriassa &quot;Lappi&quot;","block_context":{"text":"Lappi","link":"https:\/\/www.satokangas.fi\/blogi\/category\/lappi\/"},"img":{"alt_text":"","src":"https:\/\/i0.wp.com\/www.satokangas.fi\/blogi\/wp-content\/uploads\/2008\/12\/tykky.jpg?resize=350%2C200&ssl=1","width":350,"height":200},"classes":[]},{"id":38720,"url":"https:\/\/www.satokangas.fi\/blogi\/2020\/05\/matkalla-jotain-hyvaa\/","url_meta":{"origin":9460,"position":5},"title":"Matkalla jotain hyv\u00e4\u00e4","author":"Reija","date":"26.5.2020","format":false,"excerpt":"Turkansaareen halusin, - en p\u00e4\u00e4ssyt kuin sillalle. Mutta jo matkahan on usein se paras osa reissua. T\u00e4m\u00e4n pienen reissun, py\u00f6r\u00e4retken paras osa oli matka. Matkalla linnun laulua, aurinkoa, vastaantulevia monia luokkia (koululaiset py\u00f6r\u00e4retkill\u00e4), ja \u00e4\u00e4nikirja: \"Jotain hyv\u00e4\u00e4 - \u00e4\u00e4nikirjeit\u00e4 toivosta\". Se on hyv\u00e4, pieni kirja. Sen esittelyss\u00e4 lukee n\u00e4in: T\u00e4m\u00e4\u2026","rel":"","context":"Kategoriassa &quot;Niit\u00e4 n\u00e4it\u00e4&quot;","block_context":{"text":"Niit\u00e4 n\u00e4it\u00e4","link":"https:\/\/www.satokangas.fi\/blogi\/category\/aiheeton\/"},"img":{"alt_text":"","src":"https:\/\/i0.wp.com\/www.satokangas.fi\/blogi\/wp-content\/uploads\/2020\/05\/Turkansaari-3.jpg?resize=350%2C200&ssl=1","width":350,"height":200,"srcset":"https:\/\/i0.wp.com\/www.satokangas.fi\/blogi\/wp-content\/uploads\/2020\/05\/Turkansaari-3.jpg?resize=350%2C200&ssl=1 1x, https:\/\/i0.wp.com\/www.satokangas.fi\/blogi\/wp-content\/uploads\/2020\/05\/Turkansaari-3.jpg?resize=525%2C300&ssl=1 1.5x, https:\/\/i0.wp.com\/www.satokangas.fi\/blogi\/wp-content\/uploads\/2020\/05\/Turkansaari-3.jpg?resize=700%2C400&ssl=1 2x"},"classes":[]}],"_links":{"self":[{"href":"https:\/\/www.satokangas.fi\/blogi\/wp-json\/wp\/v2\/posts\/9460","targetHints":{"allow":["GET"]}}],"collection":[{"href":"https:\/\/www.satokangas.fi\/blogi\/wp-json\/wp\/v2\/posts"}],"about":[{"href":"https:\/\/www.satokangas.fi\/blogi\/wp-json\/wp\/v2\/types\/post"}],"author":[{"embeddable":true,"href":"https:\/\/www.satokangas.fi\/blogi\/wp-json\/wp\/v2\/users\/1"}],"replies":[{"embeddable":true,"href":"https:\/\/www.satokangas.fi\/blogi\/wp-json\/wp\/v2\/comments?post=9460"}],"version-history":[{"count":0,"href":"https:\/\/www.satokangas.fi\/blogi\/wp-json\/wp\/v2\/posts\/9460\/revisions"}],"wp:attachment":[{"href":"https:\/\/www.satokangas.fi\/blogi\/wp-json\/wp\/v2\/media?parent=9460"}],"wp:term":[{"taxonomy":"category","embeddable":true,"href":"https:\/\/www.satokangas.fi\/blogi\/wp-json\/wp\/v2\/categories?post=9460"},{"taxonomy":"post_tag","embeddable":true,"href":"https:\/\/www.satokangas.fi\/blogi\/wp-json\/wp\/v2\/tags?post=9460"}],"curies":[{"name":"wp","href":"https:\/\/api.w.org\/{rel}","templated":true}]}}