{"id":8714,"date":"2010-09-23T07:24:07","date_gmt":"2010-09-23T04:24:07","guid":{"rendered":"https:\/\/www.satokangas.fi\/blogi\/?p=8714"},"modified":"2010-09-23T13:09:21","modified_gmt":"2010-09-23T10:09:21","slug":"valokuvatorstai-taivas-on-kirkas-ja-napakka","status":"publish","type":"post","link":"https:\/\/www.satokangas.fi\/blogi\/2010\/09\/valokuvatorstai-taivas-on-kirkas-ja-napakka\/","title":{"rendered":"Valokuvatorstai: Taivas on kirkas ja napakka"},"content":{"rendered":"<p>Valokuvatorstaissa on\u00a0t\u00e4ll\u00e4 viikolla <a href=\"http:\/\/inspis.vuodatus.net\/\">musiikkihaaste<\/a>. Innoittajana on Zen Caf\u00e9n kappale Taivas on kirkas ja napakka. Innoitusta haasteesta voi hakea monin tavoin: kokonaisuudesta, lyriikoista, kappaleeseen tehdyst\u00e4 videosta tai vaikka vain kappaleen nimest\u00e4.<\/p>\n<p>V\u00e4litt\u00f6m\u00e4sti sanoista &#8221;Taivas on kirkas ja napakka&#8221; mietin niit\u00e4 kymmeni\u00e4, satoja Lapin tuntureilla otettuja kuvia. Kaikkina vuodenaikoina.<\/p>\n<p>Katsottuani Zen Caf\u00e9n biisin <a href=\"http:\/\/www.youtube.com\/watch?v=AUM4v12n0Zg\">videon<\/a>, oli laitettava t\u00e4m\u00e4 kuva. Ei muuta mahdollisuutta. Kontrasti?<\/p>\n<p style=\"text-align: center;\"><span style=\"color: #888888;\">(Kuva suurenee klikkaamalla)<\/span><\/p>\n<p style=\"text-align: center;\"><a href=\"https:\/\/www.satokangas.fi\/blogi\/wp-content\/uploads\/Times-Square.jpg\"><img loading=\"lazy\" decoding=\"async\" data-attachment-id=\"8715\" data-permalink=\"https:\/\/www.satokangas.fi\/blogi\/2010\/09\/valokuvatorstai-taivas-on-kirkas-ja-napakka\/times-square\/\" data-orig-file=\"https:\/\/www.satokangas.fi\/blogi\/wp-content\/uploads\/Times-Square.jpg\" data-orig-size=\"1200,800\" data-comments-opened=\"1\" data-image-meta=\"{&quot;aperture&quot;:&quot;4.5&quot;,&quot;credit&quot;:&quot;&quot;,&quot;camera&quot;:&quot;Canon EOS 450D&quot;,&quot;caption&quot;:&quot;&quot;,&quot;created_timestamp&quot;:&quot;1235883656&quot;,&quot;copyright&quot;:&quot;&quot;,&quot;focal_length&quot;:&quot;24&quot;,&quot;iso&quot;:&quot;1600&quot;,&quot;shutter_speed&quot;:&quot;0.003125&quot;,&quot;title&quot;:&quot;&quot;}\" data-image-title=\"Times Square\" data-image-description=\"\" data-image-caption=\"\" data-large-file=\"https:\/\/www.satokangas.fi\/blogi\/wp-content\/uploads\/Times-Square-1100x733.jpg\" class=\"size-medium wp-image-8715 aligncenter\" title=\"Times Square 1.3.2009, New York\" src=\"https:\/\/www.satokangas.fi\/blogi\/wp-content\/uploads\/Times-Square-500x333.jpg\" alt=\"\" width=\"500\" height=\"333\" srcset=\"https:\/\/www.satokangas.fi\/blogi\/wp-content\/uploads\/Times-Square-500x333.jpg 500w, https:\/\/www.satokangas.fi\/blogi\/wp-content\/uploads\/Times-Square-200x133.jpg 200w, https:\/\/www.satokangas.fi\/blogi\/wp-content\/uploads\/Times-Square-1100x733.jpg 1100w, https:\/\/www.satokangas.fi\/blogi\/wp-content\/uploads\/Times-Square.jpg 1200w\" sizes=\"auto, (max-width: 500px) 100vw, 500px\" \/><\/a><\/p>\n","protected":false},"excerpt":{"rendered":"<p>Valokuvatorstaissa on\u00a0t\u00e4ll\u00e4 viikolla musiikkihaaste. Innoittajana on Zen Caf\u00e9n kappale Taivas on kirkas ja napakka. Innoitusta haasteesta voi hakea monin tavoin: kokonaisuudesta, lyriikoista, kappaleeseen tehdyst\u00e4 videosta tai vaikka vain kappaleen nimest\u00e4. V\u00e4litt\u00f6m\u00e4sti sanoista &#8221;Taivas on kirkas ja napakka&#8221; mietin niit\u00e4 kymmeni\u00e4, satoja Lapin tuntureilla otettuja kuvia. Kaikkina vuodenaikoina. Katsottuani Zen Caf\u00e9n biisin videon, oli laitettava t\u00e4m\u00e4 kuva. Ei muuta mahdollisuutta. Kontrasti? &hellip; <\/p>\n","protected":false},"author":1,"featured_media":0,"comment_status":"open","ping_status":"open","sticky":false,"template":"","format":"standard","meta":{"jetpack_post_was_ever_published":false,"_jetpack_newsletter_access":"","_jetpack_dont_email_post_to_subs":false,"_jetpack_newsletter_tier_id":0,"_jetpack_memberships_contains_paywalled_content":false,"_jetpack_memberships_contains_paid_content":false,"footnotes":"","jetpack_publicize_message":"","jetpack_publicize_feature_enabled":true,"jetpack_social_post_already_shared":false,"jetpack_social_options":{"image_generator_settings":{"template":"highway","default_image_id":0,"font":"","enabled":false},"version":2}},"categories":[21],"tags":[],"class_list":["post-8714","post","type-post","status-publish","format-standard","hentry","category-valokuvatorstai","latest_post"],"jetpack_publicize_connections":[],"jetpack_featured_media_url":"","jetpack_shortlink":"https:\/\/wp.me\/pr4p4-2gy","jetpack_sharing_enabled":true,"jetpack_likes_enabled":false,"jetpack-related-posts":[{"id":9764,"url":"https:\/\/www.satokangas.fi\/blogi\/2010\/12\/valokuvatorstai-taalla-pohjantahden-alla\/","url_meta":{"origin":8714,"position":0},"title":"Valokuvatorstai: T\u00e4\u00e4ll\u00e4 Pohjant\u00e4hden alla","author":"Reija","date":"2.12.2010","format":false,"excerpt":"T\u00e4ll\u00e4 viikolla Valokuvatorstain inspiksen\u00e4 toimii Petri Laaksosen T\u00e4\u00e4ll\u00e4 Pohjant\u00e4hden Alla kappaleen sanat ja\/tai musiikki. \"T\u00e4\u00e4ll\u00e4 Pohjant\u00e4hden alla, korkeimmalla kukkulalla Katson kauas kaukaisuuteen, tulet uniin uudestaan. T\u00e4\u00e4ll\u00e4 Pohjant\u00e4hden alla, taivas t\u00e4yttyy purppuralla siit\u00e4 suojakseni peiton min\u00e4 itselleni saan. - - \" Kuinka monta kertaa m\u00f6kin maisemissa t\u00e4t\u00e4 laulua olenkaan miettinyt, hyr\u00e4illyt,\u2026","rel":"","context":"Kategoriassa &quot;Lappi&quot;","block_context":{"text":"Lappi","link":"https:\/\/www.satokangas.fi\/blogi\/category\/lappi\/"},"img":{"alt_text":"","src":"https:\/\/i0.wp.com\/www.satokangas.fi\/blogi\/wp-content\/uploads\/Pohjant%C3%A4hden-alla-500x338.jpg?resize=350%2C200&ssl=1","width":350,"height":200},"classes":[]},{"id":27320,"url":"https:\/\/www.satokangas.fi\/blogi\/2016\/01\/kaamos-ohi-pakkasia-pitelee\/","url_meta":{"origin":8714,"position":1},"title":"Kaamos ohi, pakkasia pitelee","author":"Reija","date":"7.1.2016","format":false,"excerpt":"Virallisesti t\u00e4n\u00e4\u00e4n on kaamos t\u00e4\u00e4ll\u00e4 Hangasojan rannalla ohi. Aurinko nousi t\u00e4n\u00e4\u00e4n klo 12:13, ja p\u00e4iv\u00e4n pituus oli kokonaiset seitsem\u00e4n minuuttia. Kuukauden aurinko\u00a0on ollut taivaanrannan alapuolella, mutta taas nousee. Sit\u00e4 varten mentiin\u00a0t\u00e4n\u00e4\u00e4nkin\u00a0Kaunisp\u00e4\u00e4lle (autolla kyll\u00e4kin), oikein vartoomaan auringon n\u00e4kemist\u00e4, mutta pilvess\u00e4h\u00e4n se taivas t\u00e4n\u00e4\u00e4n oli. Lauhtuu nimitt\u00e4in. Kolmeenkymmeneen pakkasasteeseen ja allekin jo\u2026","rel":"","context":"Kategoriassa &quot;Lappi&quot;","block_context":{"text":"Lappi","link":"https:\/\/www.satokangas.fi\/blogi\/category\/lappi\/"},"img":{"alt_text":"","src":"https:\/\/i0.wp.com\/www.satokangas.fi\/blogi\/wp-content\/uploads\/2016\/01\/Kuvausassistentti-2-600x400.jpg?resize=350%2C200&ssl=1","width":350,"height":200,"srcset":"https:\/\/i0.wp.com\/www.satokangas.fi\/blogi\/wp-content\/uploads\/2016\/01\/Kuvausassistentti-2-600x400.jpg?resize=350%2C200&ssl=1 1x, https:\/\/i0.wp.com\/www.satokangas.fi\/blogi\/wp-content\/uploads\/2016\/01\/Kuvausassistentti-2-600x400.jpg?resize=525%2C300&ssl=1 1.5x, https:\/\/i0.wp.com\/www.satokangas.fi\/blogi\/wp-content\/uploads\/2016\/01\/Kuvausassistentti-2-600x400.jpg?resize=700%2C400&ssl=1 2x, https:\/\/i0.wp.com\/www.satokangas.fi\/blogi\/wp-content\/uploads\/2016\/01\/Kuvausassistentti-2-600x400.jpg?resize=1050%2C600&ssl=1 3x, https:\/\/i0.wp.com\/www.satokangas.fi\/blogi\/wp-content\/uploads\/2016\/01\/Kuvausassistentti-2-600x400.jpg?resize=1400%2C800&ssl=1 4x"},"classes":[]},{"id":7456,"url":"https:\/\/www.satokangas.fi\/blogi\/2010\/06\/valokuvatorstai-memories\/","url_meta":{"origin":8714,"position":2},"title":"Valokuvatorstai: Memories","author":"Reija","date":"10.6.2010","format":false,"excerpt":"Valokuvatorstaissa inspiroidutaan t\u00e4n\u00e4\u00e4n musiikista. Minulle\u00a0 Clint Mansellin v\u00e4h\u00e4n melankolinen, paljon kaunis kappale Memories (Someone We'll Never Know) elokuvasta Moon toi mieleen raukean\u00a0 auringonlaskun, - yksi sellainen rauhallinen, pehme\u00e4, samettinen oli viime kes\u00e4n\u00e4 Rosesissa, Kataloniassa. \u00a0Memories... Kuva suurenee klikkaamalla, ja alla olevan klipin kautta voit kuunnella kauniin Memories-kappaleen.","rel":"","context":"Kategoriassa &quot;Valokuvatorstai&quot;","block_context":{"text":"Valokuvatorstai","link":"https:\/\/www.satokangas.fi\/blogi\/category\/valokuvaus\/valokuvatorstai\/"},"img":{"alt_text":"","src":"https:\/\/i0.wp.com\/www.satokangas.fi\/blogi\/wp-content\/uploads\/2010\/06\/Katalonian-valo-500x313.jpg?resize=350%2C200&ssl=1","width":350,"height":200},"classes":[]},{"id":35670,"url":"https:\/\/www.satokangas.fi\/blogi\/2018\/12\/joulu-tuntuu-alkaneen\/","url_meta":{"origin":8714,"position":3},"title":"Joulu tuntuu alkaneen","author":"Reija","date":"21.12.2018","format":false,"excerpt":"Kun me olimme vasta menossa, oli p\u00e4iv\u00e4n kirkkain aika, tosin alkoi hieman sataa lunta. Mutta vaikka \u00e4\u00e4neen ajattelin, ett\u00e4 \"hyv\u00e4 kun sataa, niin joulupukilla on helpompi porojen kanssa tulla... \", niin takapenkilt\u00e4 kuului kolmivuotiaan napakka kommentti: \"Meille ei pukki mill\u00e4\u00e4n poroilla tule\". En ryhtynyt intt\u00e4m\u00e4\u00e4n: verifiointi suuntaan jos toiseen voisi\u2026","rel":"","context":"Kategoriassa &quot;Isovanhemmuus&quot;","block_context":{"text":"Isovanhemmuus","link":"https:\/\/www.satokangas.fi\/blogi\/category\/isovanhemmuus\/"},"img":{"alt_text":"","src":"https:\/\/i0.wp.com\/www.satokangas.fi\/blogi\/wp-content\/uploads\/2018\/12\/talvipaivanseisaus-683x1024.jpg?resize=350%2C200&ssl=1","width":350,"height":200,"srcset":"https:\/\/i0.wp.com\/www.satokangas.fi\/blogi\/wp-content\/uploads\/2018\/12\/talvipaivanseisaus-683x1024.jpg?resize=350%2C200&ssl=1 1x, https:\/\/i0.wp.com\/www.satokangas.fi\/blogi\/wp-content\/uploads\/2018\/12\/talvipaivanseisaus-683x1024.jpg?resize=525%2C300&ssl=1 1.5x"},"classes":[]},{"id":51700,"url":"https:\/\/www.satokangas.fi\/blogi\/2025\/01\/pakkasella-ulos-syomaan\/","url_meta":{"origin":8714,"position":4},"title":"Pakkasella &#8221;ulos&#8221; sy\u00f6m\u00e4\u00e4n","author":"Reija","date":"8.1.2025","format":false,"excerpt":"Aamulla - 25 C. Eik\u00e4 se siit\u00e4 paljon l\u00e4mmennyt, tuultakin v\u00e4h\u00e4n, ainakin aavoilla paikoilla ja tunturissa. V\u00e4lip\u00e4iv\u00e4 hiihdosta, mutta p\u00e4\u00e4tin viel\u00e4 t\u00e4n\u00e4\u00e4nkin yritt\u00e4\u00e4 \"kaamoksen kaatajais\" -kuvaa Kaunisp\u00e4\u00e4lt\u00e4. Ei paljon eilisest\u00e4 kummennut. M\u00f6kkipihassa taivas oli sininen ja aika kirkas, Kaunisp\u00e4\u00e4ll\u00e4 ei! V\u00e4h\u00e4n turha reissu siis.\u00a0 Iltap\u00e4iv\u00e4n sitten pihapiiriss\u00e4 tunteroisen tarkenin ja\u2026","rel":"","context":"Kategoriassa &quot;M\u00f6kkiel\u00e4m\u00e4\u00e4&quot;","block_context":{"text":"M\u00f6kkiel\u00e4m\u00e4\u00e4","link":"https:\/\/www.satokangas.fi\/blogi\/category\/mokkielamaa\/"},"img":{"alt_text":"","src":"https:\/\/i0.wp.com\/www.satokangas.fi\/blogi\/wp-content\/uploads\/2025\/01\/Ravintola_Kuksa_2025.jpg?resize=350%2C200&ssl=1","width":350,"height":200,"srcset":"https:\/\/i0.wp.com\/www.satokangas.fi\/blogi\/wp-content\/uploads\/2025\/01\/Ravintola_Kuksa_2025.jpg?resize=350%2C200&ssl=1 1x, https:\/\/i0.wp.com\/www.satokangas.fi\/blogi\/wp-content\/uploads\/2025\/01\/Ravintola_Kuksa_2025.jpg?resize=525%2C300&ssl=1 1.5x, https:\/\/i0.wp.com\/www.satokangas.fi\/blogi\/wp-content\/uploads\/2025\/01\/Ravintola_Kuksa_2025.jpg?resize=700%2C400&ssl=1 2x"},"classes":[]},{"id":54000,"url":"https:\/\/www.satokangas.fi\/blogi\/2026\/02\/puut-odottavat-hiljaa\/","url_meta":{"origin":8714,"position":5},"title":"&#8221;Puut odottavat hiljaa &#8230;  &#8221;","author":"Reija","date":"25.2.2026","format":false,"excerpt":"Ei kuvakansioissa, ei kuvissa, eik\u00e4 muistissakaan ole muistoja, kuvia, muistikuvia t\u00e4ll\u00e4isesta talvesta kuin t\u00e4m\u00e4 anno domini 2026 on ainakin Oulussa ollut. Valkoinen, kirkas, puhdas, luminen, tosin aika v\u00e4h\u00e4luminen, nyt jo valoisa ja aurinkoinen pakkastalvi. \u00a0 J\u00e4rvi on vaiti. Puut odottavat hiljaa tuulen tuloa, luopumisen riemua, lepoa talven yli. \u00a0 \u00a0\u2026","rel":"","context":"Kategoriassa &quot;Hautausmailla&quot;","block_context":{"text":"Hautausmailla","link":"https:\/\/www.satokangas.fi\/blogi\/category\/hautausmailla\/"},"img":{"alt_text":"","src":"https:\/\/i0.wp.com\/www.satokangas.fi\/blogi\/wp-content\/uploads\/2026\/02\/Hautuumaalla_2026_2-4.jpg?resize=350%2C200&ssl=1","width":350,"height":200,"srcset":"https:\/\/i0.wp.com\/www.satokangas.fi\/blogi\/wp-content\/uploads\/2026\/02\/Hautuumaalla_2026_2-4.jpg?resize=350%2C200&ssl=1 1x, https:\/\/i0.wp.com\/www.satokangas.fi\/blogi\/wp-content\/uploads\/2026\/02\/Hautuumaalla_2026_2-4.jpg?resize=525%2C300&ssl=1 1.5x, https:\/\/i0.wp.com\/www.satokangas.fi\/blogi\/wp-content\/uploads\/2026\/02\/Hautuumaalla_2026_2-4.jpg?resize=700%2C400&ssl=1 2x"},"classes":[]}],"_links":{"self":[{"href":"https:\/\/www.satokangas.fi\/blogi\/wp-json\/wp\/v2\/posts\/8714","targetHints":{"allow":["GET"]}}],"collection":[{"href":"https:\/\/www.satokangas.fi\/blogi\/wp-json\/wp\/v2\/posts"}],"about":[{"href":"https:\/\/www.satokangas.fi\/blogi\/wp-json\/wp\/v2\/types\/post"}],"author":[{"embeddable":true,"href":"https:\/\/www.satokangas.fi\/blogi\/wp-json\/wp\/v2\/users\/1"}],"replies":[{"embeddable":true,"href":"https:\/\/www.satokangas.fi\/blogi\/wp-json\/wp\/v2\/comments?post=8714"}],"version-history":[{"count":0,"href":"https:\/\/www.satokangas.fi\/blogi\/wp-json\/wp\/v2\/posts\/8714\/revisions"}],"wp:attachment":[{"href":"https:\/\/www.satokangas.fi\/blogi\/wp-json\/wp\/v2\/media?parent=8714"}],"wp:term":[{"taxonomy":"category","embeddable":true,"href":"https:\/\/www.satokangas.fi\/blogi\/wp-json\/wp\/v2\/categories?post=8714"},{"taxonomy":"post_tag","embeddable":true,"href":"https:\/\/www.satokangas.fi\/blogi\/wp-json\/wp\/v2\/tags?post=8714"}],"curies":[{"name":"wp","href":"https:\/\/api.w.org\/{rel}","templated":true}]}}