{"id":8180,"date":"2010-08-18T19:30:07","date_gmt":"2010-08-18T16:30:07","guid":{"rendered":"https:\/\/www.satokangas.fi\/blogi\/?p=8180"},"modified":"2010-08-18T21:02:28","modified_gmt":"2010-08-18T18:02:28","slug":"moka","status":"publish","type":"post","link":"https:\/\/www.satokangas.fi\/blogi\/2010\/08\/moka\/","title":{"rendered":"Moka"},"content":{"rendered":"<p>Vaihteeksi koulutus- ja tiedotusp\u00e4iv\u00e4. T\u00e4n\u00e4\u00e4n oli tiedekunnan opettajien ja muun henkil\u00f6kunnan lukuvuoden aloitustilaisuus, joka kulkee nimell\u00e4 &#8221;Miss\u00e4 menn\u00e4\u00e4n?&#8221; Mietin p\u00e4iv\u00e4n antia kuunnellessa, eik\u00f6 olisi jo aika muuttaa tilaisuuden nimeksi Mihin menn\u00e4\u00e4n? Tai Ment\u00e4isk\u00f6 jonnekin?<\/p>\n<p>Puhuttiin paljon siit\u00e4kin, kuinka opiskelijat (asiakkaat!!??) kohdataan &#8211; ihan kuin olisivat jotain potilaita! \u00a0Tietysti tyk\u00f6n\u00e4ni n\u00e4it\u00e4 asioita pohdin. Ja tulin siihen tulokseen, ett\u00e4 edelleen uskon, ett\u00e4 t\u00e4rkeint\u00e4 on aito kiinnostus. Ja sitten siell\u00e4 Lasaretin isossa salissa ajatuksissani tulin miettineeksi monia kohtaamisia ja yht\u00e4kki\u00e4 tunsin &#8211; viel\u00e4kin,\u00a0 liki vuosikymmenen j\u00e4lkeen!! &#8211; itseni taas kerran idiootiksi. Muistui mieleen yksi moka, yksi monist! Kertakaikkinen, tai oikeastaan kaksinkertainen moka.<\/p>\n<p>Vuosia sitten meill\u00e4 oli yksi mukava opiskelija, joka ei ollut nuorimmasta p\u00e4\u00e4st\u00e4 ja jolla oli jo koulutus meille tullessaan. Nuori mies teki opinn\u00e4ytteens\u00e4 sosiaalihistoriasta, mik\u00e4 oli sekin yksi \u00a0syy, miksi h\u00e4nen kanssaan tuli oltua tavallistakin enemm\u00e4n tekemisiss\u00e4. Muutaman kerran h\u00e4nen graduntekokes\u00e4n\u00e4\u00e4n satuttiin ruokalaan yht\u00e4 aikaa, joten lounastettiin yhdess\u00e4 joitakin kertoja ja arkistossa\u00a0 kahviteltiin useinkin kimpassa. Siisp\u00e4 opin tuntemaan h\u00e4net keskim\u00e4\u00e4r\u00e4ist\u00e4 paremmin.<\/p>\n<p>Ja min\u00e4h\u00e4n olen ihan ty\u00f6kseni kiinnostunut opiskelijoiden asioista, mutta t\u00e4m\u00e4n ko. opiskelijan kohdalla ylenpalttinen uteliaisuuteni sai minut mokaamaan kohtuullisen rankasti.<\/p>\n<p>Kyseisen\u00e4 p\u00e4iv\u00e4n\u00e4 oli juuri t\u00e4llainen kaunis elokuinen ilma, tuntui jo syksy, mutta lukukausi ei ollut varsinaisesti alkanut. Olin iltap\u00e4iv\u00e4ll\u00e4 l\u00e4hd\u00f6ss\u00e4 arkistoon: mukanani k\u00e4silaukku, pieni mappi, kohtuullisen painava\u00a0 kannettava (raahattava) l\u00e4pp\u00e4ri, siihen laturi, ep\u00e4lukuinen m\u00e4\u00e4r\u00e4 irtopapereita, eik\u00e4 salkkua tai reppua vaan kaikki romppeet pinona syliss\u00e4. L\u00e4hdin yliopistolta,\u00a0 etsin katseellani autoani ja huomasin t\u00e4m\u00e4n mainitun opiskelijan valkoisen Volkkarin tulevan parkkipaikalle ja autoa ajavan nuoren kauniin naisen. \u00a0Ihan vaan mielenkiinnon vuoksi j\u00e4in \u201dhuomaamatta, sivusilm\u00e4ll\u00e4\u201d katselemaan, jotta josko sattuisin n\u00e4kem\u00e4\u00e4n t\u00e4m\u00e4n puheenaolevan opiskelijan avopuolison. Ja siin\u00e4 tietysti yrit\u00e4n samalla avata autoni ovet, samalla kuikkia muiden autojen yli ja edelleen samalla tunkea itseni tavaroineni autoon, &#8211; varovaisesti, ettei l\u00e4pp\u00e4ri putoa ja ettei paperit lenn\u00e4. Ja istahdan turvallisesti alas! Takapenkille! Oman autoni takapenkille!<\/p>\n<p>Ja samalla huomaan, ett\u00e4 liki viereen parkkeerannut valkoinen Volkkari oli <strong>v\u00e4\u00e4r\u00e4 <\/strong>Volkkari, ei siis tutun opiskelijan auto, joten kuljettajakaan ei voinut olla h\u00e4nen avopuoliskonsa. Uuh! Nousin vaivihkaa takapenkilt\u00e4, livahdin ratin taakse ja huristelin arkistolle. Eik\u00e4 siin\u00e4 viel\u00e4 kaikki!<\/p>\n<p>Arkiston parkkipaikalla n\u00e4en tutun, oikean valkoisen Volkkarin. Olisinpa edes t\u00e4ll\u00e4 kertaa ollut hiljaa, mutta ei. T\u00e4m\u00e4 tuttu opiskelija kun kerran oli arkistossa min\u00e4 idiootti menin varmistamaan mokani ja kertomaan, mit\u00e4 parkkipaikalla oli tapahtunut. Voi hyv\u00e4 tavaton, ett\u00e4\u00a0 h\u00e4nell\u00e4 riitti hauskaa ja jaksoi useat kerrat siit\u00e4 virnuilla. Mutta k\u00e4vip\u00e4 sitten kerran avopuolisonsa ty\u00f6huoneessani\u00a0 esittelem\u00e4ss\u00e4. \ud83d\ude42<\/p>\n<p>Jotta on opiskelijoita kohdattu. Ja mokattu kohtaamisissa. Ja monesti.<\/p>\n","protected":false},"excerpt":{"rendered":"<p>Vaihteeksi koulutus- ja tiedotusp\u00e4iv\u00e4. T\u00e4n\u00e4\u00e4n oli tiedekunnan opettajien ja muun henkil\u00f6kunnan lukuvuoden aloitustilaisuus, joka kulkee nimell\u00e4 &#8221;Miss\u00e4 menn\u00e4\u00e4n?&#8221; Mietin p\u00e4iv\u00e4n antia kuunnellessa, eik\u00f6 olisi jo aika muuttaa tilaisuuden nimeksi Mihin menn\u00e4\u00e4n? Tai Ment\u00e4isk\u00f6 jonnekin? Puhuttiin paljon siit\u00e4kin, kuinka opiskelijat (asiakkaat!!??) kohdataan &#8211; ihan kuin olisivat jotain potilaita! \u00a0Tietysti tyk\u00f6n\u00e4ni n\u00e4it\u00e4 asioita pohdin. Ja tulin siihen tulokseen, ett\u00e4 edelleen uskon, ett\u00e4 &hellip; <\/p>\n","protected":false},"author":1,"featured_media":0,"comment_status":"open","ping_status":"open","sticky":false,"template":"","format":"standard","meta":{"jetpack_post_was_ever_published":false,"_jetpack_newsletter_access":"","_jetpack_dont_email_post_to_subs":false,"_jetpack_newsletter_tier_id":0,"_jetpack_memberships_contains_paywalled_content":false,"_jetpack_memberships_contains_paid_content":false,"footnotes":"","jetpack_publicize_message":"","jetpack_publicize_feature_enabled":true,"jetpack_social_post_already_shared":false,"jetpack_social_options":{"image_generator_settings":{"template":"highway","default_image_id":0,"font":"","enabled":false},"version":2}},"categories":[32],"tags":[],"class_list":["post-8180","post","type-post","status-publish","format-standard","hentry","category-yliopistoelamaa","latest_post"],"jetpack_publicize_connections":[],"jetpack_featured_media_url":"","jetpack_shortlink":"https:\/\/wp.me\/sr4p4-moka","jetpack_sharing_enabled":true,"jetpack_likes_enabled":false,"jetpack-related-posts":[{"id":12605,"url":"https:\/\/www.satokangas.fi\/blogi\/2011\/10\/jokapaivainen-mokamme\/","url_meta":{"origin":8180,"position":0},"title":"Jokap\u00e4iv\u00e4inen mokamme","author":"Reija","date":"13.10.2011","format":false,"excerpt":"Kansallinen ep\u00e4onnistumisen p\u00e4iv\u00e4! T\u00e4n\u00e4\u00e4n on kuulemma sellainen. Kaikkea ne keksiv\u00e4tkin. Niin kuin ett\u00e4 mokailu on hyv\u00e4ksi, vai? Enp\u00e4 tied\u00e4, onko hyv\u00e4ksi, mutta meitsi on kyll\u00e4 k\u00e4velev\u00e4 esimerkki jatkuvasta pienest\u00e4 t\u00f6peksinn\u00e4st\u00e4. T\u00e4n\u00e4\u00e4n- , onko t\u00e4n\u00e4\u00e4n tullut mokattua? No heti aamusta sellainen, ett\u00e4 olin l\u00e4hd\u00f6ss\u00e4 kuvausreissulle. Yht\u00e4 kirjaa varten olin luvannut k\u00e4yd\u00e4\u2026","rel":"","context":"Kategoriassa &quot;Niit\u00e4 n\u00e4it\u00e4&quot;","block_context":{"text":"Niit\u00e4 n\u00e4it\u00e4","link":"https:\/\/www.satokangas.fi\/blogi\/category\/aiheeton\/"},"img":{"alt_text":"","src":"","width":0,"height":0},"classes":[]},{"id":37639,"url":"https:\/\/www.satokangas.fi\/blogi\/2019\/11\/postikorttikauppias\/","url_meta":{"origin":8180,"position":1},"title":"Postikorttikauppias","author":"Reija","date":"19.11.2019","format":false,"excerpt":"On v\u00e4h\u00e4n sellainen kaupparatsu -olo. Olen t\u00e4n\u00e4\u00e4n kiert\u00e4nyt myym\u00e4ss\u00e4 korttejani aika moneen paikkaan. Ja ilokseni ne ovat saaneet melko hyv\u00e4n vastaanoton. Yksi iso moka tai asiantuntemattomuus minulla niit\u00e4 tehdess\u00e4 on tapahtunut: korteissa ei ole EAN-koodia. Ja se sitten oli ainakin kahdessa paikassa korttipinkan ostamattomuuteen. :( Eih\u00e4n minulla ollut tullut pieneen\u2026","rel":"","context":"Kategoriassa &quot;Muistikuvia&quot;","block_context":{"text":"Muistikuvia","link":"https:\/\/www.satokangas.fi\/blogi\/category\/muistikuvia\/"},"img":{"alt_text":"","src":"https:\/\/i0.wp.com\/www.satokangas.fi\/blogi\/wp-content\/uploads\/2019\/11\/kortteja-2.jpg?resize=350%2C200&ssl=1","width":350,"height":200,"srcset":"https:\/\/i0.wp.com\/www.satokangas.fi\/blogi\/wp-content\/uploads\/2019\/11\/kortteja-2.jpg?resize=350%2C200&ssl=1 1x, https:\/\/i0.wp.com\/www.satokangas.fi\/blogi\/wp-content\/uploads\/2019\/11\/kortteja-2.jpg?resize=525%2C300&ssl=1 1.5x, https:\/\/i0.wp.com\/www.satokangas.fi\/blogi\/wp-content\/uploads\/2019\/11\/kortteja-2.jpg?resize=700%2C400&ssl=1 2x"},"classes":[]},{"id":833,"url":"https:\/\/www.satokangas.fi\/blogi\/2008\/09\/lohtumusiikkia-ja-juomaa-ja-suklaata\/","url_meta":{"origin":8180,"position":2},"title":"Lohtumusiikkia, -juomaa ja -suklaata","author":"Reija","date":"26.9.2008","format":false,"excerpt":"Jeff Buckleyn Hallelujah kest\u00e4\u00e4 melkein seitsem\u00e4n minuuttia. Juuri sen verran kuin minulta menee autolla kotoa kampuksen parkkipaikalle. T\u00e4ll\u00e4 viikolla Hallelujah on soinut t\u00f6ihin menness\u00e4 ja t\u00f6ist\u00e4 tullessa. Hallelujah tyynnytt\u00e4\u00e4. Viel\u00e4 parempi olisi ollut k\u00e4vell\u00e4. Varsinkin kun on ollut hienoja, aurinkoisia p\u00e4ivi\u00e4. Olisi ehtinyt kuunnella Hallelujahin viidesti menness\u00e4 ja viidesti tullessa.\u2026","rel":"","context":"With 2 comments","block_context":{"text":"With 2 comments","link":"https:\/\/www.satokangas.fi\/blogi\/2008\/09\/lohtumusiikkia-ja-juomaa-ja-suklaata\/#comments"},"img":{"alt_text":"","src":"https:\/\/i0.wp.com\/www.satokangas.fi\/blogi\/wp-content\/uploads\/2008\/09\/cafe2-307x400.jpg?resize=350%2C200&ssl=1","width":350,"height":200},"classes":[]},{"id":16748,"url":"https:\/\/www.satokangas.fi\/blogi\/2013\/03\/etsiva-loytaa\/","url_meta":{"origin":8180,"position":3},"title":"Etsiv\u00e4 l\u00f6yt\u00e4\u00e4","author":"Reija","date":"14.3.2013","format":false,"excerpt":"T\u00f6iss\u00e4: Miss\u00e4 on se eilen aloittamani tiedosto, mill\u00e4 nimell\u00e4 se on tallennettu? Miss\u00e4 on se muuttoliikett\u00e4 k\u00e4sittelev\u00e4 kirja ja j\u00e4tink\u00f6 min\u00e4 oikeasti taas ev\u00e4\u00e4t kotiin? Kotona: Miss\u00e4 on ne valkoiset creme br\u00fblee vuoat? Miss\u00e4 on se toinen vispil\u00e4? Min\u00e4 voisin vannoa ostaneeni tulppaanilautasliinoja! Juuri \u00e4sken n\u00e4in sen limen v\u00e4risen mariskoolin\u2026","rel":"","context":"Kategoriassa &quot;Niit\u00e4 n\u00e4it\u00e4&quot;","block_context":{"text":"Niit\u00e4 n\u00e4it\u00e4","link":"https:\/\/www.satokangas.fi\/blogi\/category\/aiheeton\/"},"img":{"alt_text":"Oulu by night","src":"https:\/\/i0.wp.com\/www.satokangas.fi\/blogi\/wp-content\/uploads\/2013\/03\/Oulu-by-night-600x387.jpg?resize=350%2C200&ssl=1","width":350,"height":200,"srcset":"https:\/\/i0.wp.com\/www.satokangas.fi\/blogi\/wp-content\/uploads\/2013\/03\/Oulu-by-night-600x387.jpg?resize=350%2C200&ssl=1 1x, https:\/\/i0.wp.com\/www.satokangas.fi\/blogi\/wp-content\/uploads\/2013\/03\/Oulu-by-night-600x387.jpg?resize=525%2C300&ssl=1 1.5x"},"classes":[]},{"id":33118,"url":"https:\/\/www.satokangas.fi\/blogi\/2018\/01\/yhdenlainen-aatto\/","url_meta":{"origin":8180,"position":4},"title":"Yhdenlainen aatto","author":"Reija","date":"19.1.2018","format":false,"excerpt":"Kuten v\u00e4liaikaiseksi laittamani viikonlopun kapitulin bannerikuvakin (ihan ite oon kuvannu ja teheny) kertonee, niin n\u00e4iss\u00e4 sy\u00f6vereiss\u00e4 on t\u00e4m\u00e4kin p\u00e4iv\u00e4 melkein kokonaan mennyt. Aamulenkki\u00e4 (olipa ihana keli) ja Caritaksen parituntista piipahdusta lukuunottamatta olen viett\u00e4nyt p\u00e4iv\u00e4n kapitulin puuhailuissa. Pressen hommissa ei mit\u00e4\u00e4n, paitsi ett\u00e4 jo ainakin yksi oma moka on paljastunut), mutta\u2026","rel":"","context":"Kategoriassa &quot;Muistikuvia&quot;","block_context":{"text":"Muistikuvia","link":"https:\/\/www.satokangas.fi\/blogi\/category\/muistikuvia\/"},"img":{"alt_text":"","src":"https:\/\/i0.wp.com\/www.satokangas.fi\/blogi\/wp-content\/uploads\/2018\/01\/Vieraita-oulussa_.jpg?resize=350%2C200&ssl=1","width":350,"height":200,"srcset":"https:\/\/i0.wp.com\/www.satokangas.fi\/blogi\/wp-content\/uploads\/2018\/01\/Vieraita-oulussa_.jpg?resize=350%2C200&ssl=1 1x, https:\/\/i0.wp.com\/www.satokangas.fi\/blogi\/wp-content\/uploads\/2018\/01\/Vieraita-oulussa_.jpg?resize=525%2C300&ssl=1 1.5x, https:\/\/i0.wp.com\/www.satokangas.fi\/blogi\/wp-content\/uploads\/2018\/01\/Vieraita-oulussa_.jpg?resize=700%2C400&ssl=1 2x"},"classes":[]},{"id":5128,"url":"https:\/\/www.satokangas.fi\/blogi\/2009\/11\/normilauantai\/","url_meta":{"origin":8180,"position":5},"title":"Normilauantai","author":"Reija","date":"14.11.2009","format":false,"excerpt":"Aamiainen, Kaleva, itse asiassa yht\u00e4aikaa ne. Lenkille. Kylm\u00e4. Siksi aikas ripe\u00e4sti tuli tehty\u00e4. Suihku. Tukka hyvin, kaikki hyvin ja kaupungille. Siin\u00e4 poikkeama tavallisesta: olin tavallista kauemmin, melkein kolme tuntia. Puistolan Deliss\u00e4 systerin kanssa kahvillakin v\u00e4lill\u00e4. Sitten uudet treenikamppeet hankin. Kaupungilla humputellessani pehtoori oli laitellut pihavaloja. Ja sitten tietysti ruokaa: nuoripari\u2026","rel":"","context":"Kategoriassa &quot;Niit\u00e4 n\u00e4it\u00e4&quot;","block_context":{"text":"Niit\u00e4 n\u00e4it\u00e4","link":"https:\/\/www.satokangas.fi\/blogi\/category\/aiheeton\/"},"img":{"alt_text":"juno","src":"https:\/\/i0.wp.com\/www.satokangas.fi\/blogi\/wp-content\/uploads\/2009\/11\/juno.jpg?resize=350%2C200&ssl=1","width":350,"height":200},"classes":[]}],"_links":{"self":[{"href":"https:\/\/www.satokangas.fi\/blogi\/wp-json\/wp\/v2\/posts\/8180","targetHints":{"allow":["GET"]}}],"collection":[{"href":"https:\/\/www.satokangas.fi\/blogi\/wp-json\/wp\/v2\/posts"}],"about":[{"href":"https:\/\/www.satokangas.fi\/blogi\/wp-json\/wp\/v2\/types\/post"}],"author":[{"embeddable":true,"href":"https:\/\/www.satokangas.fi\/blogi\/wp-json\/wp\/v2\/users\/1"}],"replies":[{"embeddable":true,"href":"https:\/\/www.satokangas.fi\/blogi\/wp-json\/wp\/v2\/comments?post=8180"}],"version-history":[{"count":0,"href":"https:\/\/www.satokangas.fi\/blogi\/wp-json\/wp\/v2\/posts\/8180\/revisions"}],"wp:attachment":[{"href":"https:\/\/www.satokangas.fi\/blogi\/wp-json\/wp\/v2\/media?parent=8180"}],"wp:term":[{"taxonomy":"category","embeddable":true,"href":"https:\/\/www.satokangas.fi\/blogi\/wp-json\/wp\/v2\/categories?post=8180"},{"taxonomy":"post_tag","embeddable":true,"href":"https:\/\/www.satokangas.fi\/blogi\/wp-json\/wp\/v2\/tags?post=8180"}],"curies":[{"name":"wp","href":"https:\/\/api.w.org\/{rel}","templated":true}]}}