{"id":8172,"date":"2010-08-17T20:19:49","date_gmt":"2010-08-17T17:19:49","guid":{"rendered":"https:\/\/www.satokangas.fi\/blogi\/?p=8172"},"modified":"2023-09-18T09:04:29","modified_gmt":"2023-09-18T06:04:29","slug":"rikkaruohoistakin-iloa","status":"publish","type":"post","link":"https:\/\/www.satokangas.fi\/blogi\/2010\/08\/rikkaruohoistakin-iloa\/","title":{"rendered":"Rikkaruohoistakin iloa"},"content":{"rendered":"<p>Ei pelkk\u00e4\u00e4 ruusuilla tanssimista t\u00e4m\u00e4 el\u00e4m\u00e4 meid\u00e4n pihalla. Rikkaruohotkin ovat n\u00e4in hienoja. \ud83d\ude42<\/p>\n<p><a href=\"https:\/\/www.satokangas.fi\/blogi\/wp-content\/uploads\/orvokki-2.jpg\"><img loading=\"lazy\" decoding=\"async\" data-attachment-id=\"8174\" data-permalink=\"https:\/\/www.satokangas.fi\/blogi\/2010\/08\/rikkaruohoistakin-iloa\/orvokki-2\/\" data-orig-file=\"https:\/\/www.satokangas.fi\/blogi\/wp-content\/uploads\/orvokki-2.jpg\" data-orig-size=\"1024,606\" data-comments-opened=\"1\" data-image-meta=\"{&quot;aperture&quot;:&quot;20&quot;,&quot;credit&quot;:&quot;&quot;,&quot;camera&quot;:&quot;Canon EOS 5D Mark II&quot;,&quot;caption&quot;:&quot;&quot;,&quot;created_timestamp&quot;:&quot;1281881250&quot;,&quot;copyright&quot;:&quot;&quot;,&quot;focal_length&quot;:&quot;93&quot;,&quot;iso&quot;:&quot;100&quot;,&quot;shutter_speed&quot;:&quot;0.0166666666667&quot;,&quot;title&quot;:&quot;&quot;}\" data-image-title=\"orvokki 2\" data-image-description=\"\" data-image-caption=\"\" data-large-file=\"https:\/\/www.satokangas.fi\/blogi\/wp-content\/uploads\/orvokki-2.jpg\" class=\"aligncenter size-medium wp-image-8174\" title=\"orvokki 2\" src=\"https:\/\/www.satokangas.fi\/blogi\/wp-content\/uploads\/orvokki-2-500x295.jpg\" alt=\"\" width=\"500\" height=\"295\" srcset=\"https:\/\/www.satokangas.fi\/blogi\/wp-content\/uploads\/orvokki-2-500x295.jpg 500w, https:\/\/www.satokangas.fi\/blogi\/wp-content\/uploads\/orvokki-2-200x118.jpg 200w, https:\/\/www.satokangas.fi\/blogi\/wp-content\/uploads\/orvokki-2.jpg 1024w\" sizes=\"auto, (max-width: 500px) 100vw, 500px\" \/><\/a><\/p>\n<p>Puolenkymment\u00e4 vuotta sitten ja monena edelt\u00e4v\u00e4n\u00e4 kes\u00e4n\u00e4 meill\u00e4 oli yhdess\u00e4 pihannurkassa nelj\u00e4 isoa ruukkua t\u00e4ynn\u00e4 puutarhalta ostettuja orvokkeja. Ja naapurinrouvalla oli my\u00f6s paljon orvokkeja, ja niiden j\u00e4lkeen n\u00e4it\u00e4 on talon seinustalla riitt\u00e4nyt. Ja vuosi vuodelta niit\u00e4 on vain enemm\u00e4n. Ei haittaa.<\/p>\n<p>Muutenkin ihanaa kun on viel\u00e4kin n\u00e4in kaunista ja l\u00e4mmint\u00e4kin t\u00e4n\u00e4\u00e4n. \u00c4sken kes\u00e4kukkia kastellessa koetin tallentaa valoa ja v\u00e4rej\u00e4 talveksi. Niit\u00e4 tullaan tarvitsemaan.\u00a0 T\u00e4n\u00e4\u00e4n teimme t\u00f6iss\u00e4 opinn\u00e4ytet\u00f6iden ja opinto-ohjauksen aikatauluja ja kaikesta &#8211; p\u00e4invastaisista yrityksistani &#8211; huolimatta n\u00e4ytt\u00e4\u00e4 ett\u00e4 minulle on noita hommia edelleen kertym\u00e4ss\u00e4 l\u00e4j\u00e4p\u00e4in! Tarkoitus kun oli ainakin pari isohkoa artikkeliakin tehd\u00e4 tulevana lukuvuonna, mutta mutta&#8230; Siis on todettava etten viel\u00e4k\u00e4\u00e4n osaa sanoa ei, enk\u00e4 j\u00e4rjestell\u00e4 tutkimusaikaa itselleni. Enk\u00f6 en\u00e4\u00e4 haluakaan?<\/p>\n<p>Mutta t\u00f6iden lis\u00e4ksi lomaj\u00e4rjestelyj\u00e4. Sain vahvistuksen syyslomakohteesta. NYT on siis matka varattu, ja olo jo huomattavasti seesteisempi. M\u00f6kkireissustakin viel\u00e4 haaveilen, Sompiossa olisi patikkareittikin jo valmiiksi katsottuna, ja Lemmenjoella haluaisin k\u00e4yd\u00e4. Ja &#8230;<\/p>\n<p>Miten se menik\u00e4\u00e4n<\/p>\n<blockquote><p>Hyv\u00e4 on.<br \/>\nMutta en min\u00e4 menneisyydess\u00e4 el\u00e4,<br \/>\nvaan unelmat edelt\u00e4 k\u00e4sin.<br \/>\nOn minussa se vika.<br \/>\n<em> (Juice Leskinen)<\/em><\/p><\/blockquote>\n","protected":false},"excerpt":{"rendered":"<p>Ei pelkk\u00e4\u00e4 ruusuilla tanssimista t\u00e4m\u00e4 el\u00e4m\u00e4 meid\u00e4n pihalla. Rikkaruohotkin ovat n\u00e4in hienoja. \ud83d\ude42 Puolenkymment\u00e4 vuotta sitten ja monena edelt\u00e4v\u00e4n\u00e4 kes\u00e4n\u00e4 meill\u00e4 oli yhdess\u00e4 pihannurkassa nelj\u00e4 isoa ruukkua t\u00e4ynn\u00e4 puutarhalta ostettuja orvokkeja. Ja naapurinrouvalla oli my\u00f6s paljon orvokkeja, ja niiden j\u00e4lkeen n\u00e4it\u00e4 on talon seinustalla riitt\u00e4nyt. Ja vuosi vuodelta niit\u00e4 on vain enemm\u00e4n. Ei haittaa. Muutenkin ihanaa kun on viel\u00e4kin n\u00e4in &hellip; <\/p>\n","protected":false},"author":1,"featured_media":0,"comment_status":"open","ping_status":"open","sticky":false,"template":"","format":"standard","meta":{"jetpack_post_was_ever_published":false,"_jetpack_newsletter_access":"","_jetpack_dont_email_post_to_subs":false,"_jetpack_newsletter_tier_id":0,"_jetpack_memberships_contains_paywalled_content":false,"_jetpack_memberships_contains_paid_content":false,"footnotes":"","jetpack_publicize_message":"","jetpack_publicize_feature_enabled":true,"jetpack_social_post_already_shared":false,"jetpack_social_options":{"image_generator_settings":{"template":"highway","default_image_id":0,"font":"","enabled":false},"version":2}},"categories":[1],"tags":[],"class_list":["post-8172","post","type-post","status-publish","format-standard","hentry","category-aiheeton","latest_post"],"jetpack_publicize_connections":[],"jetpack_featured_media_url":"","jetpack_shortlink":"https:\/\/wp.me\/pr4p4-27O","jetpack_sharing_enabled":true,"jetpack_likes_enabled":false,"jetpack-related-posts":[{"id":15209,"url":"https:\/\/www.satokangas.fi\/blogi\/2012\/09\/omaehtoista-tyonohjausta\/","url_meta":{"origin":8172,"position":0},"title":"Omaehtoista ty\u00f6nohjausta?","author":"Reija","date":"6.9.2012","format":false,"excerpt":"Olihan t\u00f6iden j\u00e4lkeen mukava olla ulkona. Nyt tuoksun \"ulolle\". Se on hyv\u00e4 tuoksu. Eik\u00e4 sit\u00e4 tule kuin kev\u00e4isin ja syksyisin. Kes\u00e4kukkapurkkeja jo tyhjentelin, v\u00e4h\u00e4n siistin pihapiiri\u00e4. Ja viel\u00e4 oli kasteltavaakin... Pelakuut vain kukkivat ja kukkivat. Ja meid\u00e4n rikkaruoho-orvokit! Niit\u00e4 en kyll\u00e4 kastele. Ne vain el\u00e4v\u00e4t. \u00a0 Ja t\u00e4m\u00e4 yksi Huvilassa\u2026","rel":"","context":"Kategoriassa &quot;Niit\u00e4 n\u00e4it\u00e4&quot;","block_context":{"text":"Niit\u00e4 n\u00e4it\u00e4","link":"https:\/\/www.satokangas.fi\/blogi\/category\/aiheeton\/"},"img":{"alt_text":"","src":"https:\/\/i0.wp.com\/www.satokangas.fi\/blogi\/wp-content\/uploads\/syyskukintaa-2-563x400.jpg?resize=350%2C200&ssl=1","width":350,"height":200,"srcset":"https:\/\/i0.wp.com\/www.satokangas.fi\/blogi\/wp-content\/uploads\/syyskukintaa-2-563x400.jpg?resize=350%2C200&ssl=1 1x, https:\/\/i0.wp.com\/www.satokangas.fi\/blogi\/wp-content\/uploads\/syyskukintaa-2-563x400.jpg?resize=525%2C300&ssl=1 1.5x"},"classes":[]},{"id":5072,"url":"https:\/\/www.satokangas.fi\/blogi\/2009\/11\/valokuvatorstain-haaste\/","url_meta":{"origin":8172,"position":1},"title":"Valokuvatorstain haaste","author":"Reija","date":"12.11.2009","format":false,"excerpt":"Valokuvatorstain haasteena on kiinalainen sananlasku: \"Ellei vuorilla ole suuria puita, leikkiv\u00e4t rikkaruohot kuningasta.\" Hieman soveltaen \"Ellei tuntureilla ole suuria puita, leikkiv\u00e4t vaivaiskoivut ja k\u00e4kk\u00e4r\u00e4m\u00e4nnyt kuningasta - ainakin tykkylumen aikaan...\" (klikkaa tammikuinen Kaunisp\u00e4\u00e4n tunturi suuremmaksi)","rel":"","context":"Kategoriassa &quot;Valokuvatorstai&quot;","block_context":{"text":"Valokuvatorstai","link":"https:\/\/www.satokangas.fi\/blogi\/category\/valokuvaus\/valokuvatorstai\/"},"img":{"alt_text":"rikkaruohot","src":"https:\/\/i0.wp.com\/www.satokangas.fi\/blogi\/wp-content\/uploads\/2009\/11\/rikkaruohot-297x400.jpg?resize=350%2C200&ssl=1","width":350,"height":200},"classes":[]},{"id":52574,"url":"https:\/\/www.satokangas.fi\/blogi\/2025\/06\/kukkia-kaikkialla\/","url_meta":{"origin":8172,"position":2},"title":"Kukkia kaikkialla","author":"Reija","date":"9.6.2025","format":false,"excerpt":"Kukkia t\u00e4n\u00e4\u00e4n - joka paikassa. Tuomet tuoksuvat, omppupuut kukkivat, pientareet ovat keltaisena voikukista, vihdoin valkovuokkoja kotipihassa. Kukkia hautausmaalla, kukkia py\u00f6r\u00e4lenkin varrella, kukkia kuvissa, joita siskon miehen kanssa t\u00e4n\u00e4\u00e4n katseltiin kun tyhjenneltiin mappeja ja kansioita, samalla s\u00e4\u00e4steltiin albumeita. Ik\u00e4v\u00e4kin kukki, - kyynelein\u00e4 silm\u00e4nurkkiin. Kodin seinustalla arovuokot \"rikkaruohoina\". Ei tarvetta kitke\u00e4. Kukkia\u2026","rel":"","context":"Kategoriassa &quot;Niit\u00e4 n\u00e4it\u00e4&quot;","block_context":{"text":"Niit\u00e4 n\u00e4it\u00e4","link":"https:\/\/www.satokangas.fi\/blogi\/category\/aiheeton\/"},"img":{"alt_text":"","src":"https:\/\/i0.wp.com\/www.satokangas.fi\/blogi\/wp-content\/uploads\/2025\/06\/kesa-4.jpg?resize=350%2C200&ssl=1","width":350,"height":200,"srcset":"https:\/\/i0.wp.com\/www.satokangas.fi\/blogi\/wp-content\/uploads\/2025\/06\/kesa-4.jpg?resize=350%2C200&ssl=1 1x, https:\/\/i0.wp.com\/www.satokangas.fi\/blogi\/wp-content\/uploads\/2025\/06\/kesa-4.jpg?resize=525%2C300&ssl=1 1.5x, https:\/\/i0.wp.com\/www.satokangas.fi\/blogi\/wp-content\/uploads\/2025\/06\/kesa-4.jpg?resize=700%2C400&ssl=1 2x"},"classes":[]},{"id":14889,"url":"https:\/\/www.satokangas.fi\/blogi\/2012\/07\/360-vrk-vuorottelua-on-takana\/","url_meta":{"origin":8172,"position":3},"title":"360 vrk vuorottelua on takana","author":"Reija","date":"23.7.2012","format":false,"excerpt":"Piste. T\u00e4m\u00e4 vuorotteluvapaa on loppupisteess\u00e4. Pehtoori sanoi jo viime viikolla, ett\u00e4 \"ei tartte yritt\u00e4\u00e4 ehti\u00e4 tehd\u00e4 \"kaikkea\". Eth\u00e4n kuitenkaan mihink\u00e4\u00e4n rangaistussiirtolaan ole l\u00e4hd\u00f6ss\u00e4; onhan sit\u00e4 ty\u00f6p\u00e4ivien j\u00e4lkeen vapaa-aikaakin ...\" \u00a0 \u00a0 \u00a0 Vaikka t\u00e4m\u00e4n tosiasian koetin sis\u00e4ist\u00e4\u00e4 ja muistaa, on t\u00e4n\u00e4\u00e4n kuitenkin ollut sellainen \"pit\u00e4isi-viel\u00e4-tuo-ja-tuo-ehti\u00e4-tehd\u00e4-n\u00e4hd\u00e4-kuvata-kokea-j\u00e4rjest\u00e4\u00e4-k\u00e4yd\u00e4-siivota-... \" . Juuri kun eilen\u2026","rel":"","context":"Kategoriassa &quot;Niit\u00e4 n\u00e4it\u00e4&quot;","block_context":{"text":"Niit\u00e4 n\u00e4it\u00e4","link":"https:\/\/www.satokangas.fi\/blogi\/category\/aiheeton\/"},"img":{"alt_text":"","src":"https:\/\/i0.wp.com\/www.satokangas.fi\/blogi\/wp-content\/uploads\/Eiler-538x400.jpg?resize=350%2C200&ssl=1","width":350,"height":200},"classes":[]},{"id":17863,"url":"https:\/\/www.satokangas.fi\/blogi\/2013\/06\/mukavan-mitaansanomaton-paiva\/","url_meta":{"origin":8172,"position":4},"title":"Mukavan mit\u00e4\u00e4nsanomaton p\u00e4iv\u00e4","author":"Reija","date":"27.6.2013","format":false,"excerpt":"Sen ett\u00e4 lenkin (teinkin pitk\u00e4n, sill\u00e4 iPodiin laittelin eilen illalla paljon uutta musiikkia, joten oli mukava tepastella) ehdin tehd\u00e4, suihkutella ja aamiaisen hiljalleen nauttia, menin pihalle katsastelemaan, milleh\u00e4n ryhtyisi, ja miten l\u00e4mmin p\u00e4iv\u00e4 oikein onkaan tulossa. Aamuauringossahan se meid\u00e4n sis\u00e4\u00e4nk\u00e4ynnin puolen mittari on, mutta ett\u00e4 N\u00c4IN paljon! Ja sitten siin\u00e4\u2026","rel":"","context":"Kategoriassa &quot;Niit\u00e4 n\u00e4it\u00e4&quot;","block_context":{"text":"Niit\u00e4 n\u00e4it\u00e4","link":"https:\/\/www.satokangas.fi\/blogi\/category\/aiheeton\/"},"img":{"alt_text":"Kotipihalla-2-2","src":"https:\/\/i0.wp.com\/www.satokangas.fi\/blogi\/wp-content\/uploads\/2013\/06\/Kotipihalla-2-2-572x400.jpg?resize=350%2C200&ssl=1","width":350,"height":200,"srcset":"https:\/\/i0.wp.com\/www.satokangas.fi\/blogi\/wp-content\/uploads\/2013\/06\/Kotipihalla-2-2-572x400.jpg?resize=350%2C200&ssl=1 1x, https:\/\/i0.wp.com\/www.satokangas.fi\/blogi\/wp-content\/uploads\/2013\/06\/Kotipihalla-2-2-572x400.jpg?resize=525%2C300&ssl=1 1.5x"},"classes":[]},{"id":14684,"url":"https:\/\/www.satokangas.fi\/blogi\/2012\/07\/ihan-omillani\/","url_meta":{"origin":8172,"position":5},"title":"Ihan omillani","author":"Reija","date":"4.7.2012","format":false,"excerpt":"Py\u00f6r\u00e4ilin ristiin rastiin, piipahdin Rajakyl\u00e4ss\u00e4 hakemassa lainatavaroita, ajelin Kauppahalliin ja vein eilisen kuvakoosteen, Rotuaarilla s\u00f6in kes\u00e4n ensimm\u00e4isen j\u00e4tskit\u00f6tter\u00f6n (jos ei lasketa Umbrian j\u00e4tski\u00e4): salmiakki luonnollisesti. K\u00e4vin etsim\u00e4ss\u00e4 Merimaariasta vai mik\u00e4 se Rotuaarin Marimekkokaupan uusi nimi nyt onkaan, Origo-lautasliinoja m\u00f6kille ja ostinkin itselleni puna-valkoraitaisen Masain pienen neuleen. Ihan loogista: raidallisiahan ne\u2026","rel":"","context":"Kategoriassa &quot;Niit\u00e4 n\u00e4it\u00e4&quot;","block_context":{"text":"Niit\u00e4 n\u00e4it\u00e4","link":"https:\/\/www.satokangas.fi\/blogi\/category\/aiheeton\/"},"img":{"alt_text":"","src":"https:\/\/i0.wp.com\/www.satokangas.fi\/blogi\/wp-content\/uploads\/Ilta-auringossa-600x400.jpg?resize=350%2C200&ssl=1","width":350,"height":200,"srcset":"https:\/\/i0.wp.com\/www.satokangas.fi\/blogi\/wp-content\/uploads\/Ilta-auringossa-600x400.jpg?resize=350%2C200&ssl=1 1x, https:\/\/i0.wp.com\/www.satokangas.fi\/blogi\/wp-content\/uploads\/Ilta-auringossa-600x400.jpg?resize=525%2C300&ssl=1 1.5x"},"classes":[]}],"_links":{"self":[{"href":"https:\/\/www.satokangas.fi\/blogi\/wp-json\/wp\/v2\/posts\/8172","targetHints":{"allow":["GET"]}}],"collection":[{"href":"https:\/\/www.satokangas.fi\/blogi\/wp-json\/wp\/v2\/posts"}],"about":[{"href":"https:\/\/www.satokangas.fi\/blogi\/wp-json\/wp\/v2\/types\/post"}],"author":[{"embeddable":true,"href":"https:\/\/www.satokangas.fi\/blogi\/wp-json\/wp\/v2\/users\/1"}],"replies":[{"embeddable":true,"href":"https:\/\/www.satokangas.fi\/blogi\/wp-json\/wp\/v2\/comments?post=8172"}],"version-history":[{"count":0,"href":"https:\/\/www.satokangas.fi\/blogi\/wp-json\/wp\/v2\/posts\/8172\/revisions"}],"wp:attachment":[{"href":"https:\/\/www.satokangas.fi\/blogi\/wp-json\/wp\/v2\/media?parent=8172"}],"wp:term":[{"taxonomy":"category","embeddable":true,"href":"https:\/\/www.satokangas.fi\/blogi\/wp-json\/wp\/v2\/categories?post=8172"},{"taxonomy":"post_tag","embeddable":true,"href":"https:\/\/www.satokangas.fi\/blogi\/wp-json\/wp\/v2\/tags?post=8172"}],"curies":[{"name":"wp","href":"https:\/\/api.w.org\/{rel}","templated":true}]}}