{"id":8092,"date":"2010-08-08T21:17:51","date_gmt":"2010-08-08T18:17:51","guid":{"rendered":"https:\/\/www.satokangas.fi\/blogi\/?p=8092"},"modified":"2023-09-18T09:08:10","modified_gmt":"2023-09-18T06:08:10","slug":"lahdon-pitkittamista","status":"publish","type":"post","link":"https:\/\/www.satokangas.fi\/blogi\/2010\/08\/lahdon-pitkittamista\/","title":{"rendered":"L\u00e4hd\u00f6n pitkitt\u00e4mist\u00e4"},"content":{"rendered":"<p style=\"text-align: justify;\">Sunnuntaiaamu. Unian\u00e4kem\u00e4tt\u00f6m\u00e4n, levollisen y\u00f6n j\u00e4lkeen her\u00e4\u00e4n aurinkoiseen aamuun: aurinko paistaa korkealta jo puoli kahdeksalta. Toiseksi tajuan, ett\u00e4 on kotiinl\u00e4hd\u00f6n p\u00e4iv\u00e4. Mutta en halua &#8211; viel\u00e4 ainakaan. Kun yksin ollessa ei ole tilaa kotiinl\u00e4hd\u00f6n m\u00f6k\u00f6tykselle (lue: en puhu ennen Rovanieme\u00e4!) tai kiukuttelulle, niin on yritett\u00e4v\u00e4 k\u00e4ytt\u00e4yty\u00e4 fiksummin. M\u00f6k\u00f6tykselt\u00e4 menee ter\u00e4vin k\u00e4rki, jos joutuu vain itselleen m\u00f6k\u00f6tt\u00e4m\u00e4\u00e4n \ud83d\ude42 .<\/p>\n<p style=\"text-align: justify;\">Siisp\u00e4 p\u00e4\u00e4t\u00e4n, ett\u00e4 l\u00e4hden viel\u00e4 lenkille. Kun ei tarvitse odotella, ett\u00e4 muut her\u00e4\u00e4v\u00e4t ja kun ei tarvitse tehd\u00e4 aamiaista, niin keksin: l\u00e4hden Kulta-Jaskan m\u00f6kille, Kuivakuruun aamukahville. Keit\u00e4n kahvin termariin, teen poroleiv\u00e4n Kuukkelin rieskalle ja pakkaan pikkurepun.<\/p>\n<p style=\"text-align: justify;\">Otan py\u00f6r\u00e4n liiterist\u00e4, ajan m\u00f6kkitiet\u00e4 ja nelostien yli kohti Kuivakurun kultavaltauksia (<a href=\"http:\/\/sivut.saariselka.fi\/UserFiles\/summerroutes08.pdf\">kartta<\/a>), kohti paikkaa, jossa Hangasoja laskee Tolosjokeen. Matkaa on muutama kilometri, mutta se on kovin kivikkoinen. Pohjoisen suvinen, hiljainen sunnuntaiaamu on hieno, &#8211; ei viel\u00e4 tarvi l\u00e4hte\u00e4 Ouluun. Matkaan Kerkel\u00e4n kent\u00e4lle ja siit\u00e4 Kuivakuruun ei mene py\u00f6r\u00e4ll\u00e4 kuin puolisen tuntia. Viimeinen kilometri on k\u00e4velt\u00e4v\u00e4, kivinen tie muuttuu jyrk\u00e4hk\u00f6ksi poluksi.<\/p>\n<p style=\"text-align: justify;\">(Kaikki kuvat suurenevat klikkaamalla,<strong> <span style=\"color: #003300;\">nyt my\u00f6s edellisten p\u00e4ivien kuvat suurenevat klikkailemalla<\/span><\/strong> &#8211; maisemat n\u00e4kyv\u00e4t paremmin.\u00a0 )<\/p>\n<p style=\"text-align: justify;\"><a href=\"https:\/\/www.satokangas.fi\/blogi\/wp-content\/uploads\/Tolosjoelle1.jpg\"><img loading=\"lazy\" decoding=\"async\" data-attachment-id=\"8112\" data-permalink=\"https:\/\/www.satokangas.fi\/blogi\/2010\/08\/lahdon-pitkittamista\/tolosjoelle-2\/\" data-orig-file=\"https:\/\/www.satokangas.fi\/blogi\/wp-content\/uploads\/Tolosjoelle1.jpg\" data-orig-size=\"683,1024\" data-comments-opened=\"1\" data-image-meta=\"{&quot;aperture&quot;:&quot;5.6&quot;,&quot;credit&quot;:&quot;&quot;,&quot;camera&quot;:&quot;Canon EOS 5D Mark II&quot;,&quot;caption&quot;:&quot;&quot;,&quot;created_timestamp&quot;:&quot;1281260131&quot;,&quot;copyright&quot;:&quot;&quot;,&quot;focal_length&quot;:&quot;80&quot;,&quot;iso&quot;:&quot;100&quot;,&quot;shutter_speed&quot;:&quot;0.003125&quot;,&quot;title&quot;:&quot;&quot;}\" data-image-title=\"Tolosjoelle\" data-image-description=\"\" data-image-caption=\"\" data-large-file=\"https:\/\/www.satokangas.fi\/blogi\/wp-content\/uploads\/Tolosjoelle1.jpg\" class=\"aligncenter wp-image-8112 size-full\" title=\"Tolosjoelle\" src=\"https:\/\/www.satokangas.fi\/blogi\/wp-content\/uploads\/Tolosjoelle1.jpg\" alt=\"\" width=\"683\" height=\"1024\" srcset=\"https:\/\/www.satokangas.fi\/blogi\/wp-content\/uploads\/Tolosjoelle1.jpg 683w, https:\/\/www.satokangas.fi\/blogi\/wp-content\/uploads\/Tolosjoelle1-133x200.jpg 133w, https:\/\/www.satokangas.fi\/blogi\/wp-content\/uploads\/Tolosjoelle1-266x400.jpg 266w\" sizes=\"auto, (max-width: 683px) 100vw, 683px\" \/><\/a><\/p>\n<p style=\"text-align: justify;\">Ja siin\u00e4 se sitten on Kulta-Jaskan m\u00f6kki ja pihapiiri. Etualalla sauna, oikeassa reunassa m\u00f6kki.<\/p>\n<p style=\"text-align: justify;\"><a href=\"https:\/\/www.satokangas.fi\/blogi\/wp-content\/uploads\/Kulta-Jaskan-sauna.jpg\"><img loading=\"lazy\" decoding=\"async\" data-attachment-id=\"8094\" data-permalink=\"https:\/\/www.satokangas.fi\/blogi\/2010\/08\/lahdon-pitkittamista\/kulta-jaskan-sauna\/\" data-orig-file=\"https:\/\/www.satokangas.fi\/blogi\/wp-content\/uploads\/Kulta-Jaskan-sauna.jpg\" data-orig-size=\"1024,526\" data-comments-opened=\"1\" data-image-meta=\"{&quot;aperture&quot;:&quot;5.6&quot;,&quot;credit&quot;:&quot;&quot;,&quot;camera&quot;:&quot;Canon EOS 5D Mark II&quot;,&quot;caption&quot;:&quot;&quot;,&quot;created_timestamp&quot;:&quot;1281259828&quot;,&quot;copyright&quot;:&quot;&quot;,&quot;focal_length&quot;:&quot;50&quot;,&quot;iso&quot;:&quot;100&quot;,&quot;shutter_speed&quot;:&quot;0.0025&quot;,&quot;title&quot;:&quot;&quot;}\" data-image-title=\"Kulta-Jaskan sauna\" data-image-description=\"\" data-image-caption=\"\" data-large-file=\"https:\/\/www.satokangas.fi\/blogi\/wp-content\/uploads\/Kulta-Jaskan-sauna.jpg\" class=\"aligncenter wp-image-8094 size-full\" title=\"Kulta-Jaskan sauna\" src=\"https:\/\/www.satokangas.fi\/blogi\/wp-content\/uploads\/Kulta-Jaskan-sauna.jpg\" alt=\"\" width=\"1024\" height=\"526\" srcset=\"https:\/\/www.satokangas.fi\/blogi\/wp-content\/uploads\/Kulta-Jaskan-sauna.jpg 1024w, https:\/\/www.satokangas.fi\/blogi\/wp-content\/uploads\/Kulta-Jaskan-sauna-200x102.jpg 200w, https:\/\/www.satokangas.fi\/blogi\/wp-content\/uploads\/Kulta-Jaskan-sauna-500x256.jpg 500w\" sizes=\"auto, (max-width: 1024px) 100vw, 1024px\" \/><\/a><\/p>\n<p style=\"text-align: justify;\">Ovessa on kuva Jaskasta m\u00f6kkins\u00e4 ovella.<\/p>\n<p style=\"text-align: justify;\"><a href=\"https:\/\/www.satokangas.fi\/blogi\/wp-content\/uploads\/Kulta-Jaska.jpg\"><img loading=\"lazy\" decoding=\"async\" data-attachment-id=\"8097\" data-permalink=\"https:\/\/www.satokangas.fi\/blogi\/2010\/08\/lahdon-pitkittamista\/kulta-jaska\/\" data-orig-file=\"https:\/\/www.satokangas.fi\/blogi\/wp-content\/uploads\/Kulta-Jaska.jpg\" data-orig-size=\"1024,684\" data-comments-opened=\"1\" data-image-meta=\"{&quot;aperture&quot;:&quot;7.1&quot;,&quot;credit&quot;:&quot;&quot;,&quot;camera&quot;:&quot;Canon EOS 5D Mark II&quot;,&quot;caption&quot;:&quot;&quot;,&quot;created_timestamp&quot;:&quot;1281259417&quot;,&quot;copyright&quot;:&quot;&quot;,&quot;focal_length&quot;:&quot;40&quot;,&quot;iso&quot;:&quot;100&quot;,&quot;shutter_speed&quot;:&quot;0.008&quot;,&quot;title&quot;:&quot;&quot;}\" data-image-title=\"Kulta-Jaska\" data-image-description=\"\" data-image-caption=\"\" data-large-file=\"https:\/\/www.satokangas.fi\/blogi\/wp-content\/uploads\/Kulta-Jaska.jpg\" class=\"aligncenter wp-image-8097 size-full\" title=\"Kulta-Jaska\" src=\"https:\/\/www.satokangas.fi\/blogi\/wp-content\/uploads\/Kulta-Jaska.jpg\" alt=\"\" width=\"1024\" height=\"684\" srcset=\"https:\/\/www.satokangas.fi\/blogi\/wp-content\/uploads\/Kulta-Jaska.jpg 1024w, https:\/\/www.satokangas.fi\/blogi\/wp-content\/uploads\/Kulta-Jaska-200x133.jpg 200w, https:\/\/www.satokangas.fi\/blogi\/wp-content\/uploads\/Kulta-Jaska-500x333.jpg 500w\" sizes=\"auto, (max-width: 1024px) 100vw, 1024px\" \/><\/a><\/p>\n<p style=\"text-align: justify;\">Kulta-Jaska (Jaakko M\u00e4kinen) asui tuossa m\u00f6kiss\u00e4 30 vuotta! Jaska asui m\u00f6kiss\u00e4\u00e4n, joka on 3 &#8211; 4 kilometri\u00e4 nelostielt\u00e4 surkean mets\u00e4autotien p\u00e4\u00e4ss\u00e4, vuodesta 1974 vuoteen 2004. Viimeisen elinvuotensa h\u00e4n vietti kullankaivajien &#8221;vanhainkodissa&#8221; Sodankyl\u00e4ss\u00e4 ja Ivalon sairaalan vuodeosastolla. Ei ollut Jaskalla maastopy\u00f6r\u00e4\u00e4, m\u00f6nkk\u00e4ri\u00e4, moottorikelkkaa, luistelusuksia. Oli vanha naistenpy\u00f6r\u00e4 ja lautasukset. Niill\u00e4 kulki jos oli tarvetta.<\/p>\n<p style=\"text-align: justify;\">Jaska oli ollut nuorena miehen\u00e4 Amerikassakin, osasi englantia ja seurasi maailman tapahtumia, &#8211; ja oli kovin k\u00e4rk\u00e4s mielipiteiss\u00e4\u00e4n. Jaskalle naiset olivat ilmaa. Olen kerran istunut m\u00f6kiss\u00e4, jossa oli Jaska, min\u00e4 ja kaksi miest\u00e4. Jaskalle m\u00f6kiss\u00e4 oli vain kolme ihmist\u00e4. Koetin osallistua keskusteluun; en muista tarkkaan, mik\u00e4 maailmanpoliittisen kysymys (Romanian kansanmurhat? nuorison k\u00e4yt\u00f6s?) oli keskustelussa aiheena, mutta Jaskalle mielipiteeni oli &#8221;k\u00e4rp\u00e4sten surinaa korvissa&#8221;\u00a0 (my\u00f6nnet\u00e4\u00e4n Sinuhen sanonnat j\u00e4\u00e4neet minulla p\u00e4\u00e4lle). Jaska k\u00e4vi m\u00f6kkil\u00e4isellekin puita pilkkomassa (olisikohan meid\u00e4nkin vaatimattomista puuvaroista osa viel\u00e4 Jaskan aikanaan pilkkomia. Meill\u00e4 kun on noita vuosikertaklapeja \ud83d\ude42 ).<\/p>\n<p style=\"text-align: justify;\">Legenga kertoo, ett\u00e4 Jaska on vaskannut Hangasojasta (tai Lemmenjoelta tai Amerikasta) ison kulta-aarteen, mutta kukaan ei tied\u00e4, miss\u00e4 se on.<\/p>\n<p style=\"text-align: justify;\">Minullakin on Hangasojasta vaskattu isohko hippu (joululahja 2007 pehtoorilta ), mutta Kulta-Jaskan \u00a0aarre on kuulemma ISO. En etsinyt aarretta t\u00e4n\u00e4 aamuna. Istuin Tolosjoen rannassa, nautin aamiasta yhdeks\u00e4lt\u00e4 yksikseni, l\u00e4mmint\u00e4 yli + 20 C, ei itikan itikkaa, &#8211; luontokin oli ihan hiljaa.<\/p>\n<p style=\"text-align: justify;\">M\u00f6kille palattuani laitoin rantasaunan viel\u00e4 l\u00e4mpi\u00e4m\u00e4\u00e4n. M\u00f6kin imurointia, pakkailua, istuskelua&#8230; Kun sitten f\u00f6\u00f6n\u00e4ilin hiuksia citykuntoon, kuulin m\u00f6kin terassilta kolinaa ja ajattelin, jotta naapurit tulevat varmaan viel\u00e4 heippaamaan n\u00e4kemiit. No, eik\u00f6h\u00e4n seisokin poro avonaisen ulko-oven kynnyksell\u00e4! Kameraa hakiessa se ehti livahtaa liiterin eteen.\u00a0Kun sitten saan saunan ja liiterin suljettua, kaikki l\u00e4ht\u00f6toimet tehty\u00e4 ja kamat\u00a0 kannettua autoon ja l\u00e4hden yhden maissa kohti kotia, on t\u00e4m\u00e4 sama \u00a0kaunis poro viel\u00e4 &#8221;luotsaamassa&#8221; minua &#8211; m\u00f6kkitielt\u00e4 pikitielle asti l\u00e4ntysteli edess\u00e4.<\/p>\n<p style=\"text-align: justify;\"><a href=\"https:\/\/www.satokangas.fi\/blogi\/wp-content\/uploads\/Luotsiporo.jpg\"><img loading=\"lazy\" decoding=\"async\" data-attachment-id=\"8101\" data-permalink=\"https:\/\/www.satokangas.fi\/blogi\/2010\/08\/lahdon-pitkittamista\/luotsiporo\/\" data-orig-file=\"https:\/\/www.satokangas.fi\/blogi\/wp-content\/uploads\/Luotsiporo.jpg\" data-orig-size=\"1024,698\" data-comments-opened=\"1\" data-image-meta=\"{&quot;aperture&quot;:&quot;9&quot;,&quot;credit&quot;:&quot;&quot;,&quot;camera&quot;:&quot;Canon EOS 5D Mark II&quot;,&quot;caption&quot;:&quot;&quot;,&quot;created_timestamp&quot;:&quot;1281273044&quot;,&quot;copyright&quot;:&quot;&quot;,&quot;focal_length&quot;:&quot;105&quot;,&quot;iso&quot;:&quot;100&quot;,&quot;shutter_speed&quot;:&quot;0.008&quot;,&quot;title&quot;:&quot;&quot;}\" data-image-title=\"Luotsiporo\" data-image-description=\"\" data-image-caption=\"\" data-large-file=\"https:\/\/www.satokangas.fi\/blogi\/wp-content\/uploads\/Luotsiporo.jpg\" class=\"aligncenter size-medium wp-image-8101\" title=\"Luotsiporo\" src=\"https:\/\/www.satokangas.fi\/blogi\/wp-content\/uploads\/Luotsiporo-500x340.jpg\" alt=\"\" width=\"500\" height=\"340\" srcset=\"https:\/\/www.satokangas.fi\/blogi\/wp-content\/uploads\/Luotsiporo-500x340.jpg 500w, https:\/\/www.satokangas.fi\/blogi\/wp-content\/uploads\/Luotsiporo-200x136.jpg 200w, https:\/\/www.satokangas.fi\/blogi\/wp-content\/uploads\/Luotsiporo.jpg 1024w\" sizes=\"auto, (max-width: 500px) 100vw, 500px\" \/> <\/a><\/p>\n<p style=\"text-align: justify;\">Paljon muita poroja ei sitten tarvinnut matkalla n\u00e4hd\u00e4k\u00e4\u00e4n. Liikennekin sujuvaa. Ukkoskuurot v\u00e4h\u00e4n vetistiv\u00e4t tuloa, mutta rapiat viisi tuntia ja olin Rantapellossa. Hyv\u00e4 reissu oli. Kultahippu!<\/p>\n","protected":false},"excerpt":{"rendered":"<p>Sunnuntaiaamu. Unian\u00e4kem\u00e4tt\u00f6m\u00e4n, levollisen y\u00f6n j\u00e4lkeen her\u00e4\u00e4n aurinkoiseen aamuun: aurinko paistaa korkealta jo puoli kahdeksalta. Toiseksi tajuan, ett\u00e4 on kotiinl\u00e4hd\u00f6n p\u00e4iv\u00e4. Mutta en halua &#8211; viel\u00e4 ainakaan. Kun yksin ollessa ei ole tilaa kotiinl\u00e4hd\u00f6n m\u00f6k\u00f6tykselle (lue: en puhu ennen Rovanieme\u00e4!) tai kiukuttelulle, niin on yritett\u00e4v\u00e4 k\u00e4ytt\u00e4yty\u00e4 fiksummin. M\u00f6k\u00f6tykselt\u00e4 menee ter\u00e4vin k\u00e4rki, jos joutuu vain itselleen m\u00f6k\u00f6tt\u00e4m\u00e4\u00e4n \ud83d\ude42 . Siisp\u00e4 p\u00e4\u00e4t\u00e4n, ett\u00e4 &hellip; <\/p>\n","protected":false},"author":1,"featured_media":0,"comment_status":"open","ping_status":"open","sticky":false,"template":"","format":"standard","meta":{"jetpack_post_was_ever_published":false,"_jetpack_newsletter_access":"","_jetpack_dont_email_post_to_subs":false,"_jetpack_newsletter_tier_id":0,"_jetpack_memberships_contains_paywalled_content":false,"_jetpack_memberships_contains_paid_content":false,"footnotes":"","jetpack_publicize_message":"","jetpack_publicize_feature_enabled":true,"jetpack_social_post_already_shared":false,"jetpack_social_options":{"image_generator_settings":{"template":"highway","default_image_id":0,"font":"","enabled":false},"version":2}},"categories":[15],"tags":[],"class_list":["post-8092","post","type-post","status-publish","format-standard","hentry","category-lappi","latest_post"],"jetpack_publicize_connections":[],"jetpack_featured_media_url":"","jetpack_shortlink":"https:\/\/wp.me\/pr4p4-26w","jetpack_sharing_enabled":true,"jetpack_likes_enabled":false,"jetpack-related-posts":[{"id":11876,"url":"https:\/\/www.satokangas.fi\/blogi\/2011\/06\/kuivakurun-kultamailla-patikoimassa\/","url_meta":{"origin":8092,"position":0},"title":"Kuivakurun kultamailla patikoimassa","author":"Reija","date":"26.6.2011","format":false,"excerpt":"Aurinko paistoi m\u00f6kin ikkunasta kun ensimm\u00e4isen kerran silm\u00e4t sain auki... ja y\u00f6unia vain riitt\u00e4\u00e4. Kuinkahan kauan sit\u00e4 jaksaa nukkua yhdeks\u00e4n-kymmenen tunnin unia, tuntuvat ihan mielett\u00f6m\u00e4n pitkilt\u00e4, tarpeellisilta. Kuinka paljon minulla oikein on univajetta!? Seurailtiin pojan pakkaamista, auton imurointia,\u00a0 jonkinlaista m\u00f6kin siivoamistakin, l\u00e4ht\u00f6\u00e4. Puolelta p\u00e4ivin l\u00e4hti kohti kotia, aikoi ajella Kemij\u00e4rven\u2026","rel":"","context":"Kategoriassa &quot;Lappi&quot;","block_context":{"text":"Lappi","link":"https:\/\/www.satokangas.fi\/blogi\/category\/lappi\/"},"img":{"alt_text":"","src":"https:\/\/i0.wp.com\/www.satokangas.fi\/blogi\/wp-content\/uploads\/Laanilan-kultareitin-kartta-600x400.jpg?resize=350%2C200&ssl=1","width":350,"height":200,"srcset":"https:\/\/i0.wp.com\/www.satokangas.fi\/blogi\/wp-content\/uploads\/Laanilan-kultareitin-kartta-600x400.jpg?resize=350%2C200&ssl=1 1x, https:\/\/i0.wp.com\/www.satokangas.fi\/blogi\/wp-content\/uploads\/Laanilan-kultareitin-kartta-600x400.jpg?resize=525%2C300&ssl=1 1.5x"},"classes":[]},{"id":31744,"url":"https:\/\/www.satokangas.fi\/blogi\/2017\/08\/mummeilua-ja-maalaismaisemaa\/","url_meta":{"origin":8092,"position":1},"title":"Mummeilua ja maalaismaisemaa","author":"Reija","date":"28.8.2017","format":false,"excerpt":"Monenlaisia tunnelmia ja tekemisi\u00e4 t\u00e4n\u00e4\u00e4n. Aamup\u00e4iv\u00e4 meni \u00e4idin asioilla ja luona, jossa eiliseen postaukseeni ja nimenomaan sen jatko-osaan liittyen pitk\u00e4\u00e4n muisteltiin, tarkisteltiin vuosilukuja, nimi\u00e4, henkil\u00f6it\u00e4, etsittiin viel\u00e4 kuvia. Ja sitten suoraan hakemaan Apsu ja \u00e4itins\u00e4. Juniorilla alkoi t\u00e4n\u00e4\u00e4n koulu, paluu kes\u00e4t\u00f6ist\u00e4 ja isyyslomaviikoilta kouluun, kolmas vuosi jo, ja Mini\u00e4ll\u00e4 oli\u2026","rel":"","context":"Kategoriassa &quot;Isovanhemmuus&quot;","block_context":{"text":"Isovanhemmuus","link":"https:\/\/www.satokangas.fi\/blogi\/category\/isovanhemmuus\/"},"img":{"alt_text":"","src":"https:\/\/i0.wp.com\/www.satokangas.fi\/blogi\/wp-content\/uploads\/2017\/08\/Oulujoen-rannassa-ohrapelto-5.jpg?resize=350%2C200&ssl=1","width":350,"height":200,"srcset":"https:\/\/i0.wp.com\/www.satokangas.fi\/blogi\/wp-content\/uploads\/2017\/08\/Oulujoen-rannassa-ohrapelto-5.jpg?resize=350%2C200&ssl=1 1x, https:\/\/i0.wp.com\/www.satokangas.fi\/blogi\/wp-content\/uploads\/2017\/08\/Oulujoen-rannassa-ohrapelto-5.jpg?resize=525%2C300&ssl=1 1.5x"},"classes":[]},{"id":37621,"url":"https:\/\/www.satokangas.fi\/blogi\/2019\/11\/37621\/","url_meta":{"origin":8092,"position":2},"title":"R\u00e4nt\u00e4sateesta yhteiseen ruokap\u00f6yt\u00e4\u00e4n","author":"Reija","date":"13.11.2019","format":false,"excerpt":"T\u00e4ysikuusta ei aamuvarhaisella ollut j\u00e4ljell\u00e4 kuin huonosti nukuttu y\u00f6. Pihavalo, kausivalo, omppupuuvalo, jouluvalo tai mik\u00e4 ikin\u00e4 lieneek\u00e4\u00e4n, - ja pimeys ja r\u00e4nt\u00e4sade. Valkoista lunta sent\u00e4\u00e4n viel\u00e4, mutta p\u00e4iv\u00e4n kuluessa kauniit hanget ovat laskeutuneet, huura puista l\u00e4htenyt. Aamun oman sis\u00e4isen m\u00f6k\u00f6tyksen j\u00e4lkeen kuitenkin her\u00e4sin ajatukseen, ett\u00e4 t\u00e4n\u00e4\u00e4nh\u00e4n on juhlap\u00e4iv\u00e4! Ty\u00e4r tulee\u2026","rel":"","context":"Kategoriassa &quot;Vanhemmuus&quot;","block_context":{"text":"Vanhemmuus","link":"https:\/\/www.satokangas.fi\/blogi\/category\/vanhemmuus\/"},"img":{"alt_text":"","src":"https:\/\/i0.wp.com\/www.satokangas.fi\/blogi\/wp-content\/uploads\/2019\/11\/lohipiirakka.jpg?resize=350%2C200&ssl=1","width":350,"height":200,"srcset":"https:\/\/i0.wp.com\/www.satokangas.fi\/blogi\/wp-content\/uploads\/2019\/11\/lohipiirakka.jpg?resize=350%2C200&ssl=1 1x, https:\/\/i0.wp.com\/www.satokangas.fi\/blogi\/wp-content\/uploads\/2019\/11\/lohipiirakka.jpg?resize=525%2C300&ssl=1 1.5x, https:\/\/i0.wp.com\/www.satokangas.fi\/blogi\/wp-content\/uploads\/2019\/11\/lohipiirakka.jpg?resize=700%2C400&ssl=1 2x"},"classes":[]},{"id":31007,"url":"https:\/\/www.satokangas.fi\/blogi\/2017\/06\/iso-hangasselka-348-mpy-huiputettu\/","url_meta":{"origin":8092,"position":3},"title":"Iso Hangasselk\u00e4 (348 mpy) huiputettu","author":"Reija","date":"16.6.2017","format":false,"excerpt":"Me saimme t\u00e4nne Hangasojan varteen toisenkin, aurinkoisen, l\u00e4mpim\u00e4n p\u00e4iv\u00e4n. Heti aamulla oli selv\u00e4\u00e4, ett\u00e4 tunturiin l\u00e4hdemme. Kiilop\u00e4\u00e4n taakse, ehk\u00e4 Luulammelle haikailin, mutta kun varsinaisen Saarisel\u00e4n tunturijonolla on t\u00e4n\u00e4\u00e4n ollut tuhatkunta geok\u00e4tk\u00f6ilij\u00e4\u00e4, ajattelimme hakeutua hiljaisimmille poluille. Siisp\u00e4 kohti l\u00e4ntt\u00e4! J\u00e4\u00e4merentien varresta, meilt\u00e4 v\u00e4h\u00e4n pohjoiseen, ennen Laanihovia, l\u00e4htee reitti LKL:n (Lapin Kullankaivajien\u2026","rel":"","context":"Kategoriassa &quot;Lappi&quot;","block_context":{"text":"Lappi","link":"https:\/\/www.satokangas.fi\/blogi\/category\/lappi\/"},"img":{"alt_text":"","src":"https:\/\/i0.wp.com\/www.satokangas.fi\/blogi\/wp-content\/uploads\/2017\/06\/Iso-Hangasselka-4-600x400.jpg?resize=350%2C200&ssl=1","width":350,"height":200,"srcset":"https:\/\/i0.wp.com\/www.satokangas.fi\/blogi\/wp-content\/uploads\/2017\/06\/Iso-Hangasselka-4-600x400.jpg?resize=350%2C200&ssl=1 1x, https:\/\/i0.wp.com\/www.satokangas.fi\/blogi\/wp-content\/uploads\/2017\/06\/Iso-Hangasselka-4-600x400.jpg?resize=525%2C300&ssl=1 1.5x"},"classes":[]},{"id":9587,"url":"https:\/\/www.satokangas.fi\/blogi\/2010\/11\/kuvatentin-tulos\/","url_meta":{"origin":8092,"position":4},"title":"Kuvatentin tulos","author":"Reija","date":"19.11.2010","format":false,"excerpt":"T\u00e4ss\u00e4 joku viikko sitten (2.11.) laatimaani kuvatenttiin (ks. kuvat https:\/\/www.satokangas.fi\/blogi\/2010\/11\/kuvatentti\/ t\u00e4\u00e4lt\u00e4 (rullaamalla alasp\u00e4in kuvat l\u00f6ytyv\u00e4t my\u00f6s) osallistui aika v\u00e4h\u00e4n blogivieraitani. Mutta selke\u00e4sti yksi voittaja joukosta l\u00f6ytyi. Voittaja tiesi oikeita vastauksia viisitoista!\u00a0 Seitsem\u00e4st\u00e4toista kuvasta viiteentoista t\u00e4ysin oikea vastaus! (1) Oulun teknologiakyl\u00e4 (2) Oulu, Rantapellonkujan huvimaja c\/o Satokangas (3) Tertin Kartanon kuusikuja\u2026","rel":"","context":"Kategoriassa &quot;Niit\u00e4 n\u00e4it\u00e4&quot;","block_context":{"text":"Niit\u00e4 n\u00e4it\u00e4","link":"https:\/\/www.satokangas.fi\/blogi\/category\/aiheeton\/"},"img":{"alt_text":"","src":"","width":0,"height":0},"classes":[]},{"id":28455,"url":"https:\/\/www.satokangas.fi\/blogi\/2016\/06\/korillinen-sienia-juhannusarvonta\/","url_meta":{"origin":8092,"position":5},"title":"Korillinen sieni\u00e4 &#8211; juhannusarvonta!","author":"Reija","date":"15.6.2016","format":false,"excerpt":"Enemm\u00e4n kuin ikin\u00e4 uskalsin toivoa. Pari heikohkoa vuotta ollut v\u00e4liss\u00e4, mutta nyt oli toiveita siit\u00e4, ett\u00e4 ajoitus on kohdillaan. Ja BINGO! T\u00e4ysi korillinen korvasieni\u00e4! Aamiaisbrunssin, joka oli kyll\u00e4 enemm\u00e4n ranskalainen kuin m\u00f6kkipirttiin kuuluva, j\u00e4lkeen\u00a0l\u00e4hdettiin\u00a0reippaasti pihalle: NYT on Tuulentuvan (pikkum\u00f6kki) terassin ja portaiden maalaus v\u00e4ist\u00e4m\u00e4tt\u00e4 edess\u00e4, - eik\u00f6s se ollut jo\u2026","rel":"","context":"Kategoriassa &quot;Lappi&quot;","block_context":{"text":"Lappi","link":"https:\/\/www.satokangas.fi\/blogi\/category\/lappi\/"},"img":{"alt_text":"15_6_2016 Saariselk\u00e4","src":"https:\/\/i0.wp.com\/www.satokangas.fi\/blogi\/wp-content\/uploads\/2016\/06\/15_6_2016-Saariselk%C3%A4-600x400.jpg?resize=350%2C200&ssl=1","width":350,"height":200,"srcset":"https:\/\/i0.wp.com\/www.satokangas.fi\/blogi\/wp-content\/uploads\/2016\/06\/15_6_2016-Saariselk%C3%A4-600x400.jpg?resize=350%2C200&ssl=1 1x, https:\/\/i0.wp.com\/www.satokangas.fi\/blogi\/wp-content\/uploads\/2016\/06\/15_6_2016-Saariselk%C3%A4-600x400.jpg?resize=525%2C300&ssl=1 1.5x"},"classes":[]}],"_links":{"self":[{"href":"https:\/\/www.satokangas.fi\/blogi\/wp-json\/wp\/v2\/posts\/8092","targetHints":{"allow":["GET"]}}],"collection":[{"href":"https:\/\/www.satokangas.fi\/blogi\/wp-json\/wp\/v2\/posts"}],"about":[{"href":"https:\/\/www.satokangas.fi\/blogi\/wp-json\/wp\/v2\/types\/post"}],"author":[{"embeddable":true,"href":"https:\/\/www.satokangas.fi\/blogi\/wp-json\/wp\/v2\/users\/1"}],"replies":[{"embeddable":true,"href":"https:\/\/www.satokangas.fi\/blogi\/wp-json\/wp\/v2\/comments?post=8092"}],"version-history":[{"count":0,"href":"https:\/\/www.satokangas.fi\/blogi\/wp-json\/wp\/v2\/posts\/8092\/revisions"}],"wp:attachment":[{"href":"https:\/\/www.satokangas.fi\/blogi\/wp-json\/wp\/v2\/media?parent=8092"}],"wp:term":[{"taxonomy":"category","embeddable":true,"href":"https:\/\/www.satokangas.fi\/blogi\/wp-json\/wp\/v2\/categories?post=8092"},{"taxonomy":"post_tag","embeddable":true,"href":"https:\/\/www.satokangas.fi\/blogi\/wp-json\/wp\/v2\/tags?post=8092"}],"curies":[{"name":"wp","href":"https:\/\/api.w.org\/{rel}","templated":true}]}}