{"id":7734,"date":"2010-07-04T18:31:58","date_gmt":"2010-07-04T15:31:58","guid":{"rendered":"https:\/\/www.satokangas.fi\/blogi\/?p=7734"},"modified":"2010-07-04T18:31:58","modified_gmt":"2010-07-04T15:31:58","slug":"a-domani-huomiseen","status":"publish","type":"post","link":"https:\/\/www.satokangas.fi\/blogi\/2010\/07\/a-domani-huomiseen\/","title":{"rendered":"A domani &#8211; huomiseen!"},"content":{"rendered":"<p>Silloin kun ennen l\u00e4hdettiin reissuun kaksistaan, ennen kuin oli lapsia, ennen kun me olimme aika lailla nuorempia, ei mennyt kauan pakatessa. Kunhan oli passi, valuutta vaihdettu ja lentoliput. Kohteen matkaopas ja kartta. Hyv\u00e4t keng\u00e4t ja rentoja kamppeita &#8211; ja kamera (diafilmit kannatti usein ostaa vasta Suomen rajojen ulkopuolelta).<\/p>\n<p>Nyt kun ollaan taas vain kaksistaan (tai siis kaksi yst\u00e4v\u00e4pariskuntaa my\u00f6s) l\u00e4hd\u00f6ss\u00e4 on pakkaamainen paljon monimutkaisempaa. Onko i\u00e4ll\u00e4 ja ajalla tekemist\u00e4 asian kanssa? Kamerat, k\u00e4nnyk\u00e4t, minil\u00e4pp\u00e4ri, latureita repullinen, muistikortteja, piuhoja, pattereita, adaptereita, rillit, aurinkolasit vahvuuksilla, pussillinen l\u00e4\u00e4kkeit\u00e4 &#8211; varalta, valtaisa nesesss\u00e4\u00e4ri (pelk\u00e4st\u00e4\u00e4n hiukseni vaativat ainakin viiden purkin roudaamista), ja vaatteet! Aina niit\u00e4 on liikaa. Nyt tein periaatep\u00e4\u00e4t\u00f6ksen: otan vain mustia ja valkoisia. No hyv\u00e4nen aika eih\u00e4n minulla paljon muita olekaan! Mutta silti niit\u00e4 tuntuu kasautuvan taas aivan liikaa. Ja keng\u00e4t ovat aivan oma ongelmallinen luku sin\u00e4ns\u00e4.<\/p>\n<p>Minulle merkitt\u00e4v\u00e4 osa matkalaukun sis\u00e4ll\u00f6st\u00e4 on kaikki kirjallinen materiaali (matkaoppaat, kartat (meill\u00e4 kun ei ole TomTomia (minusta ei ole sopuisaksi el\u00e4j\u00e4ksi sellaisen kanssa samassa autossa, joten menn\u00e4\u00e4n ihan vanhaan malliin, kartat ovat ihania!kartat eiv\u00e4t v\u00e4it\u00e4 vastaan, eiv\u00e4t k\u00e4ske ajaa pellolle, kuten minun viime kes\u00e4inen kokemukseni Katalonian reissulta on,) ruokakirjat, Italian viinireitit (chiantia ristiin rastiin, luulisin), sanakirjat.<\/p>\n<blockquote><p>Uno, due, tre, quattro, cinque, sei, sette&#8230;<\/p>\n<p>Buongiorno, Quanto costa la borsa piccola?<\/p>\n<p>Non ho capito, scusi.<\/p><\/blockquote>\n<p>Jotta lenkill\u00e4 on taas kerrattu sanoja&#8230; \u00a0 Nyt viel\u00e4 kasteltava pihakukat, kilpuri kylvetett\u00e4v\u00e4, pojalle v\u00e4h\u00e4n ensi viikon sapuskoja valmiiksi, muutama puhelu, unen yrityst\u00e4&#8230;<\/p>\n<p>Ei, ei t\u00e4m\u00e4 l\u00e4hteminen ole riesa, t\u00e4m\u00e4 on riemu! A domani!<\/p>\n<p><a href=\"https:\/\/www.satokangas.fi\/blogi\/wp-content\/uploads\/2010\/07\/Piazza-Nationale.jpg\"><img loading=\"lazy\" decoding=\"async\" data-attachment-id=\"7735\" data-permalink=\"https:\/\/www.satokangas.fi\/blogi\/2010\/07\/a-domani-huomiseen\/piazza-nationale\/\" data-orig-file=\"https:\/\/www.satokangas.fi\/blogi\/wp-content\/uploads\/2010\/07\/Piazza-Nationale.jpg\" data-orig-size=\"1111,853\" data-comments-opened=\"1\" data-image-meta=\"{&quot;aperture&quot;:&quot;3.5&quot;,&quot;credit&quot;:&quot;&quot;,&quot;camera&quot;:&quot;Canon PowerShot S50&quot;,&quot;caption&quot;:&quot;&quot;,&quot;created_timestamp&quot;:&quot;1111424398&quot;,&quot;copyright&quot;:&quot;&quot;,&quot;focal_length&quot;:&quot;7.09375&quot;,&quot;iso&quot;:&quot;0&quot;,&quot;shutter_speed&quot;:&quot;0.001&quot;,&quot;title&quot;:&quot;&quot;}\" data-image-title=\"Piazza Venetzia\" data-image-description=\"\" data-image-caption=\"\" data-large-file=\"https:\/\/www.satokangas.fi\/blogi\/wp-content\/uploads\/2010\/07\/Piazza-Nationale-1024x786.jpg\" class=\"aligncenter size-medium wp-image-7735\" title=\"Piazza Venetzia\" src=\"https:\/\/www.satokangas.fi\/blogi\/wp-content\/uploads\/2010\/07\/Piazza-Nationale-500x383.jpg\" alt=\"\" width=\"500\" height=\"383\" srcset=\"https:\/\/www.satokangas.fi\/blogi\/wp-content\/uploads\/2010\/07\/Piazza-Nationale-500x383.jpg 500w, https:\/\/www.satokangas.fi\/blogi\/wp-content\/uploads\/2010\/07\/Piazza-Nationale-200x153.jpg 200w, https:\/\/www.satokangas.fi\/blogi\/wp-content\/uploads\/2010\/07\/Piazza-Nationale-1024x786.jpg 1024w, https:\/\/www.satokangas.fi\/blogi\/wp-content\/uploads\/2010\/07\/Piazza-Nationale.jpg 1111w\" sizes=\"auto, (max-width: 500px) 100vw, 500px\" \/><\/a><\/p>\n","protected":false},"excerpt":{"rendered":"<p>Silloin kun ennen l\u00e4hdettiin reissuun kaksistaan, ennen kuin oli lapsia, ennen kun me olimme aika lailla nuorempia, ei mennyt kauan pakatessa. Kunhan oli passi, valuutta vaihdettu ja lentoliput. Kohteen matkaopas ja kartta. Hyv\u00e4t keng\u00e4t ja rentoja kamppeita &#8211; ja kamera (diafilmit kannatti usein ostaa vasta Suomen rajojen ulkopuolelta). Nyt kun ollaan taas vain kaksistaan (tai siis kaksi yst\u00e4v\u00e4pariskuntaa my\u00f6s) l\u00e4hd\u00f6ss\u00e4 &hellip; <\/p>\n","protected":false},"author":1,"featured_media":0,"comment_status":"open","ping_status":"open","sticky":false,"template":"","format":"standard","meta":{"jetpack_post_was_ever_published":false,"_jetpack_newsletter_access":"","_jetpack_dont_email_post_to_subs":false,"_jetpack_newsletter_tier_id":0,"_jetpack_memberships_contains_paywalled_content":false,"_jetpack_memberships_contains_paid_content":false,"footnotes":"","jetpack_publicize_message":"","jetpack_publicize_feature_enabled":true,"jetpack_social_post_already_shared":false,"jetpack_social_options":{"image_generator_settings":{"template":"highway","default_image_id":0,"font":"","enabled":false},"version":2}},"categories":[30],"tags":[],"class_list":["post-7734","post","type-post","status-publish","format-standard","hentry","category-italia","latest_post"],"jetpack_publicize_connections":[],"jetpack_featured_media_url":"","jetpack_shortlink":"https:\/\/wp.me\/pr4p4-20K","jetpack_sharing_enabled":true,"jetpack_likes_enabled":false,"jetpack-related-posts":[{"id":34089,"url":"https:\/\/www.satokangas.fi\/blogi\/2018\/05\/tuomen-kukkiessa-kesakuumietteita\/","url_meta":{"origin":7734,"position":0},"title":"Tuomen kukkiessa kes\u00e4kuumietteit\u00e4","author":"Reija","date":"28.5.2018","format":false,"excerpt":"Kes\u00e4kuulle laskenut verkkoja, ... kuvauskeikkaa tai -per\u00e4ti -projektia haluaisin: olen ideoinut, \"koekuvia\" otellut, taustaty\u00f6t\u00e4 tehnyt. Enk\u00e4 kyll\u00e4 ole ollenkaan varma, ovatko ne kaksi tahoa, joita ajattelin t\u00e4ss\u00e4 piakkoin l\u00e4hesty\u00e4, ollenkaan niin innostuneita kuvausprojektiajatuksistani kuin min\u00e4. :D Mutta eik\u00f6s se niin ole, ettei ole kukaan tule kotoa hakemaan t\u00f6ihin. Niin min\u00e4\u2026","rel":"","context":"Kategoriassa &quot;Hautausmailla&quot;","block_context":{"text":"Hautausmailla","link":"https:\/\/www.satokangas.fi\/blogi\/category\/hautausmailla\/"},"img":{"alt_text":"","src":"https:\/\/i0.wp.com\/www.satokangas.fi\/blogi\/wp-content\/uploads\/2018\/05\/Tuomen-kukkiessa-4.jpg?resize=350%2C200&ssl=1","width":350,"height":200,"srcset":"https:\/\/i0.wp.com\/www.satokangas.fi\/blogi\/wp-content\/uploads\/2018\/05\/Tuomen-kukkiessa-4.jpg?resize=350%2C200&ssl=1 1x, https:\/\/i0.wp.com\/www.satokangas.fi\/blogi\/wp-content\/uploads\/2018\/05\/Tuomen-kukkiessa-4.jpg?resize=525%2C300&ssl=1 1.5x, https:\/\/i0.wp.com\/www.satokangas.fi\/blogi\/wp-content\/uploads\/2018\/05\/Tuomen-kukkiessa-4.jpg?resize=700%2C400&ssl=1 2x"},"classes":[]},{"id":51077,"url":"https:\/\/www.satokangas.fi\/blogi\/2024\/11\/miksi-aina-kamera-mukana\/","url_meta":{"origin":7734,"position":1},"title":"Miksi aina kamera mukana?","author":"Reija","date":"8.11.2024","format":false,"excerpt":"Useinhan pohditaan, keskustellaan, jopa syytell\u00e4\u00e4n meit\u00e4 k\u00e4nnykk\u00e4aikakauden ihmisi\u00e4 siit\u00e4, ettei osata olla, el\u00e4\u00e4, reissata, juhlia, viett\u00e4\u00e4 aikaa lasten tai yst\u00e4vien kanssa ilman, ett\u00e4 kaikkea katsellaan ja kuvaillaan puhelimen kameralla, ettei osata nauttia hetkest\u00e4 ilman, ett\u00e4 kaikki on tallennettava puhelimen kuvakansioihin. Ja viel\u00e4 suollettava kuvavirta someenkin! Minulla puhelimen kuvakansioissa on toki\u2026","rel":"","context":"Kategoriassa &quot;M\u00f6kkiel\u00e4m\u00e4\u00e4&quot;","block_context":{"text":"M\u00f6kkiel\u00e4m\u00e4\u00e4","link":"https:\/\/www.satokangas.fi\/blogi\/category\/mokkielamaa\/"},"img":{"alt_text":"","src":"https:\/\/i0.wp.com\/www.satokangas.fi\/blogi\/wp-content\/uploads\/2024\/11\/Prospektori-12.jpg?resize=350%2C200&ssl=1","width":350,"height":200,"srcset":"https:\/\/i0.wp.com\/www.satokangas.fi\/blogi\/wp-content\/uploads\/2024\/11\/Prospektori-12.jpg?resize=350%2C200&ssl=1 1x, https:\/\/i0.wp.com\/www.satokangas.fi\/blogi\/wp-content\/uploads\/2024\/11\/Prospektori-12.jpg?resize=525%2C300&ssl=1 1.5x, https:\/\/i0.wp.com\/www.satokangas.fi\/blogi\/wp-content\/uploads\/2024\/11\/Prospektori-12.jpg?resize=700%2C400&ssl=1 2x"},"classes":[]},{"id":44570,"url":"https:\/\/www.satokangas.fi\/blogi\/2023\/01\/kaksi-eri-maailmaa-kameran-lapi-molemmat\/","url_meta":{"origin":7734,"position":2},"title":"Kaksi eri maailmaa &#8211; kameran l\u00e4pi molemmat","author":"Reija","date":"13.1.2023","format":false,"excerpt":"Olen ollut omassa maailmassani kaksi p\u00e4iv\u00e4\u00e4: kameran kanssa ruoan \u00e4\u00e4rell\u00e4 ja tiedemaailmassa. Eilen ruokakuvaukset De Gamlas Hemiss\u00e4, jossa t\u00e4n\u00e4\u00e4n on julkistettu uusi menu: illallinen kaikkine ruokalajeineen oli kamerani kuvauksen kohteena. Voitte olla varmoja, ett\u00e4 kuvatessa tuli n\u00e4lk\u00e4. Samaan aikaan henkil\u00f6kunta\/tarjoilijat saivat maisteltavaksi uuden listan annokset. Kyll\u00e4 min\u00e4kin sain\/olisin voinut maistella,\u2026","rel":"","context":"Kategoriassa &quot;Muistikuvia&quot;","block_context":{"text":"Muistikuvia","link":"https:\/\/www.satokangas.fi\/blogi\/category\/muistikuvia\/"},"img":{"alt_text":"","src":"https:\/\/i0.wp.com\/www.satokangas.fi\/blogi\/wp-content\/uploads\/2023\/01\/vaitos-3.jpg?resize=350%2C200&ssl=1","width":350,"height":200,"srcset":"https:\/\/i0.wp.com\/www.satokangas.fi\/blogi\/wp-content\/uploads\/2023\/01\/vaitos-3.jpg?resize=350%2C200&ssl=1 1x, https:\/\/i0.wp.com\/www.satokangas.fi\/blogi\/wp-content\/uploads\/2023\/01\/vaitos-3.jpg?resize=525%2C300&ssl=1 1.5x, https:\/\/i0.wp.com\/www.satokangas.fi\/blogi\/wp-content\/uploads\/2023\/01\/vaitos-3.jpg?resize=700%2C400&ssl=1 2x"},"classes":[]},{"id":28339,"url":"https:\/\/www.satokangas.fi\/blogi\/2016\/05\/aapelin-on-ykkonen\/","url_meta":{"origin":7734,"position":3},"title":"Aapeli on ykk\u00f6nen","author":"Reija","date":"28.5.2016","format":false,"excerpt":"Puutarhap\u00e4iv\u00e4. Paitsi kaksi tuntia oltiin Aapelin syntt\u00e4reill\u00e4. Apsu on yksivuotias. Ja mik\u00e4\u00e4n ei ole ollut ennallaan sen j\u00e4lkeen kun t\u00e4m\u00e4 pieni tuli maailmaan ja muutti mummin maailman. Oli merkillinen tunne menn\u00e4 pojanpojan syntt\u00e4reille. Niin monet syntym\u00e4p\u00e4iv\u00e4juhlat kuin olen omilleni j\u00e4rjest\u00e4nyt, ja nyt sitten yht\u00e4kki\u00e4 min\u00e4 olenkin se mummi, joka l\u00e4hden\u2026","rel":"","context":"Kategoriassa &quot;Isovanhemmuus&quot;","block_context":{"text":"Isovanhemmuus","link":"https:\/\/www.satokangas.fi\/blogi\/category\/isovanhemmuus\/"},"img":{"alt_text":"Aatu 1 v. (2)","src":"https:\/\/i0.wp.com\/www.satokangas.fi\/blogi\/wp-content\/uploads\/2016\/05\/Aatu-1-v.-2-600x400.jpg?resize=350%2C200&ssl=1","width":350,"height":200,"srcset":"https:\/\/i0.wp.com\/www.satokangas.fi\/blogi\/wp-content\/uploads\/2016\/05\/Aatu-1-v.-2-600x400.jpg?resize=350%2C200&ssl=1 1x, https:\/\/i0.wp.com\/www.satokangas.fi\/blogi\/wp-content\/uploads\/2016\/05\/Aatu-1-v.-2-600x400.jpg?resize=525%2C300&ssl=1 1.5x"},"classes":[]},{"id":34812,"url":"https:\/\/www.satokangas.fi\/blogi\/2018\/09\/huoltopaiva\/","url_meta":{"origin":7734,"position":4},"title":"Huoltop\u00e4iv\u00e4","author":"Reija","date":"13.9.2018","format":false,"excerpt":"Juuri kun olin kuvaamassa tuota yll\u00e4 olevaa, kuului takaa ylh\u00e4\u00e4lt\u00e4 merkillist\u00e4 meteli\u00e4: kurjet siell\u00e4 muodostelivat auraansa. Ja enh\u00e4n min\u00e4 taas ehtinyt paljon kameraa s\u00e4\u00e4dell\u00e4. (Kuvan vasemmassa reunassa j\u00e4nn\u00e4sti kaksi kurkea lent\u00e4v\u00e4t niin l\u00e4hekk\u00e4in ett\u00e4 alhaalta ja kuvassa n\u00e4ytt\u00e4\u00e4 ett\u00e4 siell\u00e4 on kaksip\u00e4inen lintu.) Kun \u00e4kki\u00e4 k\u00f6nysin tuolta ruusupuskasta polviltani seisomaan\u2026","rel":"","context":"Kategoriassa &quot;Valokuvaus&quot;","block_context":{"text":"Valokuvaus","link":"https:\/\/www.satokangas.fi\/blogi\/category\/valokuvaus\/"},"img":{"alt_text":"","src":"https:\/\/i0.wp.com\/www.satokangas.fi\/blogi\/wp-content\/uploads\/2018\/09\/5-4.jpg?resize=350%2C200&ssl=1","width":350,"height":200,"srcset":"https:\/\/i0.wp.com\/www.satokangas.fi\/blogi\/wp-content\/uploads\/2018\/09\/5-4.jpg?resize=350%2C200&ssl=1 1x, https:\/\/i0.wp.com\/www.satokangas.fi\/blogi\/wp-content\/uploads\/2018\/09\/5-4.jpg?resize=525%2C300&ssl=1 1.5x, https:\/\/i0.wp.com\/www.satokangas.fi\/blogi\/wp-content\/uploads\/2018\/09\/5-4.jpg?resize=700%2C400&ssl=1 2x"},"classes":[]},{"id":32521,"url":"https:\/\/www.satokangas.fi\/blogi\/2017\/11\/kaanna-kamera-itseesi-auts\/","url_meta":{"origin":7734,"position":5},"title":"K\u00e4\u00e4nn\u00e4 kamera itseesi!  Auts!","author":"Reija","date":"5.11.2017","format":false,"excerpt":"Teht\u00e4v\u00e4 12. Kuvaa kaksi omakuvaa, joista ainakin toinen on kokovartalokuva ja tilassa. Valokuvaaja tekee ty\u00f6t\u00e4 omalla persoonallaan. Ty\u00f6n voima, herkkyys ja omaper\u00e4isyys ovat kiinni tekij\u00e4n persoonallisuudesta. Koko kuvataiteen historian ajan taiteilijat ovat m\u00e4\u00e4ritelleet itse\u00e4\u00e4n suhteessa omaan persoonaan ja yhteiskuntaan kuvaten v\u00e4lill\u00e4 itse\u00e4\u00e4n. My\u00f6s valokuvaajalle on terveellist\u00e4 k\u00e4\u00e4nt\u00e4\u00e4 kamera joskus itseens\u00e4\u2026","rel":"","context":"Kategoriassa &quot;Valokuvaus&quot;","block_context":{"text":"Valokuvaus","link":"https:\/\/www.satokangas.fi\/blogi\/category\/valokuvaus\/"},"img":{"alt_text":"","src":"https:\/\/i0.wp.com\/www.satokangas.fi\/blogi\/wp-content\/uploads\/2017\/11\/Omakuva-2.jpg?resize=350%2C200&ssl=1","width":350,"height":200,"srcset":"https:\/\/i0.wp.com\/www.satokangas.fi\/blogi\/wp-content\/uploads\/2017\/11\/Omakuva-2.jpg?resize=350%2C200&ssl=1 1x, https:\/\/i0.wp.com\/www.satokangas.fi\/blogi\/wp-content\/uploads\/2017\/11\/Omakuva-2.jpg?resize=525%2C300&ssl=1 1.5x"},"classes":[]}],"_links":{"self":[{"href":"https:\/\/www.satokangas.fi\/blogi\/wp-json\/wp\/v2\/posts\/7734","targetHints":{"allow":["GET"]}}],"collection":[{"href":"https:\/\/www.satokangas.fi\/blogi\/wp-json\/wp\/v2\/posts"}],"about":[{"href":"https:\/\/www.satokangas.fi\/blogi\/wp-json\/wp\/v2\/types\/post"}],"author":[{"embeddable":true,"href":"https:\/\/www.satokangas.fi\/blogi\/wp-json\/wp\/v2\/users\/1"}],"replies":[{"embeddable":true,"href":"https:\/\/www.satokangas.fi\/blogi\/wp-json\/wp\/v2\/comments?post=7734"}],"version-history":[{"count":0,"href":"https:\/\/www.satokangas.fi\/blogi\/wp-json\/wp\/v2\/posts\/7734\/revisions"}],"wp:attachment":[{"href":"https:\/\/www.satokangas.fi\/blogi\/wp-json\/wp\/v2\/media?parent=7734"}],"wp:term":[{"taxonomy":"category","embeddable":true,"href":"https:\/\/www.satokangas.fi\/blogi\/wp-json\/wp\/v2\/categories?post=7734"},{"taxonomy":"post_tag","embeddable":true,"href":"https:\/\/www.satokangas.fi\/blogi\/wp-json\/wp\/v2\/tags?post=7734"}],"curies":[{"name":"wp","href":"https:\/\/api.w.org\/{rel}","templated":true}]}}