{"id":7634,"date":"2010-06-26T20:03:06","date_gmt":"2010-06-26T17:03:06","guid":{"rendered":"https:\/\/www.satokangas.fi\/blogi\/?p=7634"},"modified":"2010-06-27T00:05:42","modified_gmt":"2010-06-26T21:05:42","slug":"kiiretta-pitelee","status":"publish","type":"post","link":"https:\/\/www.satokangas.fi\/blogi\/2010\/06\/kiiretta-pitelee\/","title":{"rendered":"Kiirett\u00e4 pitelee ;)"},"content":{"rendered":"<p>Rauhallinen runsas aamiainen (oikeastaan jo brunssi, sen verran kauan nukuttiin, olihan pelattu my\u00f6h\u00e4\u00e4n y\u00f6h\u00f6n), verkkaisesti l\u00e4hdimme ulkoilemaan, tepastelua kohti Iisakkip\u00e4\u00e4n huippua (Juniorikin saatiin liikkumaan ja lenkille, hyv\u00e4 J.!), Kaunisp\u00e4\u00e4ll\u00e4 katseltiin maisemia ja nautiskeltiin iltap\u00e4iv\u00e4kahvit (ja tietysti pojille ne mahtavat munkit),\u00a0 jatkettiin matkaa alas lussakasti l\u00f6ntystellen.<\/p>\n<p>Aikaa kun oli, k\u00e4vimme katsomassa panimon pihalla kullanhuuhdontakisoja ja tapaamassa tuttuja. Iltap\u00e4iv\u00e4 alkoi olla lopuillaan, joten oli aika\u00a0palata kaupan kautta kohti m\u00f6kki\u00e4.<\/p>\n<p>Ryhdyimme saunanl\u00e4mmityspuuhiin, viesteiltiin ja soiteltiin, &#8211; kukin tahoilleen. Nuoret taisivat torkahdellakin. Laittelin ruokaa, aika paljon, &#8211; taas, vaikka ei ollut tarkoitus. Saunottiin, pulahdeltiin purossa, istuskeltiin ulkona ja katseltiin, ett\u00e4 ei se sade sitten kuitenkaan tullut&#8230; tulisko ukkonen? Ei sek\u00e4\u00e4n. Nytkin melkein paistaa.<\/p>\n<p>S\u00f6imme. Aika pitk\u00e4n kaavan mukaan. Rauhassa. Down sifting. Leppoisassa olossa.<\/p>\n<p>Jotta kiirett\u00e4 on pidellyt. Koko p\u00e4iv\u00e4n. \ud83d\ude09<\/p>\n","protected":false},"excerpt":{"rendered":"<p>Rauhallinen runsas aamiainen (oikeastaan jo brunssi, sen verran kauan nukuttiin, olihan pelattu my\u00f6h\u00e4\u00e4n y\u00f6h\u00f6n), verkkaisesti l\u00e4hdimme ulkoilemaan, tepastelua kohti Iisakkip\u00e4\u00e4n huippua (Juniorikin saatiin liikkumaan ja lenkille, hyv\u00e4 J.!), Kaunisp\u00e4\u00e4ll\u00e4 katseltiin maisemia ja nautiskeltiin iltap\u00e4iv\u00e4kahvit (ja tietysti pojille ne mahtavat munkit),\u00a0 jatkettiin matkaa alas lussakasti l\u00f6ntystellen. Aikaa kun oli, k\u00e4vimme katsomassa panimon pihalla kullanhuuhdontakisoja ja tapaamassa tuttuja. Iltap\u00e4iv\u00e4 alkoi olla lopuillaan, &hellip; <\/p>\n","protected":false},"author":1,"featured_media":0,"comment_status":"open","ping_status":"open","sticky":false,"template":"","format":"standard","meta":{"jetpack_post_was_ever_published":false,"_jetpack_newsletter_access":"","_jetpack_dont_email_post_to_subs":false,"_jetpack_newsletter_tier_id":0,"_jetpack_memberships_contains_paywalled_content":false,"_jetpack_memberships_contains_paid_content":false,"footnotes":"","jetpack_publicize_message":"","jetpack_publicize_feature_enabled":true,"jetpack_social_post_already_shared":false,"jetpack_social_options":{"image_generator_settings":{"template":"highway","default_image_id":0,"font":"","enabled":false},"version":2}},"categories":[1],"tags":[],"class_list":["post-7634","post","type-post","status-publish","format-standard","hentry","category-aiheeton","latest_post"],"jetpack_publicize_connections":[],"jetpack_featured_media_url":"","jetpack_shortlink":"https:\/\/wp.me\/pr4p4-1Z8","jetpack_sharing_enabled":true,"jetpack_likes_enabled":false,"jetpack-related-posts":[{"id":52574,"url":"https:\/\/www.satokangas.fi\/blogi\/2025\/06\/kukkia-kaikkialla\/","url_meta":{"origin":7634,"position":0},"title":"Kukkia kaikkialla","author":"Reija","date":"9.6.2025","format":false,"excerpt":"Kukkia t\u00e4n\u00e4\u00e4n - joka paikassa. Tuomet tuoksuvat, omppupuut kukkivat, pientareet ovat keltaisena voikukista, vihdoin valkovuokkoja kotipihassa. Kukkia hautausmaalla, kukkia py\u00f6r\u00e4lenkin varrella, kukkia kuvissa, joita siskon miehen kanssa t\u00e4n\u00e4\u00e4n katseltiin kun tyhjenneltiin mappeja ja kansioita, samalla s\u00e4\u00e4steltiin albumeita. Ik\u00e4v\u00e4kin kukki, - kyynelein\u00e4 silm\u00e4nurkkiin. Kodin seinustalla arovuokot \"rikkaruohoina\". Ei tarvetta kitke\u00e4. Kukkia\u2026","rel":"","context":"Kategoriassa &quot;Niit\u00e4 n\u00e4it\u00e4&quot;","block_context":{"text":"Niit\u00e4 n\u00e4it\u00e4","link":"https:\/\/www.satokangas.fi\/blogi\/category\/aiheeton\/"},"img":{"alt_text":"","src":"https:\/\/i0.wp.com\/www.satokangas.fi\/blogi\/wp-content\/uploads\/2025\/06\/kesa-4.jpg?resize=350%2C200&ssl=1","width":350,"height":200,"srcset":"https:\/\/i0.wp.com\/www.satokangas.fi\/blogi\/wp-content\/uploads\/2025\/06\/kesa-4.jpg?resize=350%2C200&ssl=1 1x, https:\/\/i0.wp.com\/www.satokangas.fi\/blogi\/wp-content\/uploads\/2025\/06\/kesa-4.jpg?resize=525%2C300&ssl=1 1.5x, https:\/\/i0.wp.com\/www.satokangas.fi\/blogi\/wp-content\/uploads\/2025\/06\/kesa-4.jpg?resize=700%2C400&ssl=1 2x"},"classes":[]},{"id":45592,"url":"https:\/\/www.satokangas.fi\/blogi\/2023\/05\/sunnuntaikavelylla-splitin-rannoilla\/","url_meta":{"origin":7634,"position":1},"title":"Sunnuntaik\u00e4velyll\u00e4 Splitin rannoilla","author":"Reija","date":"21.5.2023","format":false,"excerpt":"Otsikkokuvassa on meid\u00e4n hotelli Galeria Valeria. Eilen illalla k\u00e4yty\u00e4mme viiinimessuilla nauttimassa muutamat maistiaiset aperitiiviksi ja ostamassa nuorille deliosastolta paikallisia herkkuja tuliaisiksi, astuimme linnan kellarista ulos ja silloin jo satoi vett\u00e4, l\u00e4mmint\u00e4\u00a0 vett\u00e4, l\u00e4mpim\u00e4ss\u00e4, pimenev\u00e4ss\u00e4 illassa. Niinp\u00e4 aika nopeasti valitsimme vanhan kaupungin (Grad) kymmenien ravintoloiden joukosta sellaisen, jossa p\u00e4\u00e4simme sis\u00e4tiloihin. Chops-Grill\u2026","rel":"","context":"Kategoriassa &quot;Hautausmailla&quot;","block_context":{"text":"Hautausmailla","link":"https:\/\/www.satokangas.fi\/blogi\/category\/hautausmailla\/"},"img":{"alt_text":"","src":"https:\/\/i0.wp.com\/www.satokangas.fi\/blogi\/wp-content\/uploads\/2023\/05\/Split_2-17.jpg?resize=350%2C200&ssl=1","width":350,"height":200,"srcset":"https:\/\/i0.wp.com\/www.satokangas.fi\/blogi\/wp-content\/uploads\/2023\/05\/Split_2-17.jpg?resize=350%2C200&ssl=1 1x, https:\/\/i0.wp.com\/www.satokangas.fi\/blogi\/wp-content\/uploads\/2023\/05\/Split_2-17.jpg?resize=525%2C300&ssl=1 1.5x, https:\/\/i0.wp.com\/www.satokangas.fi\/blogi\/wp-content\/uploads\/2023\/05\/Split_2-17.jpg?resize=700%2C400&ssl=1 2x"},"classes":[]},{"id":48129,"url":"https:\/\/www.satokangas.fi\/blogi\/2024\/01\/taivaantulia-paivin-illoin\/","url_meta":{"origin":7634,"position":2},"title":"Taivaantulia p\u00e4ivin, illoin","author":"Reija","date":"1.1.2024","format":false,"excerpt":"Yst\u00e4v\u00e4t l\u00e4htiv\u00e4t aamukymmenelt\u00e4 aika l\u00e4mpim\u00e4lt\u00e4 (- 13 C) Hangasojalta kohti kylm\u00e4\u00e4 Oulua, jonne on luvannut yli - 30 asteen pakkasia t\u00e4lle viikolle. Me viiv\u00e4hd\u00e4mme t\u00e4\u00e4ll\u00e4 (kai) perjantaihin asti. Pienen tyhj\u00e4k\u00e4ynnin, v\u00e4h\u00e4n onton olon j\u00e4lkeen l\u00e4hdimme kylille, Pehtoori sinne tepastelemaan ja min\u00e4 kameran ja auton kanssa kiertelem\u00e4\u00e4n l\u00e4hitienoolla. Jalkauduin monessakin paikassa,\u2026","rel":"","context":"Kategoriassa &quot;Lappi&quot;","block_context":{"text":"Lappi","link":"https:\/\/www.satokangas.fi\/blogi\/category\/lappi\/"},"img":{"alt_text":"","src":"https:\/\/i0.wp.com\/www.satokangas.fi\/blogi\/wp-content\/uploads\/2024\/01\/1_1_2024_Lappi.jpg?resize=350%2C200&ssl=1","width":350,"height":200,"srcset":"https:\/\/i0.wp.com\/www.satokangas.fi\/blogi\/wp-content\/uploads\/2024\/01\/1_1_2024_Lappi.jpg?resize=350%2C200&ssl=1 1x, https:\/\/i0.wp.com\/www.satokangas.fi\/blogi\/wp-content\/uploads\/2024\/01\/1_1_2024_Lappi.jpg?resize=525%2C300&ssl=1 1.5x, https:\/\/i0.wp.com\/www.satokangas.fi\/blogi\/wp-content\/uploads\/2024\/01\/1_1_2024_Lappi.jpg?resize=700%2C400&ssl=1 2x"},"classes":[]},{"id":28237,"url":"https:\/\/www.satokangas.fi\/blogi\/2016\/05\/massiivinen-kuvapaiva\/","url_meta":{"origin":7634,"position":3},"title":"Massiivinen kuvap\u00e4iv\u00e4","author":"Reija","date":"14.5.2016","format":false,"excerpt":"Milj\u00f6\u00f6ss\u00e4 ty\u00f6skentelyn orientaatio jatkui t\u00e4n\u00e4\u00e4n liki kymmentuntisella\u00a0kuvien katselulla. Katseltiin satoja kuvia edellisten vattilaisten n\u00e4yt\u00f6ist\u00e4, katseltiin paljon hyl\u00e4ttyj\u00e4 ja paljon hyv\u00e4ksyttyj\u00e4 sarjoja, keskusteltiin, kuunneltiin, kysyttiin. Yht\u00e4 mielt\u00e4 oltiin, ett\u00e4 oli hienoja sarjoja, k\u00e4sitt\u00e4m\u00e4tt\u00f6m\u00e4n hienoja ja k\u00e4sitt\u00e4m\u00e4tt\u00f6m\u00e4sti hyl\u00e4ttyj\u00e4. Ja sellaisiakin,\u00a0joista me (ope mukaan lukien) ei tajuttu, miten ne oli p\u00e4\u00e4sseet\u00a0l\u00e4pi. Valokuvaus on\u2026","rel":"","context":"Kategoriassa &quot;Niit\u00e4 n\u00e4it\u00e4&quot;","block_context":{"text":"Niit\u00e4 n\u00e4it\u00e4","link":"https:\/\/www.satokangas.fi\/blogi\/category\/aiheeton\/"},"img":{"alt_text":"Nupulla-2","src":"https:\/\/i0.wp.com\/www.satokangas.fi\/blogi\/wp-content\/uploads\/2016\/05\/Nupulla-2-600x312.jpg?resize=350%2C200&ssl=1","width":350,"height":200,"srcset":"https:\/\/i0.wp.com\/www.satokangas.fi\/blogi\/wp-content\/uploads\/2016\/05\/Nupulla-2-600x312.jpg?resize=350%2C200&ssl=1 1x, https:\/\/i0.wp.com\/www.satokangas.fi\/blogi\/wp-content\/uploads\/2016\/05\/Nupulla-2-600x312.jpg?resize=525%2C300&ssl=1 1.5x"},"classes":[]},{"id":15750,"url":"https:\/\/www.satokangas.fi\/blogi\/2012\/11\/elama-on-2\/","url_meta":{"origin":7634,"position":4},"title":"El\u00e4m\u00e4 on &#8230; ;)","author":"Reija","date":"10.11.2012","format":false,"excerpt":"Pakkanen oli y\u00f6ll\u00e4 laskenut, aamulla en\u00e4\u00e4 - 6 C. Pitk\u00e4 aamiainen. Gradulainen ahkeroi v\u00e4h\u00e4n aikaa, nuori pari ulkoilutteli Maisaa (saksanpaimenkoira), ja avitti lumit\u00f6iss\u00e4, ja aika pian l\u00e4hdimme kohti Saarisel\u00e4n keskustaa. Kylill\u00e4 k\u00e4veleskeltiin, kierreltiin ja katseltiin.\u00a0 Taivas pilvess\u00e4, pient\u00e4 tihkuista lumisadetta aika ajoin, mutta liikuttiinpahan, oltiin ulkona. Ja yht\u00e4kki\u00e4: \u201dT\u00e4ss\u00e4 minun\u2026","rel":"","context":"Kategoriassa &quot;Niit\u00e4 n\u00e4it\u00e4&quot;","block_context":{"text":"Niit\u00e4 n\u00e4it\u00e4","link":"https:\/\/www.satokangas.fi\/blogi\/category\/aiheeton\/"},"img":{"alt_text":"","src":"","width":0,"height":0},"classes":[]},{"id":42359,"url":"https:\/\/www.satokangas.fi\/blogi\/2022\/02\/talviretkella\/","url_meta":{"origin":7634,"position":5},"title":"Talviretkell\u00e4","author":"Reija","date":"3.2.2022","format":false,"excerpt":"Kuin toisessa maailmassa... Aamulla ennen kymment\u00e4 Kiiminkijoen pohjoispuolella pienell\u00e4 maaseutukyl\u00e4n tiell\u00e4 lapsia potkuroimassa kouluun, hengitys huuruten, hiljaisina. Huttukyl\u00e4n tienvarren monilapsisten perheiden isoissa taloissa savut leivinuuneista nousivat kohtisuoraan kohti sinist\u00e4 taivasta. Oli hiljaista, - ja kylm\u00e4\u00e4. Aamuaurinko oli juuri noussut horisontin yl\u00e4puolelle ja peltoaukealla hanki kimmelsi kristallisena. Me olimme talviretkell\u00e4. Meill\u00e4\u2026","rel":"","context":"Kategoriassa &quot;Niit\u00e4 n\u00e4it\u00e4&quot;","block_context":{"text":"Niit\u00e4 n\u00e4it\u00e4","link":"https:\/\/www.satokangas.fi\/blogi\/category\/aiheeton\/"},"img":{"alt_text":"","src":"https:\/\/i0.wp.com\/www.satokangas.fi\/blogi\/wp-content\/uploads\/2022\/02\/koiteli-10.jpg?resize=350%2C200&ssl=1","width":350,"height":200,"srcset":"https:\/\/i0.wp.com\/www.satokangas.fi\/blogi\/wp-content\/uploads\/2022\/02\/koiteli-10.jpg?resize=350%2C200&ssl=1 1x, https:\/\/i0.wp.com\/www.satokangas.fi\/blogi\/wp-content\/uploads\/2022\/02\/koiteli-10.jpg?resize=525%2C300&ssl=1 1.5x, https:\/\/i0.wp.com\/www.satokangas.fi\/blogi\/wp-content\/uploads\/2022\/02\/koiteli-10.jpg?resize=700%2C400&ssl=1 2x"},"classes":[]}],"_links":{"self":[{"href":"https:\/\/www.satokangas.fi\/blogi\/wp-json\/wp\/v2\/posts\/7634","targetHints":{"allow":["GET"]}}],"collection":[{"href":"https:\/\/www.satokangas.fi\/blogi\/wp-json\/wp\/v2\/posts"}],"about":[{"href":"https:\/\/www.satokangas.fi\/blogi\/wp-json\/wp\/v2\/types\/post"}],"author":[{"embeddable":true,"href":"https:\/\/www.satokangas.fi\/blogi\/wp-json\/wp\/v2\/users\/1"}],"replies":[{"embeddable":true,"href":"https:\/\/www.satokangas.fi\/blogi\/wp-json\/wp\/v2\/comments?post=7634"}],"version-history":[{"count":0,"href":"https:\/\/www.satokangas.fi\/blogi\/wp-json\/wp\/v2\/posts\/7634\/revisions"}],"wp:attachment":[{"href":"https:\/\/www.satokangas.fi\/blogi\/wp-json\/wp\/v2\/media?parent=7634"}],"wp:term":[{"taxonomy":"category","embeddable":true,"href":"https:\/\/www.satokangas.fi\/blogi\/wp-json\/wp\/v2\/categories?post=7634"},{"taxonomy":"post_tag","embeddable":true,"href":"https:\/\/www.satokangas.fi\/blogi\/wp-json\/wp\/v2\/tags?post=7634"}],"curies":[{"name":"wp","href":"https:\/\/api.w.org\/{rel}","templated":true}]}}