{"id":7606,"date":"2010-06-24T19:09:09","date_gmt":"2010-06-24T16:09:09","guid":{"rendered":"https:\/\/www.satokangas.fi\/blogi\/?p=7606"},"modified":"2010-06-24T23:41:00","modified_gmt":"2010-06-24T20:41:00","slug":"saamenmaan-suvessa","status":"publish","type":"post","link":"https:\/\/www.satokangas.fi\/blogi\/2010\/06\/saamenmaan-suvessa\/","title":{"rendered":"Saamenmaan suvessa"},"content":{"rendered":"<div><span style=\"font-size: small;\">Aamulla ensimm\u00e4isen kerran her\u00e4tess\u00e4 n\u00e4in auringons\u00e4teiden heijastuvan\u00a0tuvan punaiseen ryijyyn: ollaan m\u00f6kill\u00e4, on loma! Nukumme kahdeksaan. Juhannussaunan pesu ensimm\u00e4inen projekti, jonka j\u00e4lkeen\u00a0niit\u00e4 on riitt\u00e4nyt. Ulkona on ollut ilo olla. L\u00e4mmin, melko tyven, tosin pilvess\u00e4 ison osan p\u00e4iv\u00e4st\u00e4, mutta s\u00e4\u00e4ski\u00e4 paljon v\u00e4hemm\u00e4n kuin Oulussa. Siit\u00e4k\u00f6s olemme olleet iloisia!<\/span><\/div>\n<div><span style=\"font-size: small;\">\u00a0<\/span><\/div>\n<div><span style=\"font-size: small;\">Toissap\u00e4iv\u00e4n postauksessani oli kuva noitarummusta. &#8230;\u00a0Lupasin sen\u00a0symboleista v\u00e4h\u00e4n tietoa: n<\/span><span style=\"font-size: small;\">oitarummun kuviot ovat kahdessa tai kolmessa\u00a0eri kent<\/span><span style=\"font-size: small;\">\u00e4ss\u00e4;\u00a0tuossa meid\u00e4n m\u00f6kin sein\u00e4ll\u00e4 roikkuvassa on keskell\u00e4 selke\u00e4sti viiva,\u00a0 joka jakaa &#8221;maailman kahtia&#8221;. Yl\u00e4puolella\u00a0on jumalat, siell\u00e4 on kuu (siis se kumpu jossa kolme risti\u00e4, voi tarkoittaa my\u00f6s seitapaikkaa), siell\u00e4 on &#8221;tuonpuoleiseen&#8221; liittyvi\u00e4 symboleita. Rummun keskell\u00e4 todellakin on aurinko (kuten Koivu arvelikin, Railatertullakin ajatus oikea, symboli vain v\u00e4\u00e4r\u00e4). Aurinko on luonnonkansojen uskomusmaailmassa (eik\u00f6 meid\u00e4n city-ihmistenkin?) keskeisell\u00e4 sijalla. Saamen lipussakin on aurinko ja kuu (lipun keskell\u00e4 oleva ympyr\u00e4 kuvaa aurinkoa (punainen) ja kuuta (sininen).<\/span><\/div>\n<div><span style=\"font-size: small;\">\u00a0<\/span><\/div>\n<div><span style=\"font-size: small;\">Knallip\u00e4inen olento auringon oikealla puolella on shamaani, parantaja, sen alapuolella poroaita, vene symboloi kauppa- ja muita yhteyksi\u00e4. jne. <\/span><span style=\"font-size: small;\">Noitarumpu ei ole ole shamaanin tai noidan v\u00e4line, jollei sit\u00e4 ole vihitty tarkoitukseensa (meid\u00e4n rumpua ei ole). Onpa 1700-luvulta l\u00f6ydetty rumpuja joissa on kristillisi\u00e4 symboleita. Pakanalliset ja kristilliset muodot ovat monessa muussakin yhteydess\u00e4 suloisesti sekaisin, niin noitarummuissakin.<\/span><\/div>\n<div><span style=\"font-size: small;\">\u00a0<\/span><\/div>\n<div><span style=\"font-size: small;\">Lihku m\u00e1tk\u00e1i!\u00a0 (onnea matkaan, nuoret!) Ajakaa varovaisesti, t\u00e4\u00e4ll\u00e4 l\u00e4pi y\u00f6n paistavan auringon alla teit\u00e4 ootellaan. <\/span><\/div>\n<div><span style=\"font-size: small;\">\u00a0<\/span><\/div>\n","protected":false},"excerpt":{"rendered":"<p>Aamulla ensimm\u00e4isen kerran her\u00e4tess\u00e4 n\u00e4in auringons\u00e4teiden heijastuvan\u00a0tuvan punaiseen ryijyyn: ollaan m\u00f6kill\u00e4, on loma! Nukumme kahdeksaan. Juhannussaunan pesu ensimm\u00e4inen projekti, jonka j\u00e4lkeen\u00a0niit\u00e4 on riitt\u00e4nyt. Ulkona on ollut ilo olla. L\u00e4mmin, melko tyven, tosin pilvess\u00e4 ison osan p\u00e4iv\u00e4st\u00e4, mutta s\u00e4\u00e4ski\u00e4 paljon v\u00e4hemm\u00e4n kuin Oulussa. Siit\u00e4k\u00f6s olemme olleet iloisia! \u00a0 Toissap\u00e4iv\u00e4n postauksessani oli kuva noitarummusta. &#8230;\u00a0Lupasin sen\u00a0symboleista v\u00e4h\u00e4n tietoa: noitarummun kuviot ovat kahdessa &hellip; <\/p>\n","protected":false},"author":1,"featured_media":0,"comment_status":"open","ping_status":"open","sticky":false,"template":"","format":"standard","meta":{"jetpack_post_was_ever_published":false,"_jetpack_newsletter_access":"","_jetpack_dont_email_post_to_subs":false,"_jetpack_newsletter_tier_id":0,"_jetpack_memberships_contains_paywalled_content":false,"_jetpack_memberships_contains_paid_content":false,"footnotes":"","jetpack_publicize_message":"","jetpack_publicize_feature_enabled":true,"jetpack_social_post_already_shared":false,"jetpack_social_options":{"image_generator_settings":{"template":"highway","default_image_id":0,"font":"","enabled":false},"version":2}},"categories":[13,15],"tags":[],"class_list":["post-7606","post","type-post","status-publish","format-standard","hentry","category-historiaa","category-lappi","latest_post"],"jetpack_publicize_connections":[],"jetpack_featured_media_url":"","jetpack_shortlink":"https:\/\/wp.me\/pr4p4-1YG","jetpack_sharing_enabled":true,"jetpack_likes_enabled":false,"jetpack-related-posts":[{"id":7595,"url":"https:\/\/www.satokangas.fi\/blogi\/2010\/06\/mokki-mielessain\/","url_meta":{"origin":7606,"position":0},"title":"M\u00f6kki mieless\u00e4in","author":"Reija","date":"22.6.2010","format":false,"excerpt":"Tyt\u00e4r pisti aamulla tekstarin: \"Soita kun ehdit!\" Juuri ja juurihan min\u00e4 nyt ehdin yliopiston aamup\u00e4iv\u00e4n raukeasta ty\u00f6rupeamasta hellitt\u00e4\u00e4 sen verran, ett\u00e4 tytt\u00e4relle soitan. Kyseli, jotta passaisko jos sittenkin poikayst\u00e4v\u00e4ns\u00e4 tulisivat m\u00f6kille. Pariksi y\u00f6ksi vaan kun t\u00f6ist\u00e4 ei ole vapaata, mutta voitaisko tulla? - Voisitteko? Ei mit\u00e4\u00e4n mukavampaa olisi voinut soittaa!\u2026","rel":"","context":"Kategoriassa &quot;Lappi&quot;","block_context":{"text":"Lappi","link":"https:\/\/www.satokangas.fi\/blogi\/category\/lappi\/"},"img":{"alt_text":"","src":"https:\/\/i0.wp.com\/www.satokangas.fi\/blogi\/wp-content\/uploads\/2010\/06\/noitarummusta-2.jpg?resize=350%2C200&ssl=1","width":350,"height":200},"classes":[]},{"id":35861,"url":"https:\/\/www.satokangas.fi\/blogi\/2019\/01\/35861\/","url_meta":{"origin":7606,"position":1},"title":"Hiukset kertovat?","author":"Reija","date":"30.1.2019","format":false,"excerpt":"Mit\u00e4 hiuksesi kertovat sinusta? T\u00e4\u00e4ll\u00e4\u00a0on testi siihen liittyen. Ei FB:n urkintatesti, vaan YLEn sivuilla oleva kysely, jonka on laatinut tutkija, kulttuurihistorioitsija Liisa V\u00e4is\u00e4nen. Miksik\u00f6 testi on tehty ja miksi siihen linkit\u00e4n? - Koska t\u00e4n\u00e4\u00e4n yhdeks\u00e4lt\u00e4 alkaa telkkarista (on YLE Areenassa my\u00f6s, mutta min\u00e4 olen vanhanaikainen TV:n hyvin satunnainen katselija, joten\u2026","rel":"","context":"Kategoriassa &quot;Luettua&quot;","block_context":{"text":"Luettua","link":"https:\/\/www.satokangas.fi\/blogi\/category\/luettua\/"},"img":{"alt_text":"","src":"https:\/\/i0.wp.com\/www.satokangas.fi\/blogi\/wp-content\/uploads\/2019\/01\/tulppaanit.jpg?resize=350%2C200&ssl=1","width":350,"height":200,"srcset":"https:\/\/i0.wp.com\/www.satokangas.fi\/blogi\/wp-content\/uploads\/2019\/01\/tulppaanit.jpg?resize=350%2C200&ssl=1 1x, https:\/\/i0.wp.com\/www.satokangas.fi\/blogi\/wp-content\/uploads\/2019\/01\/tulppaanit.jpg?resize=525%2C300&ssl=1 1.5x"},"classes":[]},{"id":35950,"url":"https:\/\/www.satokangas.fi\/blogi\/2019\/02\/suunnitelmien-vaihtuminen\/","url_meta":{"origin":7606,"position":2},"title":"Suunnitelmien vaihtuminen","author":"Reija","date":"14.2.2019","format":false,"excerpt":"Me ollaan Pehtoorin kanssa saatu yst\u00e4v\u00e4np\u00e4iv\u00e4kortti. Se oli postilaatikossa jo sunnuntaina, kun tultiin kotiin m\u00f6kilt\u00e4.\u00a0 \u00a0 Jollet hyv\u00e4st\u00e4 k\u00e4sialasta huolimatta saa selv\u00e4\u00e4, niin siin\u00e4 lukee \"Mummi ja pappa. Rantapelto. toivoo Aatu.\"\u00a0 Etupuolella on kuva, jossa lukee \"kiitos ett\u00e4 olet yst\u00e4v\u00e4\".\u00a0 \u00a0Aika liikkis, eik\u00f6? Minulla ja t\u00e4ll\u00e4 yst\u00e4v\u00e4ll\u00e4 oli aie viett\u00e4\u00e4\u2026","rel":"","context":"Kategoriassa &quot;Isovanhemmuus&quot;","block_context":{"text":"Isovanhemmuus","link":"https:\/\/www.satokangas.fi\/blogi\/category\/isovanhemmuus\/"},"img":{"alt_text":"","src":"https:\/\/i0.wp.com\/www.satokangas.fi\/blogi\/wp-content\/uploads\/2019\/02\/Scan0020-1301x1024.jpg?resize=350%2C200&ssl=1","width":350,"height":200,"srcset":"https:\/\/i0.wp.com\/www.satokangas.fi\/blogi\/wp-content\/uploads\/2019\/02\/Scan0020-1301x1024.jpg?resize=350%2C200&ssl=1 1x, https:\/\/i0.wp.com\/www.satokangas.fi\/blogi\/wp-content\/uploads\/2019\/02\/Scan0020-1301x1024.jpg?resize=525%2C300&ssl=1 1.5x, https:\/\/i0.wp.com\/www.satokangas.fi\/blogi\/wp-content\/uploads\/2019\/02\/Scan0020-1301x1024.jpg?resize=700%2C400&ssl=1 2x, https:\/\/i0.wp.com\/www.satokangas.fi\/blogi\/wp-content\/uploads\/2019\/02\/Scan0020-1301x1024.jpg?resize=1050%2C600&ssl=1 3x"},"classes":[]},{"id":29889,"url":"https:\/\/www.satokangas.fi\/blogi\/2016\/12\/japanin-matkan-kuvia-saatesanoin\/","url_meta":{"origin":7606,"position":3},"title":"Japanin matkan kuvia saatesanoin","author":"Reija","date":"13.12.2016","format":false,"excerpt":"Nyt \u2013 vihdoin \u2013 olen saanut Japanin matkan kuvakansiot perattua. Yli 3000 kuvaa niit\u00e4 yhteens\u00e4 on, - huolimatta kamerarikosta. Kuvien taso ja kuvausinnostukseni m\u00e4\u00e4r\u00e4 on ollut hyvin vaihteleva, ja lopultakin v\u00e4h\u00e4n yli 300 kuvaa kelpuutin\u00a0kuvasivustolleni. T\u00e4ss\u00e4 sinne suora linkki\u00a0.\u00a0Siell\u00e4 on kuusi kansiota: Kioto, Tokio, Retki Naraan, Ruoka, Puistoja, Nagoya ja\u2026","rel":"","context":"Kategoriassa &quot;Japani&quot;","block_context":{"text":"Japani","link":"https:\/\/www.satokangas.fi\/blogi\/category\/reissut\/japani\/"},"img":{"alt_text":"","src":"https:\/\/i0.wp.com\/www.satokangas.fi\/blogi\/wp-content\/uploads\/2016\/12\/13-4-533x400.jpg?resize=350%2C200&ssl=1","width":350,"height":200,"srcset":"https:\/\/i0.wp.com\/www.satokangas.fi\/blogi\/wp-content\/uploads\/2016\/12\/13-4-533x400.jpg?resize=350%2C200&ssl=1 1x, https:\/\/i0.wp.com\/www.satokangas.fi\/blogi\/wp-content\/uploads\/2016\/12\/13-4-533x400.jpg?resize=525%2C300&ssl=1 1.5x"},"classes":[]},{"id":29167,"url":"https:\/\/www.satokangas.fi\/blogi\/2016\/09\/kaupunkipatikka-tornio-haaparannassa\/","url_meta":{"origin":7606,"position":4},"title":"Kaupunkipatikka Tornio &#8211; Haaparannassa","author":"Reija","date":"10.9.2016","format":false,"excerpt":"Simultaaniharjoitus. Se on ollut p\u00e4iv\u00e4n teema. Se on kuljettanut autolla ja jalan Haaparantaan, takaisin Tornioon. Koululle, ja taas ulos kuvailemaan. Aamup\u00e4iv\u00e4n tihkussa otetut kuvat tuli iltap\u00e4iv\u00e4ll\u00e4 otetuksi uudelleen. Ei ihan kaikkia. Min\u00e4 valitsin n\u00e4k\u00f6kulmaksi rajakaupungin omanlaisensa milj\u00f6\u00f6n\u00a0kirjoitettuna\/symboleina. Mukava l\u00f6yt\u00f6 oli Haaparannan rantatiell\u00e4 olleet suojatiemerkit. Niit\u00e4 on ainakin seitsem\u00e4n eri versiota.\u2026","rel":"","context":"Kategoriassa &quot;Niit\u00e4 n\u00e4it\u00e4&quot;","block_context":{"text":"Niit\u00e4 n\u00e4it\u00e4","link":"https:\/\/www.satokangas.fi\/blogi\/category\/aiheeton\/"},"img":{"alt_text":"1-20","src":"https:\/\/i0.wp.com\/www.satokangas.fi\/blogi\/wp-content\/uploads\/2016\/09\/1-20-431x400.jpg?resize=350%2C200&ssl=1","width":350,"height":200},"classes":[]},{"id":35529,"url":"https:\/\/www.satokangas.fi\/blogi\/2018\/12\/wienin-kuvasatoa\/","url_meta":{"origin":7606,"position":5},"title":"Wienin kuvasatoa","author":"Reija","date":"14.12.2018","format":false,"excerpt":"Olen t\u00e4ss\u00e4 illan valinnut ja muokkaillut Wienin kuvia. Kahden ensimm\u00e4isen p\u00e4iv\u00e4n sato pit\u00e4isi (huom. pit\u00e4isi) olla suunnilleen valmiina... En paljon selittele. Edellisten p\u00e4ivien p\u00e4iv\u00e4kirjamerkinn\u00e4t kertonevat mst\u00e4 n\u00e4iss\u00e4 on kyse...\u00a0 Huomenissa kuvamatka jatkuu. Toivottavasti. Sill\u00e4 on ollut v\u00e4h\u00e4n \"ruuhkaista\" t\u00e4m\u00e4 muutaman p\u00e4iv\u00e4n j\u00e4lkeinen kotiinpaluu...\u00a0 Ai niin, ennen kuin alatte katsella noita\u2026","rel":"","context":"Kategoriassa &quot;Niit\u00e4 n\u00e4it\u00e4&quot;","block_context":{"text":"Niit\u00e4 n\u00e4it\u00e4","link":"https:\/\/www.satokangas.fi\/blogi\/category\/aiheeton\/"},"img":{"alt_text":"","src":"https:\/\/i0.wp.com\/www.satokangas.fi\/blogi\/wp-content\/uploads\/2018\/12\/1_2_paiva_Wien-2-300x200.jpg?resize=350%2C200&ssl=1","width":350,"height":200,"srcset":"https:\/\/i0.wp.com\/www.satokangas.fi\/blogi\/wp-content\/uploads\/2018\/12\/1_2_paiva_Wien-2-300x200.jpg?resize=350%2C200&ssl=1 1x, https:\/\/i0.wp.com\/www.satokangas.fi\/blogi\/wp-content\/uploads\/2018\/12\/1_2_paiva_Wien-2-300x200.jpg?resize=525%2C300&ssl=1 1.5x, https:\/\/i0.wp.com\/www.satokangas.fi\/blogi\/wp-content\/uploads\/2018\/12\/1_2_paiva_Wien-2-300x200.jpg?resize=700%2C400&ssl=1 2x"},"classes":[]}],"_links":{"self":[{"href":"https:\/\/www.satokangas.fi\/blogi\/wp-json\/wp\/v2\/posts\/7606","targetHints":{"allow":["GET"]}}],"collection":[{"href":"https:\/\/www.satokangas.fi\/blogi\/wp-json\/wp\/v2\/posts"}],"about":[{"href":"https:\/\/www.satokangas.fi\/blogi\/wp-json\/wp\/v2\/types\/post"}],"author":[{"embeddable":true,"href":"https:\/\/www.satokangas.fi\/blogi\/wp-json\/wp\/v2\/users\/1"}],"replies":[{"embeddable":true,"href":"https:\/\/www.satokangas.fi\/blogi\/wp-json\/wp\/v2\/comments?post=7606"}],"version-history":[{"count":0,"href":"https:\/\/www.satokangas.fi\/blogi\/wp-json\/wp\/v2\/posts\/7606\/revisions"}],"wp:attachment":[{"href":"https:\/\/www.satokangas.fi\/blogi\/wp-json\/wp\/v2\/media?parent=7606"}],"wp:term":[{"taxonomy":"category","embeddable":true,"href":"https:\/\/www.satokangas.fi\/blogi\/wp-json\/wp\/v2\/categories?post=7606"},{"taxonomy":"post_tag","embeddable":true,"href":"https:\/\/www.satokangas.fi\/blogi\/wp-json\/wp\/v2\/tags?post=7606"}],"curies":[{"name":"wp","href":"https:\/\/api.w.org\/{rel}","templated":true}]}}