{"id":7593,"date":"2010-06-25T21:41:12","date_gmt":"2010-06-25T18:41:12","guid":{"rendered":"https:\/\/www.satokangas.fi\/blogi\/?p=7593"},"modified":"2010-06-25T21:47:56","modified_gmt":"2010-06-25T18:47:56","slug":"ihmisia-suviyossa","status":"publish","type":"post","link":"https:\/\/www.satokangas.fi\/blogi\/2010\/06\/ihmisia-suviyossa\/","title":{"rendered":"Ihmisi\u00e4 suviy\u00f6ss\u00e4"},"content":{"rendered":"<blockquote>\n<p style=\"padding-left: 30px;\">Mit\u00e4\u00e4n suviy\u00f6t\u00e4 pohjolassa tuskin onkaan; on vain viipyv\u00e4, viipyess\u00e4\u00e4n hiukan himmenev\u00e4 ehtoo, mutta siin\u00e4 himmeydess\u00e4\u00e4nkin on tuo sanalla sanomaton kirkastuksensa. Se on suviaamun aavistus, joka l\u00e4henee.<br \/>\n<em><span style=\"color: #808080;\">F. E. Sillanp\u00e4\u00e4, Ihmisi\u00e4 suviy\u00f6ss\u00e4<\/span><\/em><\/p>\n<\/blockquote>\n<p><span style=\"color: #000000;\">Pitk\u00e4n y\u00f6unen j\u00e4lkeen hieno aamu,\u00a0aurinkoa, kuruissa k\u00e4vely\u00e4, korvasienien etsimist\u00e4 (l\u00f6ydettiinkin, v\u00e4h\u00e4n tosin), itikatonta aurinkoa, nuoremman nuorenparin kanssa Kuukkeli-kaupassa, saunan l\u00e4mmityst\u00e4 ja ruoanlaittoa yhdess\u00e4, puron\u00a0rannalla\u00a0oloa, kuvaamista,\u00a0notskilla my\u00f6h\u00e4inen lounas, vanhempi nuoriparikin tuli &#8211; iloksemme. Rauhallinen illallinen &#8211; maistuihan se.\u00a0Pian alkanee peli-ilta. <\/span><\/p>\n<p><span style=\"color: #000000;\">Meill\u00e4 on t\u00e4\u00e4ll\u00e4 nuoret, Lapin luonto ja loma.\u00a0<\/span><\/p>\n<p><span style=\"color: #000000;\">Ei meilt\u00e4 mit\u00e4\u00e4n puutu.<\/span><\/p>\n","protected":false},"excerpt":{"rendered":"<p>Mit\u00e4\u00e4n suviy\u00f6t\u00e4 pohjolassa tuskin onkaan; on vain viipyv\u00e4, viipyess\u00e4\u00e4n hiukan himmenev\u00e4 ehtoo, mutta siin\u00e4 himmeydess\u00e4\u00e4nkin on tuo sanalla sanomaton kirkastuksensa. Se on suviaamun aavistus, joka l\u00e4henee. F. E. Sillanp\u00e4\u00e4, Ihmisi\u00e4 suviy\u00f6ss\u00e4 Pitk\u00e4n y\u00f6unen j\u00e4lkeen hieno aamu,\u00a0aurinkoa, kuruissa k\u00e4vely\u00e4, korvasienien etsimist\u00e4 (l\u00f6ydettiinkin, v\u00e4h\u00e4n tosin), itikatonta aurinkoa, nuoremman nuorenparin kanssa Kuukkeli-kaupassa, saunan l\u00e4mmityst\u00e4 ja ruoanlaittoa yhdess\u00e4, puron\u00a0rannalla\u00a0oloa, kuvaamista,\u00a0notskilla my\u00f6h\u00e4inen lounas, vanhempi nuoriparikin &hellip; <\/p>\n","protected":false},"author":1,"featured_media":0,"comment_status":"open","ping_status":"open","sticky":false,"template":"","format":"standard","meta":{"jetpack_post_was_ever_published":false,"_jetpack_newsletter_access":"","_jetpack_dont_email_post_to_subs":false,"_jetpack_newsletter_tier_id":0,"_jetpack_memberships_contains_paywalled_content":false,"_jetpack_memberships_contains_paid_content":false,"footnotes":"","jetpack_publicize_message":"","jetpack_publicize_feature_enabled":true,"jetpack_social_post_already_shared":false,"jetpack_social_options":{"image_generator_settings":{"template":"highway","default_image_id":0,"font":"","enabled":false},"version":2}},"categories":[15],"tags":[],"class_list":["post-7593","post","type-post","status-publish","format-standard","hentry","category-lappi","latest_post"],"jetpack_publicize_connections":[],"jetpack_featured_media_url":"","jetpack_shortlink":"https:\/\/wp.me\/pr4p4-1Yt","jetpack_sharing_enabled":true,"jetpack_likes_enabled":false,"jetpack-related-posts":[{"id":7539,"url":"https:\/\/www.satokangas.fi\/blogi\/2010\/06\/maahengen-puutetta\/","url_meta":{"origin":7593,"position":0},"title":"Maahengen puutetta","author":"Reija","date":"17.6.2010","format":false,"excerpt":"Suomalaisen talonpojan perikuvana on pidetty Runebergin luomaa Saarij\u00e4rven Paavoa, joka oli ahkera, pyyteet\u00f6n ja Jumalaa pelk\u00e4\u00e4v\u00e4. My\u00f6s Sakari Topeliuksen maailmankuvassa ja sit\u00e4 kautta suomalaisille v\u00e4littyneess\u00e4 kirjallisessa kuvassa talonpoikaisen rahvaan luottamus esivaltaan ja Jumalaan oli ominaista. Kirjallisuuden kuvaa suomalaisesta talonpojasta maahengen el\u00e4hdytt\u00e4m\u00e4n\u00e4, ahkerana ja rehellisen\u00e4 miehen\u00e4 jatkoi Santeri Alkio 1890-luvulle sijoittamassa\u2026","rel":"","context":"Kategoriassa &quot;Luettua&quot;","block_context":{"text":"Luettua","link":"https:\/\/www.satokangas.fi\/blogi\/category\/luettua\/"},"img":{"alt_text":"","src":"","width":0,"height":0},"classes":[]},{"id":25163,"url":"https:\/\/www.satokangas.fi\/blogi\/2015\/07\/jotain-elamaa-suurempaa\/","url_meta":{"origin":7593,"position":1},"title":"Jotain el\u00e4m\u00e4\u00e4 suurempaa","author":"Reija","date":"10.7.2015","format":false,"excerpt":"T\u00e4n\u00e4 viile\u00e4hk\u00f6n\u00e4 hein\u00e4kuun perjantaina olen saanut kaikenmoista aikaiseksi ja taitaa vallan\u00a0erinomainen p\u00e4iv\u00e4lllinen, jonka valmistamiseen my\u00f6s Pehtoori ja Mini\u00e4 osallistuivat, olla\u00a0laajemmaltikin\u00a0kiinnostusta her\u00e4tt\u00e4v\u00e4. Postailen reseptiikkaa t\u00e4ss\u00e4 joku p\u00e4iv\u00e4, my\u00f6s perjantai-illan punaviini ansainnee joskus jokusen mainesanan. El\u00e4m\u00e4\u00e4 suurempaa on kuitenkin ollut se tunne, jonka koin, kun vauva, pienen tovin vatsakipujaan kitisty\u00e4\u00e4n, oli syliss\u00e4ni,\u2026","rel":"","context":"Kategoriassa &quot;Isovanhemmuus&quot;","block_context":{"text":"Isovanhemmuus","link":"https:\/\/www.satokangas.fi\/blogi\/category\/isovanhemmuus\/"},"img":{"alt_text":"Tahvo syliss\u00e4","src":"https:\/\/i0.wp.com\/www.satokangas.fi\/blogi\/wp-content\/uploads\/2015\/07\/Tahvo-syliss%C3%A4-600x376.jpg?resize=350%2C200&ssl=1","width":350,"height":200,"srcset":"https:\/\/i0.wp.com\/www.satokangas.fi\/blogi\/wp-content\/uploads\/2015\/07\/Tahvo-syliss%C3%A4-600x376.jpg?resize=350%2C200&ssl=1 1x, https:\/\/i0.wp.com\/www.satokangas.fi\/blogi\/wp-content\/uploads\/2015\/07\/Tahvo-syliss%C3%A4-600x376.jpg?resize=525%2C300&ssl=1 1.5x"},"classes":[]},{"id":40963,"url":"https:\/\/www.satokangas.fi\/blogi\/2021\/06\/tankavaarassa-paivaretkella\/","url_meta":{"origin":7593,"position":2},"title":"Tankavaarassa p\u00e4iv\u00e4retkell\u00e4","author":"Reija","date":"8.6.2021","format":false,"excerpt":"Riekko, kyy (ei ikin\u00e4 ennen t\u00e4\u00e4ll\u00e4!!!), tammukka. Ja paljon muuta. Kuvien \"teko\" edelleen v\u00e4h\u00e4n vaivalloista, ehk\u00e4 kotona palaan asiaan. Levollinen aamiainen, ja t\u00e4n\u00e4\u00e4n min\u00e4 wanderfuhrerin\u00e4 vein pienen retkueemme kohti Lapin sodan tuliasemia, korsuja, vankileirien seutuja. Jotta sellainen leppoisa kes\u00e4p\u00e4iv\u00e4n retki meill\u00e4. :)\u00a0 Noh, Pikku Tankavaaran karu historia ei luonnossa paljon\u2026","rel":"","context":"Kategoriassa &quot;Lappi&quot;","block_context":{"text":"Lappi","link":"https:\/\/www.satokangas.fi\/blogi\/category\/lappi\/"},"img":{"alt_text":"","src":"https:\/\/i0.wp.com\/www.satokangas.fi\/blogi\/wp-content\/uploads\/2021\/06\/Tankavaara-2.jpg?resize=350%2C200&ssl=1","width":350,"height":200,"srcset":"https:\/\/i0.wp.com\/www.satokangas.fi\/blogi\/wp-content\/uploads\/2021\/06\/Tankavaara-2.jpg?resize=350%2C200&ssl=1 1x, https:\/\/i0.wp.com\/www.satokangas.fi\/blogi\/wp-content\/uploads\/2021\/06\/Tankavaara-2.jpg?resize=525%2C300&ssl=1 1.5x, https:\/\/i0.wp.com\/www.satokangas.fi\/blogi\/wp-content\/uploads\/2021\/06\/Tankavaara-2.jpg?resize=700%2C400&ssl=1 2x, https:\/\/i0.wp.com\/www.satokangas.fi\/blogi\/wp-content\/uploads\/2021\/06\/Tankavaara-2.jpg?resize=1050%2C600&ssl=1 3x, https:\/\/i0.wp.com\/www.satokangas.fi\/blogi\/wp-content\/uploads\/2021\/06\/Tankavaara-2.jpg?resize=1400%2C800&ssl=1 4x"},"classes":[]},{"id":18443,"url":"https:\/\/www.satokangas.fi\/blogi\/2013\/08\/rovavaaara-huiputettu\/","url_meta":{"origin":7593,"position":3},"title":"Rovavaara huiputettu!","author":"Reija","date":"17.8.2013","format":false,"excerpt":"Kangassieni\u00e4, tatteja, puolukoita, mustikoita. Koivuissa jo keltaisia lehti\u00e4. Hangasojassa pikkukalat pyr\u00e4ht\u00e4v\u00e4t uimaan kun haen vett\u00e4 saunalle. Ilma enemm\u00e4n kuin sopiva ulkoiluun. Aurinkoa, tuulta. Ja maisemia. Tuntureita, vaaroja. Puroja, hetteit\u00e4, ylv\u00e4it\u00e4 jokin\u00e4kymi\u00e4, kauniisti heijastavia lampia. Tuulisia j\u00e4rvenselki\u00e4. N\u00e4imme salamaniskunj\u00e4ljet Rovavaaran huipulla. Ja muistinhan sanoa, ett\u00e4 aurinkoa. Kertoisin vaikka kuinka paljon kuulumisia\u2026","rel":"","context":"Kategoriassa &quot;Lappi&quot;","block_context":{"text":"Lappi","link":"https:\/\/www.satokangas.fi\/blogi\/category\/lappi\/"},"img":{"alt_text":"Patikoimassa-25","src":"https:\/\/i0.wp.com\/www.satokangas.fi\/blogi\/wp-content\/uploads\/2013\/08\/Patikoimassa-25-600x370.jpg?resize=350%2C200&ssl=1","width":350,"height":200,"srcset":"https:\/\/i0.wp.com\/www.satokangas.fi\/blogi\/wp-content\/uploads\/2013\/08\/Patikoimassa-25-600x370.jpg?resize=350%2C200&ssl=1 1x, https:\/\/i0.wp.com\/www.satokangas.fi\/blogi\/wp-content\/uploads\/2013\/08\/Patikoimassa-25-600x370.jpg?resize=525%2C300&ssl=1 1.5x"},"classes":[]},{"id":22273,"url":"https:\/\/www.satokangas.fi\/blogi\/2014\/08\/tattimetsassa\/","url_meta":{"origin":7593,"position":4},"title":"Tattimets\u00e4ss\u00e4","author":"Reija","date":"29.8.2014","format":false,"excerpt":"Minne k\u00e4\u00e4nn\u00e4nkin p\u00e4\u00e4n, siell\u00e4 tatteja n\u00e4\u00e4n! Punikkitatteja korikaupalla, kangastatteja, lehm\u00e4ntatteja, herkkutattejakin, ja sitten isoja haperoita, paljon ihania pieni\u00e4 kangashaperoita, keltahaperoita, muutama karvalaukku, haapa- ja kelta(lepp\u00e4?)rouskuja jokunen (ei ikin\u00e4 ennen n\u00e4ill\u00e4 leveysasteilla), kangasrouskuja ei edes poimittu (viel\u00e4 :) ). \u00a0Paras sienivuosi, mit\u00e4 t\u00e4\u00e4ll\u00e4 olen koskaan n\u00e4hnyt, kokenut. Puolelta p\u00e4ivin, kun sain\u2026","rel":"","context":"Kategoriassa &quot;Lappi&quot;","block_context":{"text":"Lappi","link":"https:\/\/www.satokangas.fi\/blogi\/category\/lappi\/"},"img":{"alt_text":"WP_20140829_12_10_14_Pro","src":"https:\/\/i0.wp.com\/www.satokangas.fi\/blogi\/wp-content\/uploads\/2014\/08\/WP_20140829_12_10_14_Pro-600x337.jpg?resize=350%2C200&ssl=1","width":350,"height":200,"srcset":"https:\/\/i0.wp.com\/www.satokangas.fi\/blogi\/wp-content\/uploads\/2014\/08\/WP_20140829_12_10_14_Pro-600x337.jpg?resize=350%2C200&ssl=1 1x, https:\/\/i0.wp.com\/www.satokangas.fi\/blogi\/wp-content\/uploads\/2014\/08\/WP_20140829_12_10_14_Pro-600x337.jpg?resize=525%2C300&ssl=1 1.5x"},"classes":[]},{"id":39357,"url":"https:\/\/www.satokangas.fi\/blogi\/2020\/09\/beaivi-aurinkoa-ja-terveytta\/","url_meta":{"origin":7593,"position":5},"title":"Beaivi &#8211; aurinkoa ja terveytt\u00e4","author":"Reija","date":"12.9.2020","format":false,"excerpt":"\"Beaivia\u00a0eli Aurinkoa on pidetty\u00a0saamelaisessa muinaisuskossa\u00a0jumaluutena. Sit\u00e4 on palveltu\u00a0poronhoidon\u00a0menestymiseksi ja sairastapauksissa. Sen kunniaksi sy\u00f6tiin my\u00f6s kev\u00e4ttalvella\u00a0uhriateria, aurinkopuuro.\" (Wikipedia) Eilen iltap\u00e4iv\u00e4ll\u00e4 tein m\u00f6kkipihaan beaivin, saamelaisten auringon symbolin. Pitk\u00e4\u00e4n se on ollut aikeissa, - eilen sille oli aika ja tarve. Idean taustalla on joskus vuosia, vuosia sitten Oulun Hietasaaressa Steiner-koulun pihalla n\u00e4kem\u00e4ss\u00e4ni t\u00e4hdess\u00e4.\u2026","rel":"","context":"Kategoriassa &quot;Lappi&quot;","block_context":{"text":"Lappi","link":"https:\/\/www.satokangas.fi\/blogi\/category\/lappi\/"},"img":{"alt_text":"","src":"https:\/\/i0.wp.com\/www.satokangas.fi\/blogi\/wp-content\/uploads\/2020\/09\/2-28.jpg?resize=350%2C200&ssl=1","width":350,"height":200,"srcset":"https:\/\/i0.wp.com\/www.satokangas.fi\/blogi\/wp-content\/uploads\/2020\/09\/2-28.jpg?resize=350%2C200&ssl=1 1x, https:\/\/i0.wp.com\/www.satokangas.fi\/blogi\/wp-content\/uploads\/2020\/09\/2-28.jpg?resize=525%2C300&ssl=1 1.5x, https:\/\/i0.wp.com\/www.satokangas.fi\/blogi\/wp-content\/uploads\/2020\/09\/2-28.jpg?resize=700%2C400&ssl=1 2x"},"classes":[]}],"_links":{"self":[{"href":"https:\/\/www.satokangas.fi\/blogi\/wp-json\/wp\/v2\/posts\/7593","targetHints":{"allow":["GET"]}}],"collection":[{"href":"https:\/\/www.satokangas.fi\/blogi\/wp-json\/wp\/v2\/posts"}],"about":[{"href":"https:\/\/www.satokangas.fi\/blogi\/wp-json\/wp\/v2\/types\/post"}],"author":[{"embeddable":true,"href":"https:\/\/www.satokangas.fi\/blogi\/wp-json\/wp\/v2\/users\/1"}],"replies":[{"embeddable":true,"href":"https:\/\/www.satokangas.fi\/blogi\/wp-json\/wp\/v2\/comments?post=7593"}],"version-history":[{"count":0,"href":"https:\/\/www.satokangas.fi\/blogi\/wp-json\/wp\/v2\/posts\/7593\/revisions"}],"wp:attachment":[{"href":"https:\/\/www.satokangas.fi\/blogi\/wp-json\/wp\/v2\/media?parent=7593"}],"wp:term":[{"taxonomy":"category","embeddable":true,"href":"https:\/\/www.satokangas.fi\/blogi\/wp-json\/wp\/v2\/categories?post=7593"},{"taxonomy":"post_tag","embeddable":true,"href":"https:\/\/www.satokangas.fi\/blogi\/wp-json\/wp\/v2\/tags?post=7593"}],"curies":[{"name":"wp","href":"https:\/\/api.w.org\/{rel}","templated":true}]}}