{"id":7590,"date":"2010-06-21T22:08:20","date_gmt":"2010-06-21T19:08:20","guid":{"rendered":"https:\/\/www.satokangas.fi\/blogi\/?p=7590"},"modified":"2010-06-21T22:08:20","modified_gmt":"2010-06-21T19:08:20","slug":"hyvia-uutisia-ja-jo-lahdon-tunnelmaa","status":"publish","type":"post","link":"https:\/\/www.satokangas.fi\/blogi\/2010\/06\/hyvia-uutisia-ja-jo-lahdon-tunnelmaa\/","title":{"rendered":"Hyvi\u00e4 uutisia ja jo l\u00e4hd\u00f6n tunnelmaa"},"content":{"rendered":"<p>Hieman hoppup\u00e4iv\u00e4. Ja helpotuksen p\u00e4iv\u00e4! Kummallista, miten huoli olikin iso. Tai onkos se nyt niin kummallista?<\/p>\n<p>Pienempi (paljon), iso asia on, ett\u00e4 minulla on lyhyempi tukka kuin vuosikausiin. Kevent\u00e4\u00e4, kuulemma. Hyv\u00e4, ett\u00e4 kevent\u00e4\u00e4. Mik\u00e4\u00e4n muu ei kevenn\u00e4k\u00e4\u00e4n. Muutoin olenkin t\u00e4n\u00e4 kev\u00e4\u00e4n\u00e4 h\u00e4vinnyt ikiaikaisen, jokavuotisen taisteluni kilojen kertymist\u00e4 vastaan kuus nolla! Yleens\u00e4 edes alkukes\u00e4st\u00e4 kukkamekko on tuntunut mukavalle. Nyt ei tunnu edes alkukes\u00e4st\u00e4. Ja loma ja herkuttelu alkaa vasta ylihuomenna!<\/p>\n<p>T\u00e4n\u00e4\u00e4nkin tosin herkuteltu. Kahden viikon p\u00e4\u00e4st\u00e4 ollaan Roomassa, ja niiss\u00e4 merkeiss\u00e4 t\u00e4n\u00e4\u00e4n mukava meeting, ja hieman herkuteltiin. Ainakin espanjalaiset mansikat olivat hyvi\u00e4. Oikeesti. Ja matkani onnistuneiden macaroonsien leipomiseksi on jo pitk\u00e4ll\u00e4. Kyll\u00e4 se t\u00e4st\u00e4.<\/p>\n<p>Ja t\u00e4m\u00e4nkin, tulevan matkan kanssa, n\u00e4iden matkaan l\u00e4htevien kanssa: pit\u00e4\u00e4 nauttia matkalla olosta, eik\u00e4 vain varrota perille p\u00e4\u00e4sy\u00e4. On mukava jo suunnitellla ja odottaa matkaa&#8230;<\/p>\n","protected":false},"excerpt":{"rendered":"<p>Hieman hoppup\u00e4iv\u00e4. Ja helpotuksen p\u00e4iv\u00e4! Kummallista, miten huoli olikin iso. Tai onkos se nyt niin kummallista? Pienempi (paljon), iso asia on, ett\u00e4 minulla on lyhyempi tukka kuin vuosikausiin. Kevent\u00e4\u00e4, kuulemma. Hyv\u00e4, ett\u00e4 kevent\u00e4\u00e4. Mik\u00e4\u00e4n muu ei kevenn\u00e4k\u00e4\u00e4n. Muutoin olenkin t\u00e4n\u00e4 kev\u00e4\u00e4n\u00e4 h\u00e4vinnyt ikiaikaisen, jokavuotisen taisteluni kilojen kertymist\u00e4 vastaan kuus nolla! Yleens\u00e4 edes alkukes\u00e4st\u00e4 kukkamekko on tuntunut mukavalle. Nyt ei tunnu &hellip; <\/p>\n","protected":false},"author":1,"featured_media":0,"comment_status":"open","ping_status":"open","sticky":false,"template":"","format":"standard","meta":{"jetpack_post_was_ever_published":false,"_jetpack_newsletter_access":"","_jetpack_dont_email_post_to_subs":false,"_jetpack_newsletter_tier_id":0,"_jetpack_memberships_contains_paywalled_content":false,"_jetpack_memberships_contains_paid_content":false,"footnotes":"","jetpack_publicize_message":"","jetpack_publicize_feature_enabled":true,"jetpack_social_post_already_shared":false,"jetpack_social_options":{"image_generator_settings":{"template":"highway","default_image_id":0,"font":"","enabled":false},"version":2}},"categories":[1],"tags":[],"class_list":["post-7590","post","type-post","status-publish","format-standard","hentry","category-aiheeton","latest_post"],"jetpack_publicize_connections":[],"jetpack_featured_media_url":"","jetpack_shortlink":"https:\/\/wp.me\/pr4p4-1Yq","jetpack_sharing_enabled":true,"jetpack_likes_enabled":false,"jetpack-related-posts":[{"id":18454,"url":"https:\/\/www.satokangas.fi\/blogi\/2013\/08\/elokuinen-lappi-suosittelen\/","url_meta":{"origin":7590,"position":0},"title":"Elokuinen Lappi &#8211; suosittelen","author":"Reija","date":"18.8.2013","format":false,"excerpt":"M\u00f6kkiterassilla, parin tunnin sieniretken j\u00e4lkeen, mietin, kuinka on kummallista, ett\u00e4 t\u00e4t\u00e4 Lapin loppukes\u00e4n leppoisaa, rehev\u00e4\u00e4, t\u00e4ytel\u00e4ist\u00e4 maisemaa ja luontoa ei ole onnistuttu mill\u00e4\u00e4n muotoa markkinoimaan, tekem\u00e4\u00e4n tiett\u00e4v\u00e4ksi kotimaan matkailua, edes Lapin matkailua, harrastaville suomalaisille saatikka ulkomaalaisille. Miksei t\u00e4nne j\u00e4rjestet\u00e4 ohjattuja patikointilomia? Suomi on liian kallis maa matkailijoille? Ehk\u00e4p\u00e4 siksi. \u00a0No\u2026","rel":"","context":"Kategoriassa &quot;Lappi&quot;","block_context":{"text":"Lappi","link":"https:\/\/www.satokangas.fi\/blogi\/category\/lappi\/"},"img":{"alt_text":"Hangasojan elokuu-3","src":"https:\/\/i0.wp.com\/www.satokangas.fi\/blogi\/wp-content\/uploads\/2013\/08\/Hangasojan-elokuu-3-600x400.jpg?resize=350%2C200&ssl=1","width":350,"height":200,"srcset":"https:\/\/i0.wp.com\/www.satokangas.fi\/blogi\/wp-content\/uploads\/2013\/08\/Hangasojan-elokuu-3-600x400.jpg?resize=350%2C200&ssl=1 1x, https:\/\/i0.wp.com\/www.satokangas.fi\/blogi\/wp-content\/uploads\/2013\/08\/Hangasojan-elokuu-3-600x400.jpg?resize=525%2C300&ssl=1 1.5x"},"classes":[]},{"id":2753,"url":"https:\/\/www.satokangas.fi\/blogi\/2009\/03\/back-to-school\/","url_meta":{"origin":7590,"position":1},"title":"Back to school!","author":"Reija","date":"9.3.2009","format":false,"excerpt":"Ty\u00f6 on ihmiselle hyv\u00e4ksi. Ainakin minulle. Ja hyv\u00e4ksi on sekin, ett\u00e4 loman j\u00e4lkeen t\u00f6ihin menty\u00e4 joku sanoo, \"hyv\u00e4 ett\u00e4 oot jo t\u00e4\u00e4ll\u00e4. Tarvin sua.\" Iso osa p\u00e4iv\u00e4st\u00e4 kulunut (ja jatkuu viel\u00e4 pitk\u00e4\u00e4n) luentosarjan harjoitust\u00f6it\u00e4, esseit\u00e4 ja hakemuksia lukiessa ja arvostellessa. V\u00e4lill\u00e4 ei tied\u00e4 itke\u00e4k\u00f6 vaiko nauraa. Suunnilleen joka ikinen opiskelija\u2026","rel":"","context":"Kategoriassa &quot;Yliopistoel\u00e4m\u00e4\u00e4&quot;","block_context":{"text":"Yliopistoel\u00e4m\u00e4\u00e4","link":"https:\/\/www.satokangas.fi\/blogi\/category\/yliopistoelamaa\/"},"img":{"alt_text":"","src":"","width":0,"height":0},"classes":[]},{"id":45126,"url":"https:\/\/www.satokangas.fi\/blogi\/2023\/03\/kestiystavyys-vuodesta-toiseen\/","url_meta":{"origin":7590,"position":2},"title":"Kestiyst\u00e4vyys &#8211; vuodesta toiseen","author":"Reija","date":"24.3.2023","format":false,"excerpt":"Kestiyst\u00e4vyys. Kuulin sanan ehk\u00e4 ensimm\u00e4ist\u00e4 kertaa joskus opiskeluaikanani latinan lehtorin, sittemmin kollegan ja tavallaan my\u00f6s kestiyst\u00e4v\u00e4n, sanomana. Kysyin jo silloin, mit\u00e4 h\u00e4n sill\u00e4 tarkoittaa? - Ett\u00e4 pidet\u00e4\u00e4n yhteisi\u00e4 kestej\u00e4, toinen toistemme luona. Kestien j\u00e4rjest\u00e4misen syy voi olla mik\u00e4 hyv\u00e4ns\u00e4. Yleens\u00e4 kuulemma ihan yksinkertaisesti \"vain\" yst\u00e4vyys. T\u00e4n\u00e4\u00e4n me olemme nauttineet kestiyst\u00e4vyydest\u00e4.\u2026","rel":"","context":"Kategoriassa &quot;Ruoka ja viini&quot;","block_context":{"text":"Ruoka ja viini","link":"https:\/\/www.satokangas.fi\/blogi\/category\/ruoka_ja_viini\/"},"img":{"alt_text":"","src":"https:\/\/i0.wp.com\/www.satokangas.fi\/blogi\/wp-content\/uploads\/2023\/03\/kestiystavyys-4.jpg?resize=350%2C200&ssl=1","width":350,"height":200,"srcset":"https:\/\/i0.wp.com\/www.satokangas.fi\/blogi\/wp-content\/uploads\/2023\/03\/kestiystavyys-4.jpg?resize=350%2C200&ssl=1 1x, https:\/\/i0.wp.com\/www.satokangas.fi\/blogi\/wp-content\/uploads\/2023\/03\/kestiystavyys-4.jpg?resize=525%2C300&ssl=1 1.5x, https:\/\/i0.wp.com\/www.satokangas.fi\/blogi\/wp-content\/uploads\/2023\/03\/kestiystavyys-4.jpg?resize=700%2C400&ssl=1 2x"},"classes":[]},{"id":3404,"url":"https:\/\/www.satokangas.fi\/blogi\/2009\/05\/helsinki-uusin-silmin\/","url_meta":{"origin":7590,"position":3},"title":"Helsinki uusin silmin","author":"Reija","date":"27.5.2009","format":false,"excerpt":"Keskiviikkoko t\u00e4n\u00e4\u00e4n on? Hieman ep\u00e4todellinen olo on ollut koko p\u00e4iv\u00e4n. Tuntui v\u00e4lill\u00e4 ett\u00e4 unimaailma jatkui p\u00e4iv\u00e4ll\u00e4kin. Helsinki ja sen historiallinen keskusta on minulle muka hyvinkin tuttu, mutta kolmen tunnin k\u00e4vely taidehistorian lehtorin johdolla, opetti paljon uutta. Vanhasta uutta. S\u00e4\u00e4kin suosi viime metreille asti; vasta puolelta p\u00e4ivin alkoi sataa. No se\u2026","rel":"","context":"Kategoriassa \"Ars longa\"","block_context":{"text":"Ars longa","link":"https:\/\/www.satokangas.fi\/blogi\/tag\/ars-longa\/"},"img":{"alt_text":"","src":"","width":0,"height":0},"classes":[]},{"id":39963,"url":"https:\/\/www.satokangas.fi\/blogi\/2020\/12\/nelja-yota-jouluun-on\/","url_meta":{"origin":7590,"position":4},"title":"Nelj\u00e4 y\u00f6t\u00e4 jouluun on &#8230;","author":"Reija","date":"20.12.2020","format":false,"excerpt":"Sataa, sataa ropisee --\u00a0\u00a0\u00a0 Ja sis\u00e4ll\u00e4 tuoksuu kaaliruoka.\u00a0Syksyk\u00f6 se onkin? On viel\u00e4 pime\u00e4mp\u00e4\u00e4 kuin syksyll\u00e4, paljon pime\u00e4mp\u00e4\u00e4 kuin kaamosaikaan Lapissa. On m\u00e4rk\u00e4\u00e4, harmaata, sumuista. Mutta kaikesta huolimatta pitk\u00e4 lenkki t\u00e4n\u00e4\u00e4n (kiitetty olkoot Ice Bugit!) ja sitten iloakin yllin kyllin. Tulihan tyt\u00e4r illansuussa kotikotiin jouluksi. N\u00e4in hyviss\u00e4 ajoin ennen joulua. Muistanpa\u2026","rel":"","context":"Kategoriassa &quot;Joulu&quot;","block_context":{"text":"Joulu","link":"https:\/\/www.satokangas.fi\/blogi\/category\/joulu\/"},"img":{"alt_text":"","src":"https:\/\/i0.wp.com\/www.satokangas.fi\/blogi\/wp-content\/uploads\/2020\/12\/jouluruusut.jpg?resize=350%2C200&ssl=1","width":350,"height":200,"srcset":"https:\/\/i0.wp.com\/www.satokangas.fi\/blogi\/wp-content\/uploads\/2020\/12\/jouluruusut.jpg?resize=350%2C200&ssl=1 1x, https:\/\/i0.wp.com\/www.satokangas.fi\/blogi\/wp-content\/uploads\/2020\/12\/jouluruusut.jpg?resize=525%2C300&ssl=1 1.5x, https:\/\/i0.wp.com\/www.satokangas.fi\/blogi\/wp-content\/uploads\/2020\/12\/jouluruusut.jpg?resize=700%2C400&ssl=1 2x"},"classes":[]},{"id":34056,"url":"https:\/\/www.satokangas.fi\/blogi\/2018\/05\/34056\/","url_meta":{"origin":7590,"position":5},"title":"Kamerahommia","author":"Reija","date":"23.5.2018","format":false,"excerpt":"T\u00e4n\u00e4\u00e4n on ollut j\u00e4nn\u00e4 p\u00e4iv\u00e4. Ensimm\u00e4iset \"viralliset\" yo-kuvat olen saanut ottaa. Aamulla rakentelin studion olohuoneeseen, otin muutamia tuotekuvia ihan harjoitellakseni lamppujen k\u00e4ytt\u00f6\u00e4, ja sitten Pehtoori on saanut olla koekaniinina t\u00e4n\u00e4\u00e4n sis\u00e4ll\u00e4 ja edelt\u00e4v\u00e4n\u00e4 p\u00e4iv\u00e4n\u00e4 ulkona. Iltap\u00e4iv\u00e4ll\u00e4 komea ja pitk\u00e4nhuiskea ylioppilas sitten tuli kuvaussessioon. Kuten opetettu on, minulla oli oikein \"k\u00e4sikirjoitus\"\u2026","rel":"","context":"Kategoriassa &quot;Muistikuvia&quot;","block_context":{"text":"Muistikuvia","link":"https:\/\/www.satokangas.fi\/blogi\/category\/muistikuvia\/"},"img":{"alt_text":"","src":"https:\/\/i0.wp.com\/www.satokangas.fi\/blogi\/wp-content\/uploads\/2018\/05\/kotipihalla.jpg?resize=350%2C200&ssl=1","width":350,"height":200,"srcset":"https:\/\/i0.wp.com\/www.satokangas.fi\/blogi\/wp-content\/uploads\/2018\/05\/kotipihalla.jpg?resize=350%2C200&ssl=1 1x, https:\/\/i0.wp.com\/www.satokangas.fi\/blogi\/wp-content\/uploads\/2018\/05\/kotipihalla.jpg?resize=525%2C300&ssl=1 1.5x"},"classes":[]}],"_links":{"self":[{"href":"https:\/\/www.satokangas.fi\/blogi\/wp-json\/wp\/v2\/posts\/7590","targetHints":{"allow":["GET"]}}],"collection":[{"href":"https:\/\/www.satokangas.fi\/blogi\/wp-json\/wp\/v2\/posts"}],"about":[{"href":"https:\/\/www.satokangas.fi\/blogi\/wp-json\/wp\/v2\/types\/post"}],"author":[{"embeddable":true,"href":"https:\/\/www.satokangas.fi\/blogi\/wp-json\/wp\/v2\/users\/1"}],"replies":[{"embeddable":true,"href":"https:\/\/www.satokangas.fi\/blogi\/wp-json\/wp\/v2\/comments?post=7590"}],"version-history":[{"count":0,"href":"https:\/\/www.satokangas.fi\/blogi\/wp-json\/wp\/v2\/posts\/7590\/revisions"}],"wp:attachment":[{"href":"https:\/\/www.satokangas.fi\/blogi\/wp-json\/wp\/v2\/media?parent=7590"}],"wp:term":[{"taxonomy":"category","embeddable":true,"href":"https:\/\/www.satokangas.fi\/blogi\/wp-json\/wp\/v2\/categories?post=7590"},{"taxonomy":"post_tag","embeddable":true,"href":"https:\/\/www.satokangas.fi\/blogi\/wp-json\/wp\/v2\/tags?post=7590"}],"curies":[{"name":"wp","href":"https:\/\/api.w.org\/{rel}","templated":true}]}}