{"id":7032,"date":"2010-05-03T20:17:23","date_gmt":"2010-05-03T17:17:23","guid":{"rendered":"https:\/\/www.satokangas.fi\/blogi\/?p=7032"},"modified":"2010-05-03T22:08:53","modified_gmt":"2010-05-03T19:08:53","slug":"toiseva-toukokuu-tulossa","status":"publish","type":"post","link":"https:\/\/www.satokangas.fi\/blogi\/2010\/05\/toiseva-toukokuu-tulossa\/","title":{"rendered":"T\u00f6isev\u00e4 toukokuu tulossa"},"content":{"rendered":"<p>On kovin kylm\u00e4\u00e4. Y\u00f6ksi lupasi viel\u00e4 pakkastakin. Yleens\u00e4 olen vapulta aloittanut rullaluistelun. Nyt ei tulisi pieneen mieleenk\u00e4\u00e4n moinen.<\/p>\n<p>Yleens\u00e4 vapulta ty\u00f6tahti hidastuu, tai ainakin opetus v\u00e4henee, tutkimus lis\u00e4\u00e4ntyy. Ei silt\u00e4k\u00e4\u00e4n osin pid\u00e4 t\u00e4n\u00e4 vuonna paikkaansa. Opetusta riitt\u00e4\u00e4: tiedossa kandiseminaaria joka maanantai\u00a0 ja jatkotutkijaseminaaria yksi pitk\u00e4 lauantai. Tenttisuma tietysti.<\/p>\n<p>Aiemman lis\u00e4ksi olen t\u00e4n\u00e4 vuonna mukana aineenopettajakoulutukseen valittavien haastatteluissa, joihin kuluu hyvinkin muutamia p\u00e4ivi\u00e4. Sitten on viel\u00e4 p\u00e4\u00e4sykokeet: t\u00e4n\u00e4\u00e4n tuli luettelo hakijoista. Hiukan yli 300 hakijaa! Onhan siin\u00e4 lukemista &#8211; 300 vastausta. \u00a0Jotta sellainen toukokuu tiedossa.<\/p>\n<p>Ylenpalttisen duunaamiseen lis\u00e4ksi on tulossa my\u00f6s iltamenoja. Valokuvauskurssi loppuu, mutta ruoka-viini-harrastuksen merkeiss\u00e4 kaikenlaista h\u00e4ppeninki\u00e4 tiedossa. Eip\u00e4h\u00e4n k\u00e4y aika pitk\u00e4ksi. \ud83d\ude42<\/p>\n","protected":false},"excerpt":{"rendered":"<p>On kovin kylm\u00e4\u00e4. Y\u00f6ksi lupasi viel\u00e4 pakkastakin. Yleens\u00e4 olen vapulta aloittanut rullaluistelun. Nyt ei tulisi pieneen mieleenk\u00e4\u00e4n moinen. Yleens\u00e4 vapulta ty\u00f6tahti hidastuu, tai ainakin opetus v\u00e4henee, tutkimus lis\u00e4\u00e4ntyy. Ei silt\u00e4k\u00e4\u00e4n osin pid\u00e4 t\u00e4n\u00e4 vuonna paikkaansa. Opetusta riitt\u00e4\u00e4: tiedossa kandiseminaaria joka maanantai\u00a0 ja jatkotutkijaseminaaria yksi pitk\u00e4 lauantai. Tenttisuma tietysti. Aiemman lis\u00e4ksi olen t\u00e4n\u00e4 vuonna mukana aineenopettajakoulutukseen valittavien haastatteluissa, joihin kuluu hyvinkin &hellip; <\/p>\n","protected":false},"author":1,"featured_media":0,"comment_status":"open","ping_status":"open","sticky":false,"template":"","format":"standard","meta":{"jetpack_post_was_ever_published":false,"_jetpack_newsletter_access":"","_jetpack_dont_email_post_to_subs":false,"_jetpack_newsletter_tier_id":0,"_jetpack_memberships_contains_paywalled_content":false,"_jetpack_memberships_contains_paid_content":false,"footnotes":"","jetpack_publicize_message":"","jetpack_publicize_feature_enabled":true,"jetpack_social_post_already_shared":false,"jetpack_social_options":{"image_generator_settings":{"template":"highway","default_image_id":0,"font":"","enabled":false},"version":2}},"categories":[1],"tags":[],"class_list":["post-7032","post","type-post","status-publish","format-standard","hentry","category-aiheeton","latest_post"],"jetpack_publicize_connections":[],"jetpack_featured_media_url":"","jetpack_shortlink":"https:\/\/wp.me\/pr4p4-1Pq","jetpack_sharing_enabled":true,"jetpack_likes_enabled":false,"jetpack-related-posts":[{"id":21302,"url":"https:\/\/www.satokangas.fi\/blogi\/2014\/06\/valintaprosessista-kiinnostuneille\/","url_meta":{"origin":7032,"position":0},"title":"Valintaprosessista kiinnostuneille","author":"Reija","date":"2.6.2014","format":false,"excerpt":"Professorin valinta etenee. T\u00e4n\u00e4\u00e4n oli vuorossa opetusn\u00e4ytteet. Syksyll\u00e4 auki pistettyyn virkaan tuli 16 hakijaa, joista yksi vet\u00e4ytyi aika pian. Sen j\u00e4lkeen tiedekunnan oma valintatoimikunta (dekaani, koulutusdekaani, kaksi professoria ja opiskelijaj\u00e4sen) valitsi kolmij\u00e4senisen (professoreista koostuvan) asiantuntijaporukan, joista kell\u00e4\u00e4n ei saanut olla kytk\u00f6ksi\u00e4 kenenk\u00e4\u00e4n hakijan kanssa, mik\u00e4 on Suomen kokoisessa historian tiedeyhteis\u00f6ss\u00e4\u2026","rel":"","context":"Kategoriassa &quot;Yliopistoel\u00e4m\u00e4\u00e4&quot;","block_context":{"text":"Yliopistoel\u00e4m\u00e4\u00e4","link":"https:\/\/www.satokangas.fi\/blogi\/category\/yliopistoelamaa\/"},"img":{"alt_text":"WP_20140602_11_31_07_Pro","src":"https:\/\/i0.wp.com\/www.satokangas.fi\/blogi\/wp-content\/uploads\/2014\/06\/WP_20140602_11_31_07_Pro-600x337.jpg?resize=350%2C200&ssl=1","width":350,"height":200,"srcset":"https:\/\/i0.wp.com\/www.satokangas.fi\/blogi\/wp-content\/uploads\/2014\/06\/WP_20140602_11_31_07_Pro-600x337.jpg?resize=350%2C200&ssl=1 1x, https:\/\/i0.wp.com\/www.satokangas.fi\/blogi\/wp-content\/uploads\/2014\/06\/WP_20140602_11_31_07_Pro-600x337.jpg?resize=525%2C300&ssl=1 1.5x"},"classes":[]},{"id":18949,"url":"https:\/\/www.satokangas.fi\/blogi\/2013\/10\/viranhakuprosessi-etenee\/","url_meta":{"origin":7032,"position":1},"title":"Viranhakuprosessi etenee","author":"Reija","date":"7.10.2013","format":false,"excerpt":"T\u00e4n\u00e4\u00e4n p\u00e4\u00e4ttyi hakuaika professuuriin. Oppiaineessa toivoimme runsasta hakua, arvelimme, ett\u00e4 tusinan verran olisi hakijoita, ja (hieman ep\u00e4virallisen tiedon mukaan) t\u00e4n\u00e4\u00e4n klo 15 hakuajan umpeuduttua hakijoiden m\u00e4\u00e4r\u00e4 oli 15. Aika hyvin. Eik\u00e4 ollut v\u00e4h\u00e4inen se kollegojen m\u00e4\u00e4r\u00e4, joka t\u00e4n\u00e4\u00e4n hakemuksiaan viimeisteli. Suunnilleen joka toisesta huoneesta k\u00e4yt\u00e4v\u00e4mme varrelta on Suomen ja Pohjois-Euroopan\u2026","rel":"","context":"Kategoriassa &quot;Yliopistoel\u00e4m\u00e4\u00e4&quot;","block_context":{"text":"Yliopistoel\u00e4m\u00e4\u00e4","link":"https:\/\/www.satokangas.fi\/blogi\/category\/yliopistoelamaa\/"},"img":{"alt_text":"historiatieteet","src":"https:\/\/i0.wp.com\/www.satokangas.fi\/blogi\/wp-content\/uploads\/2013\/10\/historiatieteet-266x400.jpg?resize=350%2C200&ssl=1","width":350,"height":200},"classes":[]},{"id":45430,"url":"https:\/\/www.satokangas.fi\/blogi\/2023\/05\/sumua-ja-muistoja\/","url_meta":{"origin":7032,"position":2},"title":"Sumua ja muistoja","author":"Reija","date":"1.5.2023","format":false,"excerpt":"Wappup\u00e4iv\u00e4n aamuna hyv\u00e4 vire l\u00e4hte\u00e4 kuvailemaan - semminkin kun oli ihan huippuhieno usva koko kaupungin yll\u00e4. Melkein maaginen tunnelma. Kummasti viihdyin hiljaisessa kaupungissa, - menneit\u00e4 vapppuja muistikuvissa. Ja taas: on hyv\u00e4 el\u00e4m\u00e4nvaihe nyt. Linnansaaressa (Oulun perinteinen vappupiknikin kokoontumispaikka) ei ollut kuin muutama \"ruokakunta\". Ja Teekkaritorvet. Ilo oli se! Vappup\u00e4iv\u00e4n (joskus\u2026","rel":"","context":"Kategoriassa &quot;Niit\u00e4 n\u00e4it\u00e4&quot;","block_context":{"text":"Niit\u00e4 n\u00e4it\u00e4","link":"https:\/\/www.satokangas.fi\/blogi\/category\/aiheeton\/"},"img":{"alt_text":"","src":"https:\/\/i0.wp.com\/www.satokangas.fi\/blogi\/wp-content\/uploads\/2023\/05\/vappuviikonloppu-17.jpg?resize=350%2C200&ssl=1","width":350,"height":200,"srcset":"https:\/\/i0.wp.com\/www.satokangas.fi\/blogi\/wp-content\/uploads\/2023\/05\/vappuviikonloppu-17.jpg?resize=350%2C200&ssl=1 1x, https:\/\/i0.wp.com\/www.satokangas.fi\/blogi\/wp-content\/uploads\/2023\/05\/vappuviikonloppu-17.jpg?resize=525%2C300&ssl=1 1.5x, https:\/\/i0.wp.com\/www.satokangas.fi\/blogi\/wp-content\/uploads\/2023\/05\/vappuviikonloppu-17.jpg?resize=700%2C400&ssl=1 2x"},"classes":[]},{"id":16151,"url":"https:\/\/www.satokangas.fi\/blogi\/2013\/01\/uusia-ja-vanhoja-kuvia-umbrian-kuukausi-kuvina\/","url_meta":{"origin":7032,"position":3},"title":"Uusia ja vanhoja kuvia: Umbrian kuukausi kuvina","author":"Reija","date":"1.1.2013","format":false,"excerpt":"Olenpas vastoin tapojani tehnyt yhden uuden uudenvuodenlupauksen. Teen kuvakirjan t\u00e4st\u00e4 vuodesta. Jokaisen kuukauden highlighteja tai tavanomaisuuksia kuvailen; muutaman sivullisen verran kuvaan jotain omasta ja perheen el\u00e4m\u00e4st\u00e4 ja sitten teen niist\u00e4 (Ifolorilla tai muulla kuvapalvelulla) kuvakirjan. Onhan minulla t\u00e4m\u00e4 blogi jo p\u00e4iv\u00e4kirjana, mutta enh\u00e4n min\u00e4 t\u00e4nne juuri henkil\u00f6kuvia laittele, en niit\u00e4\u2026","rel":"","context":"Kategoriassa &quot;Italia&quot;","block_context":{"text":"Italia","link":"https:\/\/www.satokangas.fi\/blogi\/category\/italia\/"},"img":{"alt_text":"Vanhan vuoden puolella-5","src":"https:\/\/i0.wp.com\/www.satokangas.fi\/blogi\/wp-content\/uploads\/2013\/01\/Vanhan-vuoden-puolella-5-558x400.jpg?resize=350%2C200&ssl=1","width":350,"height":200,"srcset":"https:\/\/i0.wp.com\/www.satokangas.fi\/blogi\/wp-content\/uploads\/2013\/01\/Vanhan-vuoden-puolella-5-558x400.jpg?resize=350%2C200&ssl=1 1x, https:\/\/i0.wp.com\/www.satokangas.fi\/blogi\/wp-content\/uploads\/2013\/01\/Vanhan-vuoden-puolella-5-558x400.jpg?resize=525%2C300&ssl=1 1.5x"},"classes":[]},{"id":11675,"url":"https:\/\/www.satokangas.fi\/blogi\/2011\/05\/arviointeja\/","url_meta":{"origin":7032,"position":4},"title":"Arviointeja","author":"Reija","date":"24.5.2011","format":false,"excerpt":"Monenlaisia arviointeja. Eilen aamup\u00e4iv\u00e4 meni kuunnellessa opetusn\u00e4ytteit\u00e4 - saameksi. Kuulun viran(teht\u00e4vien)t\u00e4ytt\u00f6j\u00e4 valmistelevaan ty\u00f6ryhm\u00e4\u00e4n, mik\u00e4 merkitsee ett\u00e4 aina kun humanistisessa tiedekunnassa t\u00e4ytet\u00e4\u00e4n uusi opettajanteht\u00e4v\u00e4 (professori, yliopistonlehtori, lehtori, yliopisto-opettaja) niin hakijoiden on annettava 45 minuutin mittainen opetusn\u00e4yte, jota on kuunneltava ja\u00a0 arvosteltava. Olenpa itsekin joutunut opetusn\u00e4ytteen kerran antamaan, ja kyll\u00e4h\u00e4n se oli\u2026","rel":"","context":"Kategoriassa &quot;Yliopistoel\u00e4m\u00e4\u00e4&quot;","block_context":{"text":"Yliopistoel\u00e4m\u00e4\u00e4","link":"https:\/\/www.satokangas.fi\/blogi\/category\/yliopistoelamaa\/"},"img":{"alt_text":"","src":"","width":0,"height":0},"classes":[]},{"id":24532,"url":"https:\/\/www.satokangas.fi\/blogi\/2015\/05\/kaannekohdassa\/","url_meta":{"origin":7032,"position":5},"title":"K\u00e4\u00e4nnekohdassa","author":"Reija","date":"5.5.2015","format":false,"excerpt":"T\u00e4llaisena iltana, jolloin on vuoden t\u00e4h\u00e4nastisesti l\u00e4mpimint\u00e4 ja jolloin ei ole muuta ihan v\u00e4ltt\u00e4m\u00e4t\u00f6nt\u00e4 juttua teht\u00e4v\u00e4n\u00e4, on ihana olla ulkona. Tuoksun viel\u00e4kin ulolle. Pehtoorihan on jo melkein kaiken haravoinut ja pensaiden juuret putsaillut, joten min\u00e4 saatoin keskitty\u00e4 pienimuotoisempaan siivoilemiseen. Ja sis\u00e4viherkasveja purkitin uudelleen, yrttitaimia jaoin ja sen sellaista. Sellainen tuntui\u2026","rel":"","context":"Kategoriassa &quot;Yliopistoel\u00e4m\u00e4\u00e4&quot;","block_context":{"text":"Yliopistoel\u00e4m\u00e4\u00e4","link":"https:\/\/www.satokangas.fi\/blogi\/category\/yliopistoelamaa\/"},"img":{"alt_text":"Hortensia","src":"https:\/\/i0.wp.com\/www.satokangas.fi\/blogi\/wp-content\/uploads\/2015\/05\/Hortensia-267x400.jpg?resize=350%2C200&ssl=1","width":350,"height":200},"classes":[]}],"_links":{"self":[{"href":"https:\/\/www.satokangas.fi\/blogi\/wp-json\/wp\/v2\/posts\/7032","targetHints":{"allow":["GET"]}}],"collection":[{"href":"https:\/\/www.satokangas.fi\/blogi\/wp-json\/wp\/v2\/posts"}],"about":[{"href":"https:\/\/www.satokangas.fi\/blogi\/wp-json\/wp\/v2\/types\/post"}],"author":[{"embeddable":true,"href":"https:\/\/www.satokangas.fi\/blogi\/wp-json\/wp\/v2\/users\/1"}],"replies":[{"embeddable":true,"href":"https:\/\/www.satokangas.fi\/blogi\/wp-json\/wp\/v2\/comments?post=7032"}],"version-history":[{"count":0,"href":"https:\/\/www.satokangas.fi\/blogi\/wp-json\/wp\/v2\/posts\/7032\/revisions"}],"wp:attachment":[{"href":"https:\/\/www.satokangas.fi\/blogi\/wp-json\/wp\/v2\/media?parent=7032"}],"wp:term":[{"taxonomy":"category","embeddable":true,"href":"https:\/\/www.satokangas.fi\/blogi\/wp-json\/wp\/v2\/categories?post=7032"},{"taxonomy":"post_tag","embeddable":true,"href":"https:\/\/www.satokangas.fi\/blogi\/wp-json\/wp\/v2\/tags?post=7032"}],"curies":[{"name":"wp","href":"https:\/\/api.w.org\/{rel}","templated":true}]}}