{"id":7020,"date":"2010-05-01T19:26:16","date_gmt":"2010-05-01T16:26:16","guid":{"rendered":"https:\/\/www.satokangas.fi\/blogi\/?p=7020"},"modified":"2010-05-01T19:41:47","modified_gmt":"2010-05-01T16:41:47","slug":"uuteen-nousuun","status":"publish","type":"post","link":"https:\/\/www.satokangas.fi\/blogi\/2010\/05\/uuteen-nousuun\/","title":{"rendered":"Uuteen nousuun"},"content":{"rendered":"<p>Kello oli kolme aamuy\u00f6ll\u00e4 kun olimme kotona. Kolme! Vappuy\u00f6n\u00e4. Enp\u00e4 muista milloin on viimeksi juhlittu noin my\u00f6h\u00e4\u00e4n. Siis viihdyimme yst\u00e4vien luona vallan mainiosti, mihin ei v\u00e4h\u00e4isimp\u00e4n\u00e4 syyn\u00e4 ollut nauru. Nauroimme eilen illalla ja y\u00f6ll\u00e4 niin paljon, ett\u00e4 jos nauru pident\u00e4\u00e4 ik\u00e4\u00e4, saimme ainakin puoli vuotta lis\u00e4\u00e4 elinaikaa. S\u00f6imme ja joimme ruhtinaallisesti. Mutta parasta olivat hervottoman hyv\u00e4t jutut. Ja musiikki. Yst\u00e4v\u00e4mme olivat saaneet vieraakseen meid\u00e4n vakiporukan lis\u00e4ksi yst\u00e4v\u00e4ns\u00e4 Espoosta. Ammattimuusikko nosti illan musiikillisen annin konsertin tasolle! Piano ja kitarat soivat, viini virtasi, laulu raikui. Oli Vappu!<\/p>\n<p>Yoll\u00e4 l\u00e4htiess\u00e4mme esitimme porukalle kutsun tulla meille \u00a0&#8221;yll\u00e4pitokuohuvalle&#8221; &#8211; ennen vappulounaalle kaupunkiin menoa. Pikkubrunssikutsuumme vastasi my\u00f6nt\u00e4v\u00e4sti kuusi henke\u00e4. Miehet tulivat taksilla, naiset usvaisesta, pilvisest\u00e4 vappus\u00e4\u00e4st\u00e4 huolimatta, k\u00e4vellen. Alkuiltap\u00e4iv\u00e4st\u00e4 p\u00e4\u00e4simme uuteen nousuun: kuohuvat ja tapakset La Festassamme palauttivat el\u00e4m\u00e4n. Nauru palasi.<\/p>\n<p>Vaikka olimme jo aamusta pehtoorin kanssa lenkkeilleet (merest\u00e4 on sent\u00e4\u00e4n l\u00e4hteneet j\u00e4\u00e4t! vaikka kylm\u00e4\u00e4 ja sateista on viel\u00e4kin) p\u00e4\u00e4timme pikaisen minibrunssin tarjottuamme ja vieraiden l\u00e4hdetty\u00e4 innostua viel\u00e4 py\u00f6r\u00e4ilem\u00e4\u00e4n: tavoitteena tervehdysk\u00e4ynti eksnaapureiden luona. Vuosikausia on heid\u00e4n kanssaan Vappup\u00e4iv\u00e4n\u00e4 kuohuva nautittu, niin tehtiin t\u00e4n\u00e4\u00e4nkin. \u00a0Perinteist\u00e4 on parasta pit\u00e4\u00e4 kiinni!<\/p>\n<p>\u00c4sken lapset k\u00e4viv\u00e4t sy\u00f6m\u00e4ss\u00e4, tyt\u00e4r tuli haalareissa\u00a0 :D. \u00a0Kaikenlaista vappuruokaa (eik\u00e4 todellakaan nakkeja ja perunasalaattia) kokkailin. Uupunutta oli nuorisokin. Mutta nelj\u00e4st\u00e4\u00e4nkin nauru jatkui&#8230; On vaan niin hyv\u00e4 nauraa v\u00e4lill\u00e4. Nauru on hyv\u00e4ksi.<\/p>\n","protected":false},"excerpt":{"rendered":"<p>Kello oli kolme aamuy\u00f6ll\u00e4 kun olimme kotona. Kolme! Vappuy\u00f6n\u00e4. Enp\u00e4 muista milloin on viimeksi juhlittu noin my\u00f6h\u00e4\u00e4n. Siis viihdyimme yst\u00e4vien luona vallan mainiosti, mihin ei v\u00e4h\u00e4isimp\u00e4n\u00e4 syyn\u00e4 ollut nauru. Nauroimme eilen illalla ja y\u00f6ll\u00e4 niin paljon, ett\u00e4 jos nauru pident\u00e4\u00e4 ik\u00e4\u00e4, saimme ainakin puoli vuotta lis\u00e4\u00e4 elinaikaa. S\u00f6imme ja joimme ruhtinaallisesti. Mutta parasta olivat hervottoman hyv\u00e4t jutut. Ja musiikki. Yst\u00e4v\u00e4mme &hellip; <\/p>\n","protected":false},"author":1,"featured_media":0,"comment_status":"open","ping_status":"open","sticky":false,"template":"","format":"standard","meta":{"jetpack_post_was_ever_published":false,"_jetpack_newsletter_access":"","_jetpack_dont_email_post_to_subs":false,"_jetpack_newsletter_tier_id":0,"_jetpack_memberships_contains_paywalled_content":false,"_jetpack_memberships_contains_paid_content":false,"footnotes":"","jetpack_publicize_message":"","jetpack_publicize_feature_enabled":true,"jetpack_social_post_already_shared":false,"jetpack_social_options":{"image_generator_settings":{"template":"highway","default_image_id":0,"font":"","enabled":false},"version":2}},"categories":[1],"tags":[],"class_list":["post-7020","post","type-post","status-publish","format-standard","hentry","category-aiheeton","latest_post"],"jetpack_publicize_connections":[],"jetpack_featured_media_url":"","jetpack_shortlink":"https:\/\/wp.me\/pr4p4-1Pe","jetpack_sharing_enabled":true,"jetpack_likes_enabled":false,"jetpack-related-posts":[{"id":38805,"url":"https:\/\/www.satokangas.fi\/blogi\/2020\/06\/ystavat-ovat-hyvaksi\/","url_meta":{"origin":7020,"position":0},"title":"Yst\u00e4v\u00e4t ovat hyv\u00e4ksi","author":"Reija","date":"12.6.2020","format":false,"excerpt":"On t\u00e4lle muutaman kuukauden ajan ollut tarve ja aie, toive ja toteutumaton haave. Ollu toive n\u00e4hd\u00e4, mutta vasta t\u00e4n\u00e4\u00e4n... Jo valmistelu tuotti iloa ihan mahdottomasti. Suunnittelu, j\u00e4rjestely, v\u00e4h\u00e4n siivoilukin, kokkailu, marinointi ja misat. Oonhan moista jo kaivannut. Saimme yst\u00e4v\u00e4t pihallemme, ja Festaamme turvav\u00e4lien p\u00e4\u00e4h\u00e4n ruokap\u00f6yt\u00e4\u00e4n, olisimmepa mieluusti halanneetkin, mutta onnistuimme\u2026","rel":"","context":"Kategoriassa &quot;Niit\u00e4 n\u00e4it\u00e4&quot;","block_context":{"text":"Niit\u00e4 n\u00e4it\u00e4","link":"https:\/\/www.satokangas.fi\/blogi\/category\/aiheeton\/"},"img":{"alt_text":"","src":"https:\/\/i0.wp.com\/www.satokangas.fi\/blogi\/wp-content\/uploads\/2020\/06\/IMG_20200612_155218-512x1024.jpg?resize=350%2C200&ssl=1","width":350,"height":200},"classes":[]},{"id":34678,"url":"https:\/\/www.satokangas.fi\/blogi\/2018\/08\/syottella-ystavien-kanssa-niin-hyva\/","url_meta":{"origin":7020,"position":1},"title":"Sy\u00f6tteell\u00e4 yst\u00e4vien kanssa &#8211; niin hyv\u00e4!","author":"Reija","date":"26.8.2018","format":false,"excerpt":"M\u00f6kkilauantai. Mutta ei meid\u00e4n m\u00f6kki. P\u00e4\u00e4simme vierasm\u00f6kkeilem\u00e4\u00e4n. Kahdella meid\u00e4n kalaasiyst\u00e4v\u00e4pariskunnista on m\u00f6kki Sy\u00f6tteell\u00e4, ja he kutsuivat meid\u00e4t ja toisen pariskunnan viikonlopun viettoon: patikalle ja sy\u00f6m\u00e4\u00e4n. Muut tulivat jo eilen, me vasta t\u00e4n\u00e4 aamuna. Kovasti erilaista oli mukaan otettava rompe oli kuin viime viikonlopun Jyv\u00e4skyl\u00e4n kapitulimatkalle.\u00a0 Sitten vajaan kahden tunnin sateessa\u2026","rel":"","context":"Kategoriassa &quot;Niit\u00e4 n\u00e4it\u00e4&quot;","block_context":{"text":"Niit\u00e4 n\u00e4it\u00e4","link":"https:\/\/www.satokangas.fi\/blogi\/category\/aiheeton\/"},"img":{"alt_text":"","src":"https:\/\/i0.wp.com\/www.satokangas.fi\/blogi\/wp-content\/uploads\/2018\/08\/Kalaasi-3.jpg?resize=350%2C200&ssl=1","width":350,"height":200,"srcset":"https:\/\/i0.wp.com\/www.satokangas.fi\/blogi\/wp-content\/uploads\/2018\/08\/Kalaasi-3.jpg?resize=350%2C200&ssl=1 1x, https:\/\/i0.wp.com\/www.satokangas.fi\/blogi\/wp-content\/uploads\/2018\/08\/Kalaasi-3.jpg?resize=525%2C300&ssl=1 1.5x, https:\/\/i0.wp.com\/www.satokangas.fi\/blogi\/wp-content\/uploads\/2018\/08\/Kalaasi-3.jpg?resize=700%2C400&ssl=1 2x"},"classes":[]},{"id":34567,"url":"https:\/\/www.satokangas.fi\/blogi\/2018\/08\/yolla-valvotaan-paivalla-nukutaan\/","url_meta":{"origin":7020,"position":2},"title":"Y\u00f6ll\u00e4 valvotaan, p\u00e4iv\u00e4ll\u00e4 nukutaan","author":"Reija","date":"9.8.2018","format":false,"excerpt":"Nukuin t\u00e4n\u00e4\u00e4n ulkona p\u00e4iv\u00e4unet. Ihanassa \"Odensen tuulessa\" - l\u00e4mmin, voimakas, kes\u00e4inen tuuli on minulle ja Pehtoorille \"Odensen tuuli\". Kun olimme 41 vuotta sitten (!!!!) telttareissulla Tanskassa ja majoituimme pari y\u00f6t\u00e4 Odensessa, siell\u00e4 tuuli juuri kuten t\u00e4n\u00e4\u00e4n. L\u00e4mpim\u00e4sti, lujasti mutta lempe\u00e4sti. Ja ett\u00e4 nukuin p\u00e4iv\u00e4ll\u00e4!\u00a0Siihenh\u00e4n on tietysti syyns\u00e4; jos ei nuku\u2026","rel":"","context":"Kategoriassa &quot;Muistikuvia&quot;","block_context":{"text":"Muistikuvia","link":"https:\/\/www.satokangas.fi\/blogi\/category\/muistikuvia\/"},"img":{"alt_text":"","src":"https:\/\/i0.wp.com\/www.satokangas.fi\/blogi\/wp-content\/uploads\/2018\/08\/Lamellipato-20180808.jpg?resize=350%2C200&ssl=1","width":350,"height":200,"srcset":"https:\/\/i0.wp.com\/www.satokangas.fi\/blogi\/wp-content\/uploads\/2018\/08\/Lamellipato-20180808.jpg?resize=350%2C200&ssl=1 1x, https:\/\/i0.wp.com\/www.satokangas.fi\/blogi\/wp-content\/uploads\/2018\/08\/Lamellipato-20180808.jpg?resize=525%2C300&ssl=1 1.5x, https:\/\/i0.wp.com\/www.satokangas.fi\/blogi\/wp-content\/uploads\/2018\/08\/Lamellipato-20180808.jpg?resize=700%2C400&ssl=1 2x"},"classes":[]},{"id":14873,"url":"https:\/\/www.satokangas.fi\/blogi\/2012\/07\/kesan-lopulla-jonkin-muun-alussa\/","url_meta":{"origin":7020,"position":3},"title":"Kes\u00e4n lopulla, jonkin muun alussa&#8230;","author":"Reija","date":"21.7.2012","format":false,"excerpt":"Sittenkin y\u00f6ll\u00e4 oli satanut. Eih\u00e4n se niin luvannut. Tuulee l\u00e4nnelt\u00e4, tuntuu pohjoiselta. Mustarastas pihapiiriss\u00e4 on hiljentynyt. Ja p\u00e4iv\u00e4ll\u00e4 on keitti\u00f6ss\u00e4 sytytett\u00e4v\u00e4 valot, jotta n\u00e4kee edes v\u00e4h\u00e4n leipoa... Illalla kotiin py\u00f6r\u00e4illess\u00e4 toivoo, ett\u00e4 olisi kehdannut ottaa hanskat mukaan. Luulenko vain vai onko kes\u00e4 oikeasti jo ohi? \u00a0 Illaksi meill\u00e4 oli kutsu\u2026","rel":"","context":"Kategoriassa &quot;Niit\u00e4 n\u00e4it\u00e4&quot;","block_context":{"text":"Niit\u00e4 n\u00e4it\u00e4","link":"https:\/\/www.satokangas.fi\/blogi\/category\/aiheeton\/"},"img":{"alt_text":"","src":"https:\/\/i0.wp.com\/www.satokangas.fi\/blogi\/wp-content\/uploads\/Reseptikortti-600x400.jpg?resize=350%2C200&ssl=1","width":350,"height":200},"classes":[]},{"id":42772,"url":"https:\/\/www.satokangas.fi\/blogi\/2022\/04\/juhlailta-2\/","url_meta":{"origin":7020,"position":4},"title":"Juhlailta","author":"Reija","date":"24.4.2022","format":false,"excerpt":"\"Tapahtuman ohjelmassa installointi (k\u00e4\u00e4tyjen saajat, arvonvaihtajat) klo 16.00 (installointiharjoitus ja installointi), Grand D\u00eener klo 18.00 ja lopuksi Grand Ball -tanssiaiset. Musiikista vastaa TT Big Band. Samalla juhlitaan my\u00f6s vuoden 2022 Kilpip\u00e4iv\u00e4\u00e4.\" \u00a0 Installoitavia talvikapitulisssa (jonka piti olla 22.2.) oli vain 11 , mik\u00e4 oli tietysti joten kuvaajalle helpottavaa. ;) Olin\u2026","rel":"","context":"Kategoriassa &quot;Niit\u00e4 n\u00e4it\u00e4&quot;","block_context":{"text":"Niit\u00e4 n\u00e4it\u00e4","link":"https:\/\/www.satokangas.fi\/blogi\/category\/aiheeton\/"},"img":{"alt_text":"","src":"https:\/\/i0.wp.com\/www.satokangas.fi\/blogi\/wp-content\/uploads\/2022\/04\/U_58J4nU.png?resize=350%2C200&ssl=1","width":350,"height":200},"classes":[]},{"id":50099,"url":"https:\/\/www.satokangas.fi\/blogi\/2024\/07\/ruokajuhla-ja-paljon-muuta\/","url_meta":{"origin":7020,"position":5},"title":"Ruokajuhla, ja paljon muuta","author":"Reija","date":"18.7.2024","format":false,"excerpt":"Juuri l\u00e4htiv\u00e4t yst\u00e4v\u00e4t. Paljon puhuttavaa, muisteltavaa, paljon yst\u00e4vyytt\u00e4, kyyneleit\u00e4kin, naurua ja toiveita tuleviin p\u00e4iviin. Ja hyv\u00e4\u00e4 ruokaakin.","rel":"","context":"Kategoriassa &quot;Niit\u00e4 n\u00e4it\u00e4&quot;","block_context":{"text":"Niit\u00e4 n\u00e4it\u00e4","link":"https:\/\/www.satokangas.fi\/blogi\/category\/aiheeton\/"},"img":{"alt_text":"","src":"https:\/\/i0.wp.com\/www.satokangas.fi\/blogi\/wp-content\/uploads\/2024\/07\/25-1.png?resize=350%2C200&ssl=1","width":350,"height":200,"srcset":"https:\/\/i0.wp.com\/www.satokangas.fi\/blogi\/wp-content\/uploads\/2024\/07\/25-1.png?resize=350%2C200&ssl=1 1x, https:\/\/i0.wp.com\/www.satokangas.fi\/blogi\/wp-content\/uploads\/2024\/07\/25-1.png?resize=525%2C300&ssl=1 1.5x, https:\/\/i0.wp.com\/www.satokangas.fi\/blogi\/wp-content\/uploads\/2024\/07\/25-1.png?resize=700%2C400&ssl=1 2x"},"classes":[]}],"_links":{"self":[{"href":"https:\/\/www.satokangas.fi\/blogi\/wp-json\/wp\/v2\/posts\/7020","targetHints":{"allow":["GET"]}}],"collection":[{"href":"https:\/\/www.satokangas.fi\/blogi\/wp-json\/wp\/v2\/posts"}],"about":[{"href":"https:\/\/www.satokangas.fi\/blogi\/wp-json\/wp\/v2\/types\/post"}],"author":[{"embeddable":true,"href":"https:\/\/www.satokangas.fi\/blogi\/wp-json\/wp\/v2\/users\/1"}],"replies":[{"embeddable":true,"href":"https:\/\/www.satokangas.fi\/blogi\/wp-json\/wp\/v2\/comments?post=7020"}],"version-history":[{"count":0,"href":"https:\/\/www.satokangas.fi\/blogi\/wp-json\/wp\/v2\/posts\/7020\/revisions"}],"wp:attachment":[{"href":"https:\/\/www.satokangas.fi\/blogi\/wp-json\/wp\/v2\/media?parent=7020"}],"wp:term":[{"taxonomy":"category","embeddable":true,"href":"https:\/\/www.satokangas.fi\/blogi\/wp-json\/wp\/v2\/categories?post=7020"},{"taxonomy":"post_tag","embeddable":true,"href":"https:\/\/www.satokangas.fi\/blogi\/wp-json\/wp\/v2\/tags?post=7020"}],"curies":[{"name":"wp","href":"https:\/\/api.w.org\/{rel}","templated":true}]}}