{"id":6229,"date":"2010-03-04T07:05:50","date_gmt":"2010-03-04T05:05:50","guid":{"rendered":"https:\/\/www.satokangas.fi\/blogi\/?p=6229"},"modified":"2010-03-04T07:06:21","modified_gmt":"2010-03-04T05:06:21","slug":"valokuvatorstai-haisuli","status":"publish","type":"post","link":"https:\/\/www.satokangas.fi\/blogi\/2010\/03\/valokuvatorstai-haisuli\/","title":{"rendered":"Valokuvatorstai: Haisuli"},"content":{"rendered":"<p>Aika iso haisuli.<br \/>\n(klikkaa kuva suuremmaksi)<\/p>\n<p><a href=\"https:\/\/www.satokangas.fi\/blogi\/wp-content\/uploads\/2010\/03\/Haisuli1.jpg\"><img loading=\"lazy\" decoding=\"async\" data-attachment-id=\"6233\" data-permalink=\"https:\/\/www.satokangas.fi\/blogi\/2010\/03\/valokuvatorstai-haisuli\/haisuli-2\/\" data-orig-file=\"https:\/\/www.satokangas.fi\/blogi\/wp-content\/uploads\/2010\/03\/Haisuli1.jpg\" data-orig-size=\"1024,683\" data-comments-opened=\"1\" data-image-meta=\"{&quot;aperture&quot;:&quot;5.6&quot;,&quot;credit&quot;:&quot;&quot;,&quot;camera&quot;:&quot;Canon EOS 400D DIGITAL&quot;,&quot;caption&quot;:&quot;&quot;,&quot;created_timestamp&quot;:&quot;1231069792&quot;,&quot;copyright&quot;:&quot;&quot;,&quot;focal_length&quot;:&quot;300&quot;,&quot;iso&quot;:&quot;400&quot;,&quot;shutter_speed&quot;:&quot;0.0005&quot;,&quot;title&quot;:&quot;&quot;}\" data-image-title=\"Haisuli\" data-image-description=\"\" data-image-caption=\"\" data-large-file=\"https:\/\/www.satokangas.fi\/blogi\/wp-content\/uploads\/2010\/03\/Haisuli1.jpg\" class=\"aligncenter size-medium wp-image-6233\" title=\"Haisuli\" src=\"https:\/\/www.satokangas.fi\/blogi\/wp-content\/uploads\/2010\/03\/Haisuli1-500x333.jpg\" alt=\"\" width=\"500\" height=\"333\" srcset=\"https:\/\/www.satokangas.fi\/blogi\/wp-content\/uploads\/2010\/03\/Haisuli1-500x333.jpg 500w, https:\/\/www.satokangas.fi\/blogi\/wp-content\/uploads\/2010\/03\/Haisuli1-200x133.jpg 200w, https:\/\/www.satokangas.fi\/blogi\/wp-content\/uploads\/2010\/03\/Haisuli1.jpg 1024w\" sizes=\"auto, (max-width: 500px) 100vw, 500px\" \/><\/a><\/p>\n","protected":false},"excerpt":{"rendered":"<p>Aika iso haisuli. (klikkaa kuva suuremmaksi)<\/p>\n","protected":false},"author":1,"featured_media":0,"comment_status":"open","ping_status":"open","sticky":false,"template":"","format":"standard","meta":{"jetpack_post_was_ever_published":false,"_jetpack_newsletter_access":"","_jetpack_dont_email_post_to_subs":false,"_jetpack_newsletter_tier_id":0,"_jetpack_memberships_contains_paywalled_content":false,"_jetpack_memberships_contains_paid_content":false,"footnotes":"","jetpack_publicize_message":"","jetpack_publicize_feature_enabled":true,"jetpack_social_post_already_shared":false,"jetpack_social_options":{"image_generator_settings":{"template":"highway","default_image_id":0,"font":"","enabled":false},"version":2}},"categories":[21],"tags":[],"class_list":["post-6229","post","type-post","status-publish","format-standard","hentry","category-valokuvatorstai","latest_post"],"jetpack_publicize_connections":[],"jetpack_featured_media_url":"","jetpack_shortlink":"https:\/\/wp.me\/pr4p4-1Ct","jetpack_sharing_enabled":true,"jetpack_likes_enabled":false,"jetpack-related-posts":[{"id":5346,"url":"https:\/\/www.satokangas.fi\/blogi\/2009\/12\/valokuvatorstai-pysahtynyt\/","url_meta":{"origin":6229,"position":0},"title":"Valokuvatorstai: pys\u00e4htynyt","author":"Reija","date":"10.12.2009","format":false,"excerpt":"Valokuvatorstain haasteena pys\u00e4htynyt. T\u00e4ss\u00e4 kuvassa\u00a0moni asia on pys\u00e4htynyt. (klikkaa suuremmaksi) _________________ Aihe pys\u00e4ytti koko blogini toiminnan koko\u00a0aamuksi... Merkillist\u00e4.","rel":"","context":"Kategoriassa &quot;Valokuvatorstai&quot;","block_context":{"text":"Valokuvatorstai","link":"https:\/\/www.satokangas.fi\/blogi\/category\/valokuvaus\/valokuvatorstai\/"},"img":{"alt_text":"pysahtynyt","src":"https:\/\/i0.wp.com\/www.satokangas.fi\/blogi\/wp-content\/uploads\/2009\/12\/pysahtynyt-500x312.jpg?resize=350%2C200&ssl=1","width":350,"height":200},"classes":[]},{"id":364,"url":"https:\/\/www.satokangas.fi\/blogi\/2008\/02\/valokuvatorstai-valinnan-vaikeus\/","url_meta":{"origin":6229,"position":1},"title":"Valokuvatorstai: Valinnan vaikeus","author":"Reija","date":"28.2.2008","format":false,"excerpt":"Hoikkua vai herkutella? (Valinnan vaikeus kasvaa kun klikkaat kuvan suuremmaksi tai k\u00e4yt reseptikansiosta katsomassa kuinka helppo kakku on leipoa!)","rel":"","context":"Kategoriassa &quot;Ruoka ja viini&quot;","block_context":{"text":"Ruoka ja viini","link":"https:\/\/www.satokangas.fi\/blogi\/category\/ruoka_ja_viini\/"},"img":{"alt_text":"","src":"","width":0,"height":0},"classes":[]},{"id":4514,"url":"https:\/\/www.satokangas.fi\/blogi\/2009\/09\/valokuvatorstai-tasan\/","url_meta":{"origin":6229,"position":2},"title":"Valokuvatorstai: Tasan","author":"Reija","date":"24.9.2009","format":false,"excerpt":"Haasteita riitt\u00e4\u00e4: syyskuun ruokahaasteen \u00e4\u00e4nestyksen alun (ks. alla, edellinen postaus) lis\u00e4ksi t\u00e4n\u00e4\u00e4n viel\u00e4 valokuvatorstain haaste. Haasteena tasan. T\u00e4h\u00e4nkin ruokaa: direktiivin mukaiset tasan samankokoiset, identtiset munakoisot... (klikkaa kuva suuremmaksi)","rel":"","context":"Kategoriassa &quot;Valokuvatorstai&quot;","block_context":{"text":"Valokuvatorstai","link":"https:\/\/www.satokangas.fi\/blogi\/category\/valokuvaus\/valokuvatorstai\/"},"img":{"alt_text":"tasan","src":"https:\/\/i0.wp.com\/www.satokangas.fi\/blogi\/wp-content\/uploads\/2009\/09\/tasan-500x359.jpg?resize=350%2C200&ssl=1","width":350,"height":200},"classes":[]},{"id":9039,"url":"https:\/\/www.satokangas.fi\/blogi\/2010\/10\/valokuvatorstai-valokuva\/","url_meta":{"origin":6229,"position":3},"title":"Valokuvatorstai: valokuva","author":"Reija","date":"14.10.2010","format":false,"excerpt":"Haasteena valokuva. \u00a0Kuva kuvasta. (klikkaa suuremmaksi) T\u00e4m\u00e4 valokuva her\u00e4tti koko maailman huomaamaan Etel\u00e4-Afrikan apartheidin vastaiset nuorisomellakat, jotka alkoivat kes\u00e4kuun 16. p\u00e4iv\u00e4n\u00e4 1976. Is\u00e4 kantaa syliss\u00e4\u00e4n 13-vuotiasta poikaansa, joka haavoittui mellakoiden ensihetkill\u00e4. Pian valokuvan ottamisen j\u00e4lkeen Hector Pieterson kuoli. T\u00e4m\u00e4 apartheidin vastaisessa muistomerkiss\u00e4 Sowetossa oleva valokuva on muuttanut maailmanhistoriaa.","rel":"","context":"Kategoriassa &quot;Valokuvatorstai&quot;","block_context":{"text":"Valokuvatorstai","link":"https:\/\/www.satokangas.fi\/blogi\/category\/valokuvaus\/valokuvatorstai\/"},"img":{"alt_text":"","src":"https:\/\/i0.wp.com\/www.satokangas.fi\/blogi\/wp-content\/uploads\/Valokuva_Pieterson-500x333.jpg?resize=350%2C200&ssl=1","width":350,"height":200},"classes":[]},{"id":6081,"url":"https:\/\/www.satokangas.fi\/blogi\/2010\/02\/valokuvatorstai-lumi\/","url_meta":{"origin":6229,"position":4},"title":"Valokuvatorstai: Lumi","author":"Reija","date":"18.2.2010","format":false,"excerpt":"T\u00e4ll\u00e4 kertaa oli ainakin vara valita kuvista. (klikkaa suuremmaksi)","rel":"","context":"Kategoriassa &quot;Valokuvatorstai&quot;","block_context":{"text":"Valokuvatorstai","link":"https:\/\/www.satokangas.fi\/blogi\/category\/valokuvaus\/valokuvatorstai\/"},"img":{"alt_text":"","src":"https:\/\/i0.wp.com\/www.satokangas.fi\/blogi\/wp-content\/uploads\/2010\/02\/Lumi.jpg?resize=350%2C200&ssl=1","width":350,"height":200,"srcset":"https:\/\/i0.wp.com\/www.satokangas.fi\/blogi\/wp-content\/uploads\/2010\/02\/Lumi.jpg?resize=350%2C200&ssl=1 1x, https:\/\/i0.wp.com\/www.satokangas.fi\/blogi\/wp-content\/uploads\/2010\/02\/Lumi.jpg?resize=525%2C300&ssl=1 1.5x, https:\/\/i0.wp.com\/www.satokangas.fi\/blogi\/wp-content\/uploads\/2010\/02\/Lumi.jpg?resize=700%2C400&ssl=1 2x, https:\/\/i0.wp.com\/www.satokangas.fi\/blogi\/wp-content\/uploads\/2010\/02\/Lumi.jpg?resize=1050%2C600&ssl=1 3x"},"classes":[]},{"id":5199,"url":"https:\/\/www.satokangas.fi\/blogi\/2009\/11\/valokuvatorstai-jotta-en-unohtaisi\/","url_meta":{"origin":6229,"position":5},"title":"Valokuvatorstai: Jotta en unohtaisi","author":"Reija","date":"26.11.2009","format":false,"excerpt":"Jotta en unohtaisi ... Jotta en n\u00e4iden pimeiden, vesir\u00e4nn\u00e4n ja ty\u00f6nt\u00e4yteisten p\u00e4ivien aikana unohtaisi, ett\u00e4 talvi voi olla kauniskin, \u00a0ett\u00e4 joulu on tulossa ja ett\u00e4 kuukauden p\u00e4\u00e4st\u00e4 p\u00e4\u00e4st\u00e4\u00e4n Lappiin. ... Jotta muistaisin toivoa ... ja jotta en turhia valittaisi. (klikkaa suuremmaksi)","rel":"","context":"Kategoriassa &quot;Valokuvatorstai&quot;","block_context":{"text":"Valokuvatorstai","link":"https:\/\/www.satokangas.fi\/blogi\/category\/valokuvaus\/valokuvatorstai\/"},"img":{"alt_text":"etten unohtaisi","src":"https:\/\/i0.wp.com\/www.satokangas.fi\/blogi\/wp-content\/uploads\/2009\/11\/etten-unohtaisi-500x312.jpg?resize=350%2C200&ssl=1","width":350,"height":200},"classes":[]}],"_links":{"self":[{"href":"https:\/\/www.satokangas.fi\/blogi\/wp-json\/wp\/v2\/posts\/6229","targetHints":{"allow":["GET"]}}],"collection":[{"href":"https:\/\/www.satokangas.fi\/blogi\/wp-json\/wp\/v2\/posts"}],"about":[{"href":"https:\/\/www.satokangas.fi\/blogi\/wp-json\/wp\/v2\/types\/post"}],"author":[{"embeddable":true,"href":"https:\/\/www.satokangas.fi\/blogi\/wp-json\/wp\/v2\/users\/1"}],"replies":[{"embeddable":true,"href":"https:\/\/www.satokangas.fi\/blogi\/wp-json\/wp\/v2\/comments?post=6229"}],"version-history":[{"count":0,"href":"https:\/\/www.satokangas.fi\/blogi\/wp-json\/wp\/v2\/posts\/6229\/revisions"}],"wp:attachment":[{"href":"https:\/\/www.satokangas.fi\/blogi\/wp-json\/wp\/v2\/media?parent=6229"}],"wp:term":[{"taxonomy":"category","embeddable":true,"href":"https:\/\/www.satokangas.fi\/blogi\/wp-json\/wp\/v2\/categories?post=6229"},{"taxonomy":"post_tag","embeddable":true,"href":"https:\/\/www.satokangas.fi\/blogi\/wp-json\/wp\/v2\/tags?post=6229"}],"curies":[{"name":"wp","href":"https:\/\/api.w.org\/{rel}","templated":true}]}}