{"id":5997,"date":"2010-02-10T20:17:26","date_gmt":"2010-02-10T18:17:26","guid":{"rendered":"https:\/\/www.satokangas.fi\/blogi\/?p=5997"},"modified":"2010-02-10T20:17:26","modified_gmt":"2010-02-10T18:17:26","slug":"viihdynko-vai-en","status":"publish","type":"post","link":"https:\/\/www.satokangas.fi\/blogi\/2010\/02\/viihdynko-vai-en\/","title":{"rendered":"Viihdynko vai en?"},"content":{"rendered":"<p>Sanomasta p\u00e4\u00e4sty\u00e4ni &#8230; Juuri kun &#8230; &#8230; meill\u00e4 eilen oli ns. Ty\u00f6llistymistiistai jonka aikana ty\u00f6el\u00e4m\u00e4n edustajat arkistosta, julkishallinnosta, koululaitoksesta, yrityspuolelta jne. k\u00e4viv\u00e4t kertomassa opiskelijoillemme, mit\u00e4 heilt\u00e4 ty\u00f6el\u00e4m\u00e4ss\u00e4 odotetaan, mik\u00e4 heit\u00e4 ty\u00f6el\u00e4m\u00e4ss\u00e4 odottaa&#8230; P\u00e4iv\u00e4n j\u00e4rjest\u00e4minen muutaman vuoden v\u00e4lein on minun hommani ja niinp\u00e4 sitten jouduin my\u00f6s tapahtuman &#8221;juontajaksi&#8221;. \u00a0Siin\u00e4 sitten iltap\u00e4iv\u00e4n lopuksi pohdiskeltiin, kuinka t\u00e4rke\u00e4\u00e4 on, ett\u00e4 pit\u00e4\u00e4 ty\u00f6st\u00e4\u00e4n &#8221;ett\u00e4 maanantaisinkaan t\u00f6ihinl\u00e4ht\u00f6 ei harmita eik\u00e4 jumita&#8221;. Ett\u00e4 40 tuntia viikossa, 40 viikkoa vuodessa, 40 vuotta el\u00e4m\u00e4ss\u00e4 (huh!) el\u00e4m\u00e4ss\u00e4 maistuu arkisinkin mukavalle.<\/p>\n<p>Minulle iltap\u00e4iv\u00e4n anti oli ollut monipuolinen ja oli hyv\u00e4\u00e4tekev\u00e4\u00e4 huomata, kuinka paljon tapahtumaan tuli opiskelijoita, tuntui, ett\u00e4 tehty ty\u00f6 oli mielek\u00e4st\u00e4 ja palkitsevaakin ja niinp\u00e4 loppukaneetissani tulin sanoneeksi &#8211; ihan vilpitt\u00f6m\u00e4sti &#8211; ett\u00e4 minusta on yleens\u00e4 aina mukava tulla t\u00f6ihin, my\u00f6s maanantaisin. Ja kuinka olenkaan ollut onnekas kun olen &#8211; paljolti sattuman kauttakin &#8211; saanut ty\u00f6paikan jossa on mielt\u00e4, jossa saa tehd\u00e4 ihmisten kanssa t\u00f6it\u00e4, jossa saa itsen\u00e4isesti j\u00e4rjestell\u00e4 tekemisens\u00e4, opetuksensa ja tutkimuksensa.<\/p>\n<p>Juuri kun olin oikein julkisesti mennyt retostelemaan ty\u00f6ss\u00e4viihtymisest\u00e4ni niin t\u00e4n\u00e4 aamuna olisin ollut valmis maksamaan aika lailla ettei olisi tarvinnut vet\u00e4\u00e4 siisti\u00e4-sis\u00e4-lookia p\u00e4\u00e4lle, ei olisi tarvinnut l\u00e4hte\u00e4 kampukselle, olis voinut skipata s\u00e4hk\u00f6postit ja www-p\u00e4ivitykset ja huomisen opetuksen taulukoiden r\u00e4\u00e4t\u00e4l\u00f6innin&#8230; Aamulla olisin halunnut vet\u00e4\u00e4 goretexit p\u00e4\u00e4lle, pipon p\u00e4\u00e4h\u00e4n, kameralaukun olalle ja h\u00e4ipy\u00e4 k\u00e4velem\u00e4\u00e4n; hanget kimmelsiv\u00e4t katulamppujen valossa, oli tyven pime\u00e4 talven pakkasaamu. Mutta ei auttanut.<\/p>\n<p>Keskiviikko on vastaanottop\u00e4iv\u00e4ni. En laskenut kuinka paljon opiskelijoita k\u00e4vi, mutta paljon. Eilinen oli her\u00e4tt\u00e4nyt halun keskustella sivuainevalinnoista, urahaaveista, syvent\u00e4vien opintojen erikoistumismahdollisuuksista, ties mist\u00e4. Joku sanoi kiitoksenkin eilisen happeningin j\u00e4rjest\u00e4misest\u00e4, ja yht\u00e4kki\u00e4 huomaan, ett\u00e4 on l\u00e4hdett\u00e4v\u00e4 t\u00f6ist\u00e4. On sen aika, vaikka en\u00e4\u00e4 en sit\u00e4 odottanutkaan. Hyv\u00e4 minun on t\u00f6iss\u00e4. Sittenkin<\/p>\n","protected":false},"excerpt":{"rendered":"<p>Sanomasta p\u00e4\u00e4sty\u00e4ni &#8230; Juuri kun &#8230; &#8230; meill\u00e4 eilen oli ns. Ty\u00f6llistymistiistai jonka aikana ty\u00f6el\u00e4m\u00e4n edustajat arkistosta, julkishallinnosta, koululaitoksesta, yrityspuolelta jne. k\u00e4viv\u00e4t kertomassa opiskelijoillemme, mit\u00e4 heilt\u00e4 ty\u00f6el\u00e4m\u00e4ss\u00e4 odotetaan, mik\u00e4 heit\u00e4 ty\u00f6el\u00e4m\u00e4ss\u00e4 odottaa&#8230; P\u00e4iv\u00e4n j\u00e4rjest\u00e4minen muutaman vuoden v\u00e4lein on minun hommani ja niinp\u00e4 sitten jouduin my\u00f6s tapahtuman &#8221;juontajaksi&#8221;. \u00a0Siin\u00e4 sitten iltap\u00e4iv\u00e4n lopuksi pohdiskeltiin, kuinka t\u00e4rke\u00e4\u00e4 on, ett\u00e4 pit\u00e4\u00e4 ty\u00f6st\u00e4\u00e4n &#8221;ett\u00e4 maanantaisinkaan &hellip; <\/p>\n","protected":false},"author":1,"featured_media":0,"comment_status":"open","ping_status":"open","sticky":false,"template":"","format":"standard","meta":{"jetpack_post_was_ever_published":false,"_jetpack_newsletter_access":"","_jetpack_dont_email_post_to_subs":false,"_jetpack_newsletter_tier_id":0,"_jetpack_memberships_contains_paywalled_content":false,"_jetpack_memberships_contains_paid_content":false,"footnotes":"","jetpack_publicize_message":"","jetpack_publicize_feature_enabled":true,"jetpack_social_post_already_shared":false,"jetpack_social_options":{"image_generator_settings":{"template":"highway","default_image_id":0,"font":"","enabled":false},"version":2}},"categories":[32],"tags":[],"class_list":["post-5997","post","type-post","status-publish","format-standard","hentry","category-yliopistoelamaa","latest_post"],"jetpack_publicize_connections":[],"jetpack_featured_media_url":"","jetpack_shortlink":"https:\/\/wp.me\/pr4p4-1yJ","jetpack_sharing_enabled":true,"jetpack_likes_enabled":false,"jetpack-related-posts":[{"id":32348,"url":"https:\/\/www.satokangas.fi\/blogi\/2017\/10\/loppuviikon-tunnelmia-ja-ihanaa-soppaa\/","url_meta":{"origin":5997,"position":0},"title":"Loppuviikon tunnelmia &#8211; ja ihanaa soppaa!","author":"Reija","date":"13.10.2017","format":false,"excerpt":"Alkaa olla jakoaika.\u00a0Alkaa olla kekrin, halloweenin, pyh\u00e4inp\u00e4iv\u00e4n aika. Ja on myskikurpitsan aika. Myskikurpitsan (butternut) opin tuntemaan Etel\u00e4-Afrikan reissulla, enk\u00e4 siit\u00e4 ole sen j\u00e4lkeen luopunut. Aika monessa se on meill\u00e4 ollut mukana. Nyt yksi sellainen on kuleksinut j\u00e4\u00e4kaapin hyllylt\u00e4 toiselle jo muutaman viikon, ja t\u00e4n\u00e4\u00e4n oli aika tehd\u00e4 siit\u00e4 soppa. Paahdettu\u2026","rel":"","context":"Kategoriassa &quot;Jokaviikkoinen soppamme&quot;","block_context":{"text":"Jokaviikkoinen soppamme","link":"https:\/\/www.satokangas.fi\/blogi\/category\/ruoka_ja_viini\/jokaviikkoinen-soppamme\/"},"img":{"alt_text":"","src":"https:\/\/i0.wp.com\/www.satokangas.fi\/blogi\/wp-content\/uploads\/2017\/10\/Myskikurpitsakeitto-6.jpg?resize=350%2C200&ssl=1","width":350,"height":200,"srcset":"https:\/\/i0.wp.com\/www.satokangas.fi\/blogi\/wp-content\/uploads\/2017\/10\/Myskikurpitsakeitto-6.jpg?resize=350%2C200&ssl=1 1x, https:\/\/i0.wp.com\/www.satokangas.fi\/blogi\/wp-content\/uploads\/2017\/10\/Myskikurpitsakeitto-6.jpg?resize=525%2C300&ssl=1 1.5x, https:\/\/i0.wp.com\/www.satokangas.fi\/blogi\/wp-content\/uploads\/2017\/10\/Myskikurpitsakeitto-6.jpg?resize=700%2C400&ssl=1 2x"},"classes":[]},{"id":27745,"url":"https:\/\/www.satokangas.fi\/blogi\/2016\/03\/etelaan-ja-pohjoiseen\/","url_meta":{"origin":5997,"position":1},"title":"Etel\u00e4\u00e4n ja pohjoiseen","author":"Reija","date":"6.3.2016","format":false,"excerpt":"Kaikenmoisesta on juteltu. Paljon ty\u00f6el\u00e4m\u00e4n vaatimuksista, paljon Suomen ja Suomen nuorten ihmisten taloudesta, itse kunkin omasta el\u00e4m\u00e4st\u00e4, tulevasta, haaveista, peloistakin. Sairauksista, vanhuudesta. Esikoinen (26 v. ) \u00a0- k\u00e4yty\u00e4\u00e4n eilen molemmat mummulat - totesi, ett\u00e4 kyll\u00e4h\u00e4n se h\u00e4mm\u00e4stytt\u00e4\u00e4, kuinka itse huomaa p\u00e4iv\u00e4 p\u00e4iv\u00e4lt\u00e4 muistuttavansa (koskien nimenomaan ty\u00f6el\u00e4m\u00e4\u00e4) enemm\u00e4n vanhempiaan. ... Mit\u00e4p\u00e4\u2026","rel":"","context":"Kategoriassa &quot;Lappi&quot;","block_context":{"text":"Lappi","link":"https:\/\/www.satokangas.fi\/blogi\/category\/lappi\/"},"img":{"alt_text":"_MG_5027","src":"https:\/\/i0.wp.com\/www.satokangas.fi\/blogi\/wp-content\/uploads\/2016\/03\/MG_5027-600x400.jpg?resize=350%2C200&ssl=1","width":350,"height":200,"srcset":"https:\/\/i0.wp.com\/www.satokangas.fi\/blogi\/wp-content\/uploads\/2016\/03\/MG_5027-600x400.jpg?resize=350%2C200&ssl=1 1x, https:\/\/i0.wp.com\/www.satokangas.fi\/blogi\/wp-content\/uploads\/2016\/03\/MG_5027-600x400.jpg?resize=525%2C300&ssl=1 1.5x"},"classes":[]},{"id":27620,"url":"https:\/\/www.satokangas.fi\/blogi\/2016\/02\/yksilosuorittaja-ei-opi\/","url_meta":{"origin":5997,"position":2},"title":"Yksil\u00f6suorittaja ei opi","author":"Reija","date":"15.2.2016","format":false,"excerpt":"Ryhm\u00e4ty\u00f6t. Mit\u00e4s mielt\u00e4 olette ryhm\u00e4t\u00f6ist\u00e4? Olen sit\u00e4 sukupolvea, jota joukko-oppi laskento-\/matikantunneilla ei viel\u00e4 koskenut, eik\u00e4 meill\u00e4 koulu\/opiskeluaikana paljon ryhm\u00e4t\u00f6it\u00e4k\u00e4\u00e4n tehty. Ty\u00f6el\u00e4m\u00e4ss\u00e4 jouduin\/p\u00e4\u00e4sin erilaisissa koulutustilaisuuksissa kokemaan kun (kasvatustieteilij\u00f6iden toimesta) yritettiin tehd\u00e4 ryhm\u00e4t\u00f6it\u00e4, luoda tiimihenke\u00e4, koheesiota, yhteis\u00f6llisyytt\u00e4. Okei, hyvi\u00e4 juttuja, mutta teenn\u00e4isyys, v\u00e4kisin yritt\u00e4minen, kun ei vaan onnistu. Ei minulta, eik\u00e4 kyll\u00e4\u2026","rel":"","context":"Kategoriassa &quot;Historiaa&quot;","block_context":{"text":"Historiaa","link":"https:\/\/www.satokangas.fi\/blogi\/category\/historiaa\/"},"img":{"alt_text":"1-25","src":"https:\/\/i0.wp.com\/www.satokangas.fi\/blogi\/wp-content\/uploads\/2016\/02\/1-25-551x400.jpg?resize=350%2C200&ssl=1","width":350,"height":200,"srcset":"https:\/\/i0.wp.com\/www.satokangas.fi\/blogi\/wp-content\/uploads\/2016\/02\/1-25-551x400.jpg?resize=350%2C200&ssl=1 1x, https:\/\/i0.wp.com\/www.satokangas.fi\/blogi\/wp-content\/uploads\/2016\/02\/1-25-551x400.jpg?resize=525%2C300&ssl=1 1.5x"},"classes":[]},{"id":42118,"url":"https:\/\/www.satokangas.fi\/blogi\/2021\/12\/benvenuti-cari-amici\/","url_meta":{"origin":5997,"position":3},"title":"Benvenuti, Cari Amici!","author":"Reija","date":"11.12.2021","format":false,"excerpt":"Juhlap\u00e4iv\u00e4 t\u00e4n\u00e4\u00e4n. Meid\u00e4t oli kutsuttu! Me kolme historian opiskelijaa vuosikymmenten takaa... me ja meid\u00e4n avecit. Istuimme koko herkullisen, mukavan illan ruokap\u00f6yd\u00e4ss\u00e4. Sy\u00f6den hyvin, erinomaisesti. Kauniisti katetussa p\u00f6yd\u00e4ss\u00e4, jouluisessa kodissa. Lohiterriini ja ja siikatartar olivat jotain ylivertaisen hyv\u00e4\u00e4. Kuten my\u00f6s yrttiporo, sen kypsyys oli perfetto. Min\u00e4 - viski\u00e4 kaihtava - suhtauduin\u2026","rel":"","context":"Kategoriassa &quot;Niit\u00e4 n\u00e4it\u00e4&quot;","block_context":{"text":"Niit\u00e4 n\u00e4it\u00e4","link":"https:\/\/www.satokangas.fi\/blogi\/category\/aiheeton\/"},"img":{"alt_text":"","src":"https:\/\/i0.wp.com\/www.satokangas.fi\/blogi\/wp-content\/uploads\/2021\/12\/Amici-4.jpg?resize=350%2C200&ssl=1","width":350,"height":200,"srcset":"https:\/\/i0.wp.com\/www.satokangas.fi\/blogi\/wp-content\/uploads\/2021\/12\/Amici-4.jpg?resize=350%2C200&ssl=1 1x, https:\/\/i0.wp.com\/www.satokangas.fi\/blogi\/wp-content\/uploads\/2021\/12\/Amici-4.jpg?resize=525%2C300&ssl=1 1.5x, https:\/\/i0.wp.com\/www.satokangas.fi\/blogi\/wp-content\/uploads\/2021\/12\/Amici-4.jpg?resize=700%2C400&ssl=1 2x"},"classes":[]},{"id":29562,"url":"https:\/\/www.satokangas.fi\/blogi\/2016\/11\/paluu-arkeen-2\/","url_meta":{"origin":5997,"position":4},"title":"Paluu arkeen","author":"Reija","date":"7.11.2016","format":false,"excerpt":"Jos jakoaikana, jota nyt siis el\u00e4mme, paistaa aurinko, tulee hyv\u00e4 vuosi. Jakoaika, vanha ajanlaskussa t\u00e4rke\u00e4 vuoden taitekohta, on marraskuun alussa, kekrin ja pyh\u00e4inp\u00e4iv\u00e4n j\u00e4lkeen.\u00a0Nyt kun on jakoaika, on monta p\u00e4iv\u00e4\u00e4 paistanut kauniisti, ollut aika kipakka pakkanenkin. Aamuisin - 10 C tienoilla. Paljon mukavampaa t\u00e4m\u00e4 on kuin r\u00e4nt\u00e4sateinen, lumiloskainen maisema. Viikonloppuna\u2026","rel":"","context":"Kategoriassa &quot;Niit\u00e4 n\u00e4it\u00e4&quot;","block_context":{"text":"Niit\u00e4 n\u00e4it\u00e4","link":"https:\/\/www.satokangas.fi\/blogi\/category\/aiheeton\/"},"img":{"alt_text":"studio","src":"https:\/\/i0.wp.com\/www.satokangas.fi\/blogi\/wp-content\/uploads\/2016\/11\/Studio-575x400.jpg?resize=350%2C200&ssl=1","width":350,"height":200,"srcset":"https:\/\/i0.wp.com\/www.satokangas.fi\/blogi\/wp-content\/uploads\/2016\/11\/Studio-575x400.jpg?resize=350%2C200&ssl=1 1x, https:\/\/i0.wp.com\/www.satokangas.fi\/blogi\/wp-content\/uploads\/2016\/11\/Studio-575x400.jpg?resize=525%2C300&ssl=1 1.5x"},"classes":[]},{"id":33384,"url":"https:\/\/www.satokangas.fi\/blogi\/2018\/02\/opiskelua-perheessa-riittaa\/","url_meta":{"origin":5997,"position":5},"title":"Opiskelua perheess\u00e4 riitt\u00e4\u00e4&#8230;","author":"Reija","date":"19.2.2018","format":false,"excerpt":"No nyt se sitten on auki. Meid\u00e4n Esikoisen paikalle Alma Mediaan etsit\u00e4\u00e4n uutta digiasiantuntijaa (mik\u00e4 on kyll\u00e4 kuulemma vain puolet siit\u00e4, mit\u00e4 hommiinsa nyky\u00e4\u00e4n kuuluu). Kolme vuotta Kauppalehden harjoittelijasta digiasiantuntijaksi ja lopulta Alma Median tuotep\u00e4\u00e4llik\u00f6ksi. Tarinassa on paljon k\u00e4\u00e4nteit\u00e4 ja muuttuvia tekij\u00f6it\u00e4, mutta olennaista on se, ett\u00e4 ty\u00f6nkuva ja ty\u00f6m\u00e4\u00e4r\u00e4\u2026","rel":"","context":"Kategoriassa &quot;Valokuvaus&quot;","block_context":{"text":"Valokuvaus","link":"https:\/\/www.satokangas.fi\/blogi\/category\/valokuvaus\/"},"img":{"alt_text":"","src":"https:\/\/i0.wp.com\/www.satokangas.fi\/blogi\/wp-content\/uploads\/2018\/02\/Nallikari-4.jpg?resize=350%2C200&ssl=1","width":350,"height":200,"srcset":"https:\/\/i0.wp.com\/www.satokangas.fi\/blogi\/wp-content\/uploads\/2018\/02\/Nallikari-4.jpg?resize=350%2C200&ssl=1 1x, https:\/\/i0.wp.com\/www.satokangas.fi\/blogi\/wp-content\/uploads\/2018\/02\/Nallikari-4.jpg?resize=525%2C300&ssl=1 1.5x, https:\/\/i0.wp.com\/www.satokangas.fi\/blogi\/wp-content\/uploads\/2018\/02\/Nallikari-4.jpg?resize=700%2C400&ssl=1 2x"},"classes":[]}],"_links":{"self":[{"href":"https:\/\/www.satokangas.fi\/blogi\/wp-json\/wp\/v2\/posts\/5997","targetHints":{"allow":["GET"]}}],"collection":[{"href":"https:\/\/www.satokangas.fi\/blogi\/wp-json\/wp\/v2\/posts"}],"about":[{"href":"https:\/\/www.satokangas.fi\/blogi\/wp-json\/wp\/v2\/types\/post"}],"author":[{"embeddable":true,"href":"https:\/\/www.satokangas.fi\/blogi\/wp-json\/wp\/v2\/users\/1"}],"replies":[{"embeddable":true,"href":"https:\/\/www.satokangas.fi\/blogi\/wp-json\/wp\/v2\/comments?post=5997"}],"version-history":[{"count":0,"href":"https:\/\/www.satokangas.fi\/blogi\/wp-json\/wp\/v2\/posts\/5997\/revisions"}],"wp:attachment":[{"href":"https:\/\/www.satokangas.fi\/blogi\/wp-json\/wp\/v2\/media?parent=5997"}],"wp:term":[{"taxonomy":"category","embeddable":true,"href":"https:\/\/www.satokangas.fi\/blogi\/wp-json\/wp\/v2\/categories?post=5997"},{"taxonomy":"post_tag","embeddable":true,"href":"https:\/\/www.satokangas.fi\/blogi\/wp-json\/wp\/v2\/tags?post=5997"}],"curies":[{"name":"wp","href":"https:\/\/api.w.org\/{rel}","templated":true}]}}