{"id":5953,"date":"2010-02-07T17:57:15","date_gmt":"2010-02-07T15:57:15","guid":{"rendered":"https:\/\/www.satokangas.fi\/blogi\/?p=5953"},"modified":"2023-09-17T09:23:21","modified_gmt":"2023-09-17T06:23:21","slug":"sunnuntailenkilla","status":"publish","type":"post","link":"https:\/\/www.satokangas.fi\/blogi\/2010\/02\/sunnuntailenkilla\/","title":{"rendered":"Sunnuntailenkill\u00e4"},"content":{"rendered":"<p>T\u00e4n\u00e4\u00e4n hautausmaalla oli kuin olisi k\u00e4vellyt smurffikyl\u00e4ss\u00e4 tai hattivattien keskell\u00e4&#8230; hautakivet lumihattuineen hymyilyttiv\u00e4t.<\/p>\n<p><a href=\"https:\/\/www.satokangas.fi\/blogi\/wp-content\/uploads\/2010\/02\/hautausmaalla-4.jpg\"><img loading=\"lazy\" decoding=\"async\" data-attachment-id=\"5961\" data-permalink=\"https:\/\/www.satokangas.fi\/blogi\/2010\/02\/sunnuntailenkilla\/hautausmaalla-4-2\/\" data-orig-file=\"https:\/\/www.satokangas.fi\/blogi\/wp-content\/uploads\/2010\/02\/hautausmaalla-4.jpg\" data-orig-size=\"1000,667\" data-comments-opened=\"1\" data-image-meta=\"{&quot;aperture&quot;:&quot;16&quot;,&quot;credit&quot;:&quot;&quot;,&quot;camera&quot;:&quot;Canon EOS 450D&quot;,&quot;caption&quot;:&quot;&quot;,&quot;created_timestamp&quot;:&quot;1265537778&quot;,&quot;copyright&quot;:&quot;&quot;,&quot;focal_length&quot;:&quot;105&quot;,&quot;iso&quot;:&quot;400&quot;,&quot;shutter_speed&quot;:&quot;0.005&quot;,&quot;title&quot;:&quot;&quot;}\" data-image-title=\"hautausmaalla 4\" data-image-description=\"\" data-image-caption=\"\" data-large-file=\"https:\/\/www.satokangas.fi\/blogi\/wp-content\/uploads\/2010\/02\/hautausmaalla-4.jpg\" class=\"aligncenter size-medium wp-image-5961\" title=\"hautausmaalla 4\" src=\"https:\/\/www.satokangas.fi\/blogi\/wp-content\/uploads\/2010\/02\/hautausmaalla-4-500x333.jpg\" alt=\"\" width=\"500\" height=\"333\" srcset=\"https:\/\/www.satokangas.fi\/blogi\/wp-content\/uploads\/2010\/02\/hautausmaalla-4-500x333.jpg 500w, https:\/\/www.satokangas.fi\/blogi\/wp-content\/uploads\/2010\/02\/hautausmaalla-4-200x133.jpg 200w, https:\/\/www.satokangas.fi\/blogi\/wp-content\/uploads\/2010\/02\/hautausmaalla-4.jpg 1000w\" sizes=\"auto, (max-width: 500px) 100vw, 500px\" \/><\/a><\/p>\n<p>Hautuumaalla kierrelless\u00e4 rupesi paistamaan aurinko, joten p\u00e4\u00e4tin ajella Toppilansaareen. Siell\u00e4 olikin paljon uutta katseltavaa ja kuvattavaa&#8230; Otsikkokuvakin on sielt\u00e4.\u00a0 Tuli ulkoiltua oikein kunnolla. Ei tuullut ja n\u00e4kyi aurinko! Lempe\u00e4 aurinko, ei pakkasen kirpe\u00e4 kova valo&#8230;<\/p>\n<p><a href=\"https:\/\/www.satokangas.fi\/blogi\/wp-content\/uploads\/2010\/02\/kevatta-kohti-kuitenkin1.jpg\"><img loading=\"lazy\" decoding=\"async\" data-attachment-id=\"5965\" data-permalink=\"https:\/\/www.satokangas.fi\/blogi\/2010\/02\/sunnuntailenkilla\/kevatta-kohti-kuitenkin-2\/\" data-orig-file=\"https:\/\/www.satokangas.fi\/blogi\/wp-content\/uploads\/2010\/02\/kevatta-kohti-kuitenkin1.jpg\" data-orig-size=\"1000,560\" data-comments-opened=\"1\" data-image-meta=\"{&quot;aperture&quot;:&quot;13&quot;,&quot;credit&quot;:&quot;&quot;,&quot;camera&quot;:&quot;Canon EOS 450D&quot;,&quot;caption&quot;:&quot;&quot;,&quot;created_timestamp&quot;:&quot;1265540054&quot;,&quot;copyright&quot;:&quot;&quot;,&quot;focal_length&quot;:&quot;70&quot;,&quot;iso&quot;:&quot;400&quot;,&quot;shutter_speed&quot;:&quot;0.0015625&quot;,&quot;title&quot;:&quot;&quot;}\" data-image-title=\"kevatta kohti kuitenkin\" data-image-description=\"\" data-image-caption=\"\" data-large-file=\"https:\/\/www.satokangas.fi\/blogi\/wp-content\/uploads\/2010\/02\/kevatta-kohti-kuitenkin1.jpg\" class=\"aligncenter wp-image-5965 size-full\" title=\"kevatta kohti kuitenkin\" src=\"https:\/\/www.satokangas.fi\/blogi\/wp-content\/uploads\/2010\/02\/kevatta-kohti-kuitenkin1.jpg\" alt=\"\" width=\"1000\" height=\"560\" srcset=\"https:\/\/www.satokangas.fi\/blogi\/wp-content\/uploads\/2010\/02\/kevatta-kohti-kuitenkin1.jpg 1000w, https:\/\/www.satokangas.fi\/blogi\/wp-content\/uploads\/2010\/02\/kevatta-kohti-kuitenkin1-200x112.jpg 200w, https:\/\/www.satokangas.fi\/blogi\/wp-content\/uploads\/2010\/02\/kevatta-kohti-kuitenkin1-500x280.jpg 500w\" sizes=\"auto, (max-width: 1000px) 100vw, 1000px\" \/><\/a><\/p>\n<p>T\u00e4m\u00e4 puu (vai pensas?) oli kuvattava koska minulle tuli siit\u00e4 mieleen olkap\u00e4\u00e4ni &#8230; Tuolta se tuntuu. Mutta huom. taustalla siint\u00e4\u00e4 valoa &#8230;<\/p>\n<p><a href=\"https:\/\/www.satokangas.fi\/blogi\/wp-content\/uploads\/2010\/02\/olkapaa.jpg\"><img loading=\"lazy\" decoding=\"async\" data-attachment-id=\"5964\" data-permalink=\"https:\/\/www.satokangas.fi\/blogi\/2010\/02\/sunnuntailenkilla\/olkapaa\/\" data-orig-file=\"https:\/\/www.satokangas.fi\/blogi\/wp-content\/uploads\/2010\/02\/olkapaa.jpg\" data-orig-size=\"1000,667\" data-comments-opened=\"1\" data-image-meta=\"{&quot;aperture&quot;:&quot;4.5&quot;,&quot;credit&quot;:&quot;&quot;,&quot;camera&quot;:&quot;Canon EOS 450D&quot;,&quot;caption&quot;:&quot;&quot;,&quot;created_timestamp&quot;:&quot;1265539901&quot;,&quot;copyright&quot;:&quot;&quot;,&quot;focal_length&quot;:&quot;105&quot;,&quot;iso&quot;:&quot;400&quot;,&quot;shutter_speed&quot;:&quot;0.0005&quot;,&quot;title&quot;:&quot;&quot;}\" data-image-title=\"olkapaa\" data-image-description=\"\" data-image-caption=\"\" data-large-file=\"https:\/\/www.satokangas.fi\/blogi\/wp-content\/uploads\/2010\/02\/olkapaa.jpg\" class=\"aligncenter wp-image-5964 size-full\" title=\"olkapaa\" src=\"https:\/\/www.satokangas.fi\/blogi\/wp-content\/uploads\/2010\/02\/olkapaa.jpg\" alt=\"\" width=\"1000\" height=\"667\" srcset=\"https:\/\/www.satokangas.fi\/blogi\/wp-content\/uploads\/2010\/02\/olkapaa.jpg 1000w, https:\/\/www.satokangas.fi\/blogi\/wp-content\/uploads\/2010\/02\/olkapaa-200x133.jpg 200w, https:\/\/www.satokangas.fi\/blogi\/wp-content\/uploads\/2010\/02\/olkapaa-500x333.jpg 500w\" sizes=\"auto, (max-width: 1000px) 100vw, 1000px\" \/><\/a><\/p>\n","protected":false},"excerpt":{"rendered":"<p>T\u00e4n\u00e4\u00e4n hautausmaalla oli kuin olisi k\u00e4vellyt smurffikyl\u00e4ss\u00e4 tai hattivattien keskell\u00e4&#8230; hautakivet lumihattuineen hymyilyttiv\u00e4t. Hautuumaalla kierrelless\u00e4 rupesi paistamaan aurinko, joten p\u00e4\u00e4tin ajella Toppilansaareen. Siell\u00e4 olikin paljon uutta katseltavaa ja kuvattavaa&#8230; Otsikkokuvakin on sielt\u00e4.\u00a0 Tuli ulkoiltua oikein kunnolla. Ei tuullut ja n\u00e4kyi aurinko! Lempe\u00e4 aurinko, ei pakkasen kirpe\u00e4 kova valo&#8230; T\u00e4m\u00e4 puu (vai pensas?) oli kuvattava koska minulle tuli siit\u00e4 mieleen olkap\u00e4\u00e4ni &hellip; <\/p>\n","protected":false},"author":1,"featured_media":0,"comment_status":"open","ping_status":"open","sticky":false,"template":"","format":"standard","meta":{"jetpack_post_was_ever_published":false,"_jetpack_newsletter_access":"","_jetpack_dont_email_post_to_subs":false,"_jetpack_newsletter_tier_id":0,"_jetpack_memberships_contains_paywalled_content":false,"_jetpack_memberships_contains_paid_content":false,"footnotes":"","jetpack_publicize_message":"","jetpack_publicize_feature_enabled":true,"jetpack_social_post_already_shared":false,"jetpack_social_options":{"image_generator_settings":{"template":"highway","default_image_id":0,"font":"","enabled":false},"version":2}},"categories":[74,37],"tags":[],"class_list":["post-5953","post","type-post","status-publish","format-standard","hentry","category-hautausmailla","category-valokuvaus","latest_post"],"jetpack_publicize_connections":[],"jetpack_featured_media_url":"","jetpack_shortlink":"https:\/\/wp.me\/pr4p4-1y1","jetpack_sharing_enabled":true,"jetpack_likes_enabled":false,"jetpack-related-posts":[{"id":1216,"url":"https:\/\/www.satokangas.fi\/blogi\/2008\/10\/al-pacinoa-etsimassa\/","url_meta":{"origin":5953,"position":0},"title":"Al Pacinoa etsim\u00e4ss\u00e4","author":"Reija","date":"24.10.2008","format":false,"excerpt":"Eilen illalla alkanut sade pakotti meid\u00e4t juoksemaan Corso Umbertoa hotellille, ja silti l\u00e4hes kastuttiin. Sade jatkui y\u00f6h\u00f6n ja aamu valkeni utuisena ja kylm\u00e4n\u00e4 (+ 16 C). Retkibussiin noustessa kahdeksalta tihuutti mutta S\u00e0vocan ja Forza d'Agron kyl\u00e4ss\u00e4 v\u00e4ltyimme sateelta. Pojatkin lopulta p\u00e4\u00e4ttiv\u00e4t l\u00e4hte\u00e4 mukaan retkelle, ja vaikkeivat jaksaneet kuunnella (nukkuivat mokomat,\u2026","rel":"","context":"Kategoriassa &quot;Hautausmailla&quot;","block_context":{"text":"Hautausmailla","link":"https:\/\/www.satokangas.fi\/blogi\/category\/hautausmailla\/"},"img":{"alt_text":"","src":"https:\/\/i0.wp.com\/www.satokangas.fi\/blogi\/wp-content\/uploads\/2008\/10\/bar-vitelli-500x369.jpg?resize=350%2C200&ssl=1","width":350,"height":200},"classes":[]},{"id":25620,"url":"https:\/\/www.satokangas.fi\/blogi\/2015\/08\/naantalin-aurinko\/","url_meta":{"origin":5953,"position":1},"title":"Naantalin aurinko","author":"Reija","date":"18.8.2015","format":false,"excerpt":"Naantalissa 1700-luvulla olleen maatullin tullikamarin rakennus oli punaiseksi maalattu, jotta kaikki kaupunkiin tulevat sen huomaisivat. Sen yhteydess\u00e4 olevan portin yl\u00e4osaan maalattiin keltainen aurinko loistamaan. Perim\u00e4tietoon on j\u00e4\u00e4nyt t\u00e4m\u00e4 \u201dmaantiet\u00e4 matkanneen silmiin osunut maalaus\u201d ja on syntynyt sanonta \u201dloistaa kuin Naantalin aurinko\u201d. T\u00e4n\u00e4\u00e4nkin Naantalissa on paistanut aurinko. Jo nelj\u00e4 vuotta sitten\u2026","rel":"","context":"Kategoriassa &quot;Hautausmailla&quot;","block_context":{"text":"Hautausmailla","link":"https:\/\/www.satokangas.fi\/blogi\/category\/hautausmailla\/"},"img":{"alt_text":"Naantali","src":"https:\/\/i0.wp.com\/www.satokangas.fi\/blogi\/wp-content\/uploads\/2015\/08\/Naantali-600x400.jpg?resize=350%2C200&ssl=1","width":350,"height":200,"srcset":"https:\/\/i0.wp.com\/www.satokangas.fi\/blogi\/wp-content\/uploads\/2015\/08\/Naantali-600x400.jpg?resize=350%2C200&ssl=1 1x, https:\/\/i0.wp.com\/www.satokangas.fi\/blogi\/wp-content\/uploads\/2015\/08\/Naantali-600x400.jpg?resize=525%2C300&ssl=1 1.5x"},"classes":[]},{"id":26040,"url":"https:\/\/www.satokangas.fi\/blogi\/2015\/09\/piste-iin-paalle\/","url_meta":{"origin":5953,"position":2},"title":"Piste Iin p\u00e4\u00e4lle","author":"Reija","date":"13.9.2015","format":false,"excerpt":"Iiss\u00e4 olen. Istun sisareni talon lasiverannalla, ja katselen Iijokea. On sunnuntai-ilta, ja min\u00e4 olen \"reissussa\". Juhlaviikkoni jatkuvat. Viel\u00e4 \u00e4sken paistoi, ilta kyll\u00e4 jo viilenee.\u00a0Mutta p\u00e4iv\u00e4ll\u00e4 paistoi siniselt\u00e4 taivaalta: oltiin Iin keskustassa k\u00e4velem\u00e4ss\u00e4. Hautausmaalla (tietysti), nahkiaismertoja etsittiin kuvattavaksi, Iin Haminassa kierreltiin ja lopuksi viel\u00e4 k\u00e4ytiin Kauppilan ymp\u00e4rist\u00f6taideteoksia katsomassa = k\u00e4veltiin \"Ruustinnan\"\u2026","rel":"","context":"Kategoriassa &quot;Hautausmailla&quot;","block_context":{"text":"Hautausmailla","link":"https:\/\/www.satokangas.fi\/blogi\/category\/hautausmailla\/"},"img":{"alt_text":"IMG_6319-2","src":"https:\/\/i0.wp.com\/www.satokangas.fi\/blogi\/wp-content\/uploads\/2015\/09\/IMG_6319-2-243x400.jpg?resize=350%2C200&ssl=1","width":350,"height":200},"classes":[]},{"id":28423,"url":"https:\/\/www.satokangas.fi\/blogi\/2016\/06\/vielakin-kuvien-maailmassa\/","url_meta":{"origin":5953,"position":3},"title":"Viel\u00e4kin kuvien maailmassa&#8230;","author":"Reija","date":"12.6.2016","format":false,"excerpt":"Palautep\u00e4iv\u00e4. Nyt, taas, tyhj\u00e4 olo. Mutta nyt (eka kertaa?)\u00a0\u00a0kouluviikonlopun j\u00e4lkeen sellainen olo, ett\u00e4 kuitenkin on toivoa. T\u00e4ss\u00e4 kuva, jonka kurssikaveri (, kiitos Heikki Annala) otti ohi kulkiessaan kun me Marjukan kanssa omia kuvapareja otimme. Hautausmaiden kuvailija p\u00e4\u00e4si kuvattavaksi hautausmaan aidan p\u00e4\u00e4lle: Jes!!! Teht\u00e4v\u00e4nantohan oli n\u00e4in: \"Lappian [ = on meid\u00e4n\u2026","rel":"","context":"Kategoriassa &quot;Hautausmailla&quot;","block_context":{"text":"Hautausmailla","link":"https:\/\/www.satokangas.fi\/blogi\/category\/hautausmailla\/"},"img":{"alt_text":"Tilanne","src":"https:\/\/i0.wp.com\/www.satokangas.fi\/blogi\/wp-content\/uploads\/2016\/06\/Tilanne-600x279.jpg?resize=350%2C200&ssl=1","width":350,"height":200,"srcset":"https:\/\/i0.wp.com\/www.satokangas.fi\/blogi\/wp-content\/uploads\/2016\/06\/Tilanne-600x279.jpg?resize=350%2C200&ssl=1 1x, https:\/\/i0.wp.com\/www.satokangas.fi\/blogi\/wp-content\/uploads\/2016\/06\/Tilanne-600x279.jpg?resize=525%2C300&ssl=1 1.5x"},"classes":[]},{"id":3918,"url":"https:\/\/www.satokangas.fi\/blogi\/2009\/08\/longislandilaiset-lapissa\/","url_meta":{"origin":5953,"position":4},"title":"Longislandilaiset Lapissa","author":"Reija","date":"1.8.2009","format":false,"excerpt":"New Yorkin kone laskeutui t\u00e4n\u00e4 aamuna 1\u00bd tuntia my\u00f6h\u00e4ss\u00e4 Helsinkiin. No mit\u00e4 se meit\u00e4 liikuttaa? Sit\u00e4 vaan, ett\u00e4 huolehdittiin josko vieraamme ehtiv\u00e4t Ivalon koneeseen. Ehtiv\u00e4th\u00e4n he. Laukut eiv\u00e4t. No h\u00e4t\u00e4. Taksi toi ne illalla m\u00f6kin pihaan. Ivalon kent\u00e4ll\u00e4 oli pilvist\u00e4, melkein sateisen n\u00e4k\u00f6ist\u00e4, mutta kun p\u00e4\u00e4simme Kaunisp\u00e4\u00e4n etel\u00e4puolelle aurinko n\u00e4ytt\u00e4ytyi.\u2026","rel":"","context":"Kategoriassa &quot;Niit\u00e4 n\u00e4it\u00e4&quot;","block_context":{"text":"Niit\u00e4 n\u00e4it\u00e4","link":"https:\/\/www.satokangas.fi\/blogi\/category\/aiheeton\/"},"img":{"alt_text":"","src":"","width":0,"height":0},"classes":[]},{"id":42081,"url":"https:\/\/www.satokangas.fi\/blogi\/2021\/12\/pakkastouhuja-ja-mietteita\/","url_meta":{"origin":5953,"position":5},"title":"Pakkastouhuja ja -mietteit\u00e4","author":"Reija","date":"5.12.2021","format":false,"excerpt":"Kello l\u00f6i jo viisi, ... her\u00e4sinh\u00e4n min\u00e4. Jokin sukupolvien perinne selk\u00e4ytimess\u00e4, ett\u00e4 pyh\u00e4n\u00e4 ei kovin kovasti saisi touhuta, lepop\u00e4iv\u00e4\u00e4 olisi yritett\u00e4v\u00e4 viett\u00e4\u00e4, joten yritinp\u00e4 sitten edes aamun ottaa levollisesti. Aamup\u00e4iv\u00e4ll\u00e4 sain eilisen joulubrunssin kuvasaaliin peratuksi, kehitetyksi ja julkaisuunkin jo: KLIKS. Kuinkahan kauan viel\u00e4 menee, ett\u00e4 suostun pime\u00e4ss\u00e4 tilassa k\u00e4ytt\u00e4m\u00e4\u00e4n salamaa?\u2026","rel":"","context":"Kategoriassa &quot;Hautausmailla&quot;","block_context":{"text":"Hautausmailla","link":"https:\/\/www.satokangas.fi\/blogi\/category\/hautausmailla\/"},"img":{"alt_text":"","src":"https:\/\/i0.wp.com\/www.satokangas.fi\/blogi\/wp-content\/uploads\/2021\/12\/Soppadeluxe.jpg?resize=350%2C200&ssl=1","width":350,"height":200,"srcset":"https:\/\/i0.wp.com\/www.satokangas.fi\/blogi\/wp-content\/uploads\/2021\/12\/Soppadeluxe.jpg?resize=350%2C200&ssl=1 1x, https:\/\/i0.wp.com\/www.satokangas.fi\/blogi\/wp-content\/uploads\/2021\/12\/Soppadeluxe.jpg?resize=525%2C300&ssl=1 1.5x, https:\/\/i0.wp.com\/www.satokangas.fi\/blogi\/wp-content\/uploads\/2021\/12\/Soppadeluxe.jpg?resize=700%2C400&ssl=1 2x"},"classes":[]}],"_links":{"self":[{"href":"https:\/\/www.satokangas.fi\/blogi\/wp-json\/wp\/v2\/posts\/5953","targetHints":{"allow":["GET"]}}],"collection":[{"href":"https:\/\/www.satokangas.fi\/blogi\/wp-json\/wp\/v2\/posts"}],"about":[{"href":"https:\/\/www.satokangas.fi\/blogi\/wp-json\/wp\/v2\/types\/post"}],"author":[{"embeddable":true,"href":"https:\/\/www.satokangas.fi\/blogi\/wp-json\/wp\/v2\/users\/1"}],"replies":[{"embeddable":true,"href":"https:\/\/www.satokangas.fi\/blogi\/wp-json\/wp\/v2\/comments?post=5953"}],"version-history":[{"count":0,"href":"https:\/\/www.satokangas.fi\/blogi\/wp-json\/wp\/v2\/posts\/5953\/revisions"}],"wp:attachment":[{"href":"https:\/\/www.satokangas.fi\/blogi\/wp-json\/wp\/v2\/media?parent=5953"}],"wp:term":[{"taxonomy":"category","embeddable":true,"href":"https:\/\/www.satokangas.fi\/blogi\/wp-json\/wp\/v2\/categories?post=5953"},{"taxonomy":"post_tag","embeddable":true,"href":"https:\/\/www.satokangas.fi\/blogi\/wp-json\/wp\/v2\/tags?post=5953"}],"curies":[{"name":"wp","href":"https:\/\/api.w.org\/{rel}","templated":true}]}}