{"id":54972,"date":"2026-09-03T21:13:38","date_gmt":"2026-09-03T18:13:38","guid":{"rendered":"https:\/\/www.satokangas.fi\/blogi\/?p=54972"},"modified":"2026-09-05T07:29:52","modified_gmt":"2026-09-05T04:29:52","slug":"tuvassa-ja-tunturissa","status":"publish","type":"post","link":"https:\/\/www.satokangas.fi\/blogi\/2026\/09\/tuvassa-ja-tunturissa\/","title":{"rendered":"Tuvassa ja tunturissa"},"content":{"rendered":"\n<p class=\"wp-block-paragraph\">Remonteilla on tapana laajentua, eik\u00f6? &#8211; On tullut todistetuksi, ett\u00e4 n\u00e4inh\u00e4n se on. <\/p>\n\n\n\n<p class=\"wp-block-paragraph\">Kuukausi sitten olimme t\u00e4\u00e4ll\u00e4 pohjoisessa tekem\u00e4ss\u00e4 <em>vihdoin<\/em> vanhan m\u00f6kin terassiremppaa ja siin\u00e4 ohessa p\u00e4\u00e4tin maalailla m\u00f6kin kylpp\u00e4rin katon ja ikkunanpuitteet sis\u00e4puolelta. Hommat <a href=\"https:\/\/www.satokangas.fi\/blogi\/2026\/07\/huvila-huussi-hangasojalla\/\" data-type=\"post\" data-id=\"54807\">tuli tehty\u00e4<\/a>, ja valkoinen maali ikkunanpieliss\u00e4 olikin niin onnistunut juttu, ett\u00e4 nyt t\u00e4lle ruskaLOMALLE tullessa auton per\u00e4kontissa oli kuin olikin kolmen litran t\u00f6mpp\u00f6 maalia. &#8221;Huvila &amp; Huussi&#8221; &#8211; projekti laajeni eilen huussista huvilankin puolelle. Siis: my\u00f6s m\u00f6kin pikku kamarin ja pirtin ulko-ovenpielet ja ikkunoiden (x 5) karmit ovat olleet projektinani eilen ja t\u00e4n\u00e4\u00e4n. Nyt tuntuu silt\u00e4, ett\u00e4 en\u00e4\u00e4 en laajenna: huomenna viimeistelyt ja se on siin\u00e4! Hope so.<\/p>\n\n\n\n<p class=\"wp-block-paragraph\">Kun Ilmatieteen laitoksella olivat t\u00e4lle p\u00e4iv\u00e4lle uhkailleet t\u00e4nne rankkoja sadekuuroja iltap\u00e4iv\u00e4ksi ja aamup\u00e4iv\u00e4n vain pient\u00e4 sumua, p\u00e4\u00e4timme heti aamusta kahdeksan j\u00e4lkeen (kun kerran y\u00f6unet olivat loppuneet taas kesken) l\u00e4hte\u00e4 tunturiin. Pitk\u00e4st\u00e4 aikaa Iisakkip\u00e4\u00e4n huipulle (454 m. mpy) ja rengasreitti\u00e4 takaisin. Se on parin tunnin, seitsem\u00e4n kilometrin leppoisa kierros. Ajateltiin, ett\u00e4 mukava kiivet\u00e4 korkealla: &#8221;n\u00e4kee kauas, vain taivas rajana&#8221;. Heh, eih\u00e4n se ihan niin mennyt. <\/p>\n\n\n\n<figure class=\"wp-block-image size-large\"><img loading=\"lazy\" decoding=\"async\" width=\"375\" height=\"667\" data-attachment-id=\"54973\" data-permalink=\"https:\/\/www.satokangas.fi\/blogi\/2026\/09\/tuvassa-ja-tunturissa\/iisakki-2\/\" data-orig-file=\"https:\/\/www.satokangas.fi\/blogi\/wp-content\/uploads\/2026\/09\/Iisakki-2.jpg\" data-orig-size=\"450,800\" data-comments-opened=\"1\" data-image-title=\"Iisakki-2\" data-image-description=\"\" data-image-caption=\"\" data-large-file=\"https:\/\/www.satokangas.fi\/blogi\/wp-content\/uploads\/2026\/09\/Iisakki-2-375x667.jpg\" src=\"https:\/\/www.satokangas.fi\/blogi\/wp-content\/uploads\/2026\/09\/Iisakki-2-375x667.jpg\" alt=\"\" class=\"wp-image-54973\" srcset=\"https:\/\/www.satokangas.fi\/blogi\/wp-content\/uploads\/2026\/09\/Iisakki-2-375x667.jpg 375w, https:\/\/www.satokangas.fi\/blogi\/wp-content\/uploads\/2026\/09\/Iisakki-2-225x400.jpg 225w, https:\/\/www.satokangas.fi\/blogi\/wp-content\/uploads\/2026\/09\/Iisakki-2-113x200.jpg 113w, https:\/\/www.satokangas.fi\/blogi\/wp-content\/uploads\/2026\/09\/Iisakki-2.jpg 450w\" sizes=\"auto, (max-width: 375px) 100vw, 375px\" \/><\/figure>\n\n\n\n<p class=\"wp-block-paragraph\"><\/p>\n\n\n\n<p class=\"wp-block-paragraph\">Vasemmalla kaunis P\u00e4\u00e4si\u00e4iskuru. Kuten n\u00e4ette. &#x1f604;<\/p>\n\n\n\n<p class=\"wp-block-paragraph\">Aika l\u00e4mmin, tyven, toki usvainen, huipulla taidettiin taivaltaa pilvess\u00e4, oikeasti, ihan ilman mit\u00e4\u00e4n kemikaaleja. Sadetta ei ollut, mutta rillit huurussa ja kasvoilla tuntui kosteus. Oli mahdottoman hyv\u00e4 hengitt\u00e4\u00e4! <\/p>\n\n\n\n<figure class=\"wp-block-image size-large\"><img loading=\"lazy\" decoding=\"async\" width=\"375\" height=\"667\" data-attachment-id=\"54974\" data-permalink=\"https:\/\/www.satokangas.fi\/blogi\/2026\/09\/tuvassa-ja-tunturissa\/iisakki-3\/\" data-orig-file=\"https:\/\/www.satokangas.fi\/blogi\/wp-content\/uploads\/2026\/09\/Iisakki.jpg\" data-orig-size=\"450,800\" data-comments-opened=\"1\" data-image-title=\"Iisakki\" data-image-description=\"\" data-image-caption=\"\" data-large-file=\"https:\/\/www.satokangas.fi\/blogi\/wp-content\/uploads\/2026\/09\/Iisakki-375x667.jpg\" src=\"https:\/\/www.satokangas.fi\/blogi\/wp-content\/uploads\/2026\/09\/Iisakki-375x667.jpg\" alt=\"\" class=\"wp-image-54974\" srcset=\"https:\/\/www.satokangas.fi\/blogi\/wp-content\/uploads\/2026\/09\/Iisakki-375x667.jpg 375w, https:\/\/www.satokangas.fi\/blogi\/wp-content\/uploads\/2026\/09\/Iisakki-225x400.jpg 225w, https:\/\/www.satokangas.fi\/blogi\/wp-content\/uploads\/2026\/09\/Iisakki-113x200.jpg 113w, https:\/\/www.satokangas.fi\/blogi\/wp-content\/uploads\/2026\/09\/Iisakki.jpg 450w\" sizes=\"auto, (max-width: 375px) 100vw, 375px\" \/><\/figure>\n\n\n\n<p class=\"wp-block-paragraph\"><\/p>\n\n\n\n<p class=\"wp-block-paragraph\">Kamerakin oli repussa, mutta tyydyin r\u00e4psim\u00e4\u00e4n puhelimella kuvia, ja m\u00f6kille palattua, notskilla lounasmakkaroita (kasvisnakkeja!!) paistellessa ja aurinkoa pilvien v\u00e4list\u00e4 ihaillessa kokosin kuvasaaliin videoksi. Eip\u00e4 kovin h\u00e4\u00e4pp\u00f6nen, mutta ruska, sumu ja Lapin luonto sent\u00e4\u00e4n vilahtelevat. <\/p>\n\n\n\n<figure class=\"wp-block-video\"><video height=\"850\" style=\"aspect-ratio: 478 \/ 850;\" width=\"478\" controls src=\"https:\/\/www.satokangas.fi\/blogi\/wp-content\/uploads\/2026\/09\/Iisakkipaa_ruska_2026.mp4\"><\/video><\/figure>\n\n\n\n<p class=\"wp-block-paragraph\"><\/p>\n","protected":false},"excerpt":{"rendered":"<p>Remonteilla on tapana laajentua, eik\u00f6? &#8211; On tullut todistetuksi, ett\u00e4 n\u00e4inh\u00e4n se on. Kuukausi sitten olimme t\u00e4\u00e4ll\u00e4 pohjoisessa tekem\u00e4ss\u00e4 vihdoin vanhan m\u00f6kin terassiremppaa ja siin\u00e4 ohessa p\u00e4\u00e4tin maalailla m\u00f6kin kylpp\u00e4rin katon ja ikkunanpuitteet sis\u00e4puolelta. Hommat tuli tehty\u00e4, ja valkoinen maali ikkunanpieliss\u00e4 olikin niin onnistunut juttu, ett\u00e4 nyt t\u00e4lle ruskaLOMALLE tullessa auton per\u00e4kontissa oli kuin olikin kolmen litran t\u00f6mpp\u00f6 maalia. &#8221;Huvila &hellip; <\/p>\n","protected":false},"author":1,"featured_media":54973,"comment_status":"open","ping_status":"open","sticky":false,"template":"","format":"standard","meta":{"_jetpack_newsletter_access":"","_jetpack_dont_email_post_to_subs":false,"_jetpack_newsletter_tier_id":0,"_jetpack_memberships_contains_paywalled_content":false,"_jetpack_feature_clip_id":0,"_jetpack_memberships_contains_paid_content":false,"footnotes":"","jetpack_publicize_message":"","jetpack_publicize_feature_enabled":true,"jetpack_social_post_already_shared":true,"jetpack_social_options":{"image_generator_settings":{"template":"highway","default_image_id":0,"font":"","enabled":false},"version":2},"jetpack_post_was_ever_published":false},"categories":[15,33,97],"tags":[],"class_list":["post-54972","post","type-post","status-publish","format-standard","has-post-thumbnail","hentry","category-lappi","category-liikkuminen","category-mokkielamaa","latest_post"],"jetpack_publicize_connections":[],"jetpack_shortlink":"https:\/\/wp.me\/pr4p4-eiE","jetpack_sharing_enabled":true,"jetpack_likes_enabled":false,"jetpack-related-posts":[{"id":54807,"url":"https:\/\/www.satokangas.fi\/blogi\/2026\/07\/huvila-huussi-hangasojalla\/","url_meta":{"origin":54972,"position":0},"title":"Huvila &amp; huussi &#8211; Hangasojalla!","author":"Reija","date":"31.7.2026","format":false,"excerpt":"Kyll\u00e4 on sellainen Huvila & huussi -meininki t\u00e4\u00e4ll\u00e4 meid\u00e4n m\u00f6kkiprojekteissa. T\u00e4n\u00e4\u00e4n sain siivotuksi eilisen maalausprojektini j\u00e4ljet. Pieni, vanhan m\u00f6kin wc-kylpp\u00e4ri on nyt saanut uuden raikkaamman ilmeen. Miksen ole t\u00e4t\u00e4 aiemmin tehnyt? Liikuta nuolista: ennen ja j\u00e4lkeen. Eik\u00e4 vain katto, vaan my\u00f6s ovenpielilaudat saivat valkoisen v\u00e4rin! Useinhan k\u00e4y niin, ett\u00e4 remontti\u2026","rel":"","context":"Kategoriassa &quot;Niit\u00e4 n\u00e4it\u00e4&quot;","block_context":{"text":"Niit\u00e4 n\u00e4it\u00e4","link":"https:\/\/www.satokangas.fi\/blogi\/category\/aiheeton\/"},"img":{"alt_text":"","src":"https:\/\/i0.wp.com\/www.satokangas.fi\/blogi\/wp-content\/uploads\/2026\/07\/Huvila_huussi_2026-2-%E2%80%93-kopio.jpg?resize=350%2C200&ssl=1","width":350,"height":200,"srcset":"https:\/\/i0.wp.com\/www.satokangas.fi\/blogi\/wp-content\/uploads\/2026\/07\/Huvila_huussi_2026-2-%E2%80%93-kopio.jpg?resize=350%2C200&ssl=1 1x, https:\/\/i0.wp.com\/www.satokangas.fi\/blogi\/wp-content\/uploads\/2026\/07\/Huvila_huussi_2026-2-%E2%80%93-kopio.jpg?resize=525%2C300&ssl=1 1.5x"},"classes":[]},{"id":53018,"url":"https:\/\/www.satokangas.fi\/blogi\/2025\/09\/syksyisia-touhuja-2\/","url_meta":{"origin":54972,"position":1},"title":"Syksyisi\u00e4 touhuja","author":"Reija","date":"2.9.2025","format":false,"excerpt":"Melkein kes\u00e4 t\u00e4n\u00e4\u00e4n. Ja eilen, ja viikonloppuna. Silti ei mit\u00e4\u00e4n erityisen kes\u00e4isi\u00e4 puuhia, - p\u00e4invastoin syksyist\u00e4 tekemist\u00e4. Melkein puolukanpoimintaankin ryhdyin kun olin j\u00e4k\u00e4l\u00e4mets\u00e4ll\u00e4 t\u00e4n\u00e4\u00e4n. Py\u00f6r\u00e4lenkki taas Virpiniemen suunnalla ja mukana isohko paperikassi: syksyn ja talven p\u00f6yt\u00e4koristeisiin, ehk\u00e4 m\u00f6kin ikkunanpuitteiden v\u00e4liin, ehk\u00e4 sisaren haudalle, s\u00e4ilyisik\u00f6 viel\u00e4 tonttuovellekin joku j\u00e4k\u00e4l\u00e4pensas? M\u00f6kkimaisemista, Saarisel\u00e4n\u2026","rel":"","context":"Kategoriassa &quot;Niit\u00e4 n\u00e4it\u00e4&quot;","block_context":{"text":"Niit\u00e4 n\u00e4it\u00e4","link":"https:\/\/www.satokangas.fi\/blogi\/category\/aiheeton\/"},"img":{"alt_text":"","src":"https:\/\/i0.wp.com\/www.satokangas.fi\/blogi\/wp-content\/uploads\/2016\/10\/Syksyinen-kaupunki-11.jpg?resize=350%2C200&ssl=1","width":350,"height":200,"srcset":"https:\/\/i0.wp.com\/www.satokangas.fi\/blogi\/wp-content\/uploads\/2016\/10\/Syksyinen-kaupunki-11.jpg?resize=350%2C200&ssl=1 1x, https:\/\/i0.wp.com\/www.satokangas.fi\/blogi\/wp-content\/uploads\/2016\/10\/Syksyinen-kaupunki-11.jpg?resize=525%2C300&ssl=1 1.5x, https:\/\/i0.wp.com\/www.satokangas.fi\/blogi\/wp-content\/uploads\/2016\/10\/Syksyinen-kaupunki-11.jpg?resize=700%2C400&ssl=1 2x, https:\/\/i0.wp.com\/www.satokangas.fi\/blogi\/wp-content\/uploads\/2016\/10\/Syksyinen-kaupunki-11.jpg?resize=1050%2C600&ssl=1 3x, https:\/\/i0.wp.com\/www.satokangas.fi\/blogi\/wp-content\/uploads\/2016\/10\/Syksyinen-kaupunki-11.jpg?resize=1400%2C800&ssl=1 4x"},"classes":[]},{"id":52645,"url":"https:\/\/www.satokangas.fi\/blogi\/2025\/06\/maansiirtohommissa\/","url_meta":{"origin":54972,"position":2},"title":"Maansiirtohommissa","author":"Reija","date":"23.6.2025","format":false,"excerpt":"Luulet sie saatana, ett\u00e4 mie rupian py\u00f6reit\u00e4 kivil\u00f6it\u00e4 siun polkujeis varrelle asettelemaan? (Antero Rokka, Tuntematon sotilas) Ja kyll\u00e4, kyll\u00e4 on Huussi & Huvilaa katseltu. Turhankin paljon? Joka tapauksessa m\u00f6kkipihassa on myllerrys k\u00e4ynniss\u00e4, - tai oikeastaan eilen ja t\u00e4n\u00e4\u00e4n v\u00e4h\u00e4n aloiteltu. Polku m\u00f6kin nurkalta rantasaunalle on kaivettu, pintakerroksesta ja sen alta\u2026","rel":"","context":"Kategoriassa &quot;M\u00f6kkiel\u00e4m\u00e4\u00e4&quot;","block_context":{"text":"M\u00f6kkiel\u00e4m\u00e4\u00e4","link":"https:\/\/www.satokangas.fi\/blogi\/category\/mokkielamaa\/"},"img":{"alt_text":"","src":"https:\/\/i0.wp.com\/www.satokangas.fi\/blogi\/wp-content\/uploads\/2025\/06\/projekti-6.jpg?resize=350%2C200&ssl=1","width":350,"height":200,"srcset":"https:\/\/i0.wp.com\/www.satokangas.fi\/blogi\/wp-content\/uploads\/2025\/06\/projekti-6.jpg?resize=350%2C200&ssl=1 1x, https:\/\/i0.wp.com\/www.satokangas.fi\/blogi\/wp-content\/uploads\/2025\/06\/projekti-6.jpg?resize=525%2C300&ssl=1 1.5x, https:\/\/i0.wp.com\/www.satokangas.fi\/blogi\/wp-content\/uploads\/2025\/06\/projekti-6.jpg?resize=700%2C400&ssl=1 2x"},"classes":[]},{"id":43486,"url":"https:\/\/www.satokangas.fi\/blogi\/2022\/08\/mokkieloa-sateisena-lauantaina\/","url_meta":{"origin":54972,"position":3},"title":"M\u00f6kkieloa sateisena lauantaina","author":"Reija","date":"6.8.2022","format":false,"excerpt":"T\u00e4n\u00e4\u00e4n kaksi olennaista juttua: kun kerran lupasi sadetta iltap\u00e4iv\u00e4ksi p\u00e4\u00e4timme, ett\u00e4 t\u00e4n\u00e4\u00e4n ON se aiottu Tuulentuvan siivousp\u00e4iv\u00e4. Toinen t\u00e4rke\u00e4 juttu se, ett\u00e4 ehdin viel\u00e4 \u201daamumets\u00e4\u00e4n\u201d \u2013 hain l\u00e4himets\u00e4st\u00e4 niin paljon kehn\u00e4sieni\u00e4 ja ja isohaperoita, ett\u00e4 niist\u00e4 riitti ruoaksi asti. Tein (el\u00e4m\u00e4ni eka kertaa) sienilasagnea. Soveltelin omaa porolasagne-ohjettani, poron tilalla \"pannulla\u2026","rel":"","context":"Kategoriassa &quot;M\u00f6kkiel\u00e4m\u00e4\u00e4&quot;","block_context":{"text":"M\u00f6kkiel\u00e4m\u00e4\u00e4","link":"https:\/\/www.satokangas.fi\/blogi\/category\/mokkielamaa\/"},"img":{"alt_text":"","src":"https:\/\/i0.wp.com\/www.satokangas.fi\/blogi\/wp-content\/uploads\/2022\/08\/1-13.jpg?resize=350%2C200&ssl=1","width":350,"height":200,"srcset":"https:\/\/i0.wp.com\/www.satokangas.fi\/blogi\/wp-content\/uploads\/2022\/08\/1-13.jpg?resize=350%2C200&ssl=1 1x, https:\/\/i0.wp.com\/www.satokangas.fi\/blogi\/wp-content\/uploads\/2022\/08\/1-13.jpg?resize=525%2C300&ssl=1 1.5x, https:\/\/i0.wp.com\/www.satokangas.fi\/blogi\/wp-content\/uploads\/2022\/08\/1-13.jpg?resize=700%2C400&ssl=1 2x, https:\/\/i0.wp.com\/www.satokangas.fi\/blogi\/wp-content\/uploads\/2022\/08\/1-13.jpg?resize=1050%2C600&ssl=1 3x"},"classes":[]},{"id":43074,"url":"https:\/\/www.satokangas.fi\/blogi\/2022\/06\/kesapaiva-mokkipihassa\/","url_meta":{"origin":54972,"position":4},"title":"Kes\u00e4p\u00e4iv\u00e4 m\u00f6kkipihassa","author":"Reija","date":"8.6.2022","format":false,"excerpt":"\"Vartti mets\u00e4ss\u00e4 lis\u00e4\u00e4 elinaikaa p\u00e4iv\u00e4ll\u00e4\" vai miten se menik\u00e4\u00e4n? Joka tapuksessa olimme aamulla\/aamup\u00e4iv\u00e4ll\u00e4 mets\u00e4ss\u00e4 kauemmin kuin vartin. Ja ihan sama, tuliko elinaikaa lis\u00e4\u00e4, mutta oli niin levollista, kaunista ja p\u00e4\u00e4llimm\u00e4isen\u00e4 tuntui ep\u00e4todellisen hyv\u00e4 olo. Yhdess\u00e4 ja erikseen kiertelimme Hangasojan ja R\u00f6nk\u00f6nlammentien v\u00e4lisess\u00e4 maastossa, niin kauniissa kangasmets\u00e4ss\u00e4, auringonpaisteessa, oli hyv\u00e4 hengitt\u00e4\u00e4,\u2026","rel":"","context":"Kategoriassa &quot;M\u00f6kkiel\u00e4m\u00e4\u00e4&quot;","block_context":{"text":"M\u00f6kkiel\u00e4m\u00e4\u00e4","link":"https:\/\/www.satokangas.fi\/blogi\/category\/mokkielamaa\/"},"img":{"alt_text":"","src":"https:\/\/i0.wp.com\/www.satokangas.fi\/blogi\/wp-content\/uploads\/2022\/06\/koivut_1-2.jpg?resize=350%2C200&ssl=1","width":350,"height":200,"srcset":"https:\/\/i0.wp.com\/www.satokangas.fi\/blogi\/wp-content\/uploads\/2022\/06\/koivut_1-2.jpg?resize=350%2C200&ssl=1 1x, https:\/\/i0.wp.com\/www.satokangas.fi\/blogi\/wp-content\/uploads\/2022\/06\/koivut_1-2.jpg?resize=525%2C300&ssl=1 1.5x, https:\/\/i0.wp.com\/www.satokangas.fi\/blogi\/wp-content\/uploads\/2022\/06\/koivut_1-2.jpg?resize=700%2C400&ssl=1 2x"},"classes":[]},{"id":42592,"url":"https:\/\/www.satokangas.fi\/blogi\/2022\/03\/aika-vaatimaton-lauantai\/","url_meta":{"origin":54972,"position":5},"title":"Aika vaatimaton lauantai","author":"Reija","date":"19.3.2022","format":false,"excerpt":"T\u00e4lle p\u00e4iv\u00e4lle olin luvannut - taas - italialaista ruokaa, ja koskapa Apsu tykk\u00e4\u00e4 lohesta ja koska olin aamulla Kauppahallissa (kuvauskeikalla), p\u00e4\u00e4tin tehd\u00e4 - vihdoin - t\u00e4m\u00e4n hyv\u00e4n oloisen ohjeen mukaan meille \"toscanalaista lohta\". Lehtijutun mukaan ruoan piti olla varsin nopea ja makoisa, ja sellaiseksi min\u00e4kin sen \"paperilla\" mielsin. Todellisuus oli\u2026","rel":"","context":"Kategoriassa &quot;Niit\u00e4 n\u00e4it\u00e4&quot;","block_context":{"text":"Niit\u00e4 n\u00e4it\u00e4","link":"https:\/\/www.satokangas.fi\/blogi\/category\/aiheeton\/"},"img":{"alt_text":"","src":"https:\/\/i0.wp.com\/www.satokangas.fi\/blogi\/wp-content\/uploads\/2022\/03\/italia-5.jpg?resize=350%2C200&ssl=1","width":350,"height":200,"srcset":"https:\/\/i0.wp.com\/www.satokangas.fi\/blogi\/wp-content\/uploads\/2022\/03\/italia-5.jpg?resize=350%2C200&ssl=1 1x, https:\/\/i0.wp.com\/www.satokangas.fi\/blogi\/wp-content\/uploads\/2022\/03\/italia-5.jpg?resize=525%2C300&ssl=1 1.5x, https:\/\/i0.wp.com\/www.satokangas.fi\/blogi\/wp-content\/uploads\/2022\/03\/italia-5.jpg?resize=700%2C400&ssl=1 2x"},"classes":[]}],"jetpack_featured_media_url":"https:\/\/www.satokangas.fi\/blogi\/wp-content\/uploads\/2026\/09\/Iisakki-2.jpg","_links":{"self":[{"href":"https:\/\/www.satokangas.fi\/blogi\/wp-json\/wp\/v2\/posts\/54972","targetHints":{"allow":["GET"]}}],"collection":[{"href":"https:\/\/www.satokangas.fi\/blogi\/wp-json\/wp\/v2\/posts"}],"about":[{"href":"https:\/\/www.satokangas.fi\/blogi\/wp-json\/wp\/v2\/types\/post"}],"author":[{"embeddable":true,"href":"https:\/\/www.satokangas.fi\/blogi\/wp-json\/wp\/v2\/users\/1"}],"replies":[{"embeddable":true,"href":"https:\/\/www.satokangas.fi\/blogi\/wp-json\/wp\/v2\/comments?post=54972"}],"version-history":[{"count":0,"href":"https:\/\/www.satokangas.fi\/blogi\/wp-json\/wp\/v2\/posts\/54972\/revisions"}],"wp:featuredmedia":[{"embeddable":true,"href":"https:\/\/www.satokangas.fi\/blogi\/wp-json\/wp\/v2\/media\/54973"}],"wp:attachment":[{"href":"https:\/\/www.satokangas.fi\/blogi\/wp-json\/wp\/v2\/media?parent=54972"}],"wp:term":[{"taxonomy":"category","embeddable":true,"href":"https:\/\/www.satokangas.fi\/blogi\/wp-json\/wp\/v2\/categories?post=54972"},{"taxonomy":"post_tag","embeddable":true,"href":"https:\/\/www.satokangas.fi\/blogi\/wp-json\/wp\/v2\/tags?post=54972"}],"curies":[{"name":"wp","href":"https:\/\/api.w.org\/{rel}","templated":true}]}}