{"id":54962,"date":"2026-09-01T19:48:12","date_gmt":"2026-09-01T16:48:12","guid":{"rendered":"https:\/\/www.satokangas.fi\/blogi\/?p=54962"},"modified":"2026-09-01T19:48:14","modified_gmt":"2026-09-01T16:48:14","slug":"sittenkin-sateetonta","status":"publish","type":"post","link":"https:\/\/www.satokangas.fi\/blogi\/2026\/09\/sittenkin-sateetonta\/","title":{"rendered":"Sittenkin sateetonta"},"content":{"rendered":"\n<p class=\"wp-block-paragraph\">Eih\u00e4n se sitten satanutkaan! Muutama ripsaus vain. T\u00e4ll\u00e4 m\u00f6kkireissulle on luvattu sadetta suunnilleen joka p\u00e4iv\u00e4ksi, mutta hyvin on t\u00e4h\u00e4n asti p\u00e4rj\u00e4tty ilman sit\u00e4kin. T\u00e4ll\u00e4 kertaa sateettomuus ei olekaan ihan niiiin paljon toivottua kuin elokuun alun remppap\u00e4iv\u00e4n\u00e4 oli, mutta emme valita jos pilvett\u00f6m\u00e4ksi taivas repe\u00e4isi.<\/p>\n\n\n\n<p class=\"wp-block-paragraph\">T\u00e4lle m\u00f6kkilomaselle tultiin ruskaLOMALLE! Edellisella kerralla pari viikkoa t\u00e4\u00e4ll\u00e4 kuluivat ty\u00f6leirin merkeiss\u00e4, ja sitten lopuksi muutama p\u00e4iv\u00e4 yst\u00e4vien kanssa \u00b4oleillen\u00b4, kulkien kultamailla, tunturissa, notskipaikalla h\u00f6p\u00f6tellen ja paistellen makkaraa, illansuussa yhteisen p\u00f6yd\u00e4n \u00e4\u00e4ress\u00e4. Nyt on ajatuksena, ett\u00e4 chillaillaan, patikoidaan, ehk\u00e4 viel\u00e4 v\u00e4h\u00e4n maalaus- ja talkkarihommia muutenkin, mutta vankka aie oli l\u00e4hinn\u00e4 sienest\u00e4\u00e4, patikoida p\u00e4ivitt\u00e4in ja loppuaika luppoilla.<\/p>\n\n\n\n<p class=\"wp-block-paragraph\">Sienestyst\u00e4 on jo yritetty. L\u00e4himets\u00e4ss\u00e4 olen piipahdellut jo kolmena iltana, eilen k\u00e4ytiin aamup\u00e4iv\u00e4ll\u00e4 meid\u00e4n &#8221;mustatorvisieniapajalla&#8221;. Nope! &#8211; Ei yht\u00e4k\u00e4\u00e4n sient\u00e4 koko metik\u00f6ss\u00e4! Ruskaa toki jo on. Ja kun v\u00e4lill\u00e4 aurinko on pilpahdellut pilvien lomasta, niin n\u00e4ytt\u00e4\u00e4 keltaiselle, vihre\u00e4lle, kauniille syksylle. Puron varressa makrolinssin kanssa n\u00e4kee paljon&#8230; <\/p>\n\n\n\n<figure class=\"wp-block-image size-full\"><img loading=\"lazy\" decoding=\"async\" width=\"800\" height=\"565\" data-attachment-id=\"54964\" data-permalink=\"https:\/\/www.satokangas.fi\/blogi\/2026\/09\/sittenkin-sateetonta\/aluksi-2-2\/\" data-orig-file=\"https:\/\/www.satokangas.fi\/blogi\/wp-content\/uploads\/2026\/09\/aluksi-2.jpg\" data-orig-size=\"800,565\" data-comments-opened=\"1\" data-image-title=\"aluksi-2\" data-image-description=\"\" data-image-caption=\"\" data-large-file=\"https:\/\/www.satokangas.fi\/blogi\/wp-content\/uploads\/2026\/09\/aluksi-2.jpg\" src=\"https:\/\/www.satokangas.fi\/blogi\/wp-content\/uploads\/2026\/09\/aluksi-2.jpg\" alt=\"\" class=\"wp-image-54964\" srcset=\"https:\/\/www.satokangas.fi\/blogi\/wp-content\/uploads\/2026\/09\/aluksi-2.jpg 800w, https:\/\/www.satokangas.fi\/blogi\/wp-content\/uploads\/2026\/09\/aluksi-2-566x400.jpg 566w, https:\/\/www.satokangas.fi\/blogi\/wp-content\/uploads\/2026\/09\/aluksi-2-283x200.jpg 283w, https:\/\/www.satokangas.fi\/blogi\/wp-content\/uploads\/2026\/09\/aluksi-2-768x542.jpg 768w\" sizes=\"auto, (max-width: 800px) 100vw, 800px\" \/><\/figure>\n\n\n\n<p class=\"wp-block-paragraph\"><\/p>\n\n\n\n<p class=\"has-text-align-center alignfull wp-block-paragraph\">Riekonmarja tunnustaa v\u00e4ri\u00e4!<\/p>\n\n\n\n<p class=\"wp-block-paragraph\">T\u00e4n\u00e4\u00e4n oli aie huiputtaa joku l\u00e4hituntureista, mutta koskapa &#8211; taas &#8211; sateen uhka oli iso ja kokop\u00e4iv\u00e4ksi kirjattu, niin p\u00e4\u00e4timmekin siirt\u00e4\u00e4 Ivalon viikottaisen kauppareissun just t\u00e4lle aamup\u00e4iv\u00e4lle. Eik\u00e4 se sittenk\u00e4\u00e4n satanut. Ei kyll\u00e4 ollut kovin aurinkoistakaan. &#x1f605;<\/p>\n\n\n\n<figure class=\"wp-block-image size-full\"><img loading=\"lazy\" decoding=\"async\" width=\"800\" height=\"533\" data-attachment-id=\"54969\" data-permalink=\"https:\/\/www.satokangas.fi\/blogi\/2026\/09\/sittenkin-sateetonta\/aluksi-7\/\" data-orig-file=\"https:\/\/www.satokangas.fi\/blogi\/wp-content\/uploads\/2026\/09\/aluksi-7.jpg\" data-orig-size=\"800,533\" data-comments-opened=\"1\" data-image-title=\"aluksi-7\" data-image-description=\"\" data-image-caption=\"\" data-large-file=\"https:\/\/www.satokangas.fi\/blogi\/wp-content\/uploads\/2026\/09\/aluksi-7.jpg\" src=\"https:\/\/www.satokangas.fi\/blogi\/wp-content\/uploads\/2026\/09\/aluksi-7.jpg\" alt=\"\" class=\"wp-image-54969\" srcset=\"https:\/\/www.satokangas.fi\/blogi\/wp-content\/uploads\/2026\/09\/aluksi-7.jpg 800w, https:\/\/www.satokangas.fi\/blogi\/wp-content\/uploads\/2026\/09\/aluksi-7-600x400.jpg 600w, https:\/\/www.satokangas.fi\/blogi\/wp-content\/uploads\/2026\/09\/aluksi-7-300x200.jpg 300w, https:\/\/www.satokangas.fi\/blogi\/wp-content\/uploads\/2026\/09\/aluksi-7-768x512.jpg 768w\" sizes=\"auto, (max-width: 800px) 100vw, 800px\" \/><\/figure>\n\n\n\n<p class=\"wp-block-paragraph\"><\/p>\n\n\n\n<p class=\"wp-block-paragraph\">Iltap\u00e4iv\u00e4ll\u00e4 m\u00f6kkipihassa tyvent\u00e4, auringon pilkahduksia, + 17 C, ihan hyvin tarkeni terassilla sy\u00f6d\u00e4. <\/p>\n\n\n\n<p class=\"wp-block-paragraph\">Syyskuu on saatu hyvin alkuun. <\/p>\n\n\n\n<figure class=\"wp-block-image size-full\"><img loading=\"lazy\" decoding=\"async\" width=\"800\" height=\"533\" data-attachment-id=\"54968\" data-permalink=\"https:\/\/www.satokangas.fi\/blogi\/2026\/09\/sittenkin-sateetonta\/aluksi-6\/\" data-orig-file=\"https:\/\/www.satokangas.fi\/blogi\/wp-content\/uploads\/2026\/09\/aluksi-6.jpg\" data-orig-size=\"800,533\" data-comments-opened=\"1\" data-image-title=\"aluksi-6\" data-image-description=\"\" data-image-caption=\"\" data-large-file=\"https:\/\/www.satokangas.fi\/blogi\/wp-content\/uploads\/2026\/09\/aluksi-6.jpg\" src=\"https:\/\/www.satokangas.fi\/blogi\/wp-content\/uploads\/2026\/09\/aluksi-6.jpg\" alt=\"\" class=\"wp-image-54968\" srcset=\"https:\/\/www.satokangas.fi\/blogi\/wp-content\/uploads\/2026\/09\/aluksi-6.jpg 800w, https:\/\/www.satokangas.fi\/blogi\/wp-content\/uploads\/2026\/09\/aluksi-6-600x400.jpg 600w, https:\/\/www.satokangas.fi\/blogi\/wp-content\/uploads\/2026\/09\/aluksi-6-300x200.jpg 300w, https:\/\/www.satokangas.fi\/blogi\/wp-content\/uploads\/2026\/09\/aluksi-6-768x512.jpg 768w\" sizes=\"auto, (max-width: 800px) 100vw, 800px\" \/><\/figure>\n\n\n\n<p class=\"wp-block-paragraph\"><\/p>\n","protected":false},"excerpt":{"rendered":"<p>Eih\u00e4n se sitten satanutkaan! Muutama ripsaus vain. T\u00e4ll\u00e4 m\u00f6kkireissulle on luvattu sadetta suunnilleen joka p\u00e4iv\u00e4ksi, mutta hyvin on t\u00e4h\u00e4n asti p\u00e4rj\u00e4tty ilman sit\u00e4kin. T\u00e4ll\u00e4 kertaa sateettomuus ei olekaan ihan niiiin paljon toivottua kuin elokuun alun remppap\u00e4iv\u00e4n\u00e4 oli, mutta emme valita jos pilvett\u00f6m\u00e4ksi taivas repe\u00e4isi. T\u00e4lle m\u00f6kkilomaselle tultiin ruskaLOMALLE! Edellisella kerralla pari viikkoa t\u00e4\u00e4ll\u00e4 kuluivat ty\u00f6leirin merkeiss\u00e4, ja sitten lopuksi muutama &hellip; <\/p>\n","protected":false},"author":1,"featured_media":54965,"comment_status":"open","ping_status":"open","sticky":false,"template":"","format":"standard","meta":{"_jetpack_newsletter_access":"","_jetpack_dont_email_post_to_subs":false,"_jetpack_newsletter_tier_id":0,"_jetpack_memberships_contains_paywalled_content":false,"_jetpack_feature_clip_id":0,"_jetpack_memberships_contains_paid_content":false,"footnotes":"","jetpack_publicize_message":"","jetpack_publicize_feature_enabled":true,"jetpack_social_post_already_shared":true,"jetpack_social_options":{"image_generator_settings":{"template":"highway","default_image_id":0,"font":"","enabled":false},"version":2},"jetpack_post_was_ever_published":false},"categories":[15,97],"tags":[],"class_list":["post-54962","post","type-post","status-publish","format-standard","has-post-thumbnail","hentry","category-lappi","category-mokkielamaa","latest_post"],"jetpack_publicize_connections":[],"jetpack_shortlink":"https:\/\/wp.me\/pr4p4-eiu","jetpack_sharing_enabled":true,"jetpack_likes_enabled":false,"jetpack-related-posts":[{"id":54361,"url":"https:\/\/www.satokangas.fi\/blogi\/2026\/05\/poikkeusoloissa-pakkaamista\/","url_meta":{"origin":54962,"position":0},"title":"Poikkeusoloissa pakkaamista","author":"Reija","date":"7.5.2026","format":false,"excerpt":"Viime hetken pakkailua ja muuta matkaa varten. Patikkareissuilla - ulkomaillakin - on k\u00e4yty, useinkin. Joten periaatteessa kaikki, mit\u00e4 tarvitaan on tiedossa ja jo olemassa. T\u00e4t\u00e4 tulevaa matkaa varten olen jo hyviss\u00e4 ajoin hankkinut jotain uuttakin: uudet vaellushousut, Luhdan kevyen takin (my\u00f6s py\u00f6r\u00e4ilykes\u00e4\u00e4 varten t\u00e4m\u00e4 tarpeen) ja sitten muutaman T-paidan. Housut\u2026","rel":"","context":"Kategoriassa &quot;Niit\u00e4 n\u00e4it\u00e4&quot;","block_context":{"text":"Niit\u00e4 n\u00e4it\u00e4","link":"https:\/\/www.satokangas.fi\/blogi\/category\/aiheeton\/"},"img":{"alt_text":"","src":"https:\/\/i0.wp.com\/www.satokangas.fi\/blogi\/wp-content\/uploads\/2026\/05\/Reissuun_2026.jpg?resize=350%2C200&ssl=1","width":350,"height":200,"srcset":"https:\/\/i0.wp.com\/www.satokangas.fi\/blogi\/wp-content\/uploads\/2026\/05\/Reissuun_2026.jpg?resize=350%2C200&ssl=1 1x, https:\/\/i0.wp.com\/www.satokangas.fi\/blogi\/wp-content\/uploads\/2026\/05\/Reissuun_2026.jpg?resize=525%2C300&ssl=1 1.5x, https:\/\/i0.wp.com\/www.satokangas.fi\/blogi\/wp-content\/uploads\/2026\/05\/Reissuun_2026.jpg?resize=700%2C400&ssl=1 2x"},"classes":[]},{"id":52908,"url":"https:\/\/www.satokangas.fi\/blogi\/2025\/08\/metsanantimista-hyvaa\/","url_meta":{"origin":54962,"position":1},"title":"Mets\u00e4nantimista hyv\u00e4\u00e4","author":"Reija","date":"11.8.2025","format":false,"excerpt":"T\u00e4n\u00e4\u00e4n on ollut mustikkapiirakkap\u00e4iv\u00e4. Tai oli oikeastaan jo eilen. Pehtoori on muutaman p\u00e4iv\u00e4n katsellut m\u00f6kkipihan mustikanvarpuja, joissa on aika lailla marjoja, ja samalla jotain vihjaillut, ett\u00e4 olisihan se mukava syntt\u00e4rille saada vanhanajan mustikkapiirakkaa, pullataikainapohjaan - tietysti. Lupauduin tekem\u00e4\u00e4n, jos h\u00e4n itse poimii marjat. Ja niinh\u00e4n litra purkki mustikoita ilmestyi aika\u2026","rel":"","context":"Kategoriassa &quot;Lappi&quot;","block_context":{"text":"Lappi","link":"https:\/\/www.satokangas.fi\/blogi\/category\/lappi\/"},"img":{"alt_text":"","src":"https:\/\/i0.wp.com\/www.satokangas.fi\/blogi\/wp-content\/uploads\/2025\/08\/Ahopaat_sient-2-e1754934986975.jpg?resize=350%2C200&ssl=1","width":350,"height":200,"srcset":"https:\/\/i0.wp.com\/www.satokangas.fi\/blogi\/wp-content\/uploads\/2025\/08\/Ahopaat_sient-2-e1754934986975.jpg?resize=350%2C200&ssl=1 1x, https:\/\/i0.wp.com\/www.satokangas.fi\/blogi\/wp-content\/uploads\/2025\/08\/Ahopaat_sient-2-e1754934986975.jpg?resize=525%2C300&ssl=1 1.5x, https:\/\/i0.wp.com\/www.satokangas.fi\/blogi\/wp-content\/uploads\/2025\/08\/Ahopaat_sient-2-e1754934986975.jpg?resize=700%2C400&ssl=1 2x"},"classes":[]},{"id":50951,"url":"https:\/\/www.satokangas.fi\/blogi\/2024\/10\/lumettomassa-tunturissa\/","url_meta":{"origin":54962,"position":2},"title":"Lumettomassa tunturissa","author":"Reija","date":"29.10.2024","format":false,"excerpt":"Lunta ja latuja odotellessa voi viel\u00e4 hyvin patikoida. T\u00e4n\u00e4\u00e4n\u00a0 - kuten t\u00e4ll\u00e4 kaudella monta kertaa ennenkin - etsittiin ja l\u00f6ydettiin taas uusi kohde. Kuusip\u00e4\u00e4 on toki tuttu, se on niin kes\u00e4ll\u00e4 kuin talvella, syksyll\u00e4 ja kev\u00e4\u00e4ll\u00e4 k\u00e4yty tunturi, mutta t\u00e4n\u00e4\u00e4n k\u00e4veltiin sen \"taakse\" (kiitos taas kerran vinkist\u00e4 \"L\u00e4hes naapuri\", BTW:\u2026","rel":"","context":"Kategoriassa &quot;Lappi&quot;","block_context":{"text":"Lappi","link":"https:\/\/www.satokangas.fi\/blogi\/category\/lappi\/"},"img":{"alt_text":"","src":"https:\/\/i0.wp.com\/www.satokangas.fi\/blogi\/wp-content\/uploads\/2024\/10\/Kuusipaa_Alajoenlampi_purolla_lumeton-8.jpg?resize=350%2C200&ssl=1","width":350,"height":200,"srcset":"https:\/\/i0.wp.com\/www.satokangas.fi\/blogi\/wp-content\/uploads\/2024\/10\/Kuusipaa_Alajoenlampi_purolla_lumeton-8.jpg?resize=350%2C200&ssl=1 1x, https:\/\/i0.wp.com\/www.satokangas.fi\/blogi\/wp-content\/uploads\/2024\/10\/Kuusipaa_Alajoenlampi_purolla_lumeton-8.jpg?resize=525%2C300&ssl=1 1.5x, https:\/\/i0.wp.com\/www.satokangas.fi\/blogi\/wp-content\/uploads\/2024\/10\/Kuusipaa_Alajoenlampi_purolla_lumeton-8.jpg?resize=700%2C400&ssl=1 2x"},"classes":[]},{"id":32316,"url":"https:\/\/www.satokangas.fi\/blogi\/2017\/10\/krotian-matkan-kuvakansioita\/","url_meta":{"origin":54962,"position":3},"title":"Krotian matkan kuvakansioita&#8230;","author":"Reija","date":"9.10.2017","format":false,"excerpt":"Reissukuvia Kroatista olen perannut ja muokannut, melkein kaikki on jo jotensakin valmiina, mutta t\u00e4n\u00e4\u00e4n julkistan vasta kaksi kansiollista. Keskiviikkona ehk\u00e4 loput. Igrane oli siis meid\u00e4n hotellilta pari kilometri\u00e4 pohjoiseen ja se sen l\u00e4hiymp\u00e4rist\u00f6 oli meid\u00e4n tutustumiskohteina perjantaina menness\u00e4 ja lauantain lenkill\u00e4. 1990-luvun alussa pahoin tuhoutuneessa kyl\u00e4ss\u00e4 j\u00e4ljeenrakennus oli p\u00e4\u00e4osin tehty.\u2026","rel":"","context":"Kategoriassa &quot;Kroatia&quot;","block_context":{"text":"Kroatia","link":"https:\/\/www.satokangas.fi\/blogi\/category\/reissut\/kroatia\/"},"img":{"alt_text":"","src":"https:\/\/i0.wp.com\/www.satokangas.fi\/blogi\/wp-content\/uploads\/2017\/10\/20170930-FOTO9999-2.jpg?resize=350%2C200&ssl=1","width":350,"height":200,"srcset":"https:\/\/i0.wp.com\/www.satokangas.fi\/blogi\/wp-content\/uploads\/2017\/10\/20170930-FOTO9999-2.jpg?resize=350%2C200&ssl=1 1x, https:\/\/i0.wp.com\/www.satokangas.fi\/blogi\/wp-content\/uploads\/2017\/10\/20170930-FOTO9999-2.jpg?resize=525%2C300&ssl=1 1.5x, https:\/\/i0.wp.com\/www.satokangas.fi\/blogi\/wp-content\/uploads\/2017\/10\/20170930-FOTO9999-2.jpg?resize=700%2C400&ssl=1 2x"},"classes":[]},{"id":12327,"url":"https:\/\/www.satokangas.fi\/blogi\/2011\/09\/vahtamapaa-huiputettu\/","url_meta":{"origin":54962,"position":4},"title":"Vahtamap\u00e4\u00e4 huiputettu","author":"Reija","date":"6.9.2011","format":false,"excerpt":"En\u00a0olisi ikin\u00e4 uskonut. Ett\u00e4 se olenkin min\u00e4 joka t\u00e4\u00e4ll\u00e4 m\u00f6kill\u00e4 \"laittelen pihaa\" (lue: viel\u00e4 niit\u00e4 heini\u00e4 \"deletoin\". Ai ettei heini\u00e4 deletoida, no any way leikkelin niit\u00e4) ja sitten kun illansuussa hurautin Ivaloon asioille (lue: ostamaan k\u00e4nnykk\u00e4laturin. Mink\u00e4 halvatun takia joka ikinen luuri kaipaa omanlaisensa laturin!) niin ostin my\u00f6s kaksi sembram\u00e4nty\u00e4.\u2026","rel":"","context":"Kategoriassa &quot;Lappi&quot;","block_context":{"text":"Lappi","link":"https:\/\/www.satokangas.fi\/blogi\/category\/lappi\/"},"img":{"alt_text":"","src":"https:\/\/i0.wp.com\/www.satokangas.fi\/blogi\/wp-content\/uploads\/lampi2-600x400.jpg?resize=350%2C200&ssl=1","width":350,"height":200,"srcset":"https:\/\/i0.wp.com\/www.satokangas.fi\/blogi\/wp-content\/uploads\/lampi2-600x400.jpg?resize=350%2C200&ssl=1 1x, https:\/\/i0.wp.com\/www.satokangas.fi\/blogi\/wp-content\/uploads\/lampi2-600x400.jpg?resize=525%2C300&ssl=1 1.5x"},"classes":[]},{"id":51908,"url":"https:\/\/www.satokangas.fi\/blogi\/2025\/01\/rotkopatikalla-ja-juhlaillallisella\/","url_meta":{"origin":54962,"position":5},"title":"Rotkopatikalla ja juhlaillallisella","author":"Reija","date":"26.1.2025","format":false,"excerpt":"Reissun aurinkoisin p\u00e4iv\u00e4 ja meill\u00e4 hankittuna liput patikkapolulle. Eip\u00e4 ole\u00a0 koskaan ennen lippuja patikkareitille miss\u00e4\u00e4n maassa, vuoristossa, Alpeilla, tuntureilla, ei miss\u00e4\u00e4n, ostettu, mutta alkuviikosta varasimme liput t\u00e4lle reitille. Netin kautta ostaessa oli varattava my\u00f6s aika, jolloin reitille tulee - meid\u00e4n liput heti aamuyhdeks\u00e4ksi. Barranco del Infierno (Helvetin rotko) on Adejen\u2026","rel":"","context":"Kategoriassa &quot;Liikkuminen&quot;","block_context":{"text":"Liikkuminen","link":"https:\/\/www.satokangas.fi\/blogi\/category\/liikkuminen\/"},"img":{"alt_text":"","src":"https:\/\/i0.wp.com\/www.satokangas.fi\/blogi\/wp-content\/uploads\/2025\/01\/Barranco_del_Infierno-12.jpg?resize=350%2C200&ssl=1","width":350,"height":200,"srcset":"https:\/\/i0.wp.com\/www.satokangas.fi\/blogi\/wp-content\/uploads\/2025\/01\/Barranco_del_Infierno-12.jpg?resize=350%2C200&ssl=1 1x, https:\/\/i0.wp.com\/www.satokangas.fi\/blogi\/wp-content\/uploads\/2025\/01\/Barranco_del_Infierno-12.jpg?resize=525%2C300&ssl=1 1.5x, https:\/\/i0.wp.com\/www.satokangas.fi\/blogi\/wp-content\/uploads\/2025\/01\/Barranco_del_Infierno-12.jpg?resize=700%2C400&ssl=1 2x"},"classes":[]}],"jetpack_featured_media_url":"https:\/\/www.satokangas.fi\/blogi\/wp-content\/uploads\/2026\/09\/aluksi-3.jpg","_links":{"self":[{"href":"https:\/\/www.satokangas.fi\/blogi\/wp-json\/wp\/v2\/posts\/54962","targetHints":{"allow":["GET"]}}],"collection":[{"href":"https:\/\/www.satokangas.fi\/blogi\/wp-json\/wp\/v2\/posts"}],"about":[{"href":"https:\/\/www.satokangas.fi\/blogi\/wp-json\/wp\/v2\/types\/post"}],"author":[{"embeddable":true,"href":"https:\/\/www.satokangas.fi\/blogi\/wp-json\/wp\/v2\/users\/1"}],"replies":[{"embeddable":true,"href":"https:\/\/www.satokangas.fi\/blogi\/wp-json\/wp\/v2\/comments?post=54962"}],"version-history":[{"count":0,"href":"https:\/\/www.satokangas.fi\/blogi\/wp-json\/wp\/v2\/posts\/54962\/revisions"}],"wp:featuredmedia":[{"embeddable":true,"href":"https:\/\/www.satokangas.fi\/blogi\/wp-json\/wp\/v2\/media\/54965"}],"wp:attachment":[{"href":"https:\/\/www.satokangas.fi\/blogi\/wp-json\/wp\/v2\/media?parent=54962"}],"wp:term":[{"taxonomy":"category","embeddable":true,"href":"https:\/\/www.satokangas.fi\/blogi\/wp-json\/wp\/v2\/categories?post=54962"},{"taxonomy":"post_tag","embeddable":true,"href":"https:\/\/www.satokangas.fi\/blogi\/wp-json\/wp\/v2\/tags?post=54962"}],"curies":[{"name":"wp","href":"https:\/\/api.w.org\/{rel}","templated":true}]}}