{"id":54957,"date":"2026-08-30T19:22:55","date_gmt":"2026-08-30T16:22:55","guid":{"rendered":"https:\/\/www.satokangas.fi\/blogi\/?p=54957"},"modified":"2026-08-30T19:23:36","modified_gmt":"2026-08-30T16:23:36","slug":"juhlasta-juhlaan-4","status":"publish","type":"post","link":"https:\/\/www.satokangas.fi\/blogi\/2026\/08\/juhlasta-juhlaan-4\/","title":{"rendered":"Juhlasta juhlaan"},"content":{"rendered":"\n<p class=\"wp-block-paragraph\">Juhlaviikot Oulussa (meid\u00e4n osaltamme, t\u00e4ll\u00e4 er\u00e4\u00e4) ohi. Olemme palanneet m\u00f6kille. <\/p>\n\n\n\n<p class=\"wp-block-paragraph\">Viikonloppuna viel\u00e4 kukkafestivaaleilla, illansuussa Hupisaarilla (kuten monissa muissakin kahviloissa\/ravintoloissa) oli oululaisia kuoroja esiintym\u00e4ss\u00e4: me istahdimme Kiikku-kahvilan aurinkoiselle pihalle iltap\u00e4iv\u00e4ll\u00e4, kuuntelimme kun ONMKYn kuorosta osa esiintyi. My\u00f6s Kukkafestivaali Kajo sai hetkeksi huomiomme; k\u00e4vimme ihastelemassa daalia-n\u00e4yttely\u00e4 (60 erilaista!! Otsikkokuvassa mun lemppari.). <\/p>\n\n\n\n<figure class=\"wp-block-image size-full\"><img loading=\"lazy\" decoding=\"async\" width=\"1000\" height=\"396\" data-attachment-id=\"54952\" data-permalink=\"https:\/\/www.satokangas.fi\/blogi\/?attachment_id=54952\" data-orig-file=\"https:\/\/www.satokangas.fi\/blogi\/wp-content\/uploads\/2026\/08\/Lauantai-3.jpg\" data-orig-size=\"1000,396\" data-comments-opened=\"1\" data-image-title=\"Lauantai-3\" data-image-description=\"\" data-image-caption=\"\" data-large-file=\"https:\/\/www.satokangas.fi\/blogi\/wp-content\/uploads\/2026\/08\/Lauantai-3.jpg\" src=\"https:\/\/www.satokangas.fi\/blogi\/wp-content\/uploads\/2026\/08\/Lauantai-3.jpg\" alt=\"\" class=\"wp-image-54952\" srcset=\"https:\/\/www.satokangas.fi\/blogi\/wp-content\/uploads\/2026\/08\/Lauantai-3.jpg 1000w, https:\/\/www.satokangas.fi\/blogi\/wp-content\/uploads\/2026\/08\/Lauantai-3-600x238.jpg 600w, https:\/\/www.satokangas.fi\/blogi\/wp-content\/uploads\/2026\/08\/Lauantai-3-300x119.jpg 300w, https:\/\/www.satokangas.fi\/blogi\/wp-content\/uploads\/2026\/08\/Lauantai-3-768x304.jpg 768w\" sizes=\"auto, (max-width: 1000px) 100vw, 1000px\" \/><\/figure>\n\n\n\n<p class=\"wp-block-paragraph\"><\/p>\n\n\n\n<p class=\"wp-block-paragraph\">Sielt\u00e4 jatkoimme Karjasillalle, jossa kes\u00e4tauon j\u00e4lkeen viinikerhon tapaaminen. Tarjolla erinomaisia viinej\u00e4: Soave voi olla muutakin kuin kepe\u00e4\u00e4 kes\u00e4viini\u00e4 ja Etel\u00e4-Ranskan Ch\u00e2teauneuf-du-Pape-viinit on toki tiedetty vahvoiksi, silti lempeiksi, samettisiksi laatuviineiksi, mutta ett\u00e4 saimme maistaa ja nauttia kolmea sellaista samalla kertaa. <\/p>\n\n\n\n<p class=\"wp-block-paragraph\">Eik\u00e4 siin\u00e4 viel\u00e4 kaikki! Ruokaisaa salaattia ja j\u00e4lkk\u00e4riksi kakkua, joka oli parasta, mit\u00e4 olen pitk\u00e4\u00e4n aikaan sy\u00f6nyt &#8211; ja meill\u00e4 oli sent\u00e4\u00e4n rotiss\u00f6\u00f6riviikonloppu vastik\u00e4\u00e4n takanamme. Minulla on nyt resepti siihen: tulette viel\u00e4 kuulemaan siit\u00e4! <\/p>\n\n\n\n<figure class=\"wp-block-image size-large\"><img loading=\"lazy\" decoding=\"async\" width=\"1000\" height=\"667\" data-attachment-id=\"54955\" data-permalink=\"https:\/\/www.satokangas.fi\/blogi\/?attachment_id=54955\" data-orig-file=\"https:\/\/www.satokangas.fi\/blogi\/wp-content\/uploads\/2026\/08\/Oulun_illassa_2026-3.jpg\" data-orig-size=\"1080,720\" data-comments-opened=\"1\" data-image-title=\"Oulun_illassa_2026-3\" data-image-description=\"\" data-image-caption=\"\" data-large-file=\"https:\/\/www.satokangas.fi\/blogi\/wp-content\/uploads\/2026\/08\/Oulun_illassa_2026-3-1000x667.jpg\" src=\"https:\/\/www.satokangas.fi\/blogi\/wp-content\/uploads\/2026\/08\/Oulun_illassa_2026-3-1000x667.jpg\" alt=\"\" class=\"wp-image-54955\" srcset=\"https:\/\/www.satokangas.fi\/blogi\/wp-content\/uploads\/2026\/08\/Oulun_illassa_2026-3-1000x667.jpg 1000w, https:\/\/www.satokangas.fi\/blogi\/wp-content\/uploads\/2026\/08\/Oulun_illassa_2026-3-600x400.jpg 600w, https:\/\/www.satokangas.fi\/blogi\/wp-content\/uploads\/2026\/08\/Oulun_illassa_2026-3-300x200.jpg 300w, https:\/\/www.satokangas.fi\/blogi\/wp-content\/uploads\/2026\/08\/Oulun_illassa_2026-3-768x512.jpg 768w, https:\/\/www.satokangas.fi\/blogi\/wp-content\/uploads\/2026\/08\/Oulun_illassa_2026-3.jpg 1080w\" sizes=\"auto, (max-width: 1000px) 100vw, 1000px\" \/><\/figure>\n\n\n\n<p class=\"has-text-align-center wp-block-paragraph\">[Oulun Teatteri ja kirjasto Saari]<\/p>\n\n\n\n<p class=\"wp-block-paragraph\">Yst\u00e4vien, viinien ja herkullisten tarjoomusten j\u00e4lkeen l\u00e4hdimme elokuun tyveness\u00e4, sinisess\u00e4 illassa kohti kotia. T\u00e4ysikuu kaupungin yll\u00e4, kulttuurip\u00e4\u00e4kaupungin elokuu huipentui ilmakitaransoiton MM-kilpailuihin <a href=\"https:\/\/www.oulunjuhlaviikot.fi\/paatapahtuma\/deltalife\/\">Delta Life -tapahtumassa <\/a>ja mentiin sinnekin toviksi mukaan juhlahumuun. Kuin olisi oltu  ulkomailla. <\/p>\n\n\n\n<figure class=\"wp-block-image size-full\"><img loading=\"lazy\" decoding=\"async\" width=\"1000\" height=\"667\" data-attachment-id=\"54958\" data-permalink=\"https:\/\/www.satokangas.fi\/blogi\/2026\/08\/juhlasta-juhlaan-4\/oulu_2026_8-2\/\" data-orig-file=\"https:\/\/www.satokangas.fi\/blogi\/wp-content\/uploads\/2026\/08\/Oulu_2026_8-2.jpg\" data-orig-size=\"1000,667\" data-comments-opened=\"1\" data-image-title=\"Oulu_2026_8-2\" data-image-description=\"\" data-image-caption=\"\" data-large-file=\"https:\/\/www.satokangas.fi\/blogi\/wp-content\/uploads\/2026\/08\/Oulu_2026_8-2.jpg\" src=\"https:\/\/www.satokangas.fi\/blogi\/wp-content\/uploads\/2026\/08\/Oulu_2026_8-2.jpg\" alt=\"\" class=\"wp-image-54958\" srcset=\"https:\/\/www.satokangas.fi\/blogi\/wp-content\/uploads\/2026\/08\/Oulu_2026_8-2.jpg 1000w, https:\/\/www.satokangas.fi\/blogi\/wp-content\/uploads\/2026\/08\/Oulu_2026_8-2-300x200.jpg 300w, https:\/\/www.satokangas.fi\/blogi\/wp-content\/uploads\/2026\/08\/Oulu_2026_8-2-600x400.jpg 600w, https:\/\/www.satokangas.fi\/blogi\/wp-content\/uploads\/2026\/08\/Oulu_2026_8-2-768x512.jpg 768w\" sizes=\"auto, (max-width: 1000px) 100vw, 1000px\" \/><\/figure>\n\n\n\n<p class=\"wp-block-paragraph\"><\/p>\n\n\n\n<p class=\"wp-block-paragraph\">Eilen aamup\u00e4iv\u00e4py\u00f6r\u00e4ilyn j\u00e4lkeen kokkailin, leivoin mustikkapiirakan, ja Juniori muksuineen tulivat sy\u00f6m\u00e4\u00e4n: teemana oli &#8221;laidunkauden lopettajaiset&#8221;. Olihan se lapsille kerrottava, mik\u00e4 on laidunkausi. En toki min\u00e4k\u00e4\u00e4n 11- tai 7-vuotiaana ollut sellaisesta kuullutkaan. \ud83d\ude42 <\/p>\n\n\n\n<p class=\"wp-block-paragraph\">T\u00e4n\u00e4 aamuna klo 8.20 l\u00e4hdettiin kotoa. Nyt m\u00f6kill\u00e4, &#8211; ja on jo ehditty asettautua, k\u00e4yd\u00e4 l\u00e4himets\u00e4ss\u00e4, sy\u00f6d\u00e4 &#8230; oikeastaan tuntuu, ett\u00e4 nyt juhlaviikot jatkuvat. V\u00e4h\u00e4n erilaista t\u00e4\u00e4ll\u00e4 kuin kulttuurip\u00e4\u00e4kaupungin humussa, mutta juhlaa t\u00e4m\u00e4kin. <\/p>\n","protected":false},"excerpt":{"rendered":"<p>Juhlaviikot Oulussa (meid\u00e4n osaltamme, t\u00e4ll\u00e4 er\u00e4\u00e4) ohi. Olemme palanneet m\u00f6kille. Viikonloppuna viel\u00e4 kukkafestivaaleilla, illansuussa Hupisaarilla (kuten monissa muissakin kahviloissa\/ravintoloissa) oli oululaisia kuoroja esiintym\u00e4ss\u00e4: me istahdimme Kiikku-kahvilan aurinkoiselle pihalle iltap\u00e4iv\u00e4ll\u00e4, kuuntelimme kun ONMKYn kuorosta osa esiintyi. My\u00f6s Kukkafestivaali Kajo sai hetkeksi huomiomme; k\u00e4vimme ihastelemassa daalia-n\u00e4yttely\u00e4 (60 erilaista!! Otsikkokuvassa mun lemppari.). Sielt\u00e4 jatkoimme Karjasillalle, jossa kes\u00e4tauon j\u00e4lkeen viinikerhon tapaaminen. Tarjolla erinomaisia viinej\u00e4: &hellip; <\/p>\n","protected":false},"author":1,"featured_media":54960,"comment_status":"open","ping_status":"open","sticky":false,"template":"","format":"standard","meta":{"_jetpack_newsletter_access":"","_jetpack_dont_email_post_to_subs":false,"_jetpack_newsletter_tier_id":0,"_jetpack_memberships_contains_paywalled_content":false,"_jetpack_feature_clip_id":0,"_jetpack_memberships_contains_paid_content":false,"footnotes":"","jetpack_publicize_message":"","jetpack_publicize_feature_enabled":true,"jetpack_social_post_already_shared":true,"jetpack_social_options":{"image_generator_settings":{"template":"highway","default_image_id":0,"font":"","enabled":false},"version":2},"jetpack_post_was_ever_published":false},"categories":[1,55,93],"tags":[],"class_list":["post-54957","post","type-post","status-publish","format-standard","has-post-thumbnail","hentry","category-aiheeton","category-oulu","category-viini","latest_post"],"jetpack_publicize_connections":[],"jetpack_shortlink":"https:\/\/wp.me\/pr4p4-eip","jetpack_sharing_enabled":true,"jetpack_likes_enabled":false,"jetpack-related-posts":[{"id":54903,"url":"https:\/\/www.satokangas.fi\/blogi\/2026\/08\/juhlan-jalkeen-4\/","url_meta":{"origin":54957,"position":0},"title":"Juhlan j\u00e4lkeen &#8230;","author":"Reija","date":"23.8.2026","format":false,"excerpt":"Hieno, maukas, yst\u00e4v\u00e4llinen (kirjaimellisesti), l\u00e4mmin, oululainen, aurinkoinen, odotettu viikonloppu alkaa olla lopuillaan. Rotiss\u00f6\u00f6rien 99. valtakunnallinen ruokajuhla on ohi, meill\u00e4 t\u00e4m\u00e4 oli kymmenes, kolmas kotikaupungissa. Viel\u00e4 menee sulatellessa, sulatellessa sek\u00e4 ruokaa ett\u00e4 kaikkea koettua, kuvia valitessa ja editoidessa... Huomenna kirjailen lis\u00e4\u00e4 Oulun rotiss\u00f6\u00f6rikapitulin tuntoja etc. P\u00e4\u00e4llim\u00e4isen\u00e4 nyt on ilo siit\u00e4, ett\u00e4\u2026","rel":"","context":"Kategoriassa &quot;Oulu&quot;","block_context":{"text":"Oulu","link":"https:\/\/www.satokangas.fi\/blogi\/category\/oulu\/"},"img":{"alt_text":"","src":"https:\/\/i0.wp.com\/www.satokangas.fi\/blogi\/wp-content\/uploads\/2026\/08\/Kajo_2026-7.jpg?resize=350%2C200&ssl=1","width":350,"height":200,"srcset":"https:\/\/i0.wp.com\/www.satokangas.fi\/blogi\/wp-content\/uploads\/2026\/08\/Kajo_2026-7.jpg?resize=350%2C200&ssl=1 1x, https:\/\/i0.wp.com\/www.satokangas.fi\/blogi\/wp-content\/uploads\/2026\/08\/Kajo_2026-7.jpg?resize=525%2C300&ssl=1 1.5x, https:\/\/i0.wp.com\/www.satokangas.fi\/blogi\/wp-content\/uploads\/2026\/08\/Kajo_2026-7.jpg?resize=700%2C400&ssl=1 2x, https:\/\/i0.wp.com\/www.satokangas.fi\/blogi\/wp-content\/uploads\/2026\/08\/Kajo_2026-7.jpg?resize=1050%2C600&ssl=1 3x"},"classes":[]},{"id":32717,"url":"https:\/\/www.satokangas.fi\/blogi\/2017\/12\/oulu-suomi-100-juhlan-keskipisteena\/","url_meta":{"origin":54957,"position":1},"title":"Oulu Suomi 100 -juhlan keskipisteen\u00e4","author":"Reija","date":"2.12.2017","format":false,"excerpt":"Kyll\u00e4p\u00e4s on p\u00e4iv\u00e4 ollut t\u00e4ynn\u00e4 somea ja intternetti\u00e4 (nytkin taustalla YLE Areenasta valtakunnallinen Suomi 100 vuotta -juhlan streemi - suoraan Oulusta ;)) . Joulukalenterin avaus ja sen jakaminen, siihen liittyneisiin ihaniin, kymmeniin kommentteihin ja kysymyksiin vastaaminen, paistink\u00e4\u00e4nt\u00e4jien kapitulin (josta murisin jo joku viikko sitten ja nyt viel\u00e4 PALJON enemm\u00e4n) tiedottaminen\u2026","rel":"","context":"Kategoriassa &quot;Joulu&quot;","block_context":{"text":"Joulu","link":"https:\/\/www.satokangas.fi\/blogi\/category\/joulu\/"},"img":{"alt_text":"","src":"https:\/\/i0.wp.com\/www.satokangas.fi\/blogi\/wp-content\/uploads\/2017\/12\/Frozen-piano.jpg?resize=350%2C200&ssl=1","width":350,"height":200,"srcset":"https:\/\/i0.wp.com\/www.satokangas.fi\/blogi\/wp-content\/uploads\/2017\/12\/Frozen-piano.jpg?resize=350%2C200&ssl=1 1x, https:\/\/i0.wp.com\/www.satokangas.fi\/blogi\/wp-content\/uploads\/2017\/12\/Frozen-piano.jpg?resize=525%2C300&ssl=1 1.5x, https:\/\/i0.wp.com\/www.satokangas.fi\/blogi\/wp-content\/uploads\/2017\/12\/Frozen-piano.jpg?resize=700%2C400&ssl=1 2x"},"classes":[]},{"id":54941,"url":"https:\/\/www.satokangas.fi\/blogi\/2026\/08\/harrastusten-parissa-5\/","url_meta":{"origin":54957,"position":2},"title":"Harrastusten parissa","author":"Reija","date":"27.8.2026","format":false,"excerpt":"Oulun \"ulkomuseon\" oma Turkansaari-perinnesukkamalli lanseerattiin jo viime vuonna, mutta min\u00e4 n\u00e4in lanka- ja ohjepaketin ihan vastik\u00e4\u00e4n. Oli aie tehd\u00e4 t\u00e4ksi p\u00e4iv\u00e4ksi Pehtoorille sellaiset, mutta paketin hankkiminen on aina unohtunut. Olen sitten pitkin kes\u00e4\u00e4 neulonut j\u00e4m\u00e4lankasukkia ainakin kymmenet. Yle Areenan Gran Hotel [olipa melkoista \"rallia\" kaikki kolme kautta, suunnilleen yksi vainaja\/jakso,\u2026","rel":"","context":"Kategoriassa &quot;Neulottua&quot;","block_context":{"text":"Neulottua","link":"https:\/\/www.satokangas.fi\/blogi\/category\/neulottua\/"},"img":{"alt_text":"","src":"https:\/\/i0.wp.com\/www.satokangas.fi\/blogi\/wp-content\/uploads\/2026\/08\/Kajo_Vol.2-2.jpg?resize=350%2C200&ssl=1","width":350,"height":200,"srcset":"https:\/\/i0.wp.com\/www.satokangas.fi\/blogi\/wp-content\/uploads\/2026\/08\/Kajo_Vol.2-2.jpg?resize=350%2C200&ssl=1 1x, https:\/\/i0.wp.com\/www.satokangas.fi\/blogi\/wp-content\/uploads\/2026\/08\/Kajo_Vol.2-2.jpg?resize=525%2C300&ssl=1 1.5x, https:\/\/i0.wp.com\/www.satokangas.fi\/blogi\/wp-content\/uploads\/2026\/08\/Kajo_Vol.2-2.jpg?resize=700%2C400&ssl=1 2x, https:\/\/i0.wp.com\/www.satokangas.fi\/blogi\/wp-content\/uploads\/2026\/08\/Kajo_Vol.2-2.jpg?resize=1050%2C600&ssl=1 3x"},"classes":[]},{"id":54926,"url":"https:\/\/www.satokangas.fi\/blogi\/2026\/08\/kapitulilauantaina-lahiruokaa-juhlaseurassa\/","url_meta":{"origin":54957,"position":3},"title":"Kapitulilauantaina l\u00e4hiruokaa juhlaseurassa","author":"Reija","date":"25.8.2026","format":false,"excerpt":"Kapitulin toinen p\u00e4iv\u00e4 alkoi, ja jatkui aurinkoisena, l\u00e4mpim\u00e4n\u00e4kin. Kes\u00e4 oli palannut, mik\u00e4 tietysti jo aamulla ilahdutti. Grand Chapitren eli Suurkapitulin 2026 kapitulilounaat nautittiin Oulussa Euroopan kulttuurip\u00e4\u00e4kaupunkivuotena kaupungin kolmessa kilpiravintolassa: Lasaretti, Radisson Blun juhlaravintola Toivo sek\u00e4 keskustassa sijaitseva Puistola. Ja kaikki ravintolat toteuttivat menut samoista perusraaka-aineista: sieni\u00e4, poroa ja kalaa. Ja\u2026","rel":"","context":"Kategoriassa &quot;Rotiss\u00f6\u00f6rit&quot;","block_context":{"text":"Rotiss\u00f6\u00f6rit","link":"https:\/\/www.satokangas.fi\/blogi\/category\/paistinkaantajat\/"},"img":{"alt_text":"","src":"https:\/\/i0.wp.com\/www.satokangas.fi\/blogi\/wp-content\/uploads\/2026\/08\/710827511_10164436040461192_3793462385997751730_n.jpg?resize=350%2C200&ssl=1","width":350,"height":200,"srcset":"https:\/\/i0.wp.com\/www.satokangas.fi\/blogi\/wp-content\/uploads\/2026\/08\/710827511_10164436040461192_3793462385997751730_n.jpg?resize=350%2C200&ssl=1 1x, https:\/\/i0.wp.com\/www.satokangas.fi\/blogi\/wp-content\/uploads\/2026\/08\/710827511_10164436040461192_3793462385997751730_n.jpg?resize=525%2C300&ssl=1 1.5x, https:\/\/i0.wp.com\/www.satokangas.fi\/blogi\/wp-content\/uploads\/2026\/08\/710827511_10164436040461192_3793462385997751730_n.jpg?resize=700%2C400&ssl=1 2x, https:\/\/i0.wp.com\/www.satokangas.fi\/blogi\/wp-content\/uploads\/2026\/08\/710827511_10164436040461192_3793462385997751730_n.jpg?resize=1050%2C600&ssl=1 3x, https:\/\/i0.wp.com\/www.satokangas.fi\/blogi\/wp-content\/uploads\/2026\/08\/710827511_10164436040461192_3793462385997751730_n.jpg?resize=1400%2C800&ssl=1 4x"},"classes":[]},{"id":40778,"url":"https:\/\/www.satokangas.fi\/blogi\/2021\/05\/vappuviikonlopun-herkullinen-huipennus\/","url_meta":{"origin":54957,"position":4},"title":"Vappuviikonlopun herkullinen huipennus","author":"Reija","date":"2.5.2021","format":false,"excerpt":"T\u00e4h\u00e4n huipentui brunssi! Kakkua ennen paljon hyv\u00e4\u00e4. Olimme sisareni luona wappubrunssilla, hyv\u00e4ss\u00e4, pienehk\u00f6ss\u00e4 seurassa nauttien notkuvan buffet-p\u00f6yd\u00e4n monista (uusistakin) herkuista. Vuohenjuustopiirakka paholaisen hillolla oli ehdoton suosikkini suolaisista, ja home-made appelsiinicurd croissantien kanssa. Ui-jui. Eik\u00e4 mansikkasmoothie tai kuvan suklaa-appelsiinikakkukaan j\u00e4\u00e4neet ilman kuorossa lausuttuja mainesanoja. Niin mukava kun on (uuttakin) seuraa, ja\u2026","rel":"","context":"Kategoriassa &quot;Niit\u00e4 n\u00e4it\u00e4&quot;","block_context":{"text":"Niit\u00e4 n\u00e4it\u00e4","link":"https:\/\/www.satokangas.fi\/blogi\/category\/aiheeton\/"},"img":{"alt_text":"","src":"https:\/\/i0.wp.com\/www.satokangas.fi\/blogi\/wp-content\/uploads\/2021\/05\/vappua-7.jpg?resize=350%2C200&ssl=1","width":350,"height":200,"srcset":"https:\/\/i0.wp.com\/www.satokangas.fi\/blogi\/wp-content\/uploads\/2021\/05\/vappua-7.jpg?resize=350%2C200&ssl=1 1x, https:\/\/i0.wp.com\/www.satokangas.fi\/blogi\/wp-content\/uploads\/2021\/05\/vappua-7.jpg?resize=525%2C300&ssl=1 1.5x, https:\/\/i0.wp.com\/www.satokangas.fi\/blogi\/wp-content\/uploads\/2021\/05\/vappua-7.jpg?resize=700%2C400&ssl=1 2x"},"classes":[]},{"id":14195,"url":"https:\/\/www.satokangas.fi\/blogi\/2012\/05\/jotenkin-valipaiva\/","url_meta":{"origin":54957,"position":5},"title":"Jotenkin v\u00e4lip\u00e4iv\u00e4 :)","author":"Reija","date":"8.5.2012","format":false,"excerpt":"Nukuin my\u00f6h\u00e4iseen, t\u00e4n\u00e4\u00e4n ei ollut minulla aamiaishukia: systeri ja tyt\u00e4r olivat luvanneet laitella kaiken valmiiksi, ja me pehtoorin kanssa her\u00e4ilimme puoli kahdeksan tienoissa ja saimme menn\u00e4 valmiille aamiaiselle. Lenkille? Kuka l\u00e4htee? K\u00e4velimme viile\u00e4ss\u00e4, syksyisen tuntuisessa aamussa Piedicolleen, tervehdimme kirkon portaiden vieress\u00e4 istuvia harmaita miehi\u00e4, jotka kuorossa vastasivat Buongiorno. Piipahdimme kyl\u00e4n\u2026","rel":"","context":"Kategoriassa &quot;Italia&quot;","block_context":{"text":"Italia","link":"https:\/\/www.satokangas.fi\/blogi\/category\/italia\/"},"img":{"alt_text":"","src":"https:\/\/i0.wp.com\/www.satokangas.fi\/blogi\/wp-content\/uploads\/Piedicollessa-Custom1-600x400.jpg?resize=350%2C200&ssl=1","width":350,"height":200,"srcset":"https:\/\/i0.wp.com\/www.satokangas.fi\/blogi\/wp-content\/uploads\/Piedicollessa-Custom1-600x400.jpg?resize=350%2C200&ssl=1 1x, https:\/\/i0.wp.com\/www.satokangas.fi\/blogi\/wp-content\/uploads\/Piedicollessa-Custom1-600x400.jpg?resize=525%2C300&ssl=1 1.5x"},"classes":[]}],"jetpack_featured_media_url":"https:\/\/www.satokangas.fi\/blogi\/wp-content\/uploads\/2026\/08\/Oulu_2026_8.jpg","_links":{"self":[{"href":"https:\/\/www.satokangas.fi\/blogi\/wp-json\/wp\/v2\/posts\/54957","targetHints":{"allow":["GET"]}}],"collection":[{"href":"https:\/\/www.satokangas.fi\/blogi\/wp-json\/wp\/v2\/posts"}],"about":[{"href":"https:\/\/www.satokangas.fi\/blogi\/wp-json\/wp\/v2\/types\/post"}],"author":[{"embeddable":true,"href":"https:\/\/www.satokangas.fi\/blogi\/wp-json\/wp\/v2\/users\/1"}],"replies":[{"embeddable":true,"href":"https:\/\/www.satokangas.fi\/blogi\/wp-json\/wp\/v2\/comments?post=54957"}],"version-history":[{"count":0,"href":"https:\/\/www.satokangas.fi\/blogi\/wp-json\/wp\/v2\/posts\/54957\/revisions"}],"wp:featuredmedia":[{"embeddable":true,"href":"https:\/\/www.satokangas.fi\/blogi\/wp-json\/wp\/v2\/media\/54960"}],"wp:attachment":[{"href":"https:\/\/www.satokangas.fi\/blogi\/wp-json\/wp\/v2\/media?parent=54957"}],"wp:term":[{"taxonomy":"category","embeddable":true,"href":"https:\/\/www.satokangas.fi\/blogi\/wp-json\/wp\/v2\/categories?post=54957"},{"taxonomy":"post_tag","embeddable":true,"href":"https:\/\/www.satokangas.fi\/blogi\/wp-json\/wp\/v2\/tags?post=54957"}],"curies":[{"name":"wp","href":"https:\/\/api.w.org\/{rel}","templated":true}]}}