{"id":54328,"date":"2026-04-29T21:10:49","date_gmt":"2026-04-29T18:10:49","guid":{"rendered":"https:\/\/www.satokangas.fi\/blogi\/?p=54328"},"modified":"2026-04-30T10:30:13","modified_gmt":"2026-04-30T07:30:13","slug":"homma-hanskassa-ja-hanskat-hukassa","status":"publish","type":"post","link":"https:\/\/www.satokangas.fi\/blogi\/2026\/04\/homma-hanskassa-ja-hanskat-hukassa\/","title":{"rendered":"Homma hanskassa, ja hanskat hukassa"},"content":{"rendered":"\n<p><\/p>\n\n\n\n<p><em>Homma hanskassa, ja hanskat hukassa!<\/em> <\/p>\n\n\n\n<p>Nyt ei ole ollut hanskat hukassa, usein kyll\u00e4 nekin, mutta nyt on kysymys isommasta jutusta. <\/p>\n\n\n\n<p>Olenhan <a href=\"https:\/\/www.satokangas.fi\/blogi\/2020\/09\/kaikki-paikallaan-ja-tallessakin\/\">useinkin tainnut kertoa<\/a> kuinka olen hyv\u00e4 piilottamaan, sujauttamaan, hukkaamaan, &#8221;laittamaan talteen&#8221; kaikenlaista pient\u00e4 ja v\u00e4h\u00e4n isompaakin. <\/p>\n\n\n\n<p>Lapsemme muistavat edelleen kertoa omilleen kuinka mummi silloin heid\u00e4n lapsuudessaan piilotti yll\u00e4rijoulukarkit, eik\u00e4 niit\u00e4 l\u00f6ydetty ennen kuin juhannuksena, ja silloinkin vahingossa jostain eteisen yl\u00e4kaapin hyllylt\u00e4. Ja vastaavia tarinoita tuntuu heid\u00e4n muistoissaan riitt\u00e4v\u00e4n&#8230; <\/p>\n\n\n\n<p>My\u00f6s tavaroiden, ruokien, papereiden sujauttaminen laatikkoon, kaappiin, laukkuun, koriin kuuluu minun jokap\u00e4iv\u00e4iseen el\u00e4m\u00e4\u00e4ni. En tykk\u00e4\u00e4 siit\u00e4, ett\u00e4 papereita lojuu ty\u00f6p\u00f6yd\u00e4ll\u00e4, tai ett\u00e4 keitti\u00f6n tasoilla on maustepurkkeja, avattuja keksipaketteja, leip\u00e4pusseja. Niiden kuuluu olla kaapissa, ja niille ON paikkansa, mutta tosiasiassa min\u00e4 saatan sujauttaa leip\u00e4pussin vihanneslaatikkoon tai vaikka kattilakaappiin. Huomaamattani. Ei niin ihan hirve\u00e4n usein k\u00e4y, mutta on keitti\u00f6ss\u00e4kin tavaroita ja aineksia tullut etsityksi joskus hyvinkin kauan.<\/p>\n\n\n\n<p>Ja sitten: kuinka monta kertaa minulla ovat olleet hukassa avaimet, sormukset, pankkikorttikotelo, k\u00e4silaukku, kameran linssisuoja, k\u00e4nnykk\u00e4, kirja, &#8230;<\/p>\n\n\n\n<p class=\"has-text-color has-link-color wp-elements-700ad3b1a23008d5eaac7a2d83f98814\" style=\"color:#a19d9d\">Ja nyt en ehk\u00e4 uskalla sanoa \u00e4\u00e4neen, enk\u00e4 kirjoittaa t\u00e4h\u00e4n kuin ihan himme\u00e4ll\u00e4, ett\u00e4 AINA ne ovat l\u00f6ytyneet. Lopulta. Tai joku muu on ne l\u00f6yt\u00e4nyt ja minulle palauttanut, tuonut, antanut. Eih\u00e4n t\u00e4m\u00e4 hyv\u00e4onnisuus nyt vaan h\u00e4vi\u00e4.<\/p>\n\n\n\n<p>Niin kuin eilenkin. Olin iltap\u00e4iv\u00e4ll\u00e4 k\u00e4ytt\u00e4m\u00e4ss\u00e4 pojantyt\u00e4rt\u00e4 Dentopoliksessa hammasr\u00f6ntgeniss\u00e4 ja kaikki meni hyvin; tytt\u00f6 oli reipas ja mummilla lapsen KELA-kortti tallessa jne. Hyvill\u00e4 mielin l\u00e4hdimme kaupungille j\u00e4tskille: Robert\u00b4s Coffeen vaniljaj\u00e4de oli tarkoitus testata. Hyv\u00e4ksi havaittiin, ja j\u00e4tskit saatiin maksetuksi, kuten my\u00f6s Suomalaisessa Rambon talli -kirja [olen niin iloinen ja ylpe\u00e4kin, kun sek\u00e4 Eepi ett\u00e4 Apsu lukevat mielell\u00e4\u00e4n ja paljon, joten aina silloin t\u00e4ll\u00f6in ostan heille lempparikirjoja omiksikin]. J\u00e4tskit ja kirja oli maksettava k\u00e4teisell\u00e4, jota sattui olemaan laukun sivutaskussa riitt\u00e4v\u00e4sti. Pankkikorttikoteloni ei nimitt\u00e4in ollut laukussa! <\/p>\n\n\n\n<p><\/p>\n\n\n\n<figure class=\"wp-block-image size-full\"><img loading=\"lazy\" decoding=\"async\" width=\"1100\" height=\"666\" data-attachment-id=\"14541\" data-permalink=\"https:\/\/www.satokangas.fi\/blogi\/2012\/06\/shoppailua-kerrakseen\/tuliaisjuttu-2\/\" data-orig-file=\"https:\/\/www.satokangas.fi\/blogi\/wp-content\/uploads\/Tuliaisjuttu1.jpg\" data-orig-size=\"1100,666\" data-comments-opened=\"1\" data-image-meta=\"{&quot;aperture&quot;:&quot;2.8&quot;,&quot;credit&quot;:&quot;&quot;,&quot;camera&quot;:&quot;Canon EOS 5D Mark II&quot;,&quot;caption&quot;:&quot;&quot;,&quot;created_timestamp&quot;:&quot;1339785656&quot;,&quot;copyright&quot;:&quot;&quot;,&quot;focal_length&quot;:&quot;100&quot;,&quot;iso&quot;:&quot;100&quot;,&quot;shutter_speed&quot;:&quot;0.0769230769231&quot;,&quot;title&quot;:&quot;&quot;}\" data-image-title=\"Tuliaisjuttu\" data-image-description=\"\" data-image-caption=\"\" data-large-file=\"https:\/\/www.satokangas.fi\/blogi\/wp-content\/uploads\/Tuliaisjuttu1.jpg\" src=\"https:\/\/www.satokangas.fi\/blogi\/wp-content\/uploads\/Tuliaisjuttu1.jpg\" alt=\"\" class=\"wp-image-14541\" srcset=\"https:\/\/www.satokangas.fi\/blogi\/wp-content\/uploads\/Tuliaisjuttu1.jpg 1100w, https:\/\/www.satokangas.fi\/blogi\/wp-content\/uploads\/Tuliaisjuttu1-200x121.jpg 200w, https:\/\/www.satokangas.fi\/blogi\/wp-content\/uploads\/Tuliaisjuttu1-600x363.jpg 600w\" sizes=\"auto, (max-width: 1100px) 100vw, 1100px\" \/><\/figure>\n\n\n\n<p><br \/>Samaisessa oli kotelossa kirjastokortti, bussikortti, museokortti, ajokortti, ja kaksi pankkikorttia!<br \/>[N\u00e4it\u00e4<a href=\"https:\/\/www.thinkingcardcase.com\/fi?srsltid=AfmBOoqCk8hA3bSdOmp8Ag1Ah6ZNFBECJLsgyJfafoPWt9mwXIIPGN_3\" data-type=\"link\" data-id=\"https:\/\/www.thinkingcardcase.com\/fi?srsltid=AfmBOoqCk8hA3bSdOmp8Ag1Ah6ZNFBECJLsgyJfafoPWt9mwXIIPGN_3\"> Thin King -koteloita<\/a> olen mainostanut t\u00e4\u00e4ll\u00e4 blogissa joskus vuosia sitten. Taisi kerran olla jossain arvonnassa palkintonakin.]<\/p>\n\n\n\n<p>Illansuu sitten Pehtoorin kanssa etsittiin kotoa, soittelin Dentopolikseen, k\u00e4vin kyselem\u00e4ss\u00e4 l\u00e4hikaupasta, jossa olin korttia toissap\u00e4iv\u00e4n\u00e4 viimeksi k\u00e4ytt\u00e4nyt. Kaikki takit, laukut, reput, auto, kaikki koluttiin ja etsittiin. Lopulta p\u00e4\u00e4tin ett\u00e4 t\u00e4n\u00e4 aamuna suljen pankkikortit, anon uudet ja hankin v\u00e4liaikaisen ajokortin ja tilaan uuden. <\/p>\n\n\n\n<p>Ja sitten: vaikka olin eilen jo ainakin kahdesti, jollen kolmesti jo tarkastanut, niin aamulla p\u00e4\u00e4tin, ett\u00e4 katson viel\u00e4 kerran k\u00e4silaukun ja repun. Ja ta-daa! Repun sivutaskussa vetoketjun takaa turvasta se l\u00f6ytyi.<\/p>\n\n\n\n<p>En vaan ymm\u00e4rr\u00e4! Mutta olen kiitollinen, ett\u00e4 taas l\u00f6ytyi. <\/p>\n\n\n\n<p><\/p>\n","protected":false},"excerpt":{"rendered":"<p>Homma hanskassa, ja hanskat hukassa! Nyt ei ole ollut hanskat hukassa, usein kyll\u00e4 nekin, mutta nyt on kysymys isommasta jutusta. Olenhan useinkin tainnut kertoa kuinka olen hyv\u00e4 piilottamaan, sujauttamaan, hukkaamaan, &#8221;laittamaan talteen&#8221; kaikenlaista pient\u00e4 ja v\u00e4h\u00e4n isompaakin. Lapsemme muistavat edelleen kertoa omilleen kuinka mummi silloin heid\u00e4n lapsuudessaan piilotti yll\u00e4rijoulukarkit, eik\u00e4 niit\u00e4 l\u00f6ydetty ennen kuin juhannuksena, ja silloinkin vahingossa jostain eteisen &hellip; <\/p>\n","protected":false},"author":1,"featured_media":54329,"comment_status":"open","ping_status":"open","sticky":false,"template":"","format":"standard","meta":{"jetpack_post_was_ever_published":false,"_jetpack_newsletter_access":"","_jetpack_dont_email_post_to_subs":false,"_jetpack_newsletter_tier_id":0,"_jetpack_memberships_contains_paywalled_content":false,"_jetpack_memberships_contains_paid_content":false,"footnotes":"","jetpack_publicize_message":"","jetpack_publicize_feature_enabled":true,"jetpack_social_post_already_shared":true,"jetpack_social_options":{"image_generator_settings":{"template":"highway","default_image_id":0,"font":"","enabled":false},"version":2}},"categories":[1],"tags":[],"class_list":["post-54328","post","type-post","status-publish","format-standard","has-post-thumbnail","hentry","category-aiheeton","latest_post"],"jetpack_publicize_connections":[],"jetpack_featured_media_url":"https:\/\/www.satokangas.fi\/blogi\/wp-content\/uploads\/2026\/04\/Avain.jpg","jetpack_shortlink":"https:\/\/wp.me\/pr4p4-e8g","jetpack_sharing_enabled":true,"jetpack_likes_enabled":false,"jetpack-related-posts":[{"id":9452,"url":"https:\/\/www.satokangas.fi\/blogi\/2010\/11\/pahkinoita-purtavaksi\/","url_meta":{"origin":54328,"position":0},"title":"P\u00e4hkin\u00f6it\u00e4 purtavaksi &#8230;","author":"Reija","date":"10.11.2010","format":false,"excerpt":"En ole oikein osannut k\u00e4ytt\u00e4\u00e4 sanontaa: \"menn\u00e4 p\u00e4hkin\u00f6iksi\" tai \"oli ihan p\u00e4hkin\u00f6in\u00e4\". \u00a0Mutta t\u00e4n\u00e4\u00e4n yht\u00e4kki\u00e4 kesken ty\u00f6p\u00e4iv\u00e4n tajusin, mit\u00e4 se tarkoittaa. Menin ihan p\u00e4hkin\u00f6iksi yhdest\u00e4 tapaamisesta, joita t\u00e4n\u00e4\u00e4n kyll\u00e4 monenlaisia riitti. Tapaamisten joukossa oli kyll\u00e4 yksi \u00e4\u00e4rimm\u00e4isen surullinen ja minulle huolen j\u00e4tt\u00e4v\u00e4. Mutta yhdest\u00e4 menin p\u00e4hkin\u00f6iksi. \u00a0P\u00e4hkin\u00f6iksi on kiva menn\u00e4.\u2026","rel":"","context":"Kategoriassa &quot;Niit\u00e4 n\u00e4it\u00e4&quot;","block_context":{"text":"Niit\u00e4 n\u00e4it\u00e4","link":"https:\/\/www.satokangas.fi\/blogi\/category\/aiheeton\/"},"img":{"alt_text":"","src":"","width":0,"height":0},"classes":[]},{"id":33717,"url":"https:\/\/www.satokangas.fi\/blogi\/2018\/04\/tama-ei-ainakaan-helpotu\/","url_meta":{"origin":54328,"position":1},"title":"T\u00e4m\u00e4 ei ainakaan helpotu&#8230;","author":"Reija","date":"6.4.2018","format":false,"excerpt":"Onhan t\u00e4st\u00e4 ollut aiemminkin puhetta. Mutta t\u00e4n\u00e4\u00e4n olin jo l\u00e4hell\u00e4 enn\u00e4tyst\u00e4. K\u00e4yh\u00e4n jollekin muullekin joskus n\u00e4in, tai edes suunnilleen? Kaikki sujui hyvin hukkaamatta yht\u00e4\u00e4n mit\u00e4\u00e4n aina aamiaisen viime hetkiin asti. Siis k\u00e4vin suihkussa, pesin tukan, siirryin pyjamasta kylpytakin kautta kotikamppeisiin. Ja kaikki l\u00f6ytyiv\u00e4t: samppoo, hoitoaine, kosteusvoiteet, d\u00f6d\u00f6, vaatteet, aamiaistarpeet, jopa\u2026","rel":"","context":"Kategoriassa &quot;Niit\u00e4 n\u00e4it\u00e4&quot;","block_context":{"text":"Niit\u00e4 n\u00e4it\u00e4","link":"https:\/\/www.satokangas.fi\/blogi\/category\/aiheeton\/"},"img":{"alt_text":"","src":"https:\/\/i0.wp.com\/www.satokangas.fi\/blogi\/wp-content\/uploads\/2018\/04\/mennyt-2.jpg?resize=350%2C200&ssl=1","width":350,"height":200,"srcset":"https:\/\/i0.wp.com\/www.satokangas.fi\/blogi\/wp-content\/uploads\/2018\/04\/mennyt-2.jpg?resize=350%2C200&ssl=1 1x, https:\/\/i0.wp.com\/www.satokangas.fi\/blogi\/wp-content\/uploads\/2018\/04\/mennyt-2.jpg?resize=525%2C300&ssl=1 1.5x, https:\/\/i0.wp.com\/www.satokangas.fi\/blogi\/wp-content\/uploads\/2018\/04\/mennyt-2.jpg?resize=700%2C400&ssl=1 2x"},"classes":[]},{"id":46634,"url":"https:\/\/www.satokangas.fi\/blogi\/2023\/08\/hommat-hanskassa-ainakin-talla-eraa\/","url_meta":{"origin":54328,"position":2},"title":"Hommat hanskassa &#8211; ainakin t\u00e4ll\u00e4 er\u00e4\u00e4","author":"Reija","date":"10.8.2023","format":false,"excerpt":"Nyt on hyv\u00e4 mieli! Aamuvarhaisesta on ollut tekemist\u00e4 ja j\u00e4lke\u00e4kin on syntynyt. Suorittaja minussa, jota en ole viel\u00e4k\u00e4\u00e4n ihan saanut vuosien yritt\u00e4misen j\u00e4lkeen nujerretuksi, on tyytyv\u00e4inen, eik\u00e4 edes v\u00e4synyt. Eilinen iltap\u00e4iv\u00e4 meni kuvaushommissa, ja t\u00e4n\u00e4\u00e4n sitten massiivinen muistikorteille tallentunut kuvam\u00e4\u00e4r\u00e4 perattavana ja editoitavana. De Gamlas Hemin hotelliin (Hemmettiin) on valmistunut\u2026","rel":"","context":"Kategoriassa &quot;Muistikuvia&quot;","block_context":{"text":"Muistikuvia","link":"https:\/\/www.satokangas.fi\/blogi\/category\/muistikuvia\/"},"img":{"alt_text":"","src":"https:\/\/i0.wp.com\/www.satokangas.fi\/blogi\/wp-content\/uploads\/2023\/08\/1-9.jpg?resize=350%2C200&ssl=1","width":350,"height":200,"srcset":"https:\/\/i0.wp.com\/www.satokangas.fi\/blogi\/wp-content\/uploads\/2023\/08\/1-9.jpg?resize=350%2C200&ssl=1 1x, https:\/\/i0.wp.com\/www.satokangas.fi\/blogi\/wp-content\/uploads\/2023\/08\/1-9.jpg?resize=525%2C300&ssl=1 1.5x, https:\/\/i0.wp.com\/www.satokangas.fi\/blogi\/wp-content\/uploads\/2023\/08\/1-9.jpg?resize=700%2C400&ssl=1 2x"},"classes":[]},{"id":36635,"url":"https:\/\/www.satokangas.fi\/blogi\/2019\/06\/junan-perassa-ja-puistossa\/","url_meta":{"origin":54328,"position":3},"title":"Junan per\u00e4ss\u00e4 ja puistossa","author":"Reija","date":"13.6.2019","format":false,"excerpt":"Sellainen suhaamisp\u00e4iv\u00e4. Paikasta toiseen, ja pari kertaa v\u00e4\u00e4r\u00e4ss\u00e4 paikassa v\u00e4\u00e4r\u00e4\u00e4n aikaan, ja kuten tavallista, jokaiseen pieneenkin l\u00e4ht\u00f6\u00f6n liittyi, ett\u00e4 ensin oli k\u00e4ytett\u00e4v\u00e4 kohtuullinen tovi jonkin kadoksissa olevan asian etsimiseen. Milloin hukassa oli py\u00f6r\u00e4navain, milloin hanskat, milloin muistikortti, milloin \u00e4idin sanelema kauppalappu (\u00c4: Mik\u00e4 kauppa nyky\u00e4\u00e4n myy Revlonin tuotteita? M: Hmm---\u2026","rel":"","context":"Kategoriassa &quot;Historiaa&quot;","block_context":{"text":"Historiaa","link":"https:\/\/www.satokangas.fi\/blogi\/category\/historiaa\/"},"img":{"alt_text":"","src":"https:\/\/i0.wp.com\/www.satokangas.fi\/blogi\/wp-content\/uploads\/2019\/06\/alppiruusu-2.jpg?resize=350%2C200&ssl=1","width":350,"height":200,"srcset":"https:\/\/i0.wp.com\/www.satokangas.fi\/blogi\/wp-content\/uploads\/2019\/06\/alppiruusu-2.jpg?resize=350%2C200&ssl=1 1x, https:\/\/i0.wp.com\/www.satokangas.fi\/blogi\/wp-content\/uploads\/2019\/06\/alppiruusu-2.jpg?resize=525%2C300&ssl=1 1.5x"},"classes":[]},{"id":14452,"url":"https:\/\/www.satokangas.fi\/blogi\/2012\/06\/oikeastiko-kesakuu\/","url_meta":{"origin":54328,"position":4},"title":"Oikeastiko kes\u00e4kuu?","author":"Reija","date":"2.6.2012","format":false,"excerpt":"Aamulla viel\u00e4 oli n\u00e4in aurinkoista. Pehtoori l\u00e4hti ahkeroimaan takapihalle meid\u00e4n omenapuu-, hiiligrilli-, yrttiviljelys -projektin parissa ja min\u00e4 j\u00e4in koneelle. T\u00e4ll\u00e4 kertaa kyll\u00e4 vastentahtoisesti. On nimitt\u00e4in k\u00e4ynyt niin, ett\u00e4 t\u00e4ss\u00e4 viikolla p\u00e4ivitin k\u00e4yttiksen: \u00a0siirryin Windows XP:st\u00e4 (josta olen pit\u00e4nyt kovasti, mutta joka ei nyt kertakaikkiaan en\u00e4\u00e4 ole yhteensopiva monien muiden uusien\u2026","rel":"","context":"Kategoriassa &quot;Niit\u00e4 n\u00e4it\u00e4&quot;","block_context":{"text":"Niit\u00e4 n\u00e4it\u00e4","link":"https:\/\/www.satokangas.fi\/blogi\/category\/aiheeton\/"},"img":{"alt_text":"","src":"https:\/\/i0.wp.com\/www.satokangas.fi\/blogi\/wp-content\/uploads\/Sieppaa1.png?resize=350%2C200&ssl=1","width":350,"height":200,"srcset":"https:\/\/i0.wp.com\/www.satokangas.fi\/blogi\/wp-content\/uploads\/Sieppaa1.png?resize=350%2C200&ssl=1 1x, https:\/\/i0.wp.com\/www.satokangas.fi\/blogi\/wp-content\/uploads\/Sieppaa1.png?resize=525%2C300&ssl=1 1.5x"},"classes":[]},{"id":43775,"url":"https:\/\/www.satokangas.fi\/blogi\/2022\/09\/syksyisia-juttuja\/","url_meta":{"origin":54328,"position":5},"title":"Syksyisi\u00e4 juttuja","author":"Reija","date":"30.9.2022","format":false,"excerpt":"Syyskuu alkaa olla eletty,- aika hyvin n\u00e4in loppumetreille asti. T\u00e4n\u00e4\u00e4n l\u00e4hes koko p\u00e4iv\u00e4n jatkunut sade, joka oli syyn\u00e4 siihen, ett\u00e4 skippasin aamuun suunnittelemani, kaipaamani, pitk\u00e4n py\u00f6r\u00e4lenkin, oli ehk\u00e4 tarkoitettukin. Oli sitten aikaa tehd\u00e4 hyv\u00e4 p\u00e4iv\u00e4llinen ja tuli vastattua puheluun, jonka soittajaa ei ollut yhteystiedoissa. T\u00e4rke\u00e4, mutta niin surullinen puhelu. Syyskuun\u2026","rel":"","context":"Kategoriassa &quot;Niit\u00e4 n\u00e4it\u00e4&quot;","block_context":{"text":"Niit\u00e4 n\u00e4it\u00e4","link":"https:\/\/www.satokangas.fi\/blogi\/category\/aiheeton\/"},"img":{"alt_text":"","src":"https:\/\/i0.wp.com\/www.satokangas.fi\/blogi\/wp-content\/uploads\/2022\/09\/Syyskuunviimeinen-3.jpg?resize=350%2C200&ssl=1","width":350,"height":200,"srcset":"https:\/\/i0.wp.com\/www.satokangas.fi\/blogi\/wp-content\/uploads\/2022\/09\/Syyskuunviimeinen-3.jpg?resize=350%2C200&ssl=1 1x, https:\/\/i0.wp.com\/www.satokangas.fi\/blogi\/wp-content\/uploads\/2022\/09\/Syyskuunviimeinen-3.jpg?resize=525%2C300&ssl=1 1.5x, https:\/\/i0.wp.com\/www.satokangas.fi\/blogi\/wp-content\/uploads\/2022\/09\/Syyskuunviimeinen-3.jpg?resize=700%2C400&ssl=1 2x"},"classes":[]}],"_links":{"self":[{"href":"https:\/\/www.satokangas.fi\/blogi\/wp-json\/wp\/v2\/posts\/54328","targetHints":{"allow":["GET"]}}],"collection":[{"href":"https:\/\/www.satokangas.fi\/blogi\/wp-json\/wp\/v2\/posts"}],"about":[{"href":"https:\/\/www.satokangas.fi\/blogi\/wp-json\/wp\/v2\/types\/post"}],"author":[{"embeddable":true,"href":"https:\/\/www.satokangas.fi\/blogi\/wp-json\/wp\/v2\/users\/1"}],"replies":[{"embeddable":true,"href":"https:\/\/www.satokangas.fi\/blogi\/wp-json\/wp\/v2\/comments?post=54328"}],"version-history":[{"count":0,"href":"https:\/\/www.satokangas.fi\/blogi\/wp-json\/wp\/v2\/posts\/54328\/revisions"}],"wp:featuredmedia":[{"embeddable":true,"href":"https:\/\/www.satokangas.fi\/blogi\/wp-json\/wp\/v2\/media\/54329"}],"wp:attachment":[{"href":"https:\/\/www.satokangas.fi\/blogi\/wp-json\/wp\/v2\/media?parent=54328"}],"wp:term":[{"taxonomy":"category","embeddable":true,"href":"https:\/\/www.satokangas.fi\/blogi\/wp-json\/wp\/v2\/categories?post=54328"},{"taxonomy":"post_tag","embeddable":true,"href":"https:\/\/www.satokangas.fi\/blogi\/wp-json\/wp\/v2\/tags?post=54328"}],"curies":[{"name":"wp","href":"https:\/\/api.w.org\/{rel}","templated":true}]}}