{"id":54319,"date":"2026-04-27T21:08:16","date_gmt":"2026-04-27T18:08:16","guid":{"rendered":"https:\/\/www.satokangas.fi\/blogi\/?p=54319"},"modified":"2026-04-27T21:18:22","modified_gmt":"2026-04-27T18:18:22","slug":"huoltoa-korjausta-ennaltaehkaisya","status":"publish","type":"post","link":"https:\/\/www.satokangas.fi\/blogi\/2026\/04\/huoltoa-korjausta-ennaltaehkaisya\/","title":{"rendered":"Huoltoa, korjausta, ennaltaehk\u00e4isy\u00e4"},"content":{"rendered":"\n<p><strong>Huoltohommia<\/strong><br \/>Viikonloppu on ollut jotenkin v\u00e4lj\u00e4. Ja kylm\u00e4. Aivan j\u00e4\u00e4t\u00e4v\u00e4n kylm\u00e4, l\u00e4mp\u00f6asteita vain muutama, &#8211; niill\u00e4kin toki p\u00e4rj\u00e4isi, riitt\u00e4isiv\u00e4t t\u00e4h\u00e4n aikaan vuodesta, mutta kun tuulta oli 7 m\/s, puuskissa jopa 11 m\/s, ja kun se tuli (kylm\u00e4lt\u00e4) merelt\u00e4, luoteiselta tai suoraan pohjoisnavalta. Jo lauantaina mietin, ett\u00e4 eih\u00e4n minun ole mik\u00e4\u00e4n pakko py\u00f6r\u00e4ill\u00e4. Enk\u00e4 viel\u00e4 eilenk\u00e4\u00e4n ollut saanut asiasta itse\u00e4ni vakuutettua vaan &#8211; p\u00f6hk\u00f6 &#8211; hankkiuduin taas baanoille polkemaan. Py\u00f6r\u00e4n turbo-asetus oli k\u00e4yt\u00f6ss\u00e4, toisin kuin yleens\u00e4. <br \/><br \/>Kun t\u00e4n\u00e4\u00e4n oli viet\u00e4v\u00e4 TREKini korjaamolle (jo pari viikkoa on ollut joku outo rohina ja jumputus vaan jatkuu) ajelin my\u00f6t\u00e4tuulessa Py\u00f6r\u00e4-Suvalaan Etu-Ly\u00f6ttyyn, mutta rakeita ja lunta kahdeksan kilometrin matkalla tuli sen verran, ettei edes harmittanut j\u00e4tt\u00e4\u00e4 py\u00f6r\u00e4\u00e4 &#8221;kuntoutettavaksi&#8221; pariksi p\u00e4iv\u00e4ksi ja olla pakotettuna pois py\u00f6r\u00e4ilyn parista.<\/p>\n\n\n\n<p><strong>Rokotteista<\/strong><br \/>Toinen mainitsemisen arvoinen syy menn\u00e4 kaupungille, oli puutiaisrokotteen toinen annos. Oulu on t\u00e4n\u00e4 vuonna paitsi Euroopan kulttuurip\u00e4\u00e4kaupunki my\u00f6s &#8221;<a href=\"https:\/\/www.kaleva.fi\/oulu-on-nyt-suomen-punkkipaakaupunki-koirat-ovat-v\/13454847\">Suomen punkkip\u00e4\u00e4kaupunki<\/a>&#8221;, joten katsottiin mekin tarpeelliseksi hankkia rokotteet. <br \/><br \/>Olen v\u00e4h\u00e4n harkinnut my\u00f6s vy\u00f6ruusurokotteen ottamista. Kaksi kertaa tavattoman kivuliaan <a href=\"https:\/\/www.satokangas.fi\/blogi\/2016\/05\/diagnostisoitu-orientiksi\/\" data-type=\"post\" data-id=\"28260\">viiruksen uhriksi joutuneena<\/a> mieluusti v\u00e4lttelen sit\u00e4 vaikka loppuel\u00e4m\u00e4n. <br \/><br \/>Kahden varsin hinnakkaan (yht. 500 \u20ac) rokotuksen antaman suojan luvataan vaikuttavan kymmenisen vuotta. Siis \u00b4vain\u00b4 50 \u20ac vuodessa. Minulla on kyll\u00e4 voimassa olevat reseptit tautiin, ja lupa l\u00e4\u00e4kkeet hankkia heti jos tulee oireita. Kolme ensimm\u00e4ist\u00e4 p\u00e4iv\u00e4\u00e4 ovat ratkaisevia, ja oireet kyll\u00e4 tunnistaa jos on kerran taudin kokenut, joten omaehtoisesti\/toimisesti voisin reagoida jos olisi tarvetta. Silti. Tied\u00e4tteh\u00e4n &#8211; &#8211; t\u00e4ss\u00e4 i\u00e4ss\u00e4. .. Ehk\u00e4 ostan itselleni &#8211; viimeist\u00e4\u00e4n &#8211; seuraavan tasavuosikymmenlahjaksi.<\/p>\n\n\n\n<p><strong>Kes\u00e4\u00e4 kohti<\/strong><br \/>Viikonloppuna k\u00e4ytiin K-raudassa: kes\u00e4kuuksi suunniteltua remppahommaa varten matskuja etsim\u00e4ss\u00e4 ja kotipihallekin jotain uutta. Vihdoin laitoin auringonkukan siemenet it\u00e4m\u00e4\u00e4n. <\/p>\n\n\n\n<p>Ja sitten jotain muutakin kes\u00e4ist\u00e4 lauantaina! Minun viimeisin neuleeni. Yksi saakelin savotta oli koko kes\u00e4neule. <a href=\"https:\/\/www.satokangas.fi\/blogi\/2026\/03\/kesaneule\/\" data-type=\"post\" data-id=\"54154\">Kerroinhan jo m\u00f6kill\u00e4<\/a>, kuinka t\u00e4llaisen uudenlaisen, &#8221;vaikeista langoista&#8221;, varsin teoreettisten  ohjeiden, ylh\u00e4\u00e4lt\u00e4 alasp\u00e4in neulottavan mallin ja merkillisen palmikkokuvion etc. kanssa tappelin ja tunsin osaamattomuutta: v\u00e4lill\u00e4 heitinkin koko kutimen syrj\u00e4\u00e4n ja mietin huovuttavani sen jollekin pehmolelulle paidaksi. <\/p>\n\n\n\n<p class=\"has-text-align-center\">Sinnill\u00e4 kuitenkin olen t\u00e4m\u00e4n kirjaimellisesti kursinut kokoon. <\/p>\n\n\n<div class=\"wp-block-image\">\n<figure class=\"aligncenter size-full\"><img loading=\"lazy\" decoding=\"async\" width=\"433\" height=\"650\" data-attachment-id=\"54320\" data-permalink=\"https:\/\/www.satokangas.fi\/blogi\/2026\/04\/huoltoa-korjausta-ennaltaehkaisya\/kesaneule-2\/\" data-orig-file=\"https:\/\/www.satokangas.fi\/blogi\/wp-content\/uploads\/2026\/04\/kesaneule.jpg\" data-orig-size=\"433,650\" data-comments-opened=\"1\" data-image-meta=\"{&quot;aperture&quot;:&quot;2.8&quot;,&quot;credit&quot;:&quot;&quot;,&quot;camera&quot;:&quot;Canon EOS R6m2&quot;,&quot;caption&quot;:&quot;&quot;,&quot;created_timestamp&quot;:&quot;1777305577&quot;,&quot;copyright&quot;:&quot;&quot;,&quot;focal_length&quot;:&quot;50&quot;,&quot;iso&quot;:&quot;125&quot;,&quot;shutter_speed&quot;:&quot;0.000625&quot;,&quot;title&quot;:&quot;&quot;,&quot;orientation&quot;:&quot;0&quot;}\" data-image-title=\"kesaneule\" data-image-description=\"\" data-image-caption=\"\" data-large-file=\"https:\/\/www.satokangas.fi\/blogi\/wp-content\/uploads\/2026\/04\/kesaneule.jpg\" src=\"https:\/\/www.satokangas.fi\/blogi\/wp-content\/uploads\/2026\/04\/kesaneule.jpg\" alt=\"\" class=\"wp-image-54320\" srcset=\"https:\/\/www.satokangas.fi\/blogi\/wp-content\/uploads\/2026\/04\/kesaneule.jpg 433w, https:\/\/www.satokangas.fi\/blogi\/wp-content\/uploads\/2026\/04\/kesaneule-266x400.jpg 266w, https:\/\/www.satokangas.fi\/blogi\/wp-content\/uploads\/2026\/04\/kesaneule-133x200.jpg 133w\" sizes=\"auto, (max-width: 433px) 100vw, 433px\" \/><\/figure>\n<\/div>\n\n\n<p><\/p>\n\n\n\n<p>Puserossa on enemm\u00e4n virheit\u00e4 kuin koskaan miss\u00e4\u00e4n tekeleess\u00e4ni &#8211; huolimatta siit\u00e4, ett\u00e4 purin t\u00e4t\u00e4 moneen kertaan. Sit\u00e4 paitsi siit\u00e4 tuli aivan liian isokin. Noh, villapesu ja kevyt linkous auttoivat pinnan tasoittelussa ja kosteana venytin neuletta reilusti, mink\u00e4 seurauksena se v\u00e4h\u00e4n kapeni. Pusero on kyll\u00e4 ihanan tuntoinen p\u00e4\u00e4ll\u00e4. Ja uusien <a href=\"https:\/\/fi.tommy.com\/mid-rise-twist-seam-barrel-leg-jeans-dw0dw226761a5\">tynnyrilahjefarkkujeni<\/a> ja mustan lyhyen nahkatakkini kanssa [lue: alla piilossa] puserolle saattaa viilein\u00e4 kes\u00e4iltoina olla k\u00e4ytt\u00f6\u00e4. &#x1f602;<\/p>\n\n\n\n<p><\/p>\n","protected":false},"excerpt":{"rendered":"<p>HuoltohommiaViikonloppu on ollut jotenkin v\u00e4lj\u00e4. Ja kylm\u00e4. Aivan j\u00e4\u00e4t\u00e4v\u00e4n kylm\u00e4, l\u00e4mp\u00f6asteita vain muutama, &#8211; niill\u00e4kin toki p\u00e4rj\u00e4isi, riitt\u00e4isiv\u00e4t t\u00e4h\u00e4n aikaan vuodesta, mutta kun tuulta oli 7 m\/s, puuskissa jopa 11 m\/s, ja kun se tuli (kylm\u00e4lt\u00e4) merelt\u00e4, luoteiselta tai suoraan pohjoisnavalta. Jo lauantaina mietin, ett\u00e4 eih\u00e4n minun ole mik\u00e4\u00e4n pakko py\u00f6r\u00e4ill\u00e4. Enk\u00e4 viel\u00e4 eilenk\u00e4\u00e4n ollut saanut asiasta itse\u00e4ni vakuutettua vaan &hellip; <\/p>\n","protected":false},"author":1,"featured_media":54321,"comment_status":"open","ping_status":"open","sticky":false,"template":"","format":"standard","meta":{"jetpack_post_was_ever_published":false,"_jetpack_newsletter_access":"","_jetpack_dont_email_post_to_subs":false,"_jetpack_newsletter_tier_id":0,"_jetpack_memberships_contains_paywalled_content":false,"_jetpack_memberships_contains_paid_content":false,"footnotes":"","jetpack_publicize_message":"","jetpack_publicize_feature_enabled":true,"jetpack_social_post_already_shared":true,"jetpack_social_options":{"image_generator_settings":{"template":"highway","default_image_id":0,"font":"","enabled":false},"version":2}},"categories":[151],"tags":[],"class_list":["post-54319","post","type-post","status-publish","format-standard","has-post-thumbnail","hentry","category-neulottua","latest_post"],"jetpack_publicize_connections":[],"jetpack_featured_media_url":"https:\/\/www.satokangas.fi\/blogi\/wp-content\/uploads\/2026\/04\/tuulee.jpg","jetpack_shortlink":"https:\/\/wp.me\/pr4p4-e87","jetpack_sharing_enabled":true,"jetpack_likes_enabled":false,"jetpack-related-posts":[{"id":25103,"url":"https:\/\/www.satokangas.fi\/blogi\/2015\/07\/pyoraily-oulussa\/","url_meta":{"origin":54319,"position":0},"title":"Py\u00f6r\u00e4ily Oulussa","author":"Reija","date":"4.7.2015","format":false,"excerpt":"Juuri t\u00e4llaista on Oulussa. Aina. L\u00e4hdet iltap\u00e4iv\u00e4ll\u00e4 py\u00f6r\u00e4ll\u00e4 kohti kyl\u00e4paikkaa, ja pihassa on t\u00e4ysin tyvent\u00e4.\u00a0Ainoa harmistuksen seikka on se, ett\u00e4 et ole hoksannut luututa py\u00f6r\u00e4\u00e4, joka on keltaisen m\u00e4nnyn siitep\u00f6lyn peitossa niin, ett\u00e4 ne vierailuvetimesi (mustat luonnollisesti) ovat ihan sotkussa jo ennen kuin p\u00e4\u00e4set Koskelantielle asti. No Koskelantiell\u00e4 [200 m\u2026","rel":"","context":"Kategoriassa &quot;Niit\u00e4 n\u00e4it\u00e4&quot;","block_context":{"text":"Niit\u00e4 n\u00e4it\u00e4","link":"https:\/\/www.satokangas.fi\/blogi\/category\/aiheeton\/"},"img":{"alt_text":"Is\u00e4nn\u00e4n viiri","src":"https:\/\/i0.wp.com\/www.satokangas.fi\/blogi\/wp-content\/uploads\/2015\/07\/Is%C3%A4nn%C3%A4n-viiri-275x400.jpg?resize=350%2C200&ssl=1","width":350,"height":200},"classes":[]},{"id":36611,"url":"https:\/\/www.satokangas.fi\/blogi\/2019\/06\/lapista-ja-lappiin\/","url_meta":{"origin":54319,"position":1},"title":"Lapista ja Lappiin","author":"Reija","date":"10.6.2019","format":false,"excerpt":"Pako Lapin mahdollisesta takatalvesta kotipihan vehreyteen alkoi jo hyviss\u00e4 ajoin ennen kahdeksaa. Hangasoja\u2013 antapelto taittui sujuvasti ja nopsasti. Maanantaina aamup\u00e4iv\u00e4ll\u00e4 Rovaniemen pohjoispuolella ei ollut paljon muuta liikennett\u00e4 kuin matkailuautoja,- ja Sirkus Finlandia. L\u00e4ht\u00f6 m\u00f6kilt\u00e4 ei juuri riipaissut, oli sen verran kylm\u00e4\u00e4 ja sumuista. Sit\u00e4 paitsi paluuseen m\u00f6kkimaisemiin ei ole kuin\u2026","rel":"","context":"Kategoriassa &quot;Lappi&quot;","block_context":{"text":"Lappi","link":"https:\/\/www.satokangas.fi\/blogi\/category\/lappi\/"},"img":{"alt_text":"","src":"https:\/\/i0.wp.com\/www.satokangas.fi\/blogi\/wp-content\/uploads\/2019\/06\/1-2-1-600x400.jpg?resize=350%2C200&ssl=1","width":350,"height":200,"srcset":"https:\/\/i0.wp.com\/www.satokangas.fi\/blogi\/wp-content\/uploads\/2019\/06\/1-2-1-600x400.jpg?resize=350%2C200&ssl=1 1x, https:\/\/i0.wp.com\/www.satokangas.fi\/blogi\/wp-content\/uploads\/2019\/06\/1-2-1-600x400.jpg?resize=525%2C300&ssl=1 1.5x"},"classes":[]},{"id":47428,"url":"https:\/\/www.satokangas.fi\/blogi\/2023\/10\/kausi-ohi-hyvilla-mielin\/","url_meta":{"origin":54319,"position":2},"title":"Kausi ohi, &#8211; hyvill\u00e4 mielin","author":"Reija","date":"28.10.2023","format":false,"excerpt":"Melkein viime metreill\u00e4 tavoite saavutettu! Viimeisen viikon aikana ja varsinkin t\u00e4n\u00e4\u00e4n on mennyt ihan suorittamiseksi n\u00e4m\u00e4 py\u00f6r\u00e4ilyhommat! Kev\u00e4\u00e4ll\u00e4 kun py\u00f6r\u00e4n esille otin, ajattelin, ett\u00e4 jos ajelen saman verran kilometrej\u00e4 kuin viime vuonna, niin kolmivuotiaan py\u00f6r\u00e4n mittarissa on kauden lopussa kymppitonni! Ja sit\u00e4 kohti. Tosiasiassa en ole kilometrej\u00e4 kummemmin laskeskellut, enk\u00e4\u2026","rel":"","context":"Kategoriassa &quot;Liikkuminen&quot;","block_context":{"text":"Liikkuminen","link":"https:\/\/www.satokangas.fi\/blogi\/category\/liikkuminen\/"},"img":{"alt_text":"","src":"https:\/\/i0.wp.com\/www.satokangas.fi\/blogi\/wp-content\/uploads\/2023\/10\/pyorailykaupunkiOULU-3.jpg?resize=350%2C200&ssl=1","width":350,"height":200,"srcset":"https:\/\/i0.wp.com\/www.satokangas.fi\/blogi\/wp-content\/uploads\/2023\/10\/pyorailykaupunkiOULU-3.jpg?resize=350%2C200&ssl=1 1x, https:\/\/i0.wp.com\/www.satokangas.fi\/blogi\/wp-content\/uploads\/2023\/10\/pyorailykaupunkiOULU-3.jpg?resize=525%2C300&ssl=1 1.5x, https:\/\/i0.wp.com\/www.satokangas.fi\/blogi\/wp-content\/uploads\/2023\/10\/pyorailykaupunkiOULU-3.jpg?resize=700%2C400&ssl=1 2x"},"classes":[]},{"id":40955,"url":"https:\/\/www.satokangas.fi\/blogi\/2021\/06\/odotellessa\/","url_meta":{"origin":54319,"position":3},"title":"Odotellessa","author":"Reija","date":"6.6.2021","format":false,"excerpt":"Prosecco on kylm\u00e4ss\u00e4 ja lapakset valmiita. Eik\u00e4 ole kyse pelk\u00e4st\u00e4\u00e4n valmistautumisesta mahdollisiin MM-l\u00e4tk\u00e4n kultajuhliin. Odottelemme yst\u00e4vi\u00e4 saapuviksi. Heid\u00e4n kanssaan on muutaman p\u00e4iv\u00e4n yhteist\u00e4 m\u00f6kkieloa yritetty vuosia. Milloin ty\u00f6t, milloin lapset, milloin vanhemmat, milloin korona, milloin sairastuminen on ollut esteen\u00e4, ja niinh\u00e4n se meinasi t\u00e4ll\u00e4kin kertaa peruuntua t\u00e4m\u00e4, mutta nyt tulevat.\u2026","rel":"","context":"Kategoriassa &quot;M\u00f6kkiel\u00e4m\u00e4\u00e4&quot;","block_context":{"text":"M\u00f6kkiel\u00e4m\u00e4\u00e4","link":"https:\/\/www.satokangas.fi\/blogi\/category\/mokkielamaa\/"},"img":{"alt_text":"","src":"https:\/\/i0.wp.com\/www.satokangas.fi\/blogi\/wp-content\/uploads\/2021\/06\/vaivaiskoivu.jpg?resize=350%2C200&ssl=1","width":350,"height":200,"srcset":"https:\/\/i0.wp.com\/www.satokangas.fi\/blogi\/wp-content\/uploads\/2021\/06\/vaivaiskoivu.jpg?resize=350%2C200&ssl=1 1x, https:\/\/i0.wp.com\/www.satokangas.fi\/blogi\/wp-content\/uploads\/2021\/06\/vaivaiskoivu.jpg?resize=525%2C300&ssl=1 1.5x, https:\/\/i0.wp.com\/www.satokangas.fi\/blogi\/wp-content\/uploads\/2021\/06\/vaivaiskoivu.jpg?resize=700%2C400&ssl=1 2x"},"classes":[]},{"id":51524,"url":"https:\/\/www.satokangas.fi\/blogi\/2024\/12\/jouluisia-juttuja\/","url_meta":{"origin":54319,"position":4},"title":"Jouluisia juttuja","author":"Reija","date":"14.12.2024","format":false,"excerpt":"Joulun etkot jatkuu ... joulusta jo etuk\u00e4teen nauttien paljosta hyv\u00e4st\u00e4. T\u00e4n\u00e4\u00e4n Kempeleess\u00e4 joulumarkkinat. Ajelin sinne aamup\u00e4iv\u00e4ll\u00e4, - ja kuinka kaukana Kempele onkaan!! Kes\u00e4ll\u00e4 ajelin sinne py\u00f6r\u00e4ll\u00e4 harva se viikko, ainakin joka toinen viikko joko\/tai hautuumaalle toviksi tai kauppakeskus Zeppelinin Robert\u00b4s Coffeen lounaskahville. T\u00e4n\u00e4\u00e4n autolla tuntui, ett\u00e4 matka on hyvinkin pitk\u00e4\u2026","rel":"","context":"Kategoriassa &quot;Joulu&quot;","block_context":{"text":"Joulu","link":"https:\/\/www.satokangas.fi\/blogi\/category\/joulu\/"},"img":{"alt_text":"","src":"https:\/\/i0.wp.com\/www.satokangas.fi\/blogi\/wp-content\/uploads\/2024\/12\/kaupunginsilhuetti_2024_12.jpg?resize=350%2C200&ssl=1","width":350,"height":200,"srcset":"https:\/\/i0.wp.com\/www.satokangas.fi\/blogi\/wp-content\/uploads\/2024\/12\/kaupunginsilhuetti_2024_12.jpg?resize=350%2C200&ssl=1 1x, https:\/\/i0.wp.com\/www.satokangas.fi\/blogi\/wp-content\/uploads\/2024\/12\/kaupunginsilhuetti_2024_12.jpg?resize=525%2C300&ssl=1 1.5x, https:\/\/i0.wp.com\/www.satokangas.fi\/blogi\/wp-content\/uploads\/2024\/12\/kaupunginsilhuetti_2024_12.jpg?resize=700%2C400&ssl=1 2x, https:\/\/i0.wp.com\/www.satokangas.fi\/blogi\/wp-content\/uploads\/2024\/12\/kaupunginsilhuetti_2024_12.jpg?resize=1050%2C600&ssl=1 3x"},"classes":[]},{"id":40656,"url":"https:\/\/www.satokangas.fi\/blogi\/2021\/04\/hankien-keskelta-kaupungin-kaduille\/","url_meta":{"origin":54319,"position":5},"title":"Hankien keskelt\u00e4 kaupungin kaduille","author":"Reija","date":"14.4.2021","format":false,"excerpt":"L\u00e4hd\u00f6n aika, kotiinpaluun aika. Ja kuten niin monta kertaa ennenkin niin my\u00f6s t\u00e4n\u00e4\u00e4n: juuri l\u00e4ht\u00f6aamu on ehk\u00e4 m\u00f6kkiviikon kaikkein kaunein. Y\u00f6n aikana oli satanut 10 - 15 sentti\u00e4. Hangasojan mutka lumen alla... Mutta oli j\u00e4tett\u00e4v\u00e4 puronranta, ladut, tunturit, m\u00f6kkielon verkkainen elo. \"Buorre matki\" toivotetaan Vuotson (Suomen etel\u00e4isimm\u00e4n) saamelaiskyl\u00e4n rajalla. \u00a0\u2026","rel":"","context":"Kategoriassa &quot;Niit\u00e4 n\u00e4it\u00e4&quot;","block_context":{"text":"Niit\u00e4 n\u00e4it\u00e4","link":"https:\/\/www.satokangas.fi\/blogi\/category\/aiheeton\/"},"img":{"alt_text":"","src":"https:\/\/i0.wp.com\/www.satokangas.fi\/blogi\/wp-content\/uploads\/2021\/04\/Buorre_matki-3.jpg?resize=350%2C200&ssl=1","width":350,"height":200,"srcset":"https:\/\/i0.wp.com\/www.satokangas.fi\/blogi\/wp-content\/uploads\/2021\/04\/Buorre_matki-3.jpg?resize=350%2C200&ssl=1 1x, https:\/\/i0.wp.com\/www.satokangas.fi\/blogi\/wp-content\/uploads\/2021\/04\/Buorre_matki-3.jpg?resize=525%2C300&ssl=1 1.5x, https:\/\/i0.wp.com\/www.satokangas.fi\/blogi\/wp-content\/uploads\/2021\/04\/Buorre_matki-3.jpg?resize=700%2C400&ssl=1 2x"},"classes":[]}],"_links":{"self":[{"href":"https:\/\/www.satokangas.fi\/blogi\/wp-json\/wp\/v2\/posts\/54319","targetHints":{"allow":["GET"]}}],"collection":[{"href":"https:\/\/www.satokangas.fi\/blogi\/wp-json\/wp\/v2\/posts"}],"about":[{"href":"https:\/\/www.satokangas.fi\/blogi\/wp-json\/wp\/v2\/types\/post"}],"author":[{"embeddable":true,"href":"https:\/\/www.satokangas.fi\/blogi\/wp-json\/wp\/v2\/users\/1"}],"replies":[{"embeddable":true,"href":"https:\/\/www.satokangas.fi\/blogi\/wp-json\/wp\/v2\/comments?post=54319"}],"version-history":[{"count":0,"href":"https:\/\/www.satokangas.fi\/blogi\/wp-json\/wp\/v2\/posts\/54319\/revisions"}],"wp:featuredmedia":[{"embeddable":true,"href":"https:\/\/www.satokangas.fi\/blogi\/wp-json\/wp\/v2\/media\/54321"}],"wp:attachment":[{"href":"https:\/\/www.satokangas.fi\/blogi\/wp-json\/wp\/v2\/media?parent=54319"}],"wp:term":[{"taxonomy":"category","embeddable":true,"href":"https:\/\/www.satokangas.fi\/blogi\/wp-json\/wp\/v2\/categories?post=54319"},{"taxonomy":"post_tag","embeddable":true,"href":"https:\/\/www.satokangas.fi\/blogi\/wp-json\/wp\/v2\/tags?post=54319"}],"curies":[{"name":"wp","href":"https:\/\/api.w.org\/{rel}","templated":true}]}}