{"id":53990,"date":"2026-03-04T20:06:55","date_gmt":"2026-03-04T18:06:55","guid":{"rendered":"https:\/\/www.satokangas.fi\/blogi\/?p=53990"},"modified":"2026-03-08T08:35:58","modified_gmt":"2026-03-08T06:35:58","slug":"helmikuussa-luettua","status":"publish","type":"post","link":"https:\/\/www.satokangas.fi\/blogi\/2026\/03\/helmikuussa-luettua\/","title":{"rendered":"Helmikuussa luettua"},"content":{"rendered":"<p style=\"text-align: justify;\">Helmikuussa\u00a0<a href=\"https:\/\/helmet-tukisivusto.hel.fi\/uutiset\/vuoden-2026-helmet-haasteet-on-julkaistu\/\">Helmet-lukuhaasteeseen<\/a>\u00a0tuli 10 kohtaa t\u00e4ydennetyksi. Olen lis\u00e4nnyt ne alla olevaan <span style=\"color: #008000;\"><strong>listaan vihre\u00e4ll\u00e4<\/strong><\/span>, tammikuun kirjat ovat mustalla.<\/p>\n<p style=\"text-align: justify;\">Helmikuussa kuunnelluista yksi on ylitse muiden. Kirja, joka j\u00e4tti j\u00e4ljen, muiston. Ehk\u00e4 se jopa v\u00e4h\u00e4n muuttikin minua, ehk\u00e4. Paavi Franciscuksen Muistelmat, jonka nimen\u00e4 on TOIVO, voi jopa muuttaa maailmankuvaa.<\/p>\n<p style=\"text-align: justify;\">Kymmenest\u00e4 kirjasta KOLME liittyy II maailmansodan vaiheisiin. Se on yll\u00e4tt\u00e4v\u00e4\u00e4, mutta kertoo siit\u00e4, ett\u00e4 kirjat olivat lukemisen\/kuuntelun v\u00e4\u00e4rtej\u00e4. Kerron alla niist\u00e4 enemm\u00e4n.<\/p>\n<p style=\"text-align: justify;\">Olen l\u00f6yt\u00e4nyt uuden, minulle uuden, kirjailijan: Fiona Valpy p\u00e4\u00e4see jatkoon lukulistoillani. Helmikuun listalla on tavallistakin enemm\u00e4n historiallisia lukuromaaneja: ehk\u00e4 yksin\u00e4iset ajomatkat J\u00e4rvenp\u00e4\u00e4h\u00e4n ja takaisin, laduille p\u00e4\u00e4sy ja ehk\u00e4 v\u00e4h\u00e4n my\u00f6s tietoinen &#8221;pako&#8221; ajatuksista ovat n\u00e4iden valintojen\u00a0 taustalla.<\/p>\n<ol class=\"wp-block-list\" style=\"text-align: justify;\">\n<li style=\"list-style-type: none;\">\n<ol class=\"wp-block-list\">\n<li>Brittiklassikko<\/li>\n<li>Kirjan nimess\u00e4 on sana t\u00e4hti tai sen taivutusmuoto<\/li>\n<li>Kirja liittyy Agatha Christieen (kuolemasta 50 v.)<br \/>\n<strong>Agatha Chrtistie<\/strong><br \/>\n<strong>Eik\u00e4 yksik\u00e4\u00e4n pelastunut<br \/>\n<\/strong>(Ensimm\u00e4inen suomennos julkaistiin vuonna 1940 nimell\u00e4 <em>Eik\u00e4 yksik\u00e4\u00e4n pelastunut<\/em>. Sen nimeksi tuli vuonna 1968 <em>Kymmenen pient\u00e4 neekeripoikaa<\/em>, mutta nimi muutettiin takaisin.)<br \/>\nKlassikkojen klassikko. Meid\u00e4n piti (= saatiin) lukea t\u00e4m\u00e4 lukiossa. Silloin ihmettelin Christien mielikuvitusta, sen j\u00e4lkeen olen lukenut ehk\u00e4 20\u00a0 kirjaansa, ja nyt ihmettelin h\u00e4nen \u00e4lykkyytt\u00e4\u00e4n enk\u00e4 onneksi muistanut ratkaisua. Klassikkodekkari! L\u00e4mmin suositus.<\/li>\n<li><span style=\"color: #008000;\">Kirja on Otavan kirjaston kirjalistalla<\/span><br \/>\n<span style=\"color: #008000;\"><strong>Margaret Atwood<\/strong><\/span><br \/>\n<span style=\"color: #008000;\"><span style=\"color: #008000;\"><span style=\"color: #008000;\"><strong><a style=\"color: #008000;\" href=\"https:\/\/www.bookbeat.com\/fi\/book\/vanhaa-rakkautta-1265407\" target=\"_blank\" rel=\"noopener\"><span style=\"color: #800000;\">Vanhaa rakkautta<\/span><\/a><br \/>\n<\/strong>Kirjassa on 15 novellia. Hyv\u00e4t novellit omat mielest\u00e4ni jotenkin j\u00e4nnitteisi\u00e4, ja sitten viimeinen kappale tai jopa viimeinen lause &#8221;selitt\u00e4\u00e4&#8221;, &#8221;paljastaa&#8221;, &#8221;avaa&#8221; kaiken. Moni n\u00e4ist\u00e4 Atwoodin novelleista on sellaisia.<\/span><\/span><\/span>Puolet kirjan novelleista on novelleja kuolemasta; Atwood on kirjoittanut ne puolisonsa kuoltua. Ja niinp\u00e4 novellit kertovat siit\u00e4 kun, &#8221;Lopulta j\u00e4ljell\u00e4 on en\u00e4\u00e4 toinen, jonka on hapuiltava tiens\u00e4 h\u00e4m\u00e4rtyv\u00e4ss\u00e4 illassa.&#8221;\u00a0 Pidin t\u00e4st\u00e4 kokoelmasta, suru ja ik\u00e4v\u00e4 oli sanoitettu hiljaisesti, mutta silti voimallisesti ja hyvin.<span style=\"color: #008000;\">Kirjan luki Pirjo Heikkil\u00e4, josta yleens\u00e4 pid\u00e4n, mutta t\u00e4h\u00e4n kirjaan h\u00e4nen sarkastinen, stand up -taustansa, koomikkoroolinsa tulivat &#8221;l\u00e4pi&#8221; tai siis juuri t\u00e4h\u00e4n kirjaan olisin halunnut jonkun toisen lukijan, &#8211; vaikka Johanna Kokon, joka on t\u00e4ll\u00e4 hetkell\u00e4 minulle mieluisin \u00e4\u00e4nikirjalukija, ainakin naisista.<\/span><br \/>\n<strong><br \/>\n<\/strong>5. Kirjassa on epilogi eli j\u00e4lkisanat<strong><br \/>\nAntti Heikkinen, Laura Malmivaara<\/strong><br \/>\n<strong>Pelkk\u00e4\u00e4 hyv\u00e4\u00e4<br \/>\n<\/strong>Antti Heikkinen on! Olen lukenut\/kuunnellut h\u00e4nen laajasta tuotannostaan enemm\u00e4n kuin puolet. Ja aina olen tyk\u00e4nnyt. Paljon.<br \/>\nT\u00e4m\u00e4 on sellainen kirja, joka ehdottomasti kannattaa kuunnella.<\/p>\n<p>Malmivaara ja Heikkinen ja muut tekev\u00e4t hienon kuunnelman. Hauska, el\u00e4m\u00e4nmakuinen, todentuntuinen. Kolme tuntia tunteita ja turhautumista, suomalaista maalaismaisemaa&#8230;<\/p>\n<p>6. Kirja sijoittuu kaupunkiin, jossa on j\u00e4rjestetty talviolympialaiset.<\/p>\n<p>7. Romanttinen viihdekirja<br \/>\n<strong>Beth O&#8217;Leary<\/strong><br \/>\n<strong>Vaihtokauppa<\/strong><br \/>\nT\u00e4m\u00e4 oli selllainen &#8221;v\u00e4lipalakirja&#8221;. Ei huono, mutta eip\u00e4 hetkauttanut.<\/p>\n<p><span style=\"color: #008000;\">8.Kirjassa ei rakastuta<\/span><br \/>\n<span style=\"color: #008000;\"><span style=\"color: #008000;\"><span style=\"color: #008000;\"><strong>Paavi Franciscus<br \/>\n<\/strong><span style=\"color: #800000;\"><a style=\"color: #800000;\" href=\"https:\/\/www.bookbeat.com\/fi\/book\/toivo-1726305\" target=\"_blank\" rel=\"noopener\">Toivo &#8211; Muistelmat<\/a><\/span><strong><br \/>\n<\/strong>Ennakkoasenteeni oli, ett\u00e4 t\u00e4m\u00e4 on kuuntelemisen v\u00e4\u00e4rti. Kyll\u00e4 oli. Paavi Franciscuksesta minulla(kin) oli ollut kuva, ett\u00e4 h\u00e4n oli oikeasti erityinen, hyv\u00e4ll\u00e4 tavalla ainutlaatuinen, hyv\u00e4, humaani, viisas ihminen,\u00a0 &#8211; kirjan j\u00e4lkeen liit\u00e4n h\u00e4neen paljon muitakin arvostavia epiteettj\u00e4. Kirjan nimi on Toivo! Hyv\u00e4 niin.<\/span><\/span><\/span><\/p>\n<p><a href=\"https:\/\/www.satokangas.fi\/blogi\/wp-content\/uploads\/2026\/03\/Toivo.jpg\"><img loading=\"lazy\" decoding=\"async\" data-attachment-id=\"54025\" data-permalink=\"https:\/\/www.satokangas.fi\/blogi\/2026\/03\/helmikuussa-luettua\/toivo\/\" data-orig-file=\"https:\/\/www.satokangas.fi\/blogi\/wp-content\/uploads\/2026\/03\/Toivo.jpg\" data-orig-size=\"640,640\" data-comments-opened=\"1\" data-image-meta=\"{&quot;aperture&quot;:&quot;0&quot;,&quot;credit&quot;:&quot;&quot;,&quot;camera&quot;:&quot;&quot;,&quot;caption&quot;:&quot;&quot;,&quot;created_timestamp&quot;:&quot;0&quot;,&quot;copyright&quot;:&quot;&quot;,&quot;focal_length&quot;:&quot;0&quot;,&quot;iso&quot;:&quot;0&quot;,&quot;shutter_speed&quot;:&quot;0&quot;,&quot;title&quot;:&quot;&quot;,&quot;orientation&quot;:&quot;1&quot;}\" data-image-title=\"Toivo\" data-image-description=\"\" data-image-caption=\"\" data-large-file=\"https:\/\/www.satokangas.fi\/blogi\/wp-content\/uploads\/2026\/03\/Toivo.jpg\" class=\"size-medium wp-image-54025 alignnone\" src=\"https:\/\/www.satokangas.fi\/blogi\/wp-content\/uploads\/2026\/03\/Toivo-400x400.jpg\" alt=\"\" width=\"400\" height=\"400\" srcset=\"https:\/\/www.satokangas.fi\/blogi\/wp-content\/uploads\/2026\/03\/Toivo-400x400.jpg 400w, https:\/\/www.satokangas.fi\/blogi\/wp-content\/uploads\/2026\/03\/Toivo-200x200.jpg 200w, https:\/\/www.satokangas.fi\/blogi\/wp-content\/uploads\/2026\/03\/Toivo-468x468.jpg 468w, https:\/\/www.satokangas.fi\/blogi\/wp-content\/uploads\/2026\/03\/Toivo.jpg 640w\" sizes=\"auto, (max-width: 400px) 100vw, 400px\" \/><\/a><\/p>\n<p><span style=\"color: #008000;\">Kun maailmassa ei ole en\u00e4\u00e4 paavi Franciscusta, on onneksi t\u00e4m\u00e4 kirja. Ja olisipa siit\u00e4 opiksi monelle muulle maailman &#8221;katolla&#8221; seisovalle t\u00e4n\u00e4 p\u00e4iv\u00e4n\u00e4kin. &#8230;<\/span><\/p>\n<p>9. Kirjassa on j\u00e4\u00e4kiekkoilija<\/p>\n<p>10. Kirjassa leikataan<br \/>\n<strong>Patrick Taylor<\/strong><br \/>\n<strong>Irlantilaistohtori Fingal O&#8217;Reilly<\/strong><br \/>\nMoneskohan Taylorin irlantilaistohtorikirja t\u00e4m\u00e4 on? Seitsem\u00e4s? &#8211; Juuri t\u00e4m\u00e4 \u00b4toisteisuus\u00b4 alkaa jo v\u00e4sytt\u00e4\u00e4. Toisaalta ihan leppoisaa &#8221;ruoanlaittokirjallisuutta&#8221;.<\/p>\n<p>11. Kirjassa on 400\u2013500 sivua<br \/>\n<strong>Veli-Pekka Lehtola<\/strong><br \/>\n<strong>Kenen maa, kenen \u00e4\u00e4ni? Saamelaisten ja suomalaisten suhteet esihistoriasta nykyp\u00e4iv\u00e4\u00e4n<br \/>\n<\/strong>T\u00e4m\u00e4 kuin my\u00f6s ooppera Ovlla pit\u00e4isi olla yl\u00e4koulun historian opintojen oheislukemistona. Tai meille kaikille suomalaisille t\u00e4rke\u00e4n\u00e4 suvaitsevaisuuden lis\u00e4\u00e4j\u00e4n\u00e4, maailmankuvan avaajana. VP (kollega yliopistovuosilta) osaa kirjoittaa, selkeytt\u00e4\u00e4, kiteytt\u00e4\u00e4, olla sopivasti (piilo)sarkastinen.\u00a0\u00a0<strong><br \/>\n<\/strong><strong><br \/>\n<a href=\"https:\/\/www.satokangas.fi\/blogi\/wp-content\/uploads\/2026\/02\/Lehtola.jpg\"><img loading=\"lazy\" decoding=\"async\" data-attachment-id=\"53914\" data-permalink=\"https:\/\/www.satokangas.fi\/blogi\/2026\/02\/helmet-lukuhaaste-2026-vol-i\/lehtola\/\" data-orig-file=\"https:\/\/www.satokangas.fi\/blogi\/wp-content\/uploads\/2026\/02\/Lehtola.jpg\" data-orig-size=\"268,399\" data-comments-opened=\"1\" data-image-meta=\"{&quot;aperture&quot;:&quot;0&quot;,&quot;credit&quot;:&quot;&quot;,&quot;camera&quot;:&quot;&quot;,&quot;caption&quot;:&quot;&quot;,&quot;created_timestamp&quot;:&quot;0&quot;,&quot;copyright&quot;:&quot;&quot;,&quot;focal_length&quot;:&quot;0&quot;,&quot;iso&quot;:&quot;0&quot;,&quot;shutter_speed&quot;:&quot;0&quot;,&quot;title&quot;:&quot;&quot;,&quot;orientation&quot;:&quot;0&quot;}\" data-image-title=\"Lehtola\" data-image-description=\"\" data-image-caption=\"\" data-large-file=\"https:\/\/www.satokangas.fi\/blogi\/wp-content\/uploads\/2026\/02\/Lehtola.jpg\" class=\"size-full wp-image-53914 alignnone\" src=\"https:\/\/www.satokangas.fi\/blogi\/wp-content\/uploads\/2026\/02\/Lehtola.jpg\" alt=\"\" width=\"268\" height=\"399\" srcset=\"https:\/\/www.satokangas.fi\/blogi\/wp-content\/uploads\/2026\/02\/Lehtola.jpg 268w, https:\/\/www.satokangas.fi\/blogi\/wp-content\/uploads\/2026\/02\/Lehtola-134x200.jpg 134w\" sizes=\"auto, (max-width: 268px) 100vw, 268px\" \/><\/a><br \/>\n<\/strong><br \/>\n12. Kirjan nimest\u00e4 ei voi p\u00e4\u00e4tell\u00e4, mill\u00e4 kielell\u00e4 kirja on kirjoitettu<br \/>\n<strong>Minna Rytisalo<\/strong><br \/>\n<strong>Sylvia<br \/>\n<\/strong>Petronella ~Sylvia! Kuinka monta kirjaa t\u00e4st\u00e4 Lapin kultamailla kulkeneesta naisesta onkaan kirjoitettu? T\u00e4m\u00e4 on erilainen. T\u00e4m\u00e4 on ehk\u00e4 paras!\u00a0 Rytisalon kirjoista on pit\u00e4nyt, paljon. Niin t\u00e4st\u00e4kin.<\/p>\n<p><a href=\"https:\/\/www.satokangas.fi\/blogi\/wp-content\/uploads\/2026\/02\/Rytisalo.webp\"><img loading=\"lazy\" decoding=\"async\" data-attachment-id=\"53915\" data-permalink=\"https:\/\/www.satokangas.fi\/blogi\/2026\/02\/helmet-lukuhaaste-2026-vol-i\/rytisalo\/\" data-orig-file=\"https:\/\/www.satokangas.fi\/blogi\/wp-content\/uploads\/2026\/02\/Rytisalo.webp\" data-orig-size=\"950,1542\" data-comments-opened=\"1\" data-image-meta=\"{&quot;aperture&quot;:&quot;0&quot;,&quot;credit&quot;:&quot;&quot;,&quot;camera&quot;:&quot;&quot;,&quot;caption&quot;:&quot;&quot;,&quot;created_timestamp&quot;:&quot;0&quot;,&quot;copyright&quot;:&quot;&quot;,&quot;focal_length&quot;:&quot;0&quot;,&quot;iso&quot;:&quot;0&quot;,&quot;shutter_speed&quot;:&quot;0&quot;,&quot;title&quot;:&quot;&quot;,&quot;orientation&quot;:&quot;0&quot;}\" data-image-title=\"Rytisalo\" data-image-description=\"\" data-image-caption=\"\" data-large-file=\"https:\/\/www.satokangas.fi\/blogi\/wp-content\/uploads\/2026\/02\/Rytisalo-411x667.webp\" class=\"size-medium wp-image-53915 alignnone\" src=\"https:\/\/www.satokangas.fi\/blogi\/wp-content\/uploads\/2026\/02\/Rytisalo-246x400.webp\" alt=\"\" width=\"246\" height=\"400\" srcset=\"https:\/\/www.satokangas.fi\/blogi\/wp-content\/uploads\/2026\/02\/Rytisalo-246x400.webp 246w, https:\/\/www.satokangas.fi\/blogi\/wp-content\/uploads\/2026\/02\/Rytisalo-411x667.webp 411w, https:\/\/www.satokangas.fi\/blogi\/wp-content\/uploads\/2026\/02\/Rytisalo-123x200.webp 123w, https:\/\/www.satokangas.fi\/blogi\/wp-content\/uploads\/2026\/02\/Rytisalo-768x1247.webp 768w, https:\/\/www.satokangas.fi\/blogi\/wp-content\/uploads\/2026\/02\/Rytisalo-946x1536.webp 946w, https:\/\/www.satokangas.fi\/blogi\/wp-content\/uploads\/2026\/02\/Rytisalo.webp 950w\" sizes=\"auto, (max-width: 246px) 100vw, 246px\" \/><\/a><\/p>\n<p>13. Kirjassa on syntym\u00e4p\u00e4iv\u00e4t<br \/>\n14. Kirjassa on robotti, drooni tai jokin vastaava laite<br \/>\n15. Kirjan kannessa tai nimess\u00e4 on lintu<br \/>\n16. Kirjailija on kirjoittanut sek\u00e4 aikuisille ett\u00e4 lapsille tai nuorille<br \/>\n17.\u00a0Kirjan nimess\u00e4 on jokin kansallisuus<br \/>\n18. Kirja, joka kuuluu useampaan eri genreen<br \/>\n19.\u00a0Kirjan nimess\u00e4 on jokin talon osa<br \/>\n20. Haluaisit olla joku kirjan hahmoista<\/p>\n<p>21. Kirjassa k\u00e4yd\u00e4\u00e4n museossa<br \/>\n<strong>Katja K\u00e4rki<\/strong><br \/>\n<strong>Evan nelj\u00e4 el\u00e4m\u00e4\u00e4<br \/>\n<\/strong>Minulle aiemmin tuntemattoman kuvanveist\u00e4j\u00e4n autofiktiivinen el\u00e4m\u00e4kerta oli mielenkiintoinen. Kirjassa on paljon suomalaisen maalaisyhteis\u00f6n el\u00e4m\u00e4nmenoa ja asenteita. Ja itse\u00e4\u00e4n ja ty\u00f6t\u00e4\u00e4n toteuttavan naisen, lapsettomuuden kanssa kamppailevan naisen el\u00e4m\u00e4\u00e4, tuntoja ja kipupisteit\u00e4.<\/p>\n<p>22. Kirjan kannen p\u00e4\u00e4v\u00e4ri on sininen tai kirjan nimess\u00e4 on sana sininen<br \/>\n<strong>Maija Paavilainen<\/strong><br \/>\n<strong>Hankikantoa<\/strong><br \/>\nT\u00e4m\u00e4 on jokatalvinen opukseni. Luen t\u00e4m\u00e4n pikku kirjasen kerta toisensa j\u00e4lkeen. Joka kerta jotain uutta.\u00a0 Paavilaisella on lyhyesti sanottavana paljon.<\/p>\n<p><span style=\"color: #008000;\">23.Cozy crime -dekkari<\/span><br \/>\n<span style=\"color: #008000;\"><strong>Richard Oman<\/strong><\/span><br \/>\n<span style=\"color: #008000;\"><strong>Mahdoton mammona. Torstain murhakerho<\/strong><br \/>\n<\/span><span style=\"color: #008000;\">T\u00e4m\u00e4 oli viides Torstain murhakerhon kirja, &#8211; ehk\u00e4 paras. Tai ainakin jaetulla toisella sijalla.<\/span><\/p>\n<p><a href=\"https:\/\/www.satokangas.fi\/blogi\/wp-content\/uploads\/2026\/03\/murhakerho.jpg\"><img loading=\"lazy\" decoding=\"async\" data-attachment-id=\"54024\" data-permalink=\"https:\/\/www.satokangas.fi\/blogi\/2026\/03\/helmikuussa-luettua\/murhakerho-2\/\" data-orig-file=\"https:\/\/www.satokangas.fi\/blogi\/wp-content\/uploads\/2026\/03\/murhakerho.jpg\" data-orig-size=\"900,297\" data-comments-opened=\"1\" data-image-meta=\"{&quot;aperture&quot;:&quot;0&quot;,&quot;credit&quot;:&quot;&quot;,&quot;camera&quot;:&quot;&quot;,&quot;caption&quot;:&quot;&quot;,&quot;created_timestamp&quot;:&quot;0&quot;,&quot;copyright&quot;:&quot;&quot;,&quot;focal_length&quot;:&quot;0&quot;,&quot;iso&quot;:&quot;0&quot;,&quot;shutter_speed&quot;:&quot;0&quot;,&quot;title&quot;:&quot;&quot;,&quot;orientation&quot;:&quot;1&quot;}\" data-image-title=\"murhakerho\" data-image-description=\"\" data-image-caption=\"\" data-large-file=\"https:\/\/www.satokangas.fi\/blogi\/wp-content\/uploads\/2026\/03\/murhakerho.jpg\" class=\"size-medium wp-image-54024 alignnone\" src=\"https:\/\/www.satokangas.fi\/blogi\/wp-content\/uploads\/2026\/03\/murhakerho-600x198.jpg\" alt=\"\" width=\"600\" height=\"198\" srcset=\"https:\/\/www.satokangas.fi\/blogi\/wp-content\/uploads\/2026\/03\/murhakerho-600x198.jpg 600w, https:\/\/www.satokangas.fi\/blogi\/wp-content\/uploads\/2026\/03\/murhakerho-300x99.jpg 300w, https:\/\/www.satokangas.fi\/blogi\/wp-content\/uploads\/2026\/03\/murhakerho-768x253.jpg 768w, https:\/\/www.satokangas.fi\/blogi\/wp-content\/uploads\/2026\/03\/murhakerho.jpg 900w\" sizes=\"auto, (max-width: 600px) 100vw, 600px\" \/><\/a><\/p>\n<p>24. Kirjassa on sirkus tai huvipuisto<\/p>\n<p><span style=\"color: #008000;\">25. Matkakertomus<\/span><br \/>\n<span style=\"color: #008000;\"><strong>Fiona Valpy<\/strong><\/span><br \/>\n<span style=\"color: #008000;\"><strong><span style=\"color: #800000;\"><a style=\"color: #800000;\" href=\"https:\/\/www.bookbeat.com\/fi\/book\/allamme-hohtava-taivas-1728925\" target=\"_blank\" rel=\"noopener\">Allamme hohtava taivas<\/a><\/span><br \/>\n<\/strong>Fiona Valpy on minulle uusi tuttavuus. Kirja on kasvutarina, jossa &#8221;Nuori kasvitieteilij\u00e4 Violet karistaa Skotlannin p\u00f6lyt helmoistaan ja l\u00e4htee tutkimusmatkalle Nepaliin.&#8221; Ymm\u00e4rt\u00e4\u00e4kseni taustaty\u00f6 on tehty hyvin, ja matkakertomus on kiinnostava.\u00a0<\/span><\/p>\n<p>26. Sateenkaarikirja, jossa on onnellinen loppu<\/p>\n<p><span style=\"color: #008000;\">27. Kirjassa on puutarha<\/span><br \/>\n<span style=\"color: #008000;\"><b>Fiona Valpy<br \/>\n<span style=\"color: #800000;\"><a style=\"color: #800000;\" href=\"https:\/\/www.bookbeat.com\/fi\/book\/sypressisokkelo-1419838\">Sypressisokkelo<\/a><\/span><br \/>\n<\/b>Luin heti per\u00e4\u00e4n toisenkin Valpyn kirjan, &#8211; huolimatta siit\u00e4, ett\u00e4 sijoittuu toisen maailmansodan aikaan. Min\u00e4 en &#8211; muka &#8211; en\u00e4\u00e4 lue, en ainakaan hakeudu lukemaan, toisen maailmansodan aikaan sijoitettuja romaaneja, mutta &#8230; T\u00e4m\u00e4 oli hyv\u00e4. Ehk\u00e4 siksikin, ett\u00e4 se sijoittuu Italiaan.\u00a0<\/span><\/p>\n<p><span style=\"color: #008000;\">28 Kirjassa tanssitaan<\/span><br \/>\n<span style=\"color: #008000;\"><strong>Trade Teige<\/strong><\/span><br \/>\n<span style=\"color: #008000;\"><span style=\"color: #008000;\"><strong><span style=\"color: #800000;\"><a style=\"color: #800000;\" href=\"https:\/\/www.bookbeat.com\/fi\/book\/isoaiti-tanssi-sateessa-1406382\" target=\"_blank\" rel=\"noopener\">Iso\u00e4iti tanssi sateessa<\/a><\/span><br \/>\n<\/strong>Ja sitten heti toinenkin toisen maailmansodan historiaan sijoittuva romaani.\u00a0\u00a0<strong><br \/>\n<\/strong><\/span><\/span><\/p>\n<p><span style=\"color: #008000;\">Silloin kun t\u00e4m\u00e4 ilmestyi uutuuksien listalle, skippasin sen heti: saksalaissotilaiden morsiamet ja heid\u00e4n el\u00e4m\u00e4ns\u00e4 ja kohtalonsa on jo monen romaanin ja tutkimuksenkin my\u00f6t\u00e4 tullut tutuksi, joten j\u00e4t\u00e4n v\u00e4liin, mutta sitten my\u00f6hemmin kuitenkin latasin t\u00e4m\u00e4n kuunteluun. Ja se onkin erilainen.<\/span><\/p>\n<p><span style=\"color: #008000;\">T\u00e4ss\u00e4 oli paljon uuttakin tietoa, ja t\u00e4ss\u00e4 oli my\u00f6s paljon siit\u00e4, millaista Saksaan sotilaansa mukaan l\u00e4hteneet kohtasivat Saksassa. T\u00e4t\u00e4 markkinoidaan &#8221;lukuromaanina&#8221;, mutta t\u00e4ss\u00e4 on vahva &#8221;dokumentaarinenkin&#8221; osuus. <a style=\"color: #008000;\" href=\"https:\/\/www.hs.fi\/feature\/art-2000006502003.html\"><span style=\"color: #800000;\">Demminist\u00e4<\/span><\/a> en ollut ennen lukenut, tai en sen historiasta tiennyt tai en ainakaan muistanut. Nyt tied\u00e4n, enk\u00e4 unohda.\u00a0<\/span><\/p>\n<p><a href=\"https:\/\/www.satokangas.fi\/blogi\/wp-content\/uploads\/2026\/03\/Tanssi_sateessa.jpg\"><img loading=\"lazy\" decoding=\"async\" data-attachment-id=\"54022\" data-permalink=\"https:\/\/www.satokangas.fi\/blogi\/2026\/03\/helmikuussa-luettua\/tanssi_sateessa\/\" data-orig-file=\"https:\/\/www.satokangas.fi\/blogi\/wp-content\/uploads\/2026\/03\/Tanssi_sateessa.jpg\" data-orig-size=\"640,640\" data-comments-opened=\"1\" data-image-meta=\"{&quot;aperture&quot;:&quot;0&quot;,&quot;credit&quot;:&quot;&quot;,&quot;camera&quot;:&quot;&quot;,&quot;caption&quot;:&quot;&quot;,&quot;created_timestamp&quot;:&quot;0&quot;,&quot;copyright&quot;:&quot;&quot;,&quot;focal_length&quot;:&quot;0&quot;,&quot;iso&quot;:&quot;0&quot;,&quot;shutter_speed&quot;:&quot;0&quot;,&quot;title&quot;:&quot;&quot;,&quot;orientation&quot;:&quot;1&quot;}\" data-image-title=\"Tanssi_sateessa\" data-image-description=\"\" data-image-caption=\"\" data-large-file=\"https:\/\/www.satokangas.fi\/blogi\/wp-content\/uploads\/2026\/03\/Tanssi_sateessa.jpg\" class=\"size-medium wp-image-54022 alignnone\" src=\"https:\/\/www.satokangas.fi\/blogi\/wp-content\/uploads\/2026\/03\/Tanssi_sateessa-400x400.jpg\" alt=\"\" width=\"400\" height=\"400\" srcset=\"https:\/\/www.satokangas.fi\/blogi\/wp-content\/uploads\/2026\/03\/Tanssi_sateessa-400x400.jpg 400w, https:\/\/www.satokangas.fi\/blogi\/wp-content\/uploads\/2026\/03\/Tanssi_sateessa-200x200.jpg 200w, https:\/\/www.satokangas.fi\/blogi\/wp-content\/uploads\/2026\/03\/Tanssi_sateessa-468x468.jpg 468w, https:\/\/www.satokangas.fi\/blogi\/wp-content\/uploads\/2026\/03\/Tanssi_sateessa.jpg 640w\" sizes=\"auto, (max-width: 400px) 100vw, 400px\" \/><\/a><\/p>\n<p>29. Kirjan tapahtumat sijoittuvat useammalle vuosikymmenelle<\/p>\n<p>30. Kirjan p\u00e4\u00e4henkil\u00f6n vanhemmat ovat kadonneet tai muuten poissa<br \/>\n<strong>Harriet Constable<br \/>\nViulisti<br \/>\n<\/strong>Hieno kirja!!!! Italia! Historia.<\/p>\n<p>31. Kirjassa on soittolista tai kirjassa mainitaan jokin biisi<\/p>\n<p>32. Kirjan kannessa tai nimess\u00e4 on linna<br \/>\n<strong>Sini Kangas<br \/>\nRistiretkien historia 1096 &#8211; 1192\u00a0<\/strong>Ehk\u00e4 odotukseni olivat liian korkealla? &#8211; Kronikaksi t\u00e4m\u00e4 minun mielest\u00e4ni j\u00e4i&#8230;<\/p>\n<p><strong><a href=\"https:\/\/www.satokangas.fi\/blogi\/wp-content\/uploads\/2026\/02\/RIstiretket.jpg\"><img loading=\"lazy\" decoding=\"async\" data-attachment-id=\"53913\" data-permalink=\"https:\/\/www.satokangas.fi\/blogi\/2026\/02\/helmet-lukuhaaste-2026-vol-i\/ristiretket\/\" data-orig-file=\"https:\/\/www.satokangas.fi\/blogi\/wp-content\/uploads\/2026\/02\/RIstiretket.jpg\" data-orig-size=\"564,800\" data-comments-opened=\"1\" data-image-meta=\"{&quot;aperture&quot;:&quot;0&quot;,&quot;credit&quot;:&quot;&quot;,&quot;camera&quot;:&quot;&quot;,&quot;caption&quot;:&quot;&quot;,&quot;created_timestamp&quot;:&quot;0&quot;,&quot;copyright&quot;:&quot;&quot;,&quot;focal_length&quot;:&quot;0&quot;,&quot;iso&quot;:&quot;0&quot;,&quot;shutter_speed&quot;:&quot;0&quot;,&quot;title&quot;:&quot;&quot;,&quot;orientation&quot;:&quot;0&quot;}\" data-image-title=\"RIstiretket\" data-image-description=\"\" data-image-caption=\"\" data-large-file=\"https:\/\/www.satokangas.fi\/blogi\/wp-content\/uploads\/2026\/02\/RIstiretket-470x667.jpg\" class=\"wp-image-53913 alignnone\" src=\"https:\/\/www.satokangas.fi\/blogi\/wp-content\/uploads\/2026\/02\/RIstiretket-282x400.jpg\" alt=\"\" width=\"281\" height=\"399\" srcset=\"https:\/\/www.satokangas.fi\/blogi\/wp-content\/uploads\/2026\/02\/RIstiretket-282x400.jpg 282w, https:\/\/www.satokangas.fi\/blogi\/wp-content\/uploads\/2026\/02\/RIstiretket-470x667.jpg 470w, https:\/\/www.satokangas.fi\/blogi\/wp-content\/uploads\/2026\/02\/RIstiretket-141x200.jpg 141w, https:\/\/www.satokangas.fi\/blogi\/wp-content\/uploads\/2026\/02\/RIstiretket.jpg 564w\" sizes=\"auto, (max-width: 281px) 100vw, 281px\" \/><\/a><\/strong><\/p>\n<p>33. Kirjan p\u00e4\u00e4henkil\u00f6 on yli 60-vuotias<\/p>\n<p><strong><span style=\"color: #008000;\">34. Kirjassa menn\u00e4\u00e4n piiloon<\/span><\/strong><br \/>\n<strong><span style=\"color: #008000;\">Melissa de Costa<br \/>\nVuorten Valo\u00a0<\/span><\/strong><br \/>\n<span style=\"color: #008000;\">Kaksi edellist\u00e4 de Costan kirjaa olivat kovastikin mieleeni. Olivatko odotukset liian korkealla ja syyn\u00e4 siihen, ett\u00e4 t\u00e4m\u00e4 ei saanut minua uppoamaan kirjaan kunnolla. Tai ehk\u00e4 kirjan nuorten parisuhdeongelmat ja oman suunnan etsiminen eiv\u00e4t ole ihan se aihepiiri, joka olisi minut koukuttanut. Ihan kelpo kirja, mutta &#8230; En ole oikeassa i\u00e4ss\u00e4.\u00a0 \ud83d\ude00\u00a0<\/span><\/p>\n<p>35. Kirjassa on lyhyet luvut<\/p>\n<p>36. Kirja, josta haluaisit keskustella muiden kanssa lukemisen j\u00e4lkeen<br \/>\n<strong>Liisa Keltikangas-J\u00e4rvinen<\/strong><br \/>\n<strong>Itsekkyyden aika<br \/>\n<\/strong>Keltikangas-J\u00e4rvinen on sanonut ja kirjoittanut vuosikymmenien aikana paljon sellaista, josta olen oppinut ja pit\u00e4nyt. Sellaista t\u00e4m\u00e4kin. Ja h\u00e4n osaa my\u00f6s kirjoittaa ymm\u00e4rrett\u00e4v\u00e4sti ja selke\u00e4sti. Olisipa sisareni kanssani t\u00e4st\u00e4 juttelemassa!<\/p>\n<p>37. Kirja liittyy radioon tai televisioon (Yle 100 vuotta)<\/p>\n<p><span style=\"color: #008000;\">38. Kirjassa ker\u00e4ill\u00e4\u00e4n jotain<\/span><br \/>\n<span style=\"color: #008000;\"><strong>Kate Thompson<\/strong><\/span><br \/>\n<span style=\"color: #008000;\"><strong><span style=\"color: #800000;\"><a style=\"color: #800000;\" href=\"https:\/\/www.bookbeat.com\/fi\/book\/kiellettyjen-kirjojen-lukupiiri-1558770\" target=\"_blank\" rel=\"noopener\">Kiellettyjen kirjojen lukupiiri<\/a><\/span><br \/>\n<\/strong>Ja kolmas sotakirja: II maailmansodan saksalaismiehitys Jerseyn saarella. Kate Thompson kertoo kirjan lopussa tekem\u00e4st\u00e4\u00e4n taustaty\u00f6st\u00e4, monista haastatteluista, niist\u00e4 arkistotutkimuksista ja historiantutkimuksista, joita h\u00e4n kirjaa varten teki ja hy\u00f6dynsi. Jo ennen t\u00e4t\u00e4 &#8221;loppulukua&#8221; olin vaikuttunut ja vakuuttunut ansiokkaasta ja taitavasta ty\u00f6st\u00e4, mutta silti, tai ehk\u00e4 juuri siksi, my\u00f6s el\u00e4m\u00e4nmakuisesta tavasta kirjoittaa.<\/span><\/p>\n<p>Ainoa, mik\u00e4 t\u00e4ss\u00e4 kirjassa h\u00e4iritsee, ja paljon h\u00e4iritseekin, on t\u00e4m\u00e4 kansi!\u00a0 Ei sovi! Ei mill\u00e4\u00e4\u00e4n.<\/p>\n<p><a href=\"https:\/\/www.satokangas.fi\/blogi\/wp-content\/uploads\/2026\/03\/lukupiiri.jpg\"><img loading=\"lazy\" decoding=\"async\" data-attachment-id=\"54023\" data-permalink=\"https:\/\/www.satokangas.fi\/blogi\/2026\/03\/helmikuussa-luettua\/lukupiiri-2\/\" data-orig-file=\"https:\/\/www.satokangas.fi\/blogi\/wp-content\/uploads\/2026\/03\/lukupiiri.jpg\" data-orig-size=\"602,649\" data-comments-opened=\"1\" data-image-meta=\"{&quot;aperture&quot;:&quot;0&quot;,&quot;credit&quot;:&quot;&quot;,&quot;camera&quot;:&quot;&quot;,&quot;caption&quot;:&quot;&quot;,&quot;created_timestamp&quot;:&quot;0&quot;,&quot;copyright&quot;:&quot;&quot;,&quot;focal_length&quot;:&quot;0&quot;,&quot;iso&quot;:&quot;0&quot;,&quot;shutter_speed&quot;:&quot;0&quot;,&quot;title&quot;:&quot;&quot;,&quot;orientation&quot;:&quot;1&quot;}\" data-image-title=\"lukupiiri\" data-image-description=\"\" data-image-caption=\"\" data-large-file=\"https:\/\/www.satokangas.fi\/blogi\/wp-content\/uploads\/2026\/03\/lukupiiri.jpg\" class=\"size-medium wp-image-54023 alignnone\" src=\"https:\/\/www.satokangas.fi\/blogi\/wp-content\/uploads\/2026\/03\/lukupiiri-371x400.jpg\" alt=\"\" width=\"371\" height=\"400\" srcset=\"https:\/\/www.satokangas.fi\/blogi\/wp-content\/uploads\/2026\/03\/lukupiiri-371x400.jpg 371w, https:\/\/www.satokangas.fi\/blogi\/wp-content\/uploads\/2026\/03\/lukupiiri-186x200.jpg 186w, https:\/\/www.satokangas.fi\/blogi\/wp-content\/uploads\/2026\/03\/lukupiiri.jpg 602w\" sizes=\"auto, (max-width: 371px) 100vw, 371px\" \/><\/a><\/p>\n<p>39. Kirja kirjailijalta, jonka tuotantoa et ole lukenut aiemmin<br \/>\n<span style=\"color: #008000;\"><strong>L. T. Shearer<\/strong><\/span><br \/>\n<span style=\"color: #008000;\"><strong>Kissa joka pyydysti murhaajan<br \/>\n<\/strong>T\u00e4m\u00e4 olikin metka, v\u00e4h\u00e4n erilainen &#8221;dekkari&#8221;. &#x1f60a;<\/span><\/p>\n<p>40. Kirja sijoittuu syksyyn<\/p>\n<p>41. Kirjan kansi tai nimi on mielest\u00e4si kaunis<br \/>\n<strong>Selja Laakso<\/strong><br \/>\n<strong>Siell\u00e4 miss\u00e4 tuuli tuoksuu suolalta<br \/>\n<\/strong>Oikein mukava hyv\u00e4nmielen romaani. Tosin rakkaustarina melkein \u00f6veri.<\/p>\n<p>42.Kirjassa on sanoja tai lauseita toisella kielell\u00e4<br \/>\n<strong>Minna Ev\u00e4soja<\/strong><br \/>\nRakkauden merkit<br \/>\nOpin paljon japanilaisesta yhteiskunnasta ja naisen asemasta. Melkein h\u00e4tk\u00e4hdytt\u00e4v\u00e4! Mutta samalla hyvin inhimillisesti kerrottu!<\/p>\n<p><span style=\"color: #008000;\">43. Uusin kirja lempikirjailijaltasi<\/span><br \/>\n<strong><span style=\"color: #008000;\">Donna Leon<\/span><\/strong><br \/>\n<span style=\"color: #008000;\"><strong>Puhdistava tuli<\/strong><\/span><\/p>\n<p><span style=\"color: #008000;\">Donna Leonin uusin kuului kes\u00e4lomalukemistooni ainakin vuosikymmenen ajan, ainakin. (Huom. jopa pieni <a style=\"color: #008000;\" href=\"https:\/\/www.satokangas.fi\/blogi\/2011\/06\/kolumni-dekkarit-ja-ruoka\/\" target=\"_blank\" rel=\"noopener\">kolumnini aiheesta<\/a>)\u00a0 Olen lukenut ja\u00a0 minulla on melkein kaikki Donna Leonin (dekkari)kirjat hyllyss\u00e4ni. Voin siis v\u00e4itt\u00e4\u00e4 h\u00e4nen olevan, ainakin olleen, lempikirjailijani. (Onpa oululainen, edesmennyt kirjallisuuskriitikko\u00a0 puhutellut minua Paolaksi &#8211; komisario Brunettin humanistiopettajavaimo, joka tekee hyv\u00e4\u00e4 italialaista ruokaa&#8230; \ud83d\ude42\u00a0 )<\/span><\/p>\n<p><span style=\"color: #008000;\">Mutta siis t\u00e4m\u00e4 33. Guido Brunetti -kirja &#8221;Puhdistava tuli&#8221;: ei huono, mutta &#8230; voisin v\u00e4itt\u00e4\u00e4 ett\u00e4 jo v\u00e4h\u00e4n liian tuttua. Silti pidin<\/span>.<\/p>\n<p><a href=\"https:\/\/www.satokangas.fi\/blogi\/wp-content\/uploads\/2026\/03\/Donna-Leon_.jpg\"><img loading=\"lazy\" decoding=\"async\" data-attachment-id=\"54026\" data-permalink=\"https:\/\/www.satokangas.fi\/blogi\/2026\/03\/helmikuussa-luettua\/donna-leon_\/\" data-orig-file=\"https:\/\/www.satokangas.fi\/blogi\/wp-content\/uploads\/2026\/03\/Donna-Leon_.jpg\" data-orig-size=\"1000,818\" data-comments-opened=\"1\" data-image-meta=\"{&quot;aperture&quot;:&quot;0&quot;,&quot;credit&quot;:&quot;&quot;,&quot;camera&quot;:&quot;&quot;,&quot;caption&quot;:&quot;&quot;,&quot;created_timestamp&quot;:&quot;1772012831&quot;,&quot;copyright&quot;:&quot;&quot;,&quot;focal_length&quot;:&quot;0&quot;,&quot;iso&quot;:&quot;0&quot;,&quot;shutter_speed&quot;:&quot;0&quot;,&quot;title&quot;:&quot;&quot;,&quot;orientation&quot;:&quot;0&quot;}\" data-image-title=\"Donna Leon_\" data-image-description=\"\" data-image-caption=\"\" data-large-file=\"https:\/\/www.satokangas.fi\/blogi\/wp-content\/uploads\/2026\/03\/Donna-Leon_-815x667.jpg\" class=\"size-medium wp-image-54026 alignnone\" src=\"https:\/\/www.satokangas.fi\/blogi\/wp-content\/uploads\/2026\/03\/Donna-Leon_-489x400.jpg\" alt=\"\" width=\"489\" height=\"400\" srcset=\"https:\/\/www.satokangas.fi\/blogi\/wp-content\/uploads\/2026\/03\/Donna-Leon_-489x400.jpg 489w, https:\/\/www.satokangas.fi\/blogi\/wp-content\/uploads\/2026\/03\/Donna-Leon_-815x667.jpg 815w, https:\/\/www.satokangas.fi\/blogi\/wp-content\/uploads\/2026\/03\/Donna-Leon_-244x200.jpg 244w, https:\/\/www.satokangas.fi\/blogi\/wp-content\/uploads\/2026\/03\/Donna-Leon_-768x628.jpg 768w, https:\/\/www.satokangas.fi\/blogi\/wp-content\/uploads\/2026\/03\/Donna-Leon_.jpg 1000w\" sizes=\"auto, (max-width: 489px) 100vw, 489px\" \/><\/a><\/p>\n<p>44. Kirja on ollut ehdolla Helsingin Sanomien kirjallisuuspalkinnon saajaksi<\/p>\n<p>45. Kirjassa on kiusaamista<br \/>\n<strong>Juha Hurme<\/strong><br \/>\n<strong>Suomen nuijituin nainen. Anni Polvan el\u00e4m\u00e4 ja teokset<br \/>\n<\/strong>Onneksi t\u00e4m\u00e4n oli kirjoittanut JH. Kyll\u00e4 kaikki Tiina-kirjat lukeneena t\u00e4m\u00e4 kirja oli nostalgiamatka, vaikka v\u00e4h\u00e4n luettelomainen tuntu v\u00e4lill\u00e4..<\/p>\n<p>46. Trilogian ensimm\u00e4inen osa<br \/>\n<strong>Tapio Koivukari<\/strong><br \/>\n<strong>Sumun lokikirja<\/strong><\/p>\n<p>47. Trilogian toinen osa<br \/>\n<strong>Tapio Koivukari<\/strong><br \/>\n<strong>Miss\u00e4 aallot murtuvat<\/strong><\/p>\n<p>48. Trilogian kolmas osa<br \/>\n<strong>Tapio Koivukari<\/strong><br \/>\n<strong>Luodetuulen maa<\/strong><\/li>\n<\/ol>\n<\/li>\n<\/ol>\n<p style=\"text-align: justify;\">Koko Koivukarin trilogia oli minulle l\u00f6yt\u00f6! Ensimm\u00e4inen osa kuin satakuntalainen &#8221;T\u00e4\u00e4ll\u00e4 Pohjant\u00e4hden alla&#8221; . Kieli rikasta, historia el\u00e4v\u00e4\u00e4, naiset oman aikansa sankareita ilman hypetyst\u00e4, Suomen historian peruskurssin oheislukemistona erinomainen. Upposin viime viikoksi t\u00e4h\u00e4n maailmaan, liki 1000 sivua merenkulkua, kalastusta, saaristolaismaisemia, Suomen historian kohtalonhetki\u00e4, naisten, \u00e4itien, el\u00e4m\u00e4\u00e4 menetysten ja rakkauden vuosissa. Ehk\u00e4 oma sukuhistorianikin teki t\u00e4st\u00e4 &#8221;l\u00e4heisen&#8221;. Pidin todella paljon!<\/p>\n<p style=\"text-align: justify;\"><a href=\"https:\/\/www.satokangas.fi\/blogi\/wp-content\/uploads\/2026\/02\/Koivukari-Recovered.jpg\"><img loading=\"lazy\" decoding=\"async\" data-attachment-id=\"53912\" data-permalink=\"https:\/\/www.satokangas.fi\/blogi\/2026\/02\/helmet-lukuhaaste-2026-vol-i\/koivukari-recovered\/\" data-orig-file=\"https:\/\/www.satokangas.fi\/blogi\/wp-content\/uploads\/2026\/02\/Koivukari-Recovered.jpg\" data-orig-size=\"908,280\" data-comments-opened=\"1\" data-image-meta=\"{&quot;aperture&quot;:&quot;0&quot;,&quot;credit&quot;:&quot;&quot;,&quot;camera&quot;:&quot;&quot;,&quot;caption&quot;:&quot;&quot;,&quot;created_timestamp&quot;:&quot;0&quot;,&quot;copyright&quot;:&quot;&quot;,&quot;focal_length&quot;:&quot;0&quot;,&quot;iso&quot;:&quot;0&quot;,&quot;shutter_speed&quot;:&quot;0&quot;,&quot;title&quot;:&quot;&quot;,&quot;orientation&quot;:&quot;1&quot;}\" data-image-title=\"Koivukari-Recovered\" data-image-description=\"\" data-image-caption=\"\" data-large-file=\"https:\/\/www.satokangas.fi\/blogi\/wp-content\/uploads\/2026\/02\/Koivukari-Recovered.jpg\" class=\"size-full wp-image-53912 alignnone\" src=\"https:\/\/www.satokangas.fi\/blogi\/wp-content\/uploads\/2026\/02\/Koivukari-Recovered.jpg\" alt=\"\" width=\"908\" height=\"280\" srcset=\"https:\/\/www.satokangas.fi\/blogi\/wp-content\/uploads\/2026\/02\/Koivukari-Recovered.jpg 908w, https:\/\/www.satokangas.fi\/blogi\/wp-content\/uploads\/2026\/02\/Koivukari-Recovered-600x185.jpg 600w, https:\/\/www.satokangas.fi\/blogi\/wp-content\/uploads\/2026\/02\/Koivukari-Recovered-300x93.jpg 300w, https:\/\/www.satokangas.fi\/blogi\/wp-content\/uploads\/2026\/02\/Koivukari-Recovered-768x237.jpg 768w\" sizes=\"auto, (max-width: 908px) 100vw, 908px\" \/><\/a><\/p>\n<p style=\"text-align: justify;\">49. Kirja on julkaistu vuonna 2026<\/p>\n<p style=\"text-align: justify;\">50. Kirjaa on suositellut kirjaston ty\u00f6ntekij\u00e4<\/p>\n<p style=\"text-align: justify;\"><strong>~~~~~~~~~~~~~~~~~~~~~~~~~~~~~~<\/strong><\/p>\n","protected":false},"excerpt":{"rendered":"<p>Helmikuussa\u00a0Helmet-lukuhaasteeseen\u00a0tuli 10 kohtaa t\u00e4ydennetyksi. Olen lis\u00e4nnyt ne alla olevaan listaan vihre\u00e4ll\u00e4, tammikuun kirjat ovat mustalla. Helmikuussa kuunnelluista yksi on ylitse muiden. Kirja, joka j\u00e4tti j\u00e4ljen, muiston. Ehk\u00e4 se jopa v\u00e4h\u00e4n muuttikin minua, ehk\u00e4. Paavi Franciscuksen Muistelmat, jonka nimen\u00e4 on TOIVO, voi jopa muuttaa maailmankuvaa. Kymmenest\u00e4 kirjasta KOLME liittyy II maailmansodan vaiheisiin. Se on yll\u00e4tt\u00e4v\u00e4\u00e4, mutta kertoo siit\u00e4, ett\u00e4 kirjat olivat &hellip; <\/p>\n","protected":false},"author":1,"featured_media":52282,"comment_status":"open","ping_status":"open","sticky":false,"template":"","format":"standard","meta":{"jetpack_post_was_ever_published":false,"_jetpack_newsletter_access":"","_jetpack_dont_email_post_to_subs":false,"_jetpack_newsletter_tier_id":0,"_jetpack_memberships_contains_paywalled_content":false,"_jetpack_memberships_contains_paid_content":false,"footnotes":"","jetpack_publicize_message":"","jetpack_publicize_feature_enabled":true,"jetpack_social_post_already_shared":true,"jetpack_social_options":{"image_generator_settings":{"template":"highway","default_image_id":0,"font":"","enabled":false},"version":2}},"categories":[14],"tags":[],"class_list":["post-53990","post","type-post","status-publish","format-standard","has-post-thumbnail","hentry","category-luettua","latest_post"],"jetpack_publicize_connections":[],"jetpack_featured_media_url":"https:\/\/www.satokangas.fi\/blogi\/wp-content\/uploads\/2025\/03\/kirjahyllyt-1.jpg","jetpack_shortlink":"https:\/\/wp.me\/pr4p4-e2O","jetpack_sharing_enabled":true,"jetpack_likes_enabled":false,"jetpack-related-posts":[{"id":40352,"url":"https:\/\/www.satokangas.fi\/blogi\/2021\/03\/helmet-lukuhaaste-helmikuu\/","url_meta":{"origin":53990,"position":0},"title":"Helmet-lukuhaaste: helmikuu","author":"Reija","date":"5.3.2021","format":false,"excerpt":"El\u00e4m\u00e4ni toinen kuukausi lukuhaasteen parissa on ohitse. Edelleen olen sit\u00e4 mielt\u00e4, ett\u00e4 haaste on hyv\u00e4ksi elinik\u00e4iselle lukuharrastukselleni. Harrastuneisuus ja haasteeseen vastaaminen on\u00a0 jatkunut aktiivisena: helmikuussa 13 kirjaa luettuna, mit\u00e4 pid\u00e4n aika yll\u00e4tt\u00e4v\u00e4n\u00e4kin. Ja kuten jo tammikuussa, niin nytkin sellaisia kirjoja, jotka olisivat j\u00e4\u00e4neet avaamatta ilman t\u00e4t\u00e4 haastetta.\u00a0 Ja t\u00e4m\u00e4n haasteen\u2026","rel":"","context":"Kategoriassa &quot;Luettua&quot;","block_context":{"text":"Luettua","link":"https:\/\/www.satokangas.fi\/blogi\/category\/luettua\/"},"img":{"alt_text":"","src":"https:\/\/i0.wp.com\/www.satokangas.fi\/blogi\/wp-content\/uploads\/2021\/03\/Helmikuu_2021-740x1024.jpg?resize=350%2C200&ssl=1","width":350,"height":200,"srcset":"https:\/\/i0.wp.com\/www.satokangas.fi\/blogi\/wp-content\/uploads\/2021\/03\/Helmikuu_2021-740x1024.jpg?resize=350%2C200&ssl=1 1x, https:\/\/i0.wp.com\/www.satokangas.fi\/blogi\/wp-content\/uploads\/2021\/03\/Helmikuu_2021-740x1024.jpg?resize=525%2C300&ssl=1 1.5x, https:\/\/i0.wp.com\/www.satokangas.fi\/blogi\/wp-content\/uploads\/2021\/03\/Helmikuu_2021-740x1024.jpg?resize=700%2C400&ssl=1 2x"},"classes":[]},{"id":42540,"url":"https:\/\/www.satokangas.fi\/blogi\/2022\/03\/helmikuun-kirjat-helmet-lukuhaaste-2022-vol-2\/","url_meta":{"origin":53990,"position":1},"title":"Helmikuun kirjat &#8211; Helmet lukuhaaste 2022 vol. 2","author":"Reija","date":"7.3.2022","format":false,"excerpt":"Helmikuussa onnistuin\/satuin l\u00f6yt\u00e4m\u00e4\u00e4n lukulistalleni monen monta tavattoman kiinnostavaa kirjaa, muutaman jotka j\u00e4ttiv\u00e4t niin ison j\u00e4ljen, ett\u00e4 arvostelin vitosen v\u00e4\u00e4rteiksi. Nyt on noin puolet haastekirjoista jo kuunneltuna\/luettuna. Hyvin monipuolisia kirjoja on nyt ollut \"ty\u00f6n alla\". Alla olevassa listassa kirjailijan ja kirjan nimen alla suluissa on se kohta, johon kirjan haasteessa sijoitan.\u2026","rel":"","context":"Kategoriassa &quot;Luettua&quot;","block_context":{"text":"Luettua","link":"https:\/\/www.satokangas.fi\/blogi\/category\/luettua\/"},"img":{"alt_text":"","src":"","width":0,"height":0},"classes":[]},{"id":2393,"url":"https:\/\/www.satokangas.fi\/blogi\/2009\/02\/februarfobia\/","url_meta":{"origin":53990,"position":2},"title":"Februarfobia","author":"Reija","date":"8.2.2009","format":false,"excerpt":"Tim Lihoreaun kirjassa Tammikuukammo ja muita moderneja fobioita (Otava 2008) on lueteltu ja kuvailtu toistasaa erilaista kammoa, joita nykyihmisill\u00e4 on. Muutama esimerkki: Tabernafobia eli ostoskammo vaivaa erityisesti miehi\u00e4. Heille shoppailemaan l\u00e4hteminen on k\u00e4rsimys. \"Vuosia jatkunut laahustaminen Magnafundafoobikon* per\u00e4ss\u00e4 on tehnyt useimmista tabernafoobikoista kyvytt\u00f6mi\u00e4 nauttimaan edes yksin ostoksilla k\u00e4ymisen riemusta. -\u2026","rel":"","context":"Kategoriassa &quot;Luettua&quot;","block_context":{"text":"Luettua","link":"https:\/\/www.satokangas.fi\/blogi\/category\/luettua\/"},"img":{"alt_text":"","src":"","width":0,"height":0},"classes":[]},{"id":15125,"url":"https:\/\/www.satokangas.fi\/blogi\/2012\/08\/mita-jai-viivan-alle-vuorotteluvuosi-on-nautittu\/","url_meta":{"origin":53990,"position":3},"title":"Mit\u00e4 j\u00e4i viivan alle? &#8211; Vuorotteluvuosi on nautittu","author":"Reija","date":"24.8.2012","format":false,"excerpt":"On kuukausi siit\u00e4 kun menin vuorottelun j\u00e4lkeen t\u00f6ihin. Nyt on ehk\u00e4 perspektiivi\u00e4 n\u00e4hd\u00e4 mets\u00e4 puilta ... Ehk\u00e4 nyt voi sanoa, miten vuosi meni. Ensimm\u00e4isen\u00e4 tulee mieleen ett\u00e4 kyll\u00e4h\u00e4n min\u00e4 k\u00e4velin, patikoin, tepastelin, harhailin, kuljin. Laskeskelin, ett\u00e4 vuoden aikana k\u00e4velin Suomen p\u00e4\u00e4st\u00e4 p\u00e4\u00e4h\u00e4n. Suunnilleen. Reitille sattui Alpit, enin osa siit\u00e4 taipaleesta\u2026","rel":"","context":"Kategoriassa &quot;Vuorotteluvapaa&quot;","block_context":{"text":"Vuorotteluvapaa","link":"https:\/\/www.satokangas.fi\/blogi\/category\/vuorotteluvapaa\/"},"img":{"alt_text":"","src":"https:\/\/i0.wp.com\/www.satokangas.fi\/blogi\/wp-content\/uploads\/eloperjantai-3-600x400.jpg?resize=350%2C200&ssl=1","width":350,"height":200,"srcset":"https:\/\/i0.wp.com\/www.satokangas.fi\/blogi\/wp-content\/uploads\/eloperjantai-3-600x400.jpg?resize=350%2C200&ssl=1 1x, https:\/\/i0.wp.com\/www.satokangas.fi\/blogi\/wp-content\/uploads\/eloperjantai-3-600x400.jpg?resize=525%2C300&ssl=1 1.5x"},"classes":[]},{"id":44805,"url":"https:\/\/www.satokangas.fi\/blogi\/2023\/02\/lukurauhaa\/","url_meta":{"origin":53990,"position":4},"title":"Lukurauhaa","author":"Reija","date":"12.2.2023","format":false,"excerpt":"Kuvien editointip\u00e4iv\u00e4, kotip\u00e4iv\u00e4, hiihtop\u00e4iv\u00e4, \u00e4idin hautajaisten vuosip\u00e4iv\u00e4, lukurauhan p\u00e4iv\u00e4. Lukurauhan p\u00e4iv\u00e4\u00e4 olenkin viett\u00e4nyt. Kuvia tehdess\u00e4, ladulla ja ruokaa laittaessa olen kuunnellut kirjaa, - kuuntelussa oikein hyv\u00e4 romaani: Kate Quinn, Ruusukoodi. Melkein 500-sivuinen kirjaj\u00e4rk\u00e4le pit\u00e4\u00e4 otteessaan, eik\u00e4 vaadi ajattelemaan kummoisia. Osin tositapahtumiin (prinssi Philipin ensimm\u00e4inen tytt\u00f6yst\u00e4v\u00e4 on yksi kirjan p\u00e4\u00e4henkil\u00f6ist\u00e4) perustuva\u2026","rel":"","context":"Kategoriassa &quot;Luettua&quot;","block_context":{"text":"Luettua","link":"https:\/\/www.satokangas.fi\/blogi\/category\/luettua\/"},"img":{"alt_text":"","src":"https:\/\/i0.wp.com\/www.satokangas.fi\/blogi\/wp-content\/uploads\/2021\/02\/pakkanen.jpg?resize=350%2C200&ssl=1","width":350,"height":200,"srcset":"https:\/\/i0.wp.com\/www.satokangas.fi\/blogi\/wp-content\/uploads\/2021\/02\/pakkanen.jpg?resize=350%2C200&ssl=1 1x, https:\/\/i0.wp.com\/www.satokangas.fi\/blogi\/wp-content\/uploads\/2021\/02\/pakkanen.jpg?resize=525%2C300&ssl=1 1.5x, https:\/\/i0.wp.com\/www.satokangas.fi\/blogi\/wp-content\/uploads\/2021\/02\/pakkanen.jpg?resize=700%2C400&ssl=1 2x"},"classes":[]},{"id":47383,"url":"https:\/\/www.satokangas.fi\/blogi\/2023\/10\/pakkasta-lokakuussa-kirja-kosketti\/","url_meta":{"origin":53990,"position":5},"title":"Pakkasta lokakuussa &#8211; kirja kosketti","author":"Reija","date":"22.10.2023","format":false,"excerpt":"Pakkasaamuna keitti\u00f6n ikkunasta n\u00e4kyy valoa, - melkein kuin olisi lumi maassa valaisevana, mutta ei sent\u00e4\u00e4n viel\u00e4. Onkin ollut y\u00f6ll\u00e4 - taas - niin paljon pakkasta, ett\u00e4 kaikki on valkoisessa pakkashuurussa. Sekin valaisee. Ollaan syksyn ja talven rajalla, on enemm\u00e4n kylm\u00e4\u00e4 kuin l\u00e4mmint\u00e4, valoakin enemm\u00e4n kuin h\u00e4m\u00e4r\u00e4\u00e4 tai pime\u00e4\u00e4. On siis\u2026","rel":"","context":"Kategoriassa &quot;Luettua&quot;","block_context":{"text":"Luettua","link":"https:\/\/www.satokangas.fi\/blogi\/category\/luettua\/"},"img":{"alt_text":"","src":"https:\/\/i0.wp.com\/www.satokangas.fi\/blogi\/wp-content\/uploads\/2023\/10\/Kohti_talvea.jpg?resize=350%2C200&ssl=1","width":350,"height":200,"srcset":"https:\/\/i0.wp.com\/www.satokangas.fi\/blogi\/wp-content\/uploads\/2023\/10\/Kohti_talvea.jpg?resize=350%2C200&ssl=1 1x, https:\/\/i0.wp.com\/www.satokangas.fi\/blogi\/wp-content\/uploads\/2023\/10\/Kohti_talvea.jpg?resize=525%2C300&ssl=1 1.5x, https:\/\/i0.wp.com\/www.satokangas.fi\/blogi\/wp-content\/uploads\/2023\/10\/Kohti_talvea.jpg?resize=700%2C400&ssl=1 2x"},"classes":[]}],"_links":{"self":[{"href":"https:\/\/www.satokangas.fi\/blogi\/wp-json\/wp\/v2\/posts\/53990","targetHints":{"allow":["GET"]}}],"collection":[{"href":"https:\/\/www.satokangas.fi\/blogi\/wp-json\/wp\/v2\/posts"}],"about":[{"href":"https:\/\/www.satokangas.fi\/blogi\/wp-json\/wp\/v2\/types\/post"}],"author":[{"embeddable":true,"href":"https:\/\/www.satokangas.fi\/blogi\/wp-json\/wp\/v2\/users\/1"}],"replies":[{"embeddable":true,"href":"https:\/\/www.satokangas.fi\/blogi\/wp-json\/wp\/v2\/comments?post=53990"}],"version-history":[{"count":0,"href":"https:\/\/www.satokangas.fi\/blogi\/wp-json\/wp\/v2\/posts\/53990\/revisions"}],"wp:featuredmedia":[{"embeddable":true,"href":"https:\/\/www.satokangas.fi\/blogi\/wp-json\/wp\/v2\/media\/52282"}],"wp:attachment":[{"href":"https:\/\/www.satokangas.fi\/blogi\/wp-json\/wp\/v2\/media?parent=53990"}],"wp:term":[{"taxonomy":"category","embeddable":true,"href":"https:\/\/www.satokangas.fi\/blogi\/wp-json\/wp\/v2\/categories?post=53990"},{"taxonomy":"post_tag","embeddable":true,"href":"https:\/\/www.satokangas.fi\/blogi\/wp-json\/wp\/v2\/tags?post=53990"}],"curies":[{"name":"wp","href":"https:\/\/api.w.org\/{rel}","templated":true}]}}