{"id":53814,"date":"2026-01-16T20:58:36","date_gmt":"2026-01-16T18:58:36","guid":{"rendered":"https:\/\/www.satokangas.fi\/blogi\/?p=53814"},"modified":"2026-01-16T20:59:44","modified_gmt":"2026-01-16T18:59:44","slug":"avajaisfestarit-meidan-tapaan","status":"publish","type":"post","link":"https:\/\/www.satokangas.fi\/blogi\/2026\/01\/avajaisfestarit-meidan-tapaan\/","title":{"rendered":"Avajaisfestarit meid\u00e4n tapaan"},"content":{"rendered":"<p style=\"text-align: justify;\">Avajaisfestareiden aika!<\/p>\n<p style=\"text-align: justify;\">Oltiin lapsenlasten kanssa katsomassa OULU2026 -avajaisfestareita.<\/p>\n<p style=\"text-align: justify;\">Kyselin heilt\u00e4 jo menomatkalla kaupunkiin, mit\u00e4 kulttuuri heid\u00e4n mielest\u00e4\u00e4n on, ja varsinkin Eepi (7\u00a0 v.) totesi ja tiesi monta juttua, jotka voi pist\u00e4\u00e4 kulttuurin alle. Molemmilla lapsilla kirjat ja kirjastot olivat kulttuuria. Ja museot! Ja ei, mummi ei ollut luvannut mit\u00e4\u00e4n irtopisteit\u00e4 tai karkkeja &#8221;oikeista vastauksista&#8221;.<\/p>\n<p style=\"text-align: justify;\"><a href=\"https:\/\/www.satokangas.fi\/blogi\/wp-content\/uploads\/2026\/01\/OULU2026_1-8.jpg\"><img loading=\"lazy\" decoding=\"async\" data-attachment-id=\"53820\" data-permalink=\"https:\/\/www.satokangas.fi\/blogi\/2026\/01\/avajaisfestarit-meidan-tapaan\/oulu2026_1-8\/\" data-orig-file=\"https:\/\/www.satokangas.fi\/blogi\/wp-content\/uploads\/2026\/01\/OULU2026_1-8.jpg\" data-orig-size=\"667,1000\" data-comments-opened=\"1\" data-image-meta=\"{&quot;aperture&quot;:&quot;0&quot;,&quot;credit&quot;:&quot;&quot;,&quot;camera&quot;:&quot;&quot;,&quot;caption&quot;:&quot;&quot;,&quot;created_timestamp&quot;:&quot;1768573087&quot;,&quot;copyright&quot;:&quot;&quot;,&quot;focal_length&quot;:&quot;0&quot;,&quot;iso&quot;:&quot;0&quot;,&quot;shutter_speed&quot;:&quot;0&quot;,&quot;title&quot;:&quot;&quot;,&quot;orientation&quot;:&quot;0&quot;}\" data-image-title=\"OULU2026_1-8\" data-image-description=\"\" data-image-caption=\"\" data-large-file=\"https:\/\/www.satokangas.fi\/blogi\/wp-content\/uploads\/2026\/01\/OULU2026_1-8-445x667.jpg\" class=\"aligncenter wp-image-53820 size-large\" src=\"https:\/\/www.satokangas.fi\/blogi\/wp-content\/uploads\/2026\/01\/OULU2026_1-8-445x667.jpg\" alt=\"\" width=\"445\" height=\"667\" srcset=\"https:\/\/www.satokangas.fi\/blogi\/wp-content\/uploads\/2026\/01\/OULU2026_1-8-445x667.jpg 445w, https:\/\/www.satokangas.fi\/blogi\/wp-content\/uploads\/2026\/01\/OULU2026_1-8-267x400.jpg 267w, https:\/\/www.satokangas.fi\/blogi\/wp-content\/uploads\/2026\/01\/OULU2026_1-8-133x200.jpg 133w, https:\/\/www.satokangas.fi\/blogi\/wp-content\/uploads\/2026\/01\/OULU2026_1-8.jpg 667w\" sizes=\"auto, (max-width: 445px) 100vw, 445px\" \/><\/a><\/p>\n<p style=\"text-align: justify;\">Torin putiikit ja liukum\u00e4ki katseltiin ja koettiin, ja kuunneltiin mieskuoro Huutajien konserttia. Ekaluokkalainen Eepi ihmetteli ja kyseli: &#8221;Eik\u00f6 niill\u00e4 mee \u00e4\u00e4ni?&#8221; Huutajia kyll\u00e4 kannattaa kuunnella jos siihen on mahdollisuus.<\/p>\n<p><a href=\"https:\/\/www.satokangas.fi\/blogi\/wp-content\/uploads\/2026\/01\/OULU2026_1-7.jpg\"><img loading=\"lazy\" decoding=\"async\" data-attachment-id=\"53819\" data-permalink=\"https:\/\/www.satokangas.fi\/blogi\/2026\/01\/avajaisfestarit-meidan-tapaan\/oulu2026_1-7\/\" data-orig-file=\"https:\/\/www.satokangas.fi\/blogi\/wp-content\/uploads\/2026\/01\/OULU2026_1-7.jpg\" data-orig-size=\"1000,667\" data-comments-opened=\"1\" data-image-meta=\"{&quot;aperture&quot;:&quot;0&quot;,&quot;credit&quot;:&quot;&quot;,&quot;camera&quot;:&quot;&quot;,&quot;caption&quot;:&quot;&quot;,&quot;created_timestamp&quot;:&quot;1768570652&quot;,&quot;copyright&quot;:&quot;&quot;,&quot;focal_length&quot;:&quot;0&quot;,&quot;iso&quot;:&quot;0&quot;,&quot;shutter_speed&quot;:&quot;0&quot;,&quot;title&quot;:&quot;&quot;,&quot;orientation&quot;:&quot;0&quot;}\" data-image-title=\"OULU2026_1-7\" data-image-description=\"\" data-image-caption=\"\" data-large-file=\"https:\/\/www.satokangas.fi\/blogi\/wp-content\/uploads\/2026\/01\/OULU2026_1-7.jpg\" class=\"aligncenter size-full wp-image-53819\" src=\"https:\/\/www.satokangas.fi\/blogi\/wp-content\/uploads\/2026\/01\/OULU2026_1-7.jpg\" alt=\"\" width=\"1000\" height=\"667\" srcset=\"https:\/\/www.satokangas.fi\/blogi\/wp-content\/uploads\/2026\/01\/OULU2026_1-7.jpg 1000w, https:\/\/www.satokangas.fi\/blogi\/wp-content\/uploads\/2026\/01\/OULU2026_1-7-600x400.jpg 600w, https:\/\/www.satokangas.fi\/blogi\/wp-content\/uploads\/2026\/01\/OULU2026_1-7-300x200.jpg 300w, https:\/\/www.satokangas.fi\/blogi\/wp-content\/uploads\/2026\/01\/OULU2026_1-7-768x512.jpg 768w\" sizes=\"auto, (max-width: 1000px) 100vw, 1000px\" \/><\/a><\/p>\n<p style=\"text-align: justify;\">Kauppahallissa k\u00e4ytiin testaamassa tervaleijona-gelato, eik\u00e4 edes mummin luento oululaisesta karamellitehdas Merijalista pilannut makua. Varsinkin Apsu totesi hyv\u00e4ksi: &#8221;V\u00e4h\u00e4n kuin laku, ja salmiakki &#8230; ja on semmonen pehme\u00e4 ja sitten joku kolmas maku?&#8221;<br \/>\n&#8211; No se terva. Kulttuurikaupunki Oulun j\u00e4\u00e4tel\u00f6ss\u00e4 on hyv\u00e4 maistua terva. Min\u00e4kin tykk\u00e4sin ja aattelin k\u00e4yd\u00e4 hankkimassa kotipakastimeen vastaisen varallekin.<\/p>\n<p style=\"text-align: justify;\">Presidentin autosaattue poliisien sinisine vilkkuvaloinen oli my\u00f6s osa kulttuurikaupunkikokemusta!<\/p>\n<p style=\"text-align: justify;\">Kaupungilta l\u00e4hdettiin Rantapeltoon, jonne Juniori &amp; Mini\u00e4 t\u00f6ist\u00e4 p\u00e4\u00e4sty\u00e4\u00e4n tulivat. Menu ei ollut erikoinen, mutta ehk\u00e4 sittenkin sit\u00e4 parempi! Blinikausi avattu.<\/p>\n<p style=\"text-align: justify;\"><a href=\"https:\/\/www.satokangas.fi\/blogi\/wp-content\/uploads\/2026\/01\/OULU2026_1-9.jpg\"><img loading=\"lazy\" decoding=\"async\" data-attachment-id=\"53821\" data-permalink=\"https:\/\/www.satokangas.fi\/blogi\/2026\/01\/avajaisfestarit-meidan-tapaan\/oulu2026_1-9\/\" data-orig-file=\"https:\/\/www.satokangas.fi\/blogi\/wp-content\/uploads\/2026\/01\/OULU2026_1-9.jpg\" data-orig-size=\"1000,667\" data-comments-opened=\"1\" data-image-meta=\"{&quot;aperture&quot;:&quot;0&quot;,&quot;credit&quot;:&quot;&quot;,&quot;camera&quot;:&quot;&quot;,&quot;caption&quot;:&quot;&quot;,&quot;created_timestamp&quot;:&quot;1768576401&quot;,&quot;copyright&quot;:&quot;&quot;,&quot;focal_length&quot;:&quot;0&quot;,&quot;iso&quot;:&quot;0&quot;,&quot;shutter_speed&quot;:&quot;0&quot;,&quot;title&quot;:&quot;&quot;,&quot;orientation&quot;:&quot;0&quot;}\" data-image-title=\"OULU2026_1-9\" data-image-description=\"\" data-image-caption=\"\" data-large-file=\"https:\/\/www.satokangas.fi\/blogi\/wp-content\/uploads\/2026\/01\/OULU2026_1-9.jpg\" class=\"aligncenter size-full wp-image-53821\" src=\"https:\/\/www.satokangas.fi\/blogi\/wp-content\/uploads\/2026\/01\/OULU2026_1-9.jpg\" alt=\"\" width=\"1000\" height=\"667\" srcset=\"https:\/\/www.satokangas.fi\/blogi\/wp-content\/uploads\/2026\/01\/OULU2026_1-9.jpg 1000w, https:\/\/www.satokangas.fi\/blogi\/wp-content\/uploads\/2026\/01\/OULU2026_1-9-600x400.jpg 600w, https:\/\/www.satokangas.fi\/blogi\/wp-content\/uploads\/2026\/01\/OULU2026_1-9-300x200.jpg 300w, https:\/\/www.satokangas.fi\/blogi\/wp-content\/uploads\/2026\/01\/OULU2026_1-9-768x512.jpg 768w\" sizes=\"auto, (max-width: 1000px) 100vw, 1000px\" \/><\/a><\/p>\n<p style=\"text-align: justify;\">Hain aamup\u00e4iv\u00e4ll\u00e4 <a href=\"https:\/\/www.chezflo.fi\/\" target=\"_blank\" rel=\"noopener\">Chez flon<\/a> paistamia blinej\u00e4, ja sitten samalla reissulla tyk\u00f6tarpeita <a href=\"https:\/\/www.instagram.com\/kalaliikepekuri\/\">Kauppahallista<\/a> (k\u00e4lylt\u00e4) ja viel\u00e4 Alkosta Champagnea. Juhla kun haluttiin, niin satsasin samppanjaan. <a href=\"https:\/\/www.alko.fi\/tuotteet\/548517\/Billecart-Salmon-Le-R-serve-Champagne-Extra-Brut\/\" target=\"_blank\" rel=\"noopener\">Billecartissa<\/a> oli voimaa ja makua jopa poromoussen pariksi.<\/p>\n<p style=\"text-align: justify;\"><a href=\"https:\/\/www.satokangas.fi\/blogi\/wp-content\/uploads\/2026\/01\/OULU2026_1-11.jpg\"><img loading=\"lazy\" decoding=\"async\" data-attachment-id=\"53822\" data-permalink=\"https:\/\/www.satokangas.fi\/blogi\/2026\/01\/avajaisfestarit-meidan-tapaan\/oulu2026_1-11\/\" data-orig-file=\"https:\/\/www.satokangas.fi\/blogi\/wp-content\/uploads\/2026\/01\/OULU2026_1-11.jpg\" data-orig-size=\"667,1000\" data-comments-opened=\"1\" data-image-meta=\"{&quot;aperture&quot;:&quot;0&quot;,&quot;credit&quot;:&quot;&quot;,&quot;camera&quot;:&quot;&quot;,&quot;caption&quot;:&quot;&quot;,&quot;created_timestamp&quot;:&quot;1768577445&quot;,&quot;copyright&quot;:&quot;&quot;,&quot;focal_length&quot;:&quot;0&quot;,&quot;iso&quot;:&quot;0&quot;,&quot;shutter_speed&quot;:&quot;0&quot;,&quot;title&quot;:&quot;&quot;,&quot;orientation&quot;:&quot;0&quot;}\" data-image-title=\"OULU2026_1-11\" data-image-description=\"\" data-image-caption=\"\" data-large-file=\"https:\/\/www.satokangas.fi\/blogi\/wp-content\/uploads\/2026\/01\/OULU2026_1-11-445x667.jpg\" class=\"aligncenter wp-image-53822 size-large\" src=\"https:\/\/www.satokangas.fi\/blogi\/wp-content\/uploads\/2026\/01\/OULU2026_1-11-445x667.jpg\" alt=\"\" width=\"445\" height=\"667\" srcset=\"https:\/\/www.satokangas.fi\/blogi\/wp-content\/uploads\/2026\/01\/OULU2026_1-11-445x667.jpg 445w, https:\/\/www.satokangas.fi\/blogi\/wp-content\/uploads\/2026\/01\/OULU2026_1-11-267x400.jpg 267w, https:\/\/www.satokangas.fi\/blogi\/wp-content\/uploads\/2026\/01\/OULU2026_1-11-133x200.jpg 133w, https:\/\/www.satokangas.fi\/blogi\/wp-content\/uploads\/2026\/01\/OULU2026_1-11.jpg 667w\" sizes=\"auto, (max-width: 445px) 100vw, 445px\" \/><br \/>\n<\/a><\/p>\n<p style=\"text-align: justify;\">Olipa hyv\u00e4 p\u00e4iv\u00e4, ilta. Nyt keskittym\u00e4\u00e4n huomiseen. \ud83d\ude42<\/p>\n<p>Kulttuurin parissa jatketaan.<\/p>\n","protected":false},"excerpt":{"rendered":"<p>Avajaisfestareiden aika! Oltiin lapsenlasten kanssa katsomassa OULU2026 -avajaisfestareita. Kyselin heilt\u00e4 jo menomatkalla kaupunkiin, mit\u00e4 kulttuuri heid\u00e4n mielest\u00e4\u00e4n on, ja varsinkin Eepi (7\u00a0 v.) totesi ja tiesi monta juttua, jotka voi pist\u00e4\u00e4 kulttuurin alle. Molemmilla lapsilla kirjat ja kirjastot olivat kulttuuria. Ja museot! Ja ei, mummi ei ollut luvannut mit\u00e4\u00e4n irtopisteit\u00e4 tai karkkeja &#8221;oikeista vastauksista&#8221;. Torin putiikit ja liukum\u00e4ki katseltiin ja &hellip; <\/p>\n","protected":false},"author":1,"featured_media":53815,"comment_status":"open","ping_status":"open","sticky":false,"template":"","format":"standard","meta":{"jetpack_post_was_ever_published":false,"_jetpack_newsletter_access":"","_jetpack_dont_email_post_to_subs":false,"_jetpack_newsletter_tier_id":0,"_jetpack_memberships_contains_paywalled_content":false,"_jetpack_memberships_contains_paid_content":false,"footnotes":"","jetpack_publicize_message":"","jetpack_publicize_feature_enabled":true,"jetpack_social_post_already_shared":true,"jetpack_social_options":{"image_generator_settings":{"template":"highway","default_image_id":0,"font":"","enabled":false},"version":2}},"categories":[75,55,17],"tags":[],"class_list":["post-53814","post","type-post","status-publish","format-standard","has-post-thumbnail","hentry","category-isovanhemmuus","category-oulu","category-ruoka_ja_viini","latest_post"],"jetpack_publicize_connections":[],"jetpack_featured_media_url":"https:\/\/www.satokangas.fi\/blogi\/wp-content\/uploads\/2026\/01\/OULU2026_1-4.jpg","jetpack_shortlink":"https:\/\/wp.me\/pr4p4-dZY","jetpack_sharing_enabled":true,"jetpack_likes_enabled":false,"jetpack-related-posts":[{"id":19818,"url":"https:\/\/www.satokangas.fi\/blogi\/2014\/01\/kulttuuria-kulttuuria\/","url_meta":{"origin":53814,"position":0},"title":"Kulttuuria, kulttuuria","author":"Reija","date":"4.1.2014","format":false,"excerpt":"Liikuntakulttuuria, kuvataidetta, historiaa, ruokakulttuuria - - - Olisi pit\u00e4nyt l\u00e4hte\u00e4 harjoittamaan liikuntakulttuuria aiemmin kuin tein. Olisi ollut kunnolla pime\u00e4\u00e4, eik\u00e4 olisi n\u00e4kynyt kuinka ankean n\u00e4k\u00f6ist\u00e4 on. Tahtoo v\u00e4h\u00e4n lis\u00e4\u00e4 lunta, ja v\u00e4h\u00e4n lis\u00e4\u00e4 pakkasta. Noh, periaatteessa kuitenkin hyv\u00e4 ulkoilla. Toisin kuin juuri koskaan tammikuussa menin Meri-Toppilan rantaan. Yleens\u00e4 sinne on\u2026","rel":"","context":"Kategoriassa &quot;Historiaa&quot;","block_context":{"text":"Historiaa","link":"https:\/\/www.satokangas.fi\/blogi\/category\/historiaa\/"},"img":{"alt_text":"Kulttuuria","src":"https:\/\/i0.wp.com\/www.satokangas.fi\/blogi\/wp-content\/uploads\/2014\/01\/Kulttuuria-600x158.jpg?resize=350%2C200&ssl=1","width":350,"height":200,"srcset":"https:\/\/i0.wp.com\/www.satokangas.fi\/blogi\/wp-content\/uploads\/2014\/01\/Kulttuuria-600x158.jpg?resize=350%2C200&ssl=1 1x, https:\/\/i0.wp.com\/www.satokangas.fi\/blogi\/wp-content\/uploads\/2014\/01\/Kulttuuria-600x158.jpg?resize=525%2C300&ssl=1 1.5x"},"classes":[]},{"id":2120,"url":"https:\/\/www.satokangas.fi\/blogi\/2009\/01\/kulttuuria-monella-tasolla\/","url_meta":{"origin":53814,"position":1},"title":"Kulttuuria monella tasolla","author":"Reija","date":"17.1.2009","format":false,"excerpt":"Viel\u00e4kin soi valssi ... Olemme olleet teatterissa katsomassa Keisarin valssia. Olihan Aleksanteri ensimm\u00e4isell\u00e4 komea \u00e4\u00e4ni ja raami. \u00a0Loisteliasta pukuteatteria ja musiikkia.\u00a0 Kolme tuntia viihdett\u00e4 isolla V:ll\u00e4. Historian tuotteistamista parhaimmillaan. Murmeli ja me. Kolmistaan. Ja teatterihan vaatii ruokaa ennen tai j\u00e4lkeen. Me olimme p\u00e4iv\u00e4n\u00e4yt\u00f6ksen j\u00e4lkeen Matalassa. Viiden ruokalajin yll\u00e4tysmenussa oli kaksi\u2026","rel":"","context":"Kategoriassa &quot;Niit\u00e4 n\u00e4it\u00e4&quot;","block_context":{"text":"Niit\u00e4 n\u00e4it\u00e4","link":"https:\/\/www.satokangas.fi\/blogi\/category\/aiheeton\/"},"img":{"alt_text":"","src":"","width":0,"height":0},"classes":[]},{"id":50928,"url":"https:\/\/www.satokangas.fi\/blogi\/2024\/10\/pikku-synttarit-ja-kaikenmoista-tekemista\/","url_meta":{"origin":53814,"position":2},"title":"Pikku-syntt\u00e4rit ja kaikenmoista tekemist\u00e4","author":"Reija","date":"26.10.2024","format":false,"excerpt":"\"Ei saa laulaa, ei tarvi olla kynttil\u00f6it\u00e4, mutta kakku saa olla!\" - n\u00e4in totesi Eepi eilen kun kyselin, ett\u00e4 vietett\u00e4isiink\u00f6 v\u00e4h\u00e4n h\u00e4nen syntt\u00e4reit\u00e4\u00e4n meill\u00e4 t\u00e4n\u00e4\u00e4n. Niin tehtiin. Ja toiveet toteutin.\u00a0 Vaatimaton kakku, tai siis p\u00e4\u00e4lt\u00e4 l\u00e4hinn\u00e4 lumikasan n\u00e4k\u00f6inen (= marenkia ja kermavaahtoa), mutta sis\u00e4lt\u00e4 aika tuhtia (valkosuklaalevy, kermaa, pakastemansikkasosetta), mutta\u2026","rel":"","context":"Kategoriassa &quot;Isovanhemmuus&quot;","block_context":{"text":"Isovanhemmuus","link":"https:\/\/www.satokangas.fi\/blogi\/category\/isovanhemmuus\/"},"img":{"alt_text":"","src":"https:\/\/i0.wp.com\/www.satokangas.fi\/blogi\/wp-content\/uploads\/2024\/10\/Kuusvee.jpg?resize=350%2C200&ssl=1","width":350,"height":200,"srcset":"https:\/\/i0.wp.com\/www.satokangas.fi\/blogi\/wp-content\/uploads\/2024\/10\/Kuusvee.jpg?resize=350%2C200&ssl=1 1x, https:\/\/i0.wp.com\/www.satokangas.fi\/blogi\/wp-content\/uploads\/2024\/10\/Kuusvee.jpg?resize=525%2C300&ssl=1 1.5x, https:\/\/i0.wp.com\/www.satokangas.fi\/blogi\/wp-content\/uploads\/2024\/10\/Kuusvee.jpg?resize=700%2C400&ssl=1 2x, https:\/\/i0.wp.com\/www.satokangas.fi\/blogi\/wp-content\/uploads\/2024\/10\/Kuusvee.jpg?resize=1050%2C600&ssl=1 3x"},"classes":[]},{"id":20364,"url":"https:\/\/www.satokangas.fi\/blogi\/2014\/02\/urheilua-ja-kulttuuria\/","url_meta":{"origin":53814,"position":3},"title":"Urheilua ja kulttuuria","author":"Reija","date":"21.2.2014","format":false,"excerpt":"Jos her\u00e4\u00e4 klo 4:40 ehtii tehd\u00e4 kaikenmoista: ty\u00f6p\u00e4iv\u00e4n, katsoa kaksi er\u00e4\u00e4 l\u00e4tk\u00e4\u00e4, k\u00e4yd\u00e4 pitsalla yst\u00e4v\u00e4n ja pehtoorin kanssa, menn\u00e4 teatteriin ja sitten istahtaa koneen \u00e4\u00e4reen viel\u00e4kin kyll\u00e4isen\u00e4 ja poski- ja vatsalihakset nauramisesta rentoina. Kaupunginteatterin suurella n\u00e4ytt\u00e4m\u00f6ll\u00e4 menee Housut pois -musikaali, johon onnistuttiin viime viikolla saamaan hajapaikat, viimeiset koko n\u00e4yt\u00f6kseen. Nelj\u00e4lle\u2026","rel":"","context":"Kategoriassa &quot;Niit\u00e4 n\u00e4it\u00e4&quot;","block_context":{"text":"Niit\u00e4 n\u00e4it\u00e4","link":"https:\/\/www.satokangas.fi\/blogi\/category\/aiheeton\/"},"img":{"alt_text":"","src":"https:\/\/i0.wp.com\/www.satokangas.fi\/blogi\/wp-content\/uploads\/2014\/02\/housutpois2_450x200px.jpg?resize=350%2C200&ssl=1","width":350,"height":200},"classes":[]},{"id":8307,"url":"https:\/\/www.satokangas.fi\/blogi\/2010\/08\/historia\/","url_meta":{"origin":53814,"position":4},"title":"Historia","author":"Reija","date":"26.8.2010","format":false,"excerpt":"Historia ei ole vain sotia tekoja ja keksint\u00f6j\u00e4. Se on my\u00f6s \u00e4\u00e4ni\u00e4 maan hajuja v\u00e4risevi\u00e4 silmuja ja kukkia. V\u00e4\u00e4rin sit\u00e4 on luulla vain kirjal\u00e4jien viisaudeksi. Se on my\u00f6s suudelma suulla nauru juominen ja laulu. Vuosien kierrossa, suurissa tapahtumissa kaikessa mik\u00e4 kiehuu ja kohisee: meren solina naisen olkap\u00e4\u00e4t lasten ulina hevosenkenk\u00e4,\u2026","rel":"","context":"Kategoriassa &quot;Historiaa&quot;","block_context":{"text":"Historiaa","link":"https:\/\/www.satokangas.fi\/blogi\/category\/historiaa\/"},"img":{"alt_text":"","src":"https:\/\/i0.wp.com\/www.satokangas.fi\/blogi\/wp-content\/uploads\/Historia-1.jpg?resize=350%2C200&ssl=1","width":350,"height":200,"srcset":"https:\/\/i0.wp.com\/www.satokangas.fi\/blogi\/wp-content\/uploads\/Historia-1.jpg?resize=350%2C200&ssl=1 1x, https:\/\/i0.wp.com\/www.satokangas.fi\/blogi\/wp-content\/uploads\/Historia-1.jpg?resize=525%2C300&ssl=1 1.5x"},"classes":[]},{"id":2683,"url":"https:\/\/www.satokangas.fi\/blogi\/2009\/03\/kulttuurien-sekamelskaa\/","url_meta":{"origin":53814,"position":5},"title":"Kulttuurien sekamelskaa","author":"Reija","date":"5.3.2009","format":false,"excerpt":"Viimeisen\u00e4 kokonaisena p\u00e4iv\u00e4n\u00e4 ihan kev\u00e4t. Siisp\u00e4 aamup\u00e4iv\u00e4k\u00e4velylle Downtowniin. Ensin pieni Italia: italialaisten siirtolaisten oma kaupunginosa on kutistunut pieneksi Chinatownin keskell\u00e4, mutta halusimme silti sen n\u00e4hd\u00e4. Pienen hetken saattoi luulla olevansa Roomassa: kauppojen ikkunoissa Veneton viinej\u00e4 ja prosciuttoa, ristoranteja ja pasticcerioita vieri vieress\u00e4. Little Italyssa oli p\u00f6yd\u00e4t katettuina ulos. L\u00e4mmint\u00e4 oli\u2026","rel":"","context":"Kategoriassa &quot;Niit\u00e4 n\u00e4it\u00e4&quot;","block_context":{"text":"Niit\u00e4 n\u00e4it\u00e4","link":"https:\/\/www.satokangas.fi\/blogi\/category\/aiheeton\/"},"img":{"alt_text":"Little Italy","src":"https:\/\/i0.wp.com\/www.satokangas.fi\/blogi\/wp-content\/uploads\/2009\/03\/little-italy-405x400.jpg?resize=350%2C200&ssl=1","width":350,"height":200},"classes":[]}],"_links":{"self":[{"href":"https:\/\/www.satokangas.fi\/blogi\/wp-json\/wp\/v2\/posts\/53814","targetHints":{"allow":["GET"]}}],"collection":[{"href":"https:\/\/www.satokangas.fi\/blogi\/wp-json\/wp\/v2\/posts"}],"about":[{"href":"https:\/\/www.satokangas.fi\/blogi\/wp-json\/wp\/v2\/types\/post"}],"author":[{"embeddable":true,"href":"https:\/\/www.satokangas.fi\/blogi\/wp-json\/wp\/v2\/users\/1"}],"replies":[{"embeddable":true,"href":"https:\/\/www.satokangas.fi\/blogi\/wp-json\/wp\/v2\/comments?post=53814"}],"version-history":[{"count":0,"href":"https:\/\/www.satokangas.fi\/blogi\/wp-json\/wp\/v2\/posts\/53814\/revisions"}],"wp:featuredmedia":[{"embeddable":true,"href":"https:\/\/www.satokangas.fi\/blogi\/wp-json\/wp\/v2\/media\/53815"}],"wp:attachment":[{"href":"https:\/\/www.satokangas.fi\/blogi\/wp-json\/wp\/v2\/media?parent=53814"}],"wp:term":[{"taxonomy":"category","embeddable":true,"href":"https:\/\/www.satokangas.fi\/blogi\/wp-json\/wp\/v2\/categories?post=53814"},{"taxonomy":"post_tag","embeddable":true,"href":"https:\/\/www.satokangas.fi\/blogi\/wp-json\/wp\/v2\/tags?post=53814"}],"curies":[{"name":"wp","href":"https:\/\/api.w.org\/{rel}","templated":true}]}}