{"id":53450,"date":"2025-11-16T18:05:05","date_gmt":"2025-11-16T16:05:05","guid":{"rendered":"https:\/\/www.satokangas.fi\/blogi\/?p=53450"},"modified":"2025-11-17T10:23:52","modified_gmt":"2025-11-17T08:23:52","slug":"pakkasella-sisalla-ja-ulkona","status":"publish","type":"post","link":"https:\/\/www.satokangas.fi\/blogi\/2025\/11\/pakkasella-sisalla-ja-ulkona\/","title":{"rendered":"Pakkasella sis\u00e4ll\u00e4 &#8211; ja ulkona"},"content":{"rendered":"<p style=\"text-align: justify;\"><img loading=\"lazy\" decoding=\"async\" data-attachment-id=\"53453\" data-permalink=\"https:\/\/www.satokangas.fi\/blogi\/2025\/11\/pakkasella-sisalla-ja-ulkona\/pakkastapaljon_p-2\/\" data-orig-file=\"https:\/\/www.satokangas.fi\/blogi\/wp-content\/uploads\/2025\/11\/Pakkastapaljon_p-2.jpg\" data-orig-size=\"349,500\" data-comments-opened=\"1\" data-image-meta=\"{&quot;aperture&quot;:&quot;0&quot;,&quot;credit&quot;:&quot;&quot;,&quot;camera&quot;:&quot;&quot;,&quot;caption&quot;:&quot;&quot;,&quot;created_timestamp&quot;:&quot;0&quot;,&quot;copyright&quot;:&quot;&quot;,&quot;focal_length&quot;:&quot;0&quot;,&quot;iso&quot;:&quot;0&quot;,&quot;shutter_speed&quot;:&quot;0&quot;,&quot;title&quot;:&quot;&quot;,&quot;orientation&quot;:&quot;0&quot;}\" data-image-title=\"Pakkastapaljon_p-2\" data-image-description=\"\" data-image-caption=\"\" data-large-file=\"https:\/\/www.satokangas.fi\/blogi\/wp-content\/uploads\/2025\/11\/Pakkastapaljon_p-2.jpg\" class=\"size-full wp-image-53453 alignleft\" src=\"https:\/\/www.satokangas.fi\/blogi\/wp-content\/uploads\/2025\/11\/Pakkastapaljon_p-2.jpg\" alt=\"\" width=\"349\" height=\"500\" srcset=\"https:\/\/www.satokangas.fi\/blogi\/wp-content\/uploads\/2025\/11\/Pakkastapaljon_p-2.jpg 349w, https:\/\/www.satokangas.fi\/blogi\/wp-content\/uploads\/2025\/11\/Pakkastapaljon_p-2-279x400.jpg 279w, https:\/\/www.satokangas.fi\/blogi\/wp-content\/uploads\/2025\/11\/Pakkastapaljon_p-2-140x200.jpg 140w\" sizes=\"auto, (max-width: 349px) 100vw, 349px\" \/><\/p>\n<p style=\"text-align: justify;\">M\u00f6kkiterassin nurkassa M\u00f6rk\u00f6kin hampaat irvess\u00e4 kun pakkanen kirist\u00e4\u00e4!<\/p>\n<p style=\"text-align: justify;\">Aamup\u00e4iv\u00e4ll\u00e4 asteita melkein -30 C, joten p\u00e4\u00e4tin, ettei\u00a0 mit\u00e4\u00e4n tarvetta rient\u00e4\u00e4 ulkoilemaan ja liikkumaan. Pehtoorihan tietty l\u00e4hti kylille, Aurora-polulle ja ties minne. En liittynyt seuraksi.<\/p>\n<p style=\"text-align: justify;\">Niinp\u00e4 oli valoisan aikaan oiva tilaisuus &#8211; vihdoin &#8211; saada joululahjaneuleen kriittinen vaihe tehdyksi: Mini\u00e4n toivepusero on ehk\u00e4 vaikein niist\u00e4 yli 20 islantilaisneuleista, joita olen viime vuosina tehnyt. T\u00e4m\u00e4 ei olekaan &#8221;tavallinen&#8221; kaarrokeneule, vaan raglan-hihallinen. Olen sellaisia kyll\u00e4 joskus opiskeluaikoina tehnytkin, mutta en koskaan sellaista, joka on aika mutkikasta kirjoneuletta koko villapusero. Ei auta kuin sinnill\u00e4 yritt\u00e4\u00e4. Ei viel\u00e4 l\u00e4hell\u00e4k\u00e4\u00e4n onnistumista.<\/p>\n<p>&nbsp;<\/p>\n<p><a href=\"https:\/\/www.satokangas.fi\/blogi\/wp-content\/uploads\/2025\/11\/neule_.jpg\"><img loading=\"lazy\" decoding=\"async\" data-attachment-id=\"53454\" data-permalink=\"https:\/\/www.satokangas.fi\/blogi\/2025\/11\/pakkasella-sisalla-ja-ulkona\/neule_\/\" data-orig-file=\"https:\/\/www.satokangas.fi\/blogi\/wp-content\/uploads\/2025\/11\/neule_.jpg\" data-orig-size=\"600,900\" data-comments-opened=\"1\" data-image-meta=\"{&quot;aperture&quot;:&quot;0&quot;,&quot;credit&quot;:&quot;&quot;,&quot;camera&quot;:&quot;&quot;,&quot;caption&quot;:&quot;&quot;,&quot;created_timestamp&quot;:&quot;0&quot;,&quot;copyright&quot;:&quot;&quot;,&quot;focal_length&quot;:&quot;0&quot;,&quot;iso&quot;:&quot;0&quot;,&quot;shutter_speed&quot;:&quot;0&quot;,&quot;title&quot;:&quot;&quot;,&quot;orientation&quot;:&quot;0&quot;}\" data-image-title=\"neule_\" data-image-description=\"\" data-image-caption=\"\" data-large-file=\"https:\/\/www.satokangas.fi\/blogi\/wp-content\/uploads\/2025\/11\/neule_-445x667.jpg\" class=\"aligncenter size-full wp-image-53454\" src=\"https:\/\/www.satokangas.fi\/blogi\/wp-content\/uploads\/2025\/11\/neule_.jpg\" alt=\"\" width=\"600\" height=\"900\" srcset=\"https:\/\/www.satokangas.fi\/blogi\/wp-content\/uploads\/2025\/11\/neule_.jpg 600w, https:\/\/www.satokangas.fi\/blogi\/wp-content\/uploads\/2025\/11\/neule_-267x400.jpg 267w, https:\/\/www.satokangas.fi\/blogi\/wp-content\/uploads\/2025\/11\/neule_-445x667.jpg 445w, https:\/\/www.satokangas.fi\/blogi\/wp-content\/uploads\/2025\/11\/neule_-133x200.jpg 133w\" sizes=\"auto, (max-width: 600px) 100vw, 600px\" \/><\/a><\/p>\n<p style=\"text-align: justify;\">Toinen tekeill\u00e4 oleva joululahja vei osan iltap\u00e4iv\u00e4st\u00e4: Emmiliinille, joka on vajaan kolmen ik\u00e4vuotensa aikana ehtinyt kiinty\u00e4 m\u00f6kkieloon, uusi m\u00f6kkikuvakirja, jossa my\u00f6s kuvia serkuistaan. Tytt\u00e4rentytt\u00e4relle J\u00e4rvenp\u00e4\u00e4h\u00e4n muistikuvia pohjoisesta&#8230;<\/p>\n<p style=\"text-align: justify;\">Ja olihan sitten iltap\u00e4iv\u00e4ll\u00e4 kuitenkin ulos l\u00e4hdett\u00e4v\u00e4: &#8221;maantie vaatii kulkemaan&#8230; &#8221;?, ei vaan mets\u00e4\u00e4n menin taas. Liukulumisuksilla liikkuminen pehme\u00e4ss\u00e4 hangessa vaatii sen verran tekemist\u00e4, ettei pakkanenkaan purrut.\u00a0Viel\u00e4 sitten puronrannassa ja m\u00f6kkitiell\u00e4 tepastelua, jotta ruokahalua tuli hankittua.<\/p>\n<p><a href=\"https:\/\/www.satokangas.fi\/blogi\/wp-content\/uploads\/2025\/11\/lohitortut.jpg\"><img loading=\"lazy\" decoding=\"async\" data-attachment-id=\"53457\" data-permalink=\"https:\/\/www.satokangas.fi\/blogi\/2025\/11\/pakkasella-sisalla-ja-ulkona\/lohitortut\/\" data-orig-file=\"https:\/\/www.satokangas.fi\/blogi\/wp-content\/uploads\/2025\/11\/lohitortut.jpg\" data-orig-size=\"1500,1000\" data-comments-opened=\"1\" data-image-meta=\"{&quot;aperture&quot;:&quot;0&quot;,&quot;credit&quot;:&quot;&quot;,&quot;camera&quot;:&quot;&quot;,&quot;caption&quot;:&quot;&quot;,&quot;created_timestamp&quot;:&quot;0&quot;,&quot;copyright&quot;:&quot;&quot;,&quot;focal_length&quot;:&quot;0&quot;,&quot;iso&quot;:&quot;0&quot;,&quot;shutter_speed&quot;:&quot;0&quot;,&quot;title&quot;:&quot;&quot;,&quot;orientation&quot;:&quot;0&quot;}\" data-image-title=\"lohitortut\" data-image-description=\"\" data-image-caption=\"\" data-large-file=\"https:\/\/www.satokangas.fi\/blogi\/wp-content\/uploads\/2025\/11\/lohitortut-1000x667.jpg\" class=\"aligncenter size-full wp-image-53457\" src=\"https:\/\/www.satokangas.fi\/blogi\/wp-content\/uploads\/2025\/11\/lohitortut.jpg\" alt=\"\" width=\"1500\" height=\"1000\" srcset=\"https:\/\/www.satokangas.fi\/blogi\/wp-content\/uploads\/2025\/11\/lohitortut.jpg 1500w, https:\/\/www.satokangas.fi\/blogi\/wp-content\/uploads\/2025\/11\/lohitortut-600x400.jpg 600w, https:\/\/www.satokangas.fi\/blogi\/wp-content\/uploads\/2025\/11\/lohitortut-1000x667.jpg 1000w, https:\/\/www.satokangas.fi\/blogi\/wp-content\/uploads\/2025\/11\/lohitortut-300x200.jpg 300w, https:\/\/www.satokangas.fi\/blogi\/wp-content\/uploads\/2025\/11\/lohitortut-768x512.jpg 768w\" sizes=\"auto, (max-width: 1500px) 100vw, 1500px\" \/><\/a><\/p>\n<p style=\"text-align: justify;\">Lohimousse-torttuja ja datterine-t\u00f6lkkitomaateista keitto! Josko huomenna saisin aikaiseksi ja kirjoittelisen reseptit. P\u00e4\u00e4ruoasta ei juuri mainittavaa eik\u00e4 reseptiikkaa jaettavaksi. \ud83d\ude42<\/p>\n<p><a href=\"https:\/\/www.satokangas.fi\/blogi\/wp-content\/uploads\/2025\/11\/purolla_pakkaskukkia_2025-2.jpg\"><img loading=\"lazy\" decoding=\"async\" data-attachment-id=\"53455\" data-permalink=\"https:\/\/www.satokangas.fi\/blogi\/2025\/11\/pakkasella-sisalla-ja-ulkona\/purolla_pakkaskukkia_2025-2\/\" data-orig-file=\"https:\/\/www.satokangas.fi\/blogi\/wp-content\/uploads\/2025\/11\/purolla_pakkaskukkia_2025-2.jpg\" data-orig-size=\"1500,1000\" data-comments-opened=\"1\" data-image-meta=\"{&quot;aperture&quot;:&quot;0&quot;,&quot;credit&quot;:&quot;&quot;,&quot;camera&quot;:&quot;&quot;,&quot;caption&quot;:&quot;&quot;,&quot;created_timestamp&quot;:&quot;0&quot;,&quot;copyright&quot;:&quot;&quot;,&quot;focal_length&quot;:&quot;0&quot;,&quot;iso&quot;:&quot;0&quot;,&quot;shutter_speed&quot;:&quot;0&quot;,&quot;title&quot;:&quot;&quot;,&quot;orientation&quot;:&quot;0&quot;}\" data-image-title=\"purolla_pakkaskukkia_2025-2\" data-image-description=\"\" data-image-caption=\"\" data-large-file=\"https:\/\/www.satokangas.fi\/blogi\/wp-content\/uploads\/2025\/11\/purolla_pakkaskukkia_2025-2-1000x667.jpg\" class=\"aligncenter size-full wp-image-53455\" src=\"https:\/\/www.satokangas.fi\/blogi\/wp-content\/uploads\/2025\/11\/purolla_pakkaskukkia_2025-2.jpg\" alt=\"\" width=\"1500\" height=\"1000\" srcset=\"https:\/\/www.satokangas.fi\/blogi\/wp-content\/uploads\/2025\/11\/purolla_pakkaskukkia_2025-2.jpg 1500w, https:\/\/www.satokangas.fi\/blogi\/wp-content\/uploads\/2025\/11\/purolla_pakkaskukkia_2025-2-600x400.jpg 600w, https:\/\/www.satokangas.fi\/blogi\/wp-content\/uploads\/2025\/11\/purolla_pakkaskukkia_2025-2-1000x667.jpg 1000w, https:\/\/www.satokangas.fi\/blogi\/wp-content\/uploads\/2025\/11\/purolla_pakkaskukkia_2025-2-300x200.jpg 300w, https:\/\/www.satokangas.fi\/blogi\/wp-content\/uploads\/2025\/11\/purolla_pakkaskukkia_2025-2-768x512.jpg 768w\" sizes=\"auto, (max-width: 1500px) 100vw, 1500px\" \/><\/a><\/p>\n<p style=\"text-align: center;\">Puron pulputus kuuluu viel\u00e4 virtapaikoissa &#8230;<\/p>\n","protected":false},"excerpt":{"rendered":"<p>M\u00f6kkiterassin nurkassa M\u00f6rk\u00f6kin hampaat irvess\u00e4 kun pakkanen kirist\u00e4\u00e4! Aamup\u00e4iv\u00e4ll\u00e4 asteita melkein -30 C, joten p\u00e4\u00e4tin, ettei\u00a0 mit\u00e4\u00e4n tarvetta rient\u00e4\u00e4 ulkoilemaan ja liikkumaan. Pehtoorihan tietty l\u00e4hti kylille, Aurora-polulle ja ties minne. En liittynyt seuraksi. Niinp\u00e4 oli valoisan aikaan oiva tilaisuus &#8211; vihdoin &#8211; saada joululahjaneuleen kriittinen vaihe tehdyksi: Mini\u00e4n toivepusero on ehk\u00e4 vaikein niist\u00e4 yli 20 islantilaisneuleista, joita olen viime vuosina &hellip; <\/p>\n","protected":false},"author":1,"featured_media":53456,"comment_status":"open","ping_status":"open","sticky":false,"template":"","format":"standard","meta":{"jetpack_post_was_ever_published":false,"_jetpack_newsletter_access":"","_jetpack_dont_email_post_to_subs":false,"_jetpack_newsletter_tier_id":0,"_jetpack_memberships_contains_paywalled_content":false,"_jetpack_memberships_contains_paid_content":false,"footnotes":"","jetpack_publicize_message":"","jetpack_publicize_feature_enabled":true,"jetpack_social_post_already_shared":true,"jetpack_social_options":{"image_generator_settings":{"template":"highway","default_image_id":0,"font":"","enabled":false},"version":2}},"categories":[33,97,151,37],"tags":[],"class_list":["post-53450","post","type-post","status-publish","format-standard","has-post-thumbnail","hentry","category-liikkuminen","category-mokkielamaa","category-neulottua","category-valokuvaus","latest_post"],"jetpack_publicize_connections":[],"jetpack_featured_media_url":"https:\/\/www.satokangas.fi\/blogi\/wp-content\/uploads\/2025\/11\/purolla_pakkaskukkia_2025-10.jpg","jetpack_shortlink":"https:\/\/wp.me\/pr4p4-dU6","jetpack_sharing_enabled":true,"jetpack_likes_enabled":false,"jetpack-related-posts":[{"id":12458,"url":"https:\/\/www.satokangas.fi\/blogi\/2011\/09\/kokeiluja-keittiossa\/","url_meta":{"origin":53450,"position":0},"title":"Kokeiluja keitti\u00f6ss\u00e4","author":"Reija","date":"23.9.2011","format":false,"excerpt":"Musta-aroniahilloa ajattelin ryhty\u00e4 tekem\u00e4\u00e4n. En ole ennen tehnyt. Mutta nyt ne ovat tuossa pihalla niin tyrkyll\u00e4 ja niit\u00e4 on niin paljon, ett\u00e4 on melkein pakko. Jotain muutakin uutta olen tehnyt t\u00e4n\u00e4\u00e4n: pastis-liekitettyj\u00e4 j\u00e4ttikatkaravunpysrt\u00f6j\u00e4. Ja chevre-gratinoituja portobelloja. Juuri sellaisia ruokia, joita poika ei suin surminkaan s\u00f6isi. Mutta marssimurtumasta k\u00e4rsiv\u00e4 - toivon\u2026","rel":"","context":"Kategoriassa &quot;Niit\u00e4 n\u00e4it\u00e4&quot;","block_context":{"text":"Niit\u00e4 n\u00e4it\u00e4","link":"https:\/\/www.satokangas.fi\/blogi\/category\/aiheeton\/"},"img":{"alt_text":"","src":"https:\/\/i0.wp.com\/www.satokangas.fi\/blogi\/wp-content\/uploads\/Musta-aronia-600x392.jpg?resize=350%2C200&ssl=1","width":350,"height":200,"srcset":"https:\/\/i0.wp.com\/www.satokangas.fi\/blogi\/wp-content\/uploads\/Musta-aronia-600x392.jpg?resize=350%2C200&ssl=1 1x, https:\/\/i0.wp.com\/www.satokangas.fi\/blogi\/wp-content\/uploads\/Musta-aronia-600x392.jpg?resize=525%2C300&ssl=1 1.5x"},"classes":[]},{"id":51510,"url":"https:\/\/www.satokangas.fi\/blogi\/2024\/12\/viela-yksi-keikka\/","url_meta":{"origin":53450,"position":1},"title":"Viel\u00e4 yksi keikka!","author":"Reija","date":"12.12.2024","format":false,"excerpt":"T\u00e4m\u00e4 oli nyt VARMASTI viimeinen kuvauskeikka. Melko varmasti. \ud83d\ude05\u00a0 Asiakas oli sellainen, jolle olen tehnyt kuvauksia ennenkin, yhden aika isonkin projektin, joten aattelin, ett\u00e4 voinhan min\u00e4 viel\u00e4. Perhe kyll\u00e4 jo nauraa t\u00e4lle mun vetkuttelulle t\u00e4m\u00e4n firmani lopettamisen alasajon kanssa. Mutta kyll\u00e4 t\u00e4m\u00e4 t\u00e4st\u00e4 hiipuu. Kuvaus ja kuvaeditointi, jota j\u00e4i kyll\u00e4\u2026","rel":"","context":"Kategoriassa &quot;Muistikuvia&quot;","block_context":{"text":"Muistikuvia","link":"https:\/\/www.satokangas.fi\/blogi\/category\/muistikuvia\/"},"img":{"alt_text":"","src":"https:\/\/i0.wp.com\/www.satokangas.fi\/blogi\/wp-content\/uploads\/2024\/12\/Meri-Toppila-2.jpg?resize=350%2C200&ssl=1","width":350,"height":200,"srcset":"https:\/\/i0.wp.com\/www.satokangas.fi\/blogi\/wp-content\/uploads\/2024\/12\/Meri-Toppila-2.jpg?resize=350%2C200&ssl=1 1x, https:\/\/i0.wp.com\/www.satokangas.fi\/blogi\/wp-content\/uploads\/2024\/12\/Meri-Toppila-2.jpg?resize=525%2C300&ssl=1 1.5x, https:\/\/i0.wp.com\/www.satokangas.fi\/blogi\/wp-content\/uploads\/2024\/12\/Meri-Toppila-2.jpg?resize=700%2C400&ssl=1 2x"},"classes":[]},{"id":33139,"url":"https:\/\/www.satokangas.fi\/blogi\/2018\/01\/kuvankasittelya-kerrakseen\/","url_meta":{"origin":53450,"position":2},"title":"Kuvank\u00e4sittely\u00e4 kerrakseen.","author":"Reija","date":"24.1.2018","format":false,"excerpt":"Nyt kun minulla ei en\u00e4\u00e4 ole \"Jokaviikkoinen soppamme\" -projektia on meill\u00e4 keittojen sy\u00f6nti loppunut. Ik\u00e4v\u00e4mpi juttu. \u00c4idin pakastimeen sent\u00e4\u00e4n olen parit pakastesatsit tehnyt, siin\u00e4 kaikki. Pit\u00e4isi alkaa toinen kierros, ja samalla kuvailisi uusia ja lis\u00e4\u00e4 kuvia, stilisoisi tekstej\u00e4 reseptien ymp\u00e4rille, jotta voisi jo ryhty\u00e4 etsim\u00e4\u00e4n kirjalle tosissaan kustantajaa. Mutta sen\u2026","rel":"","context":"Kategoriassa &quot;Valokuvaus&quot;","block_context":{"text":"Valokuvaus","link":"https:\/\/www.satokangas.fi\/blogi\/category\/valokuvaus\/"},"img":{"alt_text":"","src":"https:\/\/i0.wp.com\/www.satokangas.fi\/blogi\/wp-content\/uploads\/2018\/01\/Grand-Diner-Oulu-2018-lowres-5-601x400.jpg?resize=350%2C200&ssl=1","width":350,"height":200,"srcset":"https:\/\/i0.wp.com\/www.satokangas.fi\/blogi\/wp-content\/uploads\/2018\/01\/Grand-Diner-Oulu-2018-lowres-5-601x400.jpg?resize=350%2C200&ssl=1 1x, https:\/\/i0.wp.com\/www.satokangas.fi\/blogi\/wp-content\/uploads\/2018\/01\/Grand-Diner-Oulu-2018-lowres-5-601x400.jpg?resize=525%2C300&ssl=1 1.5x"},"classes":[]},{"id":23277,"url":"https:\/\/www.satokangas.fi\/blogi\/2014\/12\/tyoviikon-alku\/","url_meta":{"origin":53450,"position":3},"title":"Ty\u00f6viikon alku","author":"Reija","date":"8.12.2014","format":false,"excerpt":"Maanantai v\u00e4h\u00e4n kuin jys\u00e4hti. Kaikkine hommineen. Merkillisesti niit\u00e4 on. Ja t\u00e4n\u00e4\u00e4n kului paljon aikaa \"vanhan populaation\" (kuten yliopiston yksi korkea-arvoinen virkamies n\u00e4it\u00e4 palaavia opiskelijoita nimitti) asioiden hoitamisen ja edist\u00e4misen parissa. Kyll\u00e4 me onkin oikeasti saatu monta motivoitunutta opintojen \u00e4\u00e4reen palaajaa t\u00f6ihin ja monta kandia jo tehdyksikin. Mutta sitten kokouksessa, joka\u2026","rel":"","context":"Kategoriassa &quot;Niit\u00e4 n\u00e4it\u00e4&quot;","block_context":{"text":"Niit\u00e4 n\u00e4it\u00e4","link":"https:\/\/www.satokangas.fi\/blogi\/category\/aiheeton\/"},"img":{"alt_text":"8","src":"https:\/\/i0.wp.com\/www.satokangas.fi\/blogi\/wp-content\/uploads\/2014\/12\/8.jpg?resize=350%2C200&ssl=1","width":350,"height":200},"classes":[]},{"id":45150,"url":"https:\/\/www.satokangas.fi\/blogi\/2023\/03\/talvinen-kesaaika\/","url_meta":{"origin":53450,"position":4},"title":"Talvinen kes\u00e4aika","author":"Reija","date":"26.3.2023","format":false,"excerpt":"Kes\u00e4aika. Jos sit\u00e4 mitattaisiin lumen korkeudella tai pakkasasteilla, niin kyll\u00e4 taas olisi aika lailla venytett\u00e4v\u00e4 k\u00e4sitteen mittareita ja m\u00e4\u00e4reit\u00e4. Niiden mukaan kun on ihan selv\u00e4sti viel\u00e4 talviaika: y\u00f6ll\u00e4 pakkasta yli - 20 C ja lumenkorkeus on hyvinkin puoli metri\u00e4, kinokset korkeita ja puhtaan valkoisia. Talvelta tuntuu, vaikka hieno aurinkoinen p\u00e4iv\u00e4\u2026","rel":"","context":"Kategoriassa &quot;Niit\u00e4 n\u00e4it\u00e4&quot;","block_context":{"text":"Niit\u00e4 n\u00e4it\u00e4","link":"https:\/\/www.satokangas.fi\/blogi\/category\/aiheeton\/"},"img":{"alt_text":"","src":"https:\/\/i0.wp.com\/www.satokangas.fi\/blogi\/wp-content\/uploads\/2023\/03\/kesa-aika-2.jpg?resize=350%2C200&ssl=1","width":350,"height":200,"srcset":"https:\/\/i0.wp.com\/www.satokangas.fi\/blogi\/wp-content\/uploads\/2023\/03\/kesa-aika-2.jpg?resize=350%2C200&ssl=1 1x, https:\/\/i0.wp.com\/www.satokangas.fi\/blogi\/wp-content\/uploads\/2023\/03\/kesa-aika-2.jpg?resize=525%2C300&ssl=1 1.5x, https:\/\/i0.wp.com\/www.satokangas.fi\/blogi\/wp-content\/uploads\/2023\/03\/kesa-aika-2.jpg?resize=700%2C400&ssl=1 2x"},"classes":[]},{"id":21263,"url":"https:\/\/www.satokangas.fi\/blogi\/2014\/05\/tyon-touhussa\/","url_meta":{"origin":53450,"position":5},"title":"Ty\u00f6n touhussa","author":"Reija","date":"27.5.2014","format":false,"excerpt":"T\u00e4n\u00e4\u00e4n olen allekirjoittanut monia, monia papereita, arvosanojen koostamisia, kes\u00e4opintotukea varten todistuksia, hyv\u00e4ksynyt hopseja, - ja tehnyt kymmeni\u00e4 kes\u00e4tenttikysymyspapereita, ja siin\u00e4 sitten touhukkaana allekirjoitin nekin. Kuinka moni signeeraa tenttikysymyspaperit? Min\u00e4 kyll\u00e4 ainakin, eik\u00f6 todellakaan muut? \u00a0- Hajamielinen professori... ;) T\u00e4n\u00e4\u00e4n olen tehnyt paljon valmistelevia toimia opetussuunnitelmaty\u00f6h\u00f6n, uudistuksia aion vied\u00e4 l\u00e4pi, olen\u2026","rel":"","context":"Kategoriassa &quot;Niit\u00e4 n\u00e4it\u00e4&quot;","block_context":{"text":"Niit\u00e4 n\u00e4it\u00e4","link":"https:\/\/www.satokangas.fi\/blogi\/category\/aiheeton\/"},"img":{"alt_text":"pilivlinnoja","src":"https:\/\/i0.wp.com\/www.satokangas.fi\/blogi\/wp-content\/uploads\/2014\/05\/pilivlinnoja-600x400.jpg?resize=350%2C200&ssl=1","width":350,"height":200,"srcset":"https:\/\/i0.wp.com\/www.satokangas.fi\/blogi\/wp-content\/uploads\/2014\/05\/pilivlinnoja-600x400.jpg?resize=350%2C200&ssl=1 1x, https:\/\/i0.wp.com\/www.satokangas.fi\/blogi\/wp-content\/uploads\/2014\/05\/pilivlinnoja-600x400.jpg?resize=525%2C300&ssl=1 1.5x"},"classes":[]}],"_links":{"self":[{"href":"https:\/\/www.satokangas.fi\/blogi\/wp-json\/wp\/v2\/posts\/53450","targetHints":{"allow":["GET"]}}],"collection":[{"href":"https:\/\/www.satokangas.fi\/blogi\/wp-json\/wp\/v2\/posts"}],"about":[{"href":"https:\/\/www.satokangas.fi\/blogi\/wp-json\/wp\/v2\/types\/post"}],"author":[{"embeddable":true,"href":"https:\/\/www.satokangas.fi\/blogi\/wp-json\/wp\/v2\/users\/1"}],"replies":[{"embeddable":true,"href":"https:\/\/www.satokangas.fi\/blogi\/wp-json\/wp\/v2\/comments?post=53450"}],"version-history":[{"count":0,"href":"https:\/\/www.satokangas.fi\/blogi\/wp-json\/wp\/v2\/posts\/53450\/revisions"}],"wp:featuredmedia":[{"embeddable":true,"href":"https:\/\/www.satokangas.fi\/blogi\/wp-json\/wp\/v2\/media\/53456"}],"wp:attachment":[{"href":"https:\/\/www.satokangas.fi\/blogi\/wp-json\/wp\/v2\/media?parent=53450"}],"wp:term":[{"taxonomy":"category","embeddable":true,"href":"https:\/\/www.satokangas.fi\/blogi\/wp-json\/wp\/v2\/categories?post=53450"},{"taxonomy":"post_tag","embeddable":true,"href":"https:\/\/www.satokangas.fi\/blogi\/wp-json\/wp\/v2\/tags?post=53450"}],"curies":[{"name":"wp","href":"https:\/\/api.w.org\/{rel}","templated":true}]}}