{"id":53433,"date":"2025-11-13T18:46:13","date_gmt":"2025-11-13T16:46:13","guid":{"rendered":"https:\/\/www.satokangas.fi\/blogi\/?p=53433"},"modified":"2025-11-13T18:46:13","modified_gmt":"2025-11-13T16:46:13","slug":"ihan-tavallinen-torstai","status":"publish","type":"post","link":"https:\/\/www.satokangas.fi\/blogi\/2025\/11\/ihan-tavallinen-torstai\/","title":{"rendered":"Ihan tavallinen torstai?"},"content":{"rendered":"<p>Koko viime y\u00f6n satoi lunta. Koko p\u00e4iv\u00e4n on satanut paljon lunta. Nyt sataa paljon lunta, ja pikkuisen myrsky\u00e4\u00e4kin.<\/p>\n<p>Siivousp\u00e4iv\u00e4, lumity\u00f6p\u00e4iv\u00e4, bueno ruokap\u00e4iv\u00e4. Ja saunap\u00e4iv\u00e4.<\/p>\n<p>&nbsp;<\/p>\n<div style=\"width: 478px;\" class=\"wp-video\"><video class=\"wp-video-shortcode\" id=\"video-53433-1\" width=\"478\" height=\"850\" preload=\"metadata\" controls=\"controls\"><source type=\"video\/mp4\" src=\"https:\/\/www.satokangas.fi\/blogi\/wp-content\/uploads\/2025\/11\/Saunalla.mp4?_=1\" \/><a href=\"https:\/\/www.satokangas.fi\/blogi\/wp-content\/uploads\/2025\/11\/Saunalla.mp4\">https:\/\/www.satokangas.fi\/blogi\/wp-content\/uploads\/2025\/11\/Saunalla.mp4<\/a><\/video><\/div>\n<p>&nbsp;<\/p>\n<p style=\"text-align: justify;\">Post Scriptum &#8230; Tuo otsikkokuvan sauna-kyltti.<\/p>\n<p style=\"text-align: justify;\">Meid\u00e4n pikkuinen rantasauna on toki tunnistettavissa ilman kyltti\u00e4kin, mutta tulin ostaneeksi (kes\u00e4\u00e4n sopivan) koristeen, kun k\u00e4vimme pitk\u00e4st\u00e4 aikaa <a href=\"https:\/\/www.satokangas.fi\/blogi\/2018\/10\/lappi-on-niin-paljon\/\">Sompion Arjan pieness\u00e4 putiikissa<\/a> elokuussa palatessamme <a href=\"https:\/\/www.satokangas.fi\/blogi\/2025\/08\/nattaset-ja\/\" target=\"_blank\" rel=\"noopener\">Pyh\u00e4-Nattasen patikalta<\/a>.<\/p>\n<p style=\"text-align: justify;\">Arjalla on Vuotson keskustassa punaiseksi maalattu maja t\u00e4ynn\u00e4 kaikkea tilpeh\u00f6\u00f6ri\u00e4, k\u00e4sit\u00f6it\u00e4, koruja, tauluja, kaikkea&#8230; Kun katselin n\u00e4it\u00e4 h\u00e4nen kelojen pinnoille maalaamiaan kylttej\u00e4, ja erityisesti juuri sauna-kyltti\u00e4, h\u00e4n kertoi, ett\u00e4 ne ovat olleet t\u00e4m\u00e4n vuoden hittituote! Ulkomaalaiset turistit ovat ostaneet niit\u00e4 tuliaisiksi! Hieman kummastelimme, ett\u00e4 mihin ranskalaiset tai britit tuollaisia tarvitsevat.<\/p>\n<p style=\"text-align: justify;\">Arjakin oli aluksi asiaa ihmetellyt. Ja sitten oli saanut selityksen: SAUNA-biisi on vilkastuttanut my\u00f6s matkamuistomyynti\u00e4! KAJ-b\u00e4ndin saunaviisua &#8217;<span class=\"article-em\">Bara bada bastu&#8217;<\/span>\u00a0on kuunneltu\u00a0Spotifyssa nyt yli sata miljoonaa kertaa, joten ei ihme ett\u00e4 fanituotteina myyd\u00e4\u00e4n maalattuja kelon kappaleita. \ud83d\ude00<\/p>\n","protected":false},"excerpt":{"rendered":"<p>Koko viime y\u00f6n satoi lunta. Koko p\u00e4iv\u00e4n on satanut paljon lunta. Nyt sataa paljon lunta, ja pikkuisen myrsky\u00e4\u00e4kin. Siivousp\u00e4iv\u00e4, lumity\u00f6p\u00e4iv\u00e4, bueno ruokap\u00e4iv\u00e4. Ja saunap\u00e4iv\u00e4. &nbsp; &nbsp; Post Scriptum &#8230; Tuo otsikkokuvan sauna-kyltti. Meid\u00e4n pikkuinen rantasauna on toki tunnistettavissa ilman kyltti\u00e4kin, mutta tulin ostaneeksi (kes\u00e4\u00e4n sopivan) koristeen, kun k\u00e4vimme pitk\u00e4st\u00e4 aikaa Sompion Arjan pieness\u00e4 putiikissa elokuussa palatessamme Pyh\u00e4-Nattasen patikalta. Arjalla on &hellip; <\/p>\n","protected":false},"author":1,"featured_media":53438,"comment_status":"open","ping_status":"open","sticky":false,"template":"","format":"standard","meta":{"jetpack_post_was_ever_published":false,"_jetpack_newsletter_access":"","_jetpack_dont_email_post_to_subs":false,"_jetpack_newsletter_tier_id":0,"_jetpack_memberships_contains_paywalled_content":false,"_jetpack_memberships_contains_paid_content":false,"footnotes":"","jetpack_publicize_message":"","jetpack_publicize_feature_enabled":true,"jetpack_social_post_already_shared":true,"jetpack_social_options":{"image_generator_settings":{"template":"highway","default_image_id":0,"font":"","enabled":false},"version":2}},"categories":[15,97],"tags":[],"class_list":["post-53433","post","type-post","status-publish","format-standard","has-post-thumbnail","hentry","category-lappi","category-mokkielamaa","latest_post"],"jetpack_publicize_connections":[],"jetpack_featured_media_url":"https:\/\/www.satokangas.fi\/blogi\/wp-content\/uploads\/2025\/11\/Ensilumi_Saariselka_2025-10.jpg","jetpack_shortlink":"https:\/\/wp.me\/pr4p4-dTP","jetpack_sharing_enabled":true,"jetpack_likes_enabled":false,"jetpack-related-posts":[{"id":38413,"url":"https:\/\/www.satokangas.fi\/blogi\/2020\/03\/paivaretkella\/","url_meta":{"origin":53433,"position":0},"title":"P\u00e4iv\u00e4retkell\u00e4","author":"Reija","date":"30.3.2020","format":false,"excerpt":"Palasimme juuri parahiksi iltauutiselle (20.30) pitk\u00e4lt\u00e4 (490 km) p\u00e4iv\u00e4retkelt\u00e4. Hieno p\u00e4iv\u00e4, aurinkoa, kaunista, kaukana kavala maailma. Korouoma Posiolla oli kokematon paikka. P\u00e4iv\u00e4n kohokohta siell\u00e4 patikalla. Palattuamme aloitin kuvien purkamisen ajatuksenani tehd\u00e4 t\u00e4nne blogiini kuvakertomus p\u00e4iv\u00e4st\u00e4mme, ja siin\u00e4 samassa n\u00e4yt\u00f6lle r\u00e4ps\u00e4ht\u00e4\u00e4 30 viesti\u00e4 messengerist\u00e4, ja FB hehkuu punaisena. Virus! Virus (onneksi\u2026","rel":"","context":"Kategoriassa &quot;Niit\u00e4 n\u00e4it\u00e4&quot;","block_context":{"text":"Niit\u00e4 n\u00e4it\u00e4","link":"https:\/\/www.satokangas.fi\/blogi\/category\/aiheeton\/"},"img":{"alt_text":"","src":"https:\/\/i0.wp.com\/www.satokangas.fi\/blogi\/wp-content\/uploads\/2020\/03\/Korouoma-11.jpg?resize=350%2C200&ssl=1","width":350,"height":200,"srcset":"https:\/\/i0.wp.com\/www.satokangas.fi\/blogi\/wp-content\/uploads\/2020\/03\/Korouoma-11.jpg?resize=350%2C200&ssl=1 1x, https:\/\/i0.wp.com\/www.satokangas.fi\/blogi\/wp-content\/uploads\/2020\/03\/Korouoma-11.jpg?resize=525%2C300&ssl=1 1.5x"},"classes":[]},{"id":30988,"url":"https:\/\/www.satokangas.fi\/blogi\/2017\/06\/lapin-kesaan\/","url_meta":{"origin":53433,"position":1},"title":"Lapin kes\u00e4\u00e4n","author":"Reija","date":"14.6.2017","format":false,"excerpt":"Paljon poroja, kuin my\u00f6s aurinkoa, v\u00e4h\u00e4n lunta, ei ollenkaan itikoita, hyvin hiljaista. On kes\u00e4, Lapin kes\u00e4. Tuntuu, ettei olla oltu m\u00f6kill\u00e4 pitkiin aikoihin, - noh, lopultakin vain pari kuukautta v\u00e4liss\u00e4, mutta silti. Siksikin oli tavallistakin mieluisampaa istahtaa aamusella autoon, ja suunnata kohti pohjoista. Loppumatkalla n\u00e4ytti melkein kuin olisi ajeltu kohti\u2026","rel":"","context":"Kategoriassa &quot;Lappi&quot;","block_context":{"text":"Lappi","link":"https:\/\/www.satokangas.fi\/blogi\/category\/lappi\/"},"img":{"alt_text":"","src":"https:\/\/i0.wp.com\/www.satokangas.fi\/blogi\/wp-content\/uploads\/2017\/06\/Lapin-kes%C3%A4-3-282x400.jpg?resize=350%2C200&ssl=1","width":350,"height":200},"classes":[]},{"id":20428,"url":"https:\/\/www.satokangas.fi\/blogi\/2014\/03\/mokkimaanantai\/","url_meta":{"origin":53433,"position":2},"title":"M\u00f6kkimaanantai","author":"Reija","date":"3.3.2014","format":false,"excerpt":"Hiihtoloma. Hiihtolomalla kuuluu hiiht\u00e4\u00e4. On my\u00f6nnett\u00e4v\u00e4, ett\u00e4 aamulla en ollut mitenk\u00e4\u00e4n erityisen riemastuksissani ladulle l\u00e4hd\u00f6ss\u00e4. Ajattelin, jotta \u00e4p\u00f6st\u00e4mist\u00e4h\u00e4n se minulla kuitenkin on, varsinkin n\u00e4in talven eka kerralla. Ett\u00e4 on kylm\u00e4, kuuma, v\u00e4sy tai lipsuu, pahimmassa tapauksessa noita kaikkia. Ett\u00e4 pieni lumisade tekee hiiht\u00e4misest\u00e4 ik\u00e4v\u00e4\u00e4, ett\u00e4 olkap\u00e4\u00e4 ei kuitenkaan kest\u00e4. Ja\u2026","rel":"","context":"Kategoriassa &quot;Lappi&quot;","block_context":{"text":"Lappi","link":"https:\/\/www.satokangas.fi\/blogi\/category\/lappi\/"},"img":{"alt_text":"Lunta-3-4","src":"https:\/\/i0.wp.com\/www.satokangas.fi\/blogi\/wp-content\/uploads\/2014\/03\/Lunta-3-4-506x400.jpg?resize=350%2C200&ssl=1","width":350,"height":200},"classes":[]},{"id":51990,"url":"https:\/\/www.satokangas.fi\/blogi\/2025\/02\/oppia-ika-kaikki-vol-xxx\/","url_meta":{"origin":53433,"position":3},"title":"Oppia ik\u00e4 kaikki vol. xxx","author":"Reija","date":"5.2.2025","format":false,"excerpt":"T\u00e4n\u00e4\u00e4n on satanut koko p\u00e4iv\u00e4n. Tammikuulta on lumisadevarastoja j\u00e4ljell\u00e4, ja tuntuu, ett\u00e4 ne kaikki tyhjeniv\u00e4t ja tulivat alas t\u00e4n\u00e4\u00e4n. Viel\u00e4 py\u00f6ritt\u00e4v\u00e4n tuulen avittamana. En harmitellut, ett\u00e4 j\u00e4iv\u00e4t ulkoilut olemattomiin: nyt on mahdollista, ett\u00e4 latuverkosto laajenee ja laduilla on lunta pohjaan asti. :) Sit\u00e4 paitsi oli puuhaa ja menoja t\u00e4lle p\u00e4iv\u00e4lle:\u2026","rel":"","context":"Kategoriassa &quot;Historiaa&quot;","block_context":{"text":"Historiaa","link":"https:\/\/www.satokangas.fi\/blogi\/category\/historiaa\/"},"img":{"alt_text":"","src":"https:\/\/i0.wp.com\/www.satokangas.fi\/blogi\/wp-content\/uploads\/2024\/02\/tuisku-2.jpg?resize=350%2C200&ssl=1","width":350,"height":200,"srcset":"https:\/\/i0.wp.com\/www.satokangas.fi\/blogi\/wp-content\/uploads\/2024\/02\/tuisku-2.jpg?resize=350%2C200&ssl=1 1x, https:\/\/i0.wp.com\/www.satokangas.fi\/blogi\/wp-content\/uploads\/2024\/02\/tuisku-2.jpg?resize=525%2C300&ssl=1 1.5x, https:\/\/i0.wp.com\/www.satokangas.fi\/blogi\/wp-content\/uploads\/2024\/02\/tuisku-2.jpg?resize=700%2C400&ssl=1 2x"},"classes":[]},{"id":16683,"url":"https:\/\/www.satokangas.fi\/blogi\/2013\/03\/lumi\/","url_meta":{"origin":53433,"position":4},"title":"Lumi","author":"Reija","date":"5.3.2013","format":false,"excerpt":"Kaikki muuttui musta-valkoiseksi, tai ainakin harmaan eri s\u00e4vyiksi. Rantasaunakin apaattisen n\u00e4k\u00f6inen. Viel\u00e4 aamulla - hyvin my\u00f6h\u00e4\u00e4n her\u00e4tess\u00e4mme pakkasta oli niin paljon, ett\u00e4 n\u00e4ytti helpolta perustella koko p\u00e4iv\u00e4 \"pirttip\u00e4iv\u00e4ksi\" eli ettei tarvisi selitell\u00e4, miksemme l\u00e4hde ladulle, ettemme mene m\u00e4keen. Uppouduin mukana oleviin t\u00f6ihin, pehtoori lueskeli, kunnes jossain vaiheessa huomasin h\u00e4nen l\u00e4htev\u00e4n\u2026","rel":"","context":"Kategoriassa &quot;Lappi&quot;","block_context":{"text":"Lappi","link":"https:\/\/www.satokangas.fi\/blogi\/category\/lappi\/"},"img":{"alt_text":"lunta","src":"https:\/\/i0.wp.com\/www.satokangas.fi\/blogi\/wp-content\/uploads\/2013\/03\/lunta-595x400.jpg?resize=350%2C200&ssl=1","width":350,"height":200,"srcset":"https:\/\/i0.wp.com\/www.satokangas.fi\/blogi\/wp-content\/uploads\/2013\/03\/lunta-595x400.jpg?resize=350%2C200&ssl=1 1x, https:\/\/i0.wp.com\/www.satokangas.fi\/blogi\/wp-content\/uploads\/2013\/03\/lunta-595x400.jpg?resize=525%2C300&ssl=1 1.5x"},"classes":[]},{"id":39526,"url":"https:\/\/www.satokangas.fi\/blogi\/2020\/10\/oikea-kielisyys-virheita-ja-inhokkisanoja\/","url_meta":{"origin":53433,"position":5},"title":"Oikea kielisyys virheit\u00e4 :) ja inhokkisanoja","author":"Reija","date":"21.10.2020","format":false,"excerpt":"\"Renkaan vaihdot!\"\u00a0 lukee tienposkessa olevassa kyltiss\u00e4 ja viereisen rakennuksen sein\u00e4ss\u00e4 olevassa mainoksessa matkalla meilt\u00e4 kaupunkiin. T\u00e4n\u00e4\u00e4n ajelin niist\u00e4 ohi. En py\u00f6r\u00e4ll\u00e4, sill\u00e4 t\u00e4n\u00e4\u00e4n sen verran j\u00e4\u00e4t\u00e4, etten en\u00e4\u00e4 uskaltanut py\u00f6r\u00e4n selk\u00e4\u00e4n, vaan oli pitk\u00e4st\u00e4 aikaa k\u00e4yt\u00e4v\u00e4 k\u00e4vellen lenkilll\u00e4 ja huristeltava autolla (spesiaali)ruokaostoksille kaupunkiin. Minulla toki jo on talvirenkaat (Pehtoori vaihtoi\u2026","rel":"","context":"Kategoriassa &quot;Bloggailu&quot;","block_context":{"text":"Bloggailu","link":"https:\/\/www.satokangas.fi\/blogi\/category\/bloggailu\/"},"img":{"alt_text":"","src":"https:\/\/i0.wp.com\/www.satokangas.fi\/blogi\/wp-content\/uploads\/2020\/10\/Koulutarvikkeita.jpg?resize=350%2C200&ssl=1","width":350,"height":200,"srcset":"https:\/\/i0.wp.com\/www.satokangas.fi\/blogi\/wp-content\/uploads\/2020\/10\/Koulutarvikkeita.jpg?resize=350%2C200&ssl=1 1x, https:\/\/i0.wp.com\/www.satokangas.fi\/blogi\/wp-content\/uploads\/2020\/10\/Koulutarvikkeita.jpg?resize=525%2C300&ssl=1 1.5x, https:\/\/i0.wp.com\/www.satokangas.fi\/blogi\/wp-content\/uploads\/2020\/10\/Koulutarvikkeita.jpg?resize=700%2C400&ssl=1 2x"},"classes":[]}],"_links":{"self":[{"href":"https:\/\/www.satokangas.fi\/blogi\/wp-json\/wp\/v2\/posts\/53433","targetHints":{"allow":["GET"]}}],"collection":[{"href":"https:\/\/www.satokangas.fi\/blogi\/wp-json\/wp\/v2\/posts"}],"about":[{"href":"https:\/\/www.satokangas.fi\/blogi\/wp-json\/wp\/v2\/types\/post"}],"author":[{"embeddable":true,"href":"https:\/\/www.satokangas.fi\/blogi\/wp-json\/wp\/v2\/users\/1"}],"replies":[{"embeddable":true,"href":"https:\/\/www.satokangas.fi\/blogi\/wp-json\/wp\/v2\/comments?post=53433"}],"version-history":[{"count":0,"href":"https:\/\/www.satokangas.fi\/blogi\/wp-json\/wp\/v2\/posts\/53433\/revisions"}],"wp:featuredmedia":[{"embeddable":true,"href":"https:\/\/www.satokangas.fi\/blogi\/wp-json\/wp\/v2\/media\/53438"}],"wp:attachment":[{"href":"https:\/\/www.satokangas.fi\/blogi\/wp-json\/wp\/v2\/media?parent=53433"}],"wp:term":[{"taxonomy":"category","embeddable":true,"href":"https:\/\/www.satokangas.fi\/blogi\/wp-json\/wp\/v2\/categories?post=53433"},{"taxonomy":"post_tag","embeddable":true,"href":"https:\/\/www.satokangas.fi\/blogi\/wp-json\/wp\/v2\/tags?post=53433"}],"curies":[{"name":"wp","href":"https:\/\/api.w.org\/{rel}","templated":true}]}}