{"id":53397,"date":"2025-11-06T21:36:37","date_gmt":"2025-11-06T19:36:37","guid":{"rendered":"https:\/\/www.satokangas.fi\/blogi\/?p=53397"},"modified":"2025-11-06T21:36:37","modified_gmt":"2025-11-06T19:36:37","slug":"pyorailykauden-paatoslenkilla","status":"publish","type":"post","link":"https:\/\/www.satokangas.fi\/blogi\/2025\/11\/pyorailykauden-paatoslenkilla\/","title":{"rendered":"Py\u00f6r\u00e4ilykauden p\u00e4\u00e4t\u00f6slenkill\u00e4"},"content":{"rendered":"<p style=\"text-align: justify;\">Viel\u00e4 t\u00e4n\u00e4\u00e4n, ainakin viel\u00e4 t\u00e4n\u00e4\u00e4n oli kaunis, aurinkoinen, liki tyven p\u00e4iv\u00e4.<\/p>\n<p style=\"text-align: justify;\">Kuin ei olisikaan marraskuu, kuin ei olisikaan aika luopua py\u00f6r\u00e4lenkeist\u00e4 ja koettaa harrastaa jotain muuta ulkoilua ja liikkumista.<\/p>\n<p style=\"text-align: justify;\">Ajelin kaikilla lempparireiteill\u00e4, aika hiljaksiin, nautin valosta, kantrimusiikkia nappikuulokkeista, ristiin rastiin, ilman tavoitetta&#8230; Lempe\u00e4lt\u00e4 j\u00e4\u00e4hyv\u00e4isajelulta se tuntui.<\/p>\n<p style=\"text-align: justify;\">T\u00e4n\u00e4(kin) vuonna melkein jokainen Oulussa olo p\u00e4iv\u00e4 oli py\u00f6r\u00e4ilyp\u00e4iv\u00e4, t\u00e4n\u00e4 vuonna ei montakaan pitk\u00e4\u00e4 (= yli 40 km), mutta enimm\u00e4kseen 20 km tai yli. Ja p\u00e4\u00e4sin kuin p\u00e4\u00e4sinkin tavoitteeseeni: se oli polkea niin paljon, ett\u00e4 saisin t\u00e4yteen 3200 km. Meni muutaman sadan ylikin.\u00a0 Ei enn\u00e4tysvuosi, mutta parempi kuin pari edellist\u00e4. Tavoitteeksi asetin tuon 3200 km siksi, ett\u00e4 kun se tulisi\/tuli t\u00e4yteen, niin olen kes\u00e4st\u00e4 2019 l\u00e4htien seitsem\u00e4n\u00e4 vuonna ajellut s\u00e4hk\u00f6py\u00f6r\u00e4ll\u00e4 yhteens\u00e4 25 000 km!<\/p>\n<p style=\"text-align: justify;\">T\u00e4n\u00e4 vuonna en ole juurikaan kuvaillut py\u00f6r\u00e4retkill\u00e4. Toisin oli vuosina 2020-2022, jolloin py\u00f6r\u00e4retket olivat my\u00f6s kuvausretki\u00e4: kuvatoimisto Vastavaloon laittelin silloin satoja kuvia jotka olivat py\u00f6r\u00e4reittien varsilta. Nyt ei ole en\u00e4\u00e4 ollut t\u00e4llaista &#8221;ty\u00f6matkapy\u00f6r\u00e4ily\u00e4&#8221;. Mutta mukavaa se on ollut.<\/p>\n<p style=\"text-align: justify;\">Milleh\u00e4n nyt alkaisi? &#8211; Lumesta ja ladusta ei ole tietoakaan viel\u00e4 pariin kuukauteen. Ei ainakaan Oulussa. Ehk\u00e4p\u00e4 min\u00e4 sitten taas yrit\u00e4n tepastella, &#8211; kuntosalistakin ollaan Pehtoorin kanssa puhuttu, mutta eip\u00e4 kumpikaan ole viel\u00e4 mitenk\u00e4\u00e4n aktivoitunut asian suhteen. Ulkoilmaa kuitenkin on saatava tavalla tai toisella talvenkin tullessa.<\/p>\n<p>&nbsp;<\/p>\n<p>&nbsp;<\/p>\n<div style=\"width: 478px;\" class=\"wp-video\"><video class=\"wp-video-shortcode\" id=\"video-53397-1\" width=\"478\" height=\"850\" preload=\"metadata\" controls=\"controls\"><source type=\"video\/mp4\" src=\"https:\/\/www.satokangas.fi\/blogi\/wp-content\/uploads\/2025\/11\/WhatsApp-Video-2025-11-06-at-20.58.33.mp4?_=1\" \/><a href=\"https:\/\/www.satokangas.fi\/blogi\/wp-content\/uploads\/2025\/11\/WhatsApp-Video-2025-11-06-at-20.58.33.mp4\">https:\/\/www.satokangas.fi\/blogi\/wp-content\/uploads\/2025\/11\/WhatsApp-Video-2025-11-06-at-20.58.33.mp4<\/a><\/video><\/div>\n","protected":false},"excerpt":{"rendered":"<p>Viel\u00e4 t\u00e4n\u00e4\u00e4n, ainakin viel\u00e4 t\u00e4n\u00e4\u00e4n oli kaunis, aurinkoinen, liki tyven p\u00e4iv\u00e4. Kuin ei olisikaan marraskuu, kuin ei olisikaan aika luopua py\u00f6r\u00e4lenkeist\u00e4 ja koettaa harrastaa jotain muuta ulkoilua ja liikkumista. Ajelin kaikilla lempparireiteill\u00e4, aika hiljaksiin, nautin valosta, kantrimusiikkia nappikuulokkeista, ristiin rastiin, ilman tavoitetta&#8230; Lempe\u00e4lt\u00e4 j\u00e4\u00e4hyv\u00e4isajelulta se tuntui. T\u00e4n\u00e4(kin) vuonna melkein jokainen Oulussa olo p\u00e4iv\u00e4 oli py\u00f6r\u00e4ilyp\u00e4iv\u00e4, t\u00e4n\u00e4 vuonna ei montakaan pitk\u00e4\u00e4 &hellip; <\/p>\n","protected":false},"author":1,"featured_media":53399,"comment_status":"open","ping_status":"open","sticky":false,"template":"","format":"standard","meta":{"jetpack_post_was_ever_published":false,"_jetpack_newsletter_access":"","_jetpack_dont_email_post_to_subs":false,"_jetpack_newsletter_tier_id":0,"_jetpack_memberships_contains_paywalled_content":false,"_jetpack_memberships_contains_paid_content":false,"footnotes":"","jetpack_publicize_message":"","jetpack_publicize_feature_enabled":true,"jetpack_social_post_already_shared":true,"jetpack_social_options":{"image_generator_settings":{"template":"highway","default_image_id":0,"font":"","enabled":false},"version":2}},"categories":[33],"tags":[],"class_list":["post-53397","post","type-post","status-publish","format-standard","has-post-thumbnail","hentry","category-liikkuminen","latest_post"],"jetpack_publicize_connections":[],"jetpack_featured_media_url":"https:\/\/www.satokangas.fi\/blogi\/wp-content\/uploads\/2025\/11\/2026_11.jpg","jetpack_shortlink":"https:\/\/wp.me\/pr4p4-dTf","jetpack_sharing_enabled":true,"jetpack_likes_enabled":false,"jetpack-related-posts":[{"id":48989,"url":"https:\/\/www.satokangas.fi\/blogi\/2024\/04\/tavoitteessa-hiihdot-hiihdelty\/","url_meta":{"origin":53397,"position":0},"title":"Tavoitteessa &#8211; hiihdot hiihdelty","author":"Reija","date":"10.4.2024","format":false,"excerpt":"Sataa vett\u00e4. Hiihtokausi on nyt ohi. Mutta k\u00e4vinp\u00e4 viel\u00e4 aamup\u00e4iv\u00e4ll\u00e4 15 km hiihtelem\u00e4ss\u00e4 Sivakkaoja-Kiilop\u00e4\u00e4 -huudeilla.\u00a0T\u00e4\u00e4ll\u00e4 pohjoisessa hiihtokautta on varmaan viel\u00e4 vappuun asti, m\u00f6kkipihassakin on lunta aika lailla (artikkelikuva aamup\u00e4iv\u00e4lt\u00e4), mutta meill\u00e4 paluu etel\u00e4\u00e4n edess\u00e4. T\u00e4m\u00e4n hiihtokauden tavoitteeksi asetin itselleni hiiht\u00e4\u00e4 kilometrin enemm\u00e4n kuin viime vuonna, joka sekin oli minun el\u00e4m\u00e4ss\u00e4ni\u2026","rel":"","context":"Kategoriassa &quot;Lappi&quot;","block_context":{"text":"Lappi","link":"https:\/\/www.satokangas.fi\/blogi\/category\/lappi\/"},"img":{"alt_text":"","src":"https:\/\/i0.wp.com\/www.satokangas.fi\/blogi\/wp-content\/uploads\/2024\/04\/luntariittaa.jpg?resize=350%2C200&ssl=1","width":350,"height":200,"srcset":"https:\/\/i0.wp.com\/www.satokangas.fi\/blogi\/wp-content\/uploads\/2024\/04\/luntariittaa.jpg?resize=350%2C200&ssl=1 1x, https:\/\/i0.wp.com\/www.satokangas.fi\/blogi\/wp-content\/uploads\/2024\/04\/luntariittaa.jpg?resize=525%2C300&ssl=1 1.5x, https:\/\/i0.wp.com\/www.satokangas.fi\/blogi\/wp-content\/uploads\/2024\/04\/luntariittaa.jpg?resize=700%2C400&ssl=1 2x"},"classes":[]},{"id":44122,"url":"https:\/\/www.satokangas.fi\/blogi\/2022\/11\/pyora-levolle\/","url_meta":{"origin":53397,"position":1},"title":"Py\u00f6r\u00e4 levolle","author":"Reija","date":"15.11.2022","format":false,"excerpt":"K\u00e4vellen vai py\u00f6r\u00e4ll\u00e4? - Poikkeuksellisen pitk\u00e4\u00e4n ovat py\u00f6r\u00e4tiet pysyneet sulina. V\u00e4lill\u00e4 on ollut niin viheli\u00e4isi\u00e4 kelej\u00e4, ettei ole ollut mit\u00e4\u00e4n intoa py\u00f6r\u00e4ilyyn, mutta t\u00e4n\u00e4\u00e4n siihen sitten lopulta p\u00e4\u00e4dyin. Sain sitten t\u00e4lle kaudelle tavoitteen edes suunnilleen toteutetuksi. T\u00e4n\u00e4 vuonna py\u00f6r\u00e4ilykilometrej\u00e4 kertyi vain 3300 km, mik\u00e4 tarkoittaa, ett\u00e4 py\u00f6r\u00e4ilyinto on vuosi vuodelta\u2026","rel":"","context":"Kategoriassa &quot;Liikkuminen&quot;","block_context":{"text":"Liikkuminen","link":"https:\/\/www.satokangas.fi\/blogi\/category\/liikkuminen\/"},"img":{"alt_text":"","src":"https:\/\/i0.wp.com\/www.satokangas.fi\/blogi\/wp-content\/uploads\/2022\/11\/1-2.jpg?resize=350%2C200&ssl=1","width":350,"height":200,"srcset":"https:\/\/i0.wp.com\/www.satokangas.fi\/blogi\/wp-content\/uploads\/2022\/11\/1-2.jpg?resize=350%2C200&ssl=1 1x, https:\/\/i0.wp.com\/www.satokangas.fi\/blogi\/wp-content\/uploads\/2022\/11\/1-2.jpg?resize=525%2C300&ssl=1 1.5x, https:\/\/i0.wp.com\/www.satokangas.fi\/blogi\/wp-content\/uploads\/2022\/11\/1-2.jpg?resize=700%2C400&ssl=1 2x"},"classes":[]},{"id":54144,"url":"https:\/\/www.satokangas.fi\/blogi\/2026\/03\/hiihtamisen-ilo\/","url_meta":{"origin":53397,"position":2},"title":"Hiiht\u00e4misen ilo","author":"Reija","date":"16.3.2026","format":false,"excerpt":"M\u00f6kkiaamussa her\u00e4\u00e4minen puoliseitsem\u00e4lt\u00e4, samoihin aikoihin kuin useimmiten kotonakin. T\u00e4ll\u00e4 kertaa meill\u00e4 on aikeissa ja toiveissa olla enn\u00e4tyspitk\u00e4 p\u00e4tk\u00e4 t\u00e4\u00e4ll\u00e4: ei ole mit\u00e4\u00e4n \u00b4pakottavaa\u00b4, ei edes mit\u00e4\u00e4n odotettua, ei mieluisaa tekemist\u00e4\/tapaamista, mink\u00e4 vuoksi olisi oltava Oulussa ennen kuin vasta p\u00e4\u00e4si\u00e4isen j\u00e4lkeen. Edess\u00e4 on kolmeviikkoinen talviloma Hangasojan varrella Saarisel\u00e4n maisemissa liikkuen ja\u2026","rel":"","context":"Kategoriassa &quot;Lappi&quot;","block_context":{"text":"Lappi","link":"https:\/\/www.satokangas.fi\/blogi\/category\/lappi\/"},"img":{"alt_text":"","src":"https:\/\/i0.wp.com\/www.satokangas.fi\/blogi\/wp-content\/uploads\/2023\/04\/alatuuli.jpg?resize=350%2C200&ssl=1","width":350,"height":200,"srcset":"https:\/\/i0.wp.com\/www.satokangas.fi\/blogi\/wp-content\/uploads\/2023\/04\/alatuuli.jpg?resize=350%2C200&ssl=1 1x, https:\/\/i0.wp.com\/www.satokangas.fi\/blogi\/wp-content\/uploads\/2023\/04\/alatuuli.jpg?resize=525%2C300&ssl=1 1.5x"},"classes":[]},{"id":49024,"url":"https:\/\/www.satokangas.fi\/blogi\/2024\/04\/pyorailykesa-2024\/","url_meta":{"origin":53397,"position":3},"title":"Py\u00f6r\u00e4ilykes\u00e4ksi tavoite","author":"Reija","date":"14.4.2024","format":false,"excerpt":"Nyt kun kuudes s\u00e4hk\u00f6py\u00f6r\u00e4ilykausi on alkamassa, on hyv\u00e4 asettaa tavoite. Jonkinlaisen liikkumisen harjoittaminen kun on hyv\u00e4 ajanviete, v\u00e4h\u00e4n velvollisuuskin, pysyv\u00e4 toive ja ehk\u00e4p\u00e4 - niin ajattelen - my\u00f6s edellytys sille, ett\u00e4 liike jatkuu kivuttomammin ja ilolla mahdollisimman kauan. Ja sitten kun on viel\u00e4 t\u00e4m\u00e4 - selk\u00e4ytimess\u00e4 ilmeisesti hamaan loppuun asti\u2026","rel":"","context":"Kategoriassa &quot;Liikkuminen&quot;","block_context":{"text":"Liikkuminen","link":"https:\/\/www.satokangas.fi\/blogi\/category\/liikkuminen\/"},"img":{"alt_text":"","src":"https:\/\/i0.wp.com\/www.satokangas.fi\/blogi\/wp-content\/uploads\/2024\/04\/Pyorailykalenteri.jpg?resize=350%2C200&ssl=1","width":350,"height":200,"srcset":"https:\/\/i0.wp.com\/www.satokangas.fi\/blogi\/wp-content\/uploads\/2024\/04\/Pyorailykalenteri.jpg?resize=350%2C200&ssl=1 1x, https:\/\/i0.wp.com\/www.satokangas.fi\/blogi\/wp-content\/uploads\/2024\/04\/Pyorailykalenteri.jpg?resize=525%2C300&ssl=1 1.5x, https:\/\/i0.wp.com\/www.satokangas.fi\/blogi\/wp-content\/uploads\/2024\/04\/Pyorailykalenteri.jpg?resize=700%2C400&ssl=1 2x, https:\/\/i0.wp.com\/www.satokangas.fi\/blogi\/wp-content\/uploads\/2024\/04\/Pyorailykalenteri.jpg?resize=1050%2C600&ssl=1 3x, https:\/\/i0.wp.com\/www.satokangas.fi\/blogi\/wp-content\/uploads\/2024\/04\/Pyorailykalenteri.jpg?resize=1400%2C800&ssl=1 4x"},"classes":[]},{"id":47428,"url":"https:\/\/www.satokangas.fi\/blogi\/2023\/10\/kausi-ohi-hyvilla-mielin\/","url_meta":{"origin":53397,"position":4},"title":"Kausi ohi, &#8211; hyvill\u00e4 mielin","author":"Reija","date":"28.10.2023","format":false,"excerpt":"Melkein viime metreill\u00e4 tavoite saavutettu! Viimeisen viikon aikana ja varsinkin t\u00e4n\u00e4\u00e4n on mennyt ihan suorittamiseksi n\u00e4m\u00e4 py\u00f6r\u00e4ilyhommat! Kev\u00e4\u00e4ll\u00e4 kun py\u00f6r\u00e4n esille otin, ajattelin, ett\u00e4 jos ajelen saman verran kilometrej\u00e4 kuin viime vuonna, niin kolmivuotiaan py\u00f6r\u00e4n mittarissa on kauden lopussa kymppitonni! Ja sit\u00e4 kohti. Tosiasiassa en ole kilometrej\u00e4 kummemmin laskeskellut, enk\u00e4\u2026","rel":"","context":"Kategoriassa &quot;Liikkuminen&quot;","block_context":{"text":"Liikkuminen","link":"https:\/\/www.satokangas.fi\/blogi\/category\/liikkuminen\/"},"img":{"alt_text":"","src":"https:\/\/i0.wp.com\/www.satokangas.fi\/blogi\/wp-content\/uploads\/2023\/10\/pyorailykaupunkiOULU-3.jpg?resize=350%2C200&ssl=1","width":350,"height":200,"srcset":"https:\/\/i0.wp.com\/www.satokangas.fi\/blogi\/wp-content\/uploads\/2023\/10\/pyorailykaupunkiOULU-3.jpg?resize=350%2C200&ssl=1 1x, https:\/\/i0.wp.com\/www.satokangas.fi\/blogi\/wp-content\/uploads\/2023\/10\/pyorailykaupunkiOULU-3.jpg?resize=525%2C300&ssl=1 1.5x, https:\/\/i0.wp.com\/www.satokangas.fi\/blogi\/wp-content\/uploads\/2023\/10\/pyorailykaupunkiOULU-3.jpg?resize=700%2C400&ssl=1 2x"},"classes":[]},{"id":47919,"url":"https:\/\/www.satokangas.fi\/blogi\/2023\/12\/47919\/","url_meta":{"origin":53397,"position":5},"title":"Ladulla ja luettua","author":"Reija","date":"4.12.2023","format":false,"excerpt":"Tuuleton pakkanen (- 10 C), pehme\u00e4, \u00e4\u00e4net\u00f6n lumi, auttavasti kunnostettu l\u00e4hilatu! Hiihtokausi on avattu. Varovaisesti, ilolla. Jos v\u00e4itt\u00e4isin ett\u00e4 oli pelkk\u00e4\u00e4 liikkumisen riemua niin eih\u00e4n se pit\u00e4isi paikkaansa. Niinp\u00e4 toteankin, ett\u00e4 olen vain tavattoman hyvill\u00e4ni, ett\u00e4 nyt jo ladulle p\u00e4\u00e4see,- kausi kuukautta aiemmin k\u00e4yntiin kuin viime vuonna. Py\u00f6r\u00e4ilykauden lopun ja\u2026","rel":"","context":"Kategoriassa &quot;Liikkuminen&quot;","block_context":{"text":"Liikkuminen","link":"https:\/\/www.satokangas.fi\/blogi\/category\/liikkuminen\/"},"img":{"alt_text":"","src":"https:\/\/i0.wp.com\/www.satokangas.fi\/blogi\/wp-content\/uploads\/2023\/12\/1-5.jpg?resize=350%2C200&ssl=1","width":350,"height":200,"srcset":"https:\/\/i0.wp.com\/www.satokangas.fi\/blogi\/wp-content\/uploads\/2023\/12\/1-5.jpg?resize=350%2C200&ssl=1 1x, https:\/\/i0.wp.com\/www.satokangas.fi\/blogi\/wp-content\/uploads\/2023\/12\/1-5.jpg?resize=525%2C300&ssl=1 1.5x, https:\/\/i0.wp.com\/www.satokangas.fi\/blogi\/wp-content\/uploads\/2023\/12\/1-5.jpg?resize=700%2C400&ssl=1 2x"},"classes":[]}],"_links":{"self":[{"href":"https:\/\/www.satokangas.fi\/blogi\/wp-json\/wp\/v2\/posts\/53397","targetHints":{"allow":["GET"]}}],"collection":[{"href":"https:\/\/www.satokangas.fi\/blogi\/wp-json\/wp\/v2\/posts"}],"about":[{"href":"https:\/\/www.satokangas.fi\/blogi\/wp-json\/wp\/v2\/types\/post"}],"author":[{"embeddable":true,"href":"https:\/\/www.satokangas.fi\/blogi\/wp-json\/wp\/v2\/users\/1"}],"replies":[{"embeddable":true,"href":"https:\/\/www.satokangas.fi\/blogi\/wp-json\/wp\/v2\/comments?post=53397"}],"version-history":[{"count":0,"href":"https:\/\/www.satokangas.fi\/blogi\/wp-json\/wp\/v2\/posts\/53397\/revisions"}],"wp:featuredmedia":[{"embeddable":true,"href":"https:\/\/www.satokangas.fi\/blogi\/wp-json\/wp\/v2\/media\/53399"}],"wp:attachment":[{"href":"https:\/\/www.satokangas.fi\/blogi\/wp-json\/wp\/v2\/media?parent=53397"}],"wp:term":[{"taxonomy":"category","embeddable":true,"href":"https:\/\/www.satokangas.fi\/blogi\/wp-json\/wp\/v2\/categories?post=53397"},{"taxonomy":"post_tag","embeddable":true,"href":"https:\/\/www.satokangas.fi\/blogi\/wp-json\/wp\/v2\/tags?post=53397"}],"curies":[{"name":"wp","href":"https:\/\/api.w.org\/{rel}","templated":true}]}}