{"id":53335,"date":"2025-10-22T20:01:28","date_gmt":"2025-10-22T17:01:28","guid":{"rendered":"https:\/\/www.satokangas.fi\/blogi\/?p=53335"},"modified":"2025-10-22T20:01:28","modified_gmt":"2025-10-22T17:01:28","slug":"ja-taas-mennaan","status":"publish","type":"post","link":"https:\/\/www.satokangas.fi\/blogi\/2025\/10\/ja-taas-mennaan\/","title":{"rendered":"Ja taas menn\u00e4\u00e4n!"},"content":{"rendered":"<p style=\"text-align: justify;\">Meid\u00e4n (varsinkin minun) vilkkaaseen syksyyn kuuluu ainakin viel\u00e4 yksi reissu. M\u00f6kki, Helsinki-J\u00e4rvenp\u00e4\u00e4 ja Sardinia-Korsika ja huomenna sitten viel\u00e4 pidennetty viikonloppu: l\u00e4hdet\u00e4\u00e4n pojan lasten kanssa Vuokattiin. On lasten syyslomaviikko joten l\u00e4hdet\u00e4\u00e4n v\u00e4h\u00e4n humputtelemaan; l\u00e4hinn\u00e4 uimaan nelj\u00e4st\u00e4\u00e4n huomenna ja Juniori tulee sitten perjantai-iltana kunhan t\u00f6iden j\u00e4lkeen ehtii. K\u00e4vin t\u00e4n\u00e4\u00e4n ihan t\u00e4m\u00e4n reissun vuoksi ostamassa lapsille kylpytakit. Ja vastoin periaatteitani hain halpakaupasta (Kappahl)! Eiv\u00e4tk\u00f6h\u00e4n kylpyl\u00e4viikonlopun, talven saunaillat kotona ja ehk\u00e4p\u00e4 m\u00f6kill\u00e4kin kev\u00e4ttalvella kest\u00e4 ja kelpaa.<\/p>\n<p style=\"text-align: justify;\">Muutoinkin touhun ja toimen p\u00e4iv\u00e4. Eilen oli juhlaa arjessa, kun olimme Amici-yst\u00e4v\u00e4poppoolla elokuvissa ja ulkona sy\u00f6m\u00e4ss\u00e4. Downton Abbeyta l\u00e4htiv\u00e4t my\u00f6s miehet katsomaan, ja heist\u00e4kin se oli hyv\u00e4, viihdytt\u00e4v\u00e4, hiukan liikuttavakin. Alun pient\u00e4 j\u00e4hme\u00e4\u00e4 k\u00e4ynnist\u00e4mist\u00e4 lukuun ottamatta leffa oli hurmaava, kuten sarjakin aikoinaan. T\u00e4m\u00e4 &#8221;Viimeinen n\u00e4yt\u00f6s&#8221; -elokuva oli keve\u00e4: hyv\u00e4ll\u00e4 tavalla el\u00e4m\u00e4nmakuinen ja positiivinen.<\/p>\n<p style=\"text-align: justify;\">Ja huolimatta minun t\u00f6peksinn\u00e4st\u00e4ni varausta tehdess\u00e4, me saimme liki t\u00e4yteen La Sinfonia -ravintolaan p\u00f6yd\u00e4n, hyv\u00e4n palvelun ja erinomaista ruokaa.<\/p>\n<p style=\"text-align: justify;\"><a href=\"https:\/\/www.satokangas.fi\/blogi\/wp-content\/uploads\/2025\/10\/20251021_192523.jpg\"><img loading=\"lazy\" decoding=\"async\" data-attachment-id=\"53337\" data-permalink=\"https:\/\/www.satokangas.fi\/blogi\/2025\/10\/ja-taas-mennaan\/20251021_192523\/\" data-orig-file=\"https:\/\/www.satokangas.fi\/blogi\/wp-content\/uploads\/2025\/10\/20251021_192523.jpg\" data-orig-size=\"2560,1442\" data-comments-opened=\"1\" data-image-meta=\"{&quot;aperture&quot;:&quot;0&quot;,&quot;credit&quot;:&quot;&quot;,&quot;camera&quot;:&quot;&quot;,&quot;caption&quot;:&quot;&quot;,&quot;created_timestamp&quot;:&quot;0&quot;,&quot;copyright&quot;:&quot;&quot;,&quot;focal_length&quot;:&quot;0&quot;,&quot;iso&quot;:&quot;0&quot;,&quot;shutter_speed&quot;:&quot;0&quot;,&quot;title&quot;:&quot;&quot;,&quot;orientation&quot;:&quot;0&quot;}\" data-image-title=\"20251021_192523\" data-image-description=\"\" data-image-caption=\"\" data-large-file=\"https:\/\/www.satokangas.fi\/blogi\/wp-content\/uploads\/2025\/10\/20251021_192523-1000x563.jpg\" class=\"aligncenter size-full wp-image-53337\" src=\"https:\/\/www.satokangas.fi\/blogi\/wp-content\/uploads\/2025\/10\/20251021_192523.jpg\" alt=\"\" width=\"2560\" height=\"1442\" srcset=\"https:\/\/www.satokangas.fi\/blogi\/wp-content\/uploads\/2025\/10\/20251021_192523.jpg 2560w, https:\/\/www.satokangas.fi\/blogi\/wp-content\/uploads\/2025\/10\/20251021_192523-600x338.jpg 600w, https:\/\/www.satokangas.fi\/blogi\/wp-content\/uploads\/2025\/10\/20251021_192523-1000x563.jpg 1000w, https:\/\/www.satokangas.fi\/blogi\/wp-content\/uploads\/2025\/10\/20251021_192523-300x169.jpg 300w, https:\/\/www.satokangas.fi\/blogi\/wp-content\/uploads\/2025\/10\/20251021_192523-768x433.jpg 768w, https:\/\/www.satokangas.fi\/blogi\/wp-content\/uploads\/2025\/10\/20251021_192523-1536x865.jpg 1536w, https:\/\/www.satokangas.fi\/blogi\/wp-content\/uploads\/2025\/10\/20251021_192523-2048x1154.jpg 2048w\" sizes=\"auto, (max-width: 2560px) 100vw, 2560px\" \/><\/a><\/p>\n<p style=\"text-align: justify;\">Me kaikki valitsimme p\u00e4\u00e4ruoaksi hernerisoton joko kuhan tai maa-artisokan kanssa. Se oli hyv\u00e4\u00e4. Todella hyvin, sopivan al dente -risotto ja kuhan paistettu rapeaksi. My\u00f6s primit ja secondot maistuivat. Hyv\u00e4 oli istua yhdess\u00e4 vaihdella kuulumisia, iloista ja suruista kertoa, h\u00f6p\u00f6tell\u00e4 tavallisiamme.<\/p>\n<p>Nyt pakkaamaan: Vuokatissa on kuulemma ensilumenlatukin &#8211; pit\u00e4isik\u00f6h\u00e4n ottaa monot mukaan. \ud83d\ude00<\/p>\n","protected":false},"excerpt":{"rendered":"<p>Meid\u00e4n (varsinkin minun) vilkkaaseen syksyyn kuuluu ainakin viel\u00e4 yksi reissu. M\u00f6kki, Helsinki-J\u00e4rvenp\u00e4\u00e4 ja Sardinia-Korsika ja huomenna sitten viel\u00e4 pidennetty viikonloppu: l\u00e4hdet\u00e4\u00e4n pojan lasten kanssa Vuokattiin. On lasten syyslomaviikko joten l\u00e4hdet\u00e4\u00e4n v\u00e4h\u00e4n humputtelemaan; l\u00e4hinn\u00e4 uimaan nelj\u00e4st\u00e4\u00e4n huomenna ja Juniori tulee sitten perjantai-iltana kunhan t\u00f6iden j\u00e4lkeen ehtii. K\u00e4vin t\u00e4n\u00e4\u00e4n ihan t\u00e4m\u00e4n reissun vuoksi ostamassa lapsille kylpytakit. Ja vastoin periaatteitani hain halpakaupasta (Kappahl)! &hellip; <\/p>\n","protected":false},"author":1,"featured_media":50883,"comment_status":"open","ping_status":"open","sticky":false,"template":"","format":"standard","meta":{"jetpack_post_was_ever_published":false,"_jetpack_newsletter_access":"","_jetpack_dont_email_post_to_subs":false,"_jetpack_newsletter_tier_id":0,"_jetpack_memberships_contains_paywalled_content":false,"_jetpack_memberships_contains_paid_content":false,"footnotes":"","jetpack_publicize_message":"","jetpack_publicize_feature_enabled":true,"jetpack_social_post_already_shared":true,"jetpack_social_options":{"image_generator_settings":{"template":"highway","default_image_id":0,"font":"","enabled":false},"version":2}},"categories":[1,94,17],"tags":[],"class_list":["post-53335","post","type-post","status-publish","format-standard","has-post-thumbnail","hentry","category-aiheeton","category-ravintolat-ruoka_ja_viini","category-ruoka_ja_viini","latest_post"],"jetpack_publicize_connections":[],"jetpack_featured_media_url":"https:\/\/www.satokangas.fi\/blogi\/wp-content\/uploads\/2024\/10\/keltainen_lokakuu-2.jpg","jetpack_shortlink":"https:\/\/wp.me\/pr4p4-dSf","jetpack_sharing_enabled":true,"jetpack_likes_enabled":false,"jetpack-related-posts":[{"id":49685,"url":"https:\/\/www.satokangas.fi\/blogi\/2024\/06\/paljon-liikkuvia-tekijoita\/","url_meta":{"origin":53335,"position":0},"title":"Paljon liikkuvia tekij\u00f6it\u00e4","author":"Reija","date":"2.6.2024","format":false,"excerpt":"Joskus viikkoja sitten suunniteltiin, ett\u00e4 t\u00e4n\u00e4 aamuna l\u00e4hdet\u00e4\u00e4n ajelemaan Hangasojalle. Muonitusvahvuuteen oli merkitty me kaksi, Juniori, Apsu ja Eepi. Juniorilla kun ei viel\u00e4 (ty\u00f6paikkaa syksyll\u00e4 vaihdettuaan) ole moniakaan kes\u00e4lomap\u00e4ivi\u00e4, ja kun ensimm\u00e4inen lomap\u00e4tk\u00e4 sattui ja sopi lasten toisen vanhemman perheen kes\u00e4lomasuunnitelmiin siten, ett\u00e4 heti kes\u00e4kuun alkuun olisi viikko aikaa viett\u00e4\u00e4\u2026","rel":"","context":"Kategoriassa &quot;Isovanhemmuus&quot;","block_context":{"text":"Isovanhemmuus","link":"https:\/\/www.satokangas.fi\/blogi\/category\/isovanhemmuus\/"},"img":{"alt_text":"","src":"https:\/\/i0.wp.com\/www.satokangas.fi\/blogi\/wp-content\/uploads\/2024\/06\/1-11.jpg?resize=350%2C200&ssl=1","width":350,"height":200,"srcset":"https:\/\/i0.wp.com\/www.satokangas.fi\/blogi\/wp-content\/uploads\/2024\/06\/1-11.jpg?resize=350%2C200&ssl=1 1x, https:\/\/i0.wp.com\/www.satokangas.fi\/blogi\/wp-content\/uploads\/2024\/06\/1-11.jpg?resize=525%2C300&ssl=1 1.5x, https:\/\/i0.wp.com\/www.satokangas.fi\/blogi\/wp-content\/uploads\/2024\/06\/1-11.jpg?resize=700%2C400&ssl=1 2x"},"classes":[]},{"id":38601,"url":"https:\/\/www.satokangas.fi\/blogi\/2020\/05\/aika-ryhtya-kevateloon\/","url_meta":{"origin":53335,"position":1},"title":"Aika ryhty\u00e4 kev\u00e4teloon &#8230;","author":"Reija","date":"3.5.2020","format":false,"excerpt":"Alakuloinen, merkillinen, eriskummallinen, erilainen, ahdistava, rauhallinen, kotoisa, pelottava, mielenkiintoinen, sairas, pime\u00e4, ik\u00e4v\u00e4ss\u00e4 kipuileva, tyhj\u00e4, odottava, toiveikas, luottavainen, painajaisten t\u00e4yteinen, k\u00e4sitt\u00e4m\u00e4t\u00f6n, kertakaikkisen kummallinen, surullinen, autio, tiet\u00e4m\u00e4t\u00f6n, kaipaava, my\u00f6t\u00e4el\u00e4v\u00e4, ajatteluttuva, hiljent\u00e4v\u00e4, armollinen,\u00a0 ... Joskus (aika usein) olen valittanut adjektiivien puutetta. Nyt niist\u00e4 ei ole puutetta. Ei ole puutetta tunteista, tunnetiloista tai niiden\u2026","rel":"","context":"Kategoriassa &quot;Niit\u00e4 n\u00e4it\u00e4&quot;","block_context":{"text":"Niit\u00e4 n\u00e4it\u00e4","link":"https:\/\/www.satokangas.fi\/blogi\/category\/aiheeton\/"},"img":{"alt_text":"","src":"https:\/\/i0.wp.com\/www.satokangas.fi\/blogi\/wp-content\/uploads\/2020\/05\/20180513-FOTO8844.jpg?resize=350%2C200&ssl=1","width":350,"height":200,"srcset":"https:\/\/i0.wp.com\/www.satokangas.fi\/blogi\/wp-content\/uploads\/2020\/05\/20180513-FOTO8844.jpg?resize=350%2C200&ssl=1 1x, https:\/\/i0.wp.com\/www.satokangas.fi\/blogi\/wp-content\/uploads\/2020\/05\/20180513-FOTO8844.jpg?resize=525%2C300&ssl=1 1.5x, https:\/\/i0.wp.com\/www.satokangas.fi\/blogi\/wp-content\/uploads\/2020\/05\/20180513-FOTO8844.jpg?resize=700%2C400&ssl=1 2x"},"classes":[]},{"id":47416,"url":"https:\/\/www.satokangas.fi\/blogi\/2023\/10\/syyslomaa-rantapellossa\/","url_meta":{"origin":53335,"position":2},"title":"Syyslomaa Rantapellossa","author":"Reija","date":"26.10.2023","format":false,"excerpt":"On pohjoisen Suomen koululaisten (ja p\u00e4iv\u00e4kerholaisten) syyslomaviikko. Viel\u00e4 kes\u00e4lomien loppuessa oli kalentereihimme merkitty, ett\u00e4 vietet\u00e4\u00e4n t\u00e4m\u00e4 viikko m\u00f6kill\u00e4, jonne Juniori poppoonsa kanssa tulisivat my\u00f6s. Kun se hiihtoloma kev\u00e4ttalvella j\u00e4i yhdess\u00e4 Lapissa viett\u00e4m\u00e4tt\u00e4, niin p\u00e4\u00e4tettiin, ett\u00e4 vietet\u00e4\u00e4n sitten syysloma kimpassa. Mutta eih\u00e4n se t\u00e4m\u00e4k\u00e4\u00e4n sitten onnistunut. Onneksi sent\u00e4\u00e4n oltiin yhteinen viikonloppu\u2026","rel":"","context":"Kategoriassa &quot;Isovanhemmuus&quot;","block_context":{"text":"Isovanhemmuus","link":"https:\/\/www.satokangas.fi\/blogi\/category\/isovanhemmuus\/"},"img":{"alt_text":"","src":"https:\/\/i0.wp.com\/www.satokangas.fi\/blogi\/wp-content\/uploads\/2023\/10\/1-3.jpg?resize=350%2C200&ssl=1","width":350,"height":200,"srcset":"https:\/\/i0.wp.com\/www.satokangas.fi\/blogi\/wp-content\/uploads\/2023\/10\/1-3.jpg?resize=350%2C200&ssl=1 1x, https:\/\/i0.wp.com\/www.satokangas.fi\/blogi\/wp-content\/uploads\/2023\/10\/1-3.jpg?resize=525%2C300&ssl=1 1.5x, https:\/\/i0.wp.com\/www.satokangas.fi\/blogi\/wp-content\/uploads\/2023\/10\/1-3.jpg?resize=700%2C400&ssl=1 2x"},"classes":[]},{"id":31514,"url":"https:\/\/www.satokangas.fi\/blogi\/2017\/08\/oulun-puiden-katveesta-reissuun-lahdossa\/","url_meta":{"origin":53335,"position":3},"title":"Oulun puiden katveesta reissuun l\u00e4hd\u00f6ss\u00e4","author":"Reija","date":"5.8.2017","format":false,"excerpt":"Puita halailemassa, eikun kuvailemassa. Viel\u00e4 l\u00e4htiess\u00e4ni paistoi aurinko, mutta jo puoliv\u00e4liss\u00e4 kohti kaupunkia oli puettava p\u00e4\u00e4lle tuulitakki, jonka onneksi olin py\u00f6r\u00e4koriin pikku kameralaukun viereen laittanut l\u00e4htiess\u00e4ni. Toppilansuoran komein, ja ainoa tierempan alettua j\u00e4ljelle j\u00e4tetty, m\u00e4nty p\u00e4\u00e4see pian \"kahleestaan\". Montturalli, tiety\u00f6, aliskan, kiertoliittym\u00e4n ja kaikenmoisen kohta vuoden kest\u00e4nyt remppa on pian\u2026","rel":"","context":"Kategoriassa &quot;Oulu&quot;","block_context":{"text":"Oulu","link":"https:\/\/www.satokangas.fi\/blogi\/category\/oulu\/"},"img":{"alt_text":"","src":"https:\/\/i0.wp.com\/www.satokangas.fi\/blogi\/wp-content\/uploads\/2017\/08\/Puita_-3.jpg?resize=350%2C200&ssl=1","width":350,"height":200,"srcset":"https:\/\/i0.wp.com\/www.satokangas.fi\/blogi\/wp-content\/uploads\/2017\/08\/Puita_-3.jpg?resize=350%2C200&ssl=1 1x, https:\/\/i0.wp.com\/www.satokangas.fi\/blogi\/wp-content\/uploads\/2017\/08\/Puita_-3.jpg?resize=525%2C300&ssl=1 1.5x, https:\/\/i0.wp.com\/www.satokangas.fi\/blogi\/wp-content\/uploads\/2017\/08\/Puita_-3.jpg?resize=700%2C400&ssl=1 2x"},"classes":[]},{"id":5943,"url":"https:\/\/www.satokangas.fi\/blogi\/2010\/02\/uutisia-kerrakseen\/","url_meta":{"origin":53335,"position":4},"title":"Uutisia kerrakseen","author":"Reija","date":"5.2.2010","format":false,"excerpt":"Ei voi olla totta ! Ei voi! Taas meid\u00e4n perheen lomamatkaa uhkaa lakko: t\u00e4m\u00e4 on liioittelematta ainakin kymmenes kerta. Viime vuonna hiihtolomamatkaa uhkasi Finnairin lakko, 2006 \u00a0Maltalle l\u00e4ht\u00f6 peruttiinkin jo kerran ennen matkaa lakon takia, kerran on keskeytetty Helsingin loma AKT: n lakon takia, kerran olen viett\u00e4nyt loman lasten kanssa\u2026","rel":"","context":"Kategoriassa &quot;Vanhemmuus&quot;","block_context":{"text":"Vanhemmuus","link":"https:\/\/www.satokangas.fi\/blogi\/category\/vanhemmuus\/"},"img":{"alt_text":"","src":"","width":0,"height":0},"classes":[]},{"id":13350,"url":"https:\/\/www.satokangas.fi\/blogi\/2012\/01\/lahtea-ja-tulla-takaisin\/","url_meta":{"origin":53335,"position":5},"title":"L\u00e4hte\u00e4 ja tulla takaisin &#8230;","author":"Reija","date":"24.1.2012","format":false,"excerpt":"L\u00e4hte\u00e4 ja tulla takaisin ... laulaa Juha Tapio. \u00a0Mekin l\u00e4hdemme, aika pian ja aika nopsasti tullaan takaisinkin. Hiihtoloma. Tai eih\u00e4n se mik\u00e4\u00e4n hiihtoloma oikeastaan ole. Sit\u00e4 on vaan tottunut sanomaan kev\u00e4tlukukaudella olevaa lomaa hiihtolomaksi. Silloin kun pennut oli pieni\u00e4, tarha-, eskari- tai koululaisia ja lukiolaisiakin ja meitsi opetusvirassa, niin kymppiviikko\u2026","rel":"","context":"Kategoriassa &quot;La Comera &amp; Teneriffa&quot;","block_context":{"text":"La Comera &amp; Teneriffa","link":"https:\/\/www.satokangas.fi\/blogi\/category\/reissut\/la-comera-teneriffa-reissut\/"},"img":{"alt_text":"","src":"https:\/\/i0.wp.com\/www.satokangas.fi\/blogi\/wp-content\/uploads\/Gomera.gif?resize=350%2C200&ssl=1","width":350,"height":200},"classes":[]}],"_links":{"self":[{"href":"https:\/\/www.satokangas.fi\/blogi\/wp-json\/wp\/v2\/posts\/53335","targetHints":{"allow":["GET"]}}],"collection":[{"href":"https:\/\/www.satokangas.fi\/blogi\/wp-json\/wp\/v2\/posts"}],"about":[{"href":"https:\/\/www.satokangas.fi\/blogi\/wp-json\/wp\/v2\/types\/post"}],"author":[{"embeddable":true,"href":"https:\/\/www.satokangas.fi\/blogi\/wp-json\/wp\/v2\/users\/1"}],"replies":[{"embeddable":true,"href":"https:\/\/www.satokangas.fi\/blogi\/wp-json\/wp\/v2\/comments?post=53335"}],"version-history":[{"count":0,"href":"https:\/\/www.satokangas.fi\/blogi\/wp-json\/wp\/v2\/posts\/53335\/revisions"}],"wp:featuredmedia":[{"embeddable":true,"href":"https:\/\/www.satokangas.fi\/blogi\/wp-json\/wp\/v2\/media\/50883"}],"wp:attachment":[{"href":"https:\/\/www.satokangas.fi\/blogi\/wp-json\/wp\/v2\/media?parent=53335"}],"wp:term":[{"taxonomy":"category","embeddable":true,"href":"https:\/\/www.satokangas.fi\/blogi\/wp-json\/wp\/v2\/categories?post=53335"},{"taxonomy":"post_tag","embeddable":true,"href":"https:\/\/www.satokangas.fi\/blogi\/wp-json\/wp\/v2\/tags?post=53335"}],"curies":[{"name":"wp","href":"https:\/\/api.w.org\/{rel}","templated":true}]}}