{"id":52877,"date":"2025-08-09T22:14:29","date_gmt":"2025-08-09T19:14:29","guid":{"rendered":"https:\/\/www.satokangas.fi\/blogi\/?p=52877"},"modified":"2025-08-10T08:45:55","modified_gmt":"2025-08-10T05:45:55","slug":"lomamatkalla-jossain-inarissa","status":"publish","type":"post","link":"https:\/\/www.satokangas.fi\/blogi\/2025\/08\/lomamatkalla-jossain-inarissa\/","title":{"rendered":"Lomamatkalla jossain Inarissa &#8230;"},"content":{"rendered":"<p style=\"text-align: justify;\"><strong>Jo vain! Jo toisen kerran me teimme sen! L\u00e4hdettiin lomalta lomalle &#8211; m\u00f6kilt\u00e4 Inariin hotelliasukkaiksi. <\/strong><\/p>\n<p style=\"text-align: justify;\">Koronasyksyn\u00e4 2021 teimme v\u00e4h\u00e4n vastaavan jutun ensimm\u00e4ist\u00e4 kertaa. Silloin ohjelmassa oli\u00a0 p\u00e4iv\u00e4patikat Inarista <a href=\"https:\/\/www.satokangas.fi\/blogi\/2021\/09\/mokilta-matkailemaan\/\" target=\"_blank\" rel=\"noopener\">Joenkieliselle<\/a> ja <a href=\"https:\/\/www.satokangas.fi\/blogi\/2021\/09\/paluu-otsamolle\/\" target=\"_blank\" rel=\"noopener\">Otsamolle<\/a>. T\u00e4ll\u00e4kin kertaa v\u00e4h\u00e4n suunniteltiin Otsamon huiputtamista, mutta kun eip\u00e4 ehditty\/jaksettukaan ja kun tie kohteen juurelle on t\u00e4ll\u00e4 kertaa huono, niin luovuttiin Otsamosta ja vaihdettiin se Siidan ulkomuseoalueeseen tutustumiseen. (Palaan siihen kierrokseen my\u00f6hemmin.)<\/p>\n<p style=\"text-align: justify;\">~~~~~~~~~~~~~~<\/p>\n<p style=\"text-align: justify;\">Eilen, perjantaiaamuna olimme m\u00f6kkiaamussa hereill\u00e4 jo kuuden j\u00e4lkeen: matkakuume se nousee pienest\u00e4kin reissusta. Vajaan sadan kilometrin matka Inariin aurinkoisessa aamussa sujui joutuin ja mukavasti, ja perill\u00e4 kohteessa olimme yhdeks\u00e4n j\u00e4lkeen.<\/p>\n<p style=\"text-align: justify;\">Reissun p\u00e4\u00e4kohde oli Pielpaj\u00e4rven er\u00e4maakirkko, jossa on k\u00e4yty kerran aiemminkin: ihan tuossa l\u00e4himenneisyydess\u00e4 (<a href=\"https:\/\/www.satokangas.fi\/blogi\/2010\/06\/patikkaretki-pielpajarven-eramaakirkolle\/\" target=\"_blank\" rel=\"noopener\">2010<\/a>!). T\u00e4ll\u00e4 kertaa oli koko ajan v\u00e4h\u00e4n sellainen kaiherrus &#8211; tai sittenkin tosiasioiden hyv\u00e4ksynt\u00e4 &#8211; ett\u00e4, saattaapa olla viimeinen kerta. kun t\u00e4\u00e4ll\u00e4 ollaan. Mutta eih\u00e4n sit\u00e4 tied\u00e4&#8230;<\/p>\n<p style=\"text-align: justify;\">Joka tapauksessa: er\u00e4maakirkkoon Inarin saamelaiset 1700- ja 1800-luvulla eiv\u00e4t <em>piipahtaneet<\/em>, eiv\u00e4t varsinkaan kes\u00e4isin, jalkapatikalla, vaan siell\u00e4 oli v<em>ain kerran suven aikaan<\/em> kirkonmenot ja markkinat. Talvikelien, hankien kantaessa, pororaidoilla matkattiin kolmestikin kirkkotuville asustelemaan ja jumalansanaa kuulemaan, tapaamaan muita. Talvella kulku helpompaa j\u00e4rvenselki\u00e4 ajellessa.<\/p>\n<p style=\"text-align: justify;\">Inariin, sen nykyiseen keskustaan luterilainen saamelaiskirkko rakennettiin vasta aivan 1800-luvun lopussa. Se tuhoutui talvisodan aikana, ja nykyinen kirkko on vuodelta 1952. Sinne p\u00e4\u00e4see asfalttitiet\u00e4, vaikka autolla pihaan, mutta Pielpaj\u00e4rven kirkolle retki edestakaisin kest\u00e4\u00e4 hyvinkin nelj\u00e4 tuntia. Matkaa ei ole kuin kymmenkunta kilometri\u00e4, eik\u00e4 reitill\u00e4 korkeuserojakaan ole paljoa, mutta haasteensa kulussa on.<\/p>\n<p style=\"text-align: justify;\">On se palkitsevaakin. Varsinkin sellaisessa s\u00e4\u00e4ss\u00e4 kuin meille sattui. Minuutin kuvakooste k\u00e4nnykk\u00e4kuvista t\u00e4ss\u00e4.<\/p>\n<div style=\"width: 478px;\" class=\"wp-video\"><video class=\"wp-video-shortcode\" id=\"video-52877-1\" width=\"478\" height=\"850\" preload=\"metadata\" controls=\"controls\"><source type=\"video\/mp4\" src=\"https:\/\/www.satokangas.fi\/blogi\/wp-content\/uploads\/2025\/08\/Pielpajarvi_8_2025.mp4?_=1\" \/><a href=\"https:\/\/www.satokangas.fi\/blogi\/wp-content\/uploads\/2025\/08\/Pielpajarvi_8_2025.mp4\">https:\/\/www.satokangas.fi\/blogi\/wp-content\/uploads\/2025\/08\/Pielpajarvi_8_2025.mp4<\/a><\/video><\/div>\n<p style=\"text-align: justify;\">Eik\u00e4 tuossa viel\u00e4 kaikki! Ei se kaikki hyv\u00e4, mit\u00e4 vuorokauden &#8221;irtiotolla&#8221;, lomasella, juhlalla, haavella oli meille tarjota. Sattui kohdalle juuri oikeaan aikaan, juuri oikeaan paikkaan hieno &#8221;etu&#8221;. Saimme y\u00f6sijan ja illallisen hotelli Juutuassa ja sen <a href=\"https:\/\/www.restaurantaanaar.fi\/fi\/etusivu\/\">ravintola Aanarissa<\/a> suunnilleen puoleen hintaan.<\/p>\n<p style=\"text-align: justify;\">Hotellin pihaan ajaesssamme\u00a0 v\u00e4h\u00e4n mietimme, oliko t\u00e4m\u00e4 poro palkattu vai teko\u00e4lyll\u00e4 silmiemme eteen luotu tai jotain muuta outoa?<\/p>\n<div style=\"width: 478px;\" class=\"wp-video\"><video class=\"wp-video-shortcode\" id=\"video-52877-2\" width=\"478\" height=\"850\" preload=\"metadata\" controls=\"controls\"><source type=\"video\/mp4\" src=\"https:\/\/www.satokangas.fi\/blogi\/wp-content\/uploads\/2025\/08\/Juutua_in.mp4?_=2\" \/><a href=\"https:\/\/www.satokangas.fi\/blogi\/wp-content\/uploads\/2025\/08\/Juutua_in.mp4\">https:\/\/www.satokangas.fi\/blogi\/wp-content\/uploads\/2025\/08\/Juutua_in.mp4<\/a><\/video><\/div>\n<p style=\"text-align: justify;\">Joka tapauksessa: Oi, Juutua! Se n\u00e4kyi ja koski kohisi huoneemme ikkunasta.<\/p>\n<p style=\"text-align: justify;\">Ravintola Aanaar (vuoden 2020 Suomen parhaaksi valittu) on koettu muutaman kerran ennenkin. Eilen nautimme siell\u00e4 ensimm\u00e4ist\u00e4 kertaa viiden ruokalajin menun viineineen. Ravintola on aika ainutlaatuinen. On ollut ja on edelleen.<\/p>\n<p style=\"text-align: justify;\"><a href=\"https:\/\/www.satokangas.fi\/blogi\/wp-content\/uploads\/2025\/08\/Aanaar_juutua.jpg\"><img loading=\"lazy\" decoding=\"async\" data-attachment-id=\"52878\" data-permalink=\"https:\/\/www.satokangas.fi\/blogi\/2025\/08\/lomamatkalla-jossain-inarissa\/aanaar_juutua\/\" data-orig-file=\"https:\/\/www.satokangas.fi\/blogi\/wp-content\/uploads\/2025\/08\/Aanaar_juutua.jpg\" data-orig-size=\"1000,667\" data-comments-opened=\"1\" data-image-meta=\"{&quot;aperture&quot;:&quot;7.1&quot;,&quot;credit&quot;:&quot;&quot;,&quot;camera&quot;:&quot;Canon EOS R6m2&quot;,&quot;caption&quot;:&quot;&quot;,&quot;created_timestamp&quot;:&quot;1754661216&quot;,&quot;copyright&quot;:&quot;&quot;,&quot;focal_length&quot;:&quot;35&quot;,&quot;iso&quot;:&quot;800&quot;,&quot;shutter_speed&quot;:&quot;0.003125&quot;,&quot;title&quot;:&quot;&quot;,&quot;orientation&quot;:&quot;0&quot;}\" data-image-title=\"Aanaar_juutua\" data-image-description=\"\" data-image-caption=\"\" data-large-file=\"https:\/\/www.satokangas.fi\/blogi\/wp-content\/uploads\/2025\/08\/Aanaar_juutua.jpg\" class=\"aligncenter wp-image-52878 size-full\" src=\"https:\/\/www.satokangas.fi\/blogi\/wp-content\/uploads\/2025\/08\/Aanaar_juutua.jpg\" alt=\"\" width=\"1000\" height=\"667\" srcset=\"https:\/\/www.satokangas.fi\/blogi\/wp-content\/uploads\/2025\/08\/Aanaar_juutua.jpg 1000w, https:\/\/www.satokangas.fi\/blogi\/wp-content\/uploads\/2025\/08\/Aanaar_juutua-600x400.jpg 600w, https:\/\/www.satokangas.fi\/blogi\/wp-content\/uploads\/2025\/08\/Aanaar_juutua-300x200.jpg 300w, https:\/\/www.satokangas.fi\/blogi\/wp-content\/uploads\/2025\/08\/Aanaar_juutua-768x512.jpg 768w\" sizes=\"auto, (max-width: 1000px) 100vw, 1000px\" \/><\/a><\/p>\n<p style=\"text-align: justify;\"><a href=\"https:\/\/www.satokangas.fi\/blogi\/wp-content\/uploads\/2025\/08\/Aanaar-1.jpeg\"><img loading=\"lazy\" decoding=\"async\" data-attachment-id=\"52879\" data-permalink=\"https:\/\/www.satokangas.fi\/blogi\/2025\/08\/lomamatkalla-jossain-inarissa\/aanaar-1-2\/\" data-orig-file=\"https:\/\/www.satokangas.fi\/blogi\/wp-content\/uploads\/2025\/08\/Aanaar-1.jpeg\" data-orig-size=\"1600,916\" data-comments-opened=\"1\" data-image-meta=\"{&quot;aperture&quot;:&quot;0&quot;,&quot;credit&quot;:&quot;&quot;,&quot;camera&quot;:&quot;&quot;,&quot;caption&quot;:&quot;&quot;,&quot;created_timestamp&quot;:&quot;0&quot;,&quot;copyright&quot;:&quot;&quot;,&quot;focal_length&quot;:&quot;0&quot;,&quot;iso&quot;:&quot;0&quot;,&quot;shutter_speed&quot;:&quot;0&quot;,&quot;title&quot;:&quot;&quot;,&quot;orientation&quot;:&quot;0&quot;}\" data-image-title=\"Aanaar-1\" data-image-description=\"\" data-image-caption=\"\" data-large-file=\"https:\/\/www.satokangas.fi\/blogi\/wp-content\/uploads\/2025\/08\/Aanaar-1-1000x573.jpeg\" class=\"aligncenter wp-image-52879 size-large\" src=\"https:\/\/www.satokangas.fi\/blogi\/wp-content\/uploads\/2025\/08\/Aanaar-1-1000x573.jpeg\" alt=\"\" width=\"780\" height=\"447\" srcset=\"https:\/\/www.satokangas.fi\/blogi\/wp-content\/uploads\/2025\/08\/Aanaar-1-1000x573.jpeg 1000w, https:\/\/www.satokangas.fi\/blogi\/wp-content\/uploads\/2025\/08\/Aanaar-1-600x344.jpeg 600w, https:\/\/www.satokangas.fi\/blogi\/wp-content\/uploads\/2025\/08\/Aanaar-1-300x172.jpeg 300w, https:\/\/www.satokangas.fi\/blogi\/wp-content\/uploads\/2025\/08\/Aanaar-1-768x440.jpeg 768w, https:\/\/www.satokangas.fi\/blogi\/wp-content\/uploads\/2025\/08\/Aanaar-1-330x190.jpeg 330w, https:\/\/www.satokangas.fi\/blogi\/wp-content\/uploads\/2025\/08\/Aanaar-1-1536x879.jpeg 1536w, https:\/\/www.satokangas.fi\/blogi\/wp-content\/uploads\/2025\/08\/Aanaar-1.jpeg 1600w\" sizes=\"auto, (max-width: 780px) 100vw, 780px\" \/><\/a><\/p>\n<p style=\"text-align: justify;\">En muista, milloin olen viimeksi sy\u00f6nyt noin hyvin kuin eilen.<\/p>\n<p style=\"text-align: justify;\"><a href=\"https:\/\/www.satokangas.fi\/blogi\/wp-content\/uploads\/2025\/08\/Aanaar-2.jpeg\"><img loading=\"lazy\" decoding=\"async\" data-attachment-id=\"52880\" data-permalink=\"https:\/\/www.satokangas.fi\/blogi\/2025\/08\/lomamatkalla-jossain-inarissa\/aanaar-2-2\/\" data-orig-file=\"https:\/\/www.satokangas.fi\/blogi\/wp-content\/uploads\/2025\/08\/Aanaar-2.jpeg\" data-orig-size=\"900,1600\" data-comments-opened=\"1\" data-image-meta=\"{&quot;aperture&quot;:&quot;0&quot;,&quot;credit&quot;:&quot;&quot;,&quot;camera&quot;:&quot;&quot;,&quot;caption&quot;:&quot;&quot;,&quot;created_timestamp&quot;:&quot;0&quot;,&quot;copyright&quot;:&quot;&quot;,&quot;focal_length&quot;:&quot;0&quot;,&quot;iso&quot;:&quot;0&quot;,&quot;shutter_speed&quot;:&quot;0&quot;,&quot;title&quot;:&quot;&quot;,&quot;orientation&quot;:&quot;0&quot;}\" data-image-title=\"Aanaar-2\" data-image-description=\"\" data-image-caption=\"\" data-large-file=\"https:\/\/www.satokangas.fi\/blogi\/wp-content\/uploads\/2025\/08\/Aanaar-2-375x667.jpeg\" class=\"aligncenter wp-image-52880\" src=\"https:\/\/www.satokangas.fi\/blogi\/wp-content\/uploads\/2025\/08\/Aanaar-2.jpeg\" alt=\"\" width=\"506\" height=\"900\" srcset=\"https:\/\/www.satokangas.fi\/blogi\/wp-content\/uploads\/2025\/08\/Aanaar-2.jpeg 900w, https:\/\/www.satokangas.fi\/blogi\/wp-content\/uploads\/2025\/08\/Aanaar-2-225x400.jpeg 225w, https:\/\/www.satokangas.fi\/blogi\/wp-content\/uploads\/2025\/08\/Aanaar-2-375x667.jpeg 375w, https:\/\/www.satokangas.fi\/blogi\/wp-content\/uploads\/2025\/08\/Aanaar-2-113x200.jpeg 113w, https:\/\/www.satokangas.fi\/blogi\/wp-content\/uploads\/2025\/08\/Aanaar-2-768x1365.jpeg 768w, https:\/\/www.satokangas.fi\/blogi\/wp-content\/uploads\/2025\/08\/Aanaar-2-864x1536.jpeg 864w\" sizes=\"auto, (max-width: 506px) 100vw, 506px\" \/><\/a><\/p>\n<p style=\"text-align: justify;\">Ja viinit ja niiden paritus ruoalle, sek\u00e4 palvelu, saatikka maisema, olivat v\u00e4hint\u00e4\u00e4nkin suunmy\u00f6t\u00e4isi\u00e4, hyvi\u00e4, uusia (j\u00e4lkiruoka!! Savusauna! Salmiakki savusi kun sorbettikannen poisti p\u00e4\u00e4lt\u00e4), rehellisi\u00e4, raikkaita, kauniita, paikallisia, &#8211; &#8211;\u00a0 olin v\u00e4lill\u00e4 sanaton, eik\u00e4 se ole ihan tavallista!<\/p>\n<p style=\"text-align: justify;\"><a href=\"https:\/\/www.satokangas.fi\/blogi\/wp-content\/uploads\/2025\/08\/Aanaar-4.jpeg\"><img loading=\"lazy\" decoding=\"async\" data-attachment-id=\"52882\" data-permalink=\"https:\/\/www.satokangas.fi\/blogi\/2025\/08\/lomamatkalla-jossain-inarissa\/aanaar-4\/\" data-orig-file=\"https:\/\/www.satokangas.fi\/blogi\/wp-content\/uploads\/2025\/08\/Aanaar-4.jpeg\" data-orig-size=\"900,1600\" data-comments-opened=\"1\" data-image-meta=\"{&quot;aperture&quot;:&quot;0&quot;,&quot;credit&quot;:&quot;&quot;,&quot;camera&quot;:&quot;&quot;,&quot;caption&quot;:&quot;&quot;,&quot;created_timestamp&quot;:&quot;0&quot;,&quot;copyright&quot;:&quot;&quot;,&quot;focal_length&quot;:&quot;0&quot;,&quot;iso&quot;:&quot;0&quot;,&quot;shutter_speed&quot;:&quot;0&quot;,&quot;title&quot;:&quot;&quot;,&quot;orientation&quot;:&quot;0&quot;}\" data-image-title=\"Aanaar-4\" data-image-description=\"\" data-image-caption=\"\" data-large-file=\"https:\/\/www.satokangas.fi\/blogi\/wp-content\/uploads\/2025\/08\/Aanaar-4-375x667.jpeg\" class=\"aligncenter wp-image-52882 size-large\" src=\"https:\/\/www.satokangas.fi\/blogi\/wp-content\/uploads\/2025\/08\/Aanaar-4-375x667.jpeg\" alt=\"\" width=\"375\" height=\"667\" srcset=\"https:\/\/www.satokangas.fi\/blogi\/wp-content\/uploads\/2025\/08\/Aanaar-4-375x667.jpeg 375w, https:\/\/www.satokangas.fi\/blogi\/wp-content\/uploads\/2025\/08\/Aanaar-4-225x400.jpeg 225w, https:\/\/www.satokangas.fi\/blogi\/wp-content\/uploads\/2025\/08\/Aanaar-4-113x200.jpeg 113w, https:\/\/www.satokangas.fi\/blogi\/wp-content\/uploads\/2025\/08\/Aanaar-4-768x1365.jpeg 768w, https:\/\/www.satokangas.fi\/blogi\/wp-content\/uploads\/2025\/08\/Aanaar-4-864x1536.jpeg 864w, https:\/\/www.satokangas.fi\/blogi\/wp-content\/uploads\/2025\/08\/Aanaar-4.jpeg 900w\" sizes=\"auto, (max-width: 375px) 100vw, 375px\" \/><\/a><\/p>\n<p style=\"text-align: justify;\"><a href=\"https:\/\/www.satokangas.fi\/blogi\/wp-content\/uploads\/2025\/08\/Aanaar-5.jpeg\"><img loading=\"lazy\" decoding=\"async\" data-attachment-id=\"52883\" data-permalink=\"https:\/\/www.satokangas.fi\/blogi\/2025\/08\/lomamatkalla-jossain-inarissa\/aanaar-5\/\" data-orig-file=\"https:\/\/www.satokangas.fi\/blogi\/wp-content\/uploads\/2025\/08\/Aanaar-5.jpeg\" data-orig-size=\"1769,2048\" data-comments-opened=\"1\" data-image-meta=\"{&quot;aperture&quot;:&quot;0&quot;,&quot;credit&quot;:&quot;&quot;,&quot;camera&quot;:&quot;&quot;,&quot;caption&quot;:&quot;&quot;,&quot;created_timestamp&quot;:&quot;0&quot;,&quot;copyright&quot;:&quot;&quot;,&quot;focal_length&quot;:&quot;0&quot;,&quot;iso&quot;:&quot;0&quot;,&quot;shutter_speed&quot;:&quot;0&quot;,&quot;title&quot;:&quot;&quot;,&quot;orientation&quot;:&quot;0&quot;}\" data-image-title=\"Aanaar-5\" data-image-description=\"\" data-image-caption=\"\" data-large-file=\"https:\/\/www.satokangas.fi\/blogi\/wp-content\/uploads\/2025\/08\/Aanaar-5-576x667.jpeg\" class=\"aligncenter wp-image-52883 size-large\" src=\"https:\/\/www.satokangas.fi\/blogi\/wp-content\/uploads\/2025\/08\/Aanaar-5-576x667.jpeg\" alt=\"\" width=\"576\" height=\"667\" srcset=\"https:\/\/www.satokangas.fi\/blogi\/wp-content\/uploads\/2025\/08\/Aanaar-5-576x667.jpeg 576w, https:\/\/www.satokangas.fi\/blogi\/wp-content\/uploads\/2025\/08\/Aanaar-5-346x400.jpeg 346w, https:\/\/www.satokangas.fi\/blogi\/wp-content\/uploads\/2025\/08\/Aanaar-5-173x200.jpeg 173w, https:\/\/www.satokangas.fi\/blogi\/wp-content\/uploads\/2025\/08\/Aanaar-5-768x889.jpeg 768w, https:\/\/www.satokangas.fi\/blogi\/wp-content\/uploads\/2025\/08\/Aanaar-5-1327x1536.jpeg 1327w, https:\/\/www.satokangas.fi\/blogi\/wp-content\/uploads\/2025\/08\/Aanaar-5.jpeg 1769w\" sizes=\"auto, (max-width: 576px) 100vw, 576px\" \/><\/a><\/p>\n<p style=\"text-align: justify;\">Poron kanssa tarjottu <a href=\"https:\/\/www.alko.fi\/tuotteet\/955632\/Kakheti-Bedoba-Saperavi-2022\/\">georgialainen viini, Bedoba Saperavi<\/a>!! Suosittelen hankkimaan! (Tai tilaamaan omaan Alkoon. Aanaarin ansiosta t\u00e4t\u00e4 oli Ivalon Alkossa, ja paluumatkalla k\u00e4vimme noutamassa m\u00f6killekin.<\/p>\n<p style=\"text-align: justify;\"><a href=\"https:\/\/www.satokangas.fi\/blogi\/wp-content\/uploads\/2025\/08\/Aanaar-6.jpeg\"><img loading=\"lazy\" decoding=\"async\" data-attachment-id=\"52884\" data-permalink=\"https:\/\/www.satokangas.fi\/blogi\/2025\/08\/lomamatkalla-jossain-inarissa\/aanaar-6\/\" data-orig-file=\"https:\/\/www.satokangas.fi\/blogi\/wp-content\/uploads\/2025\/08\/Aanaar-6.jpeg\" data-orig-size=\"1270,2048\" data-comments-opened=\"1\" data-image-meta=\"{&quot;aperture&quot;:&quot;0&quot;,&quot;credit&quot;:&quot;&quot;,&quot;camera&quot;:&quot;&quot;,&quot;caption&quot;:&quot;&quot;,&quot;created_timestamp&quot;:&quot;0&quot;,&quot;copyright&quot;:&quot;&quot;,&quot;focal_length&quot;:&quot;0&quot;,&quot;iso&quot;:&quot;0&quot;,&quot;shutter_speed&quot;:&quot;0&quot;,&quot;title&quot;:&quot;&quot;,&quot;orientation&quot;:&quot;0&quot;}\" data-image-title=\"Aanaar-6\" data-image-description=\"\" data-image-caption=\"\" data-large-file=\"https:\/\/www.satokangas.fi\/blogi\/wp-content\/uploads\/2025\/08\/Aanaar-6-414x667.jpeg\" class=\"aligncenter wp-image-52884 size-large\" src=\"https:\/\/www.satokangas.fi\/blogi\/wp-content\/uploads\/2025\/08\/Aanaar-6-414x667.jpeg\" alt=\"\" width=\"414\" height=\"667\" srcset=\"https:\/\/www.satokangas.fi\/blogi\/wp-content\/uploads\/2025\/08\/Aanaar-6-414x667.jpeg 414w, https:\/\/www.satokangas.fi\/blogi\/wp-content\/uploads\/2025\/08\/Aanaar-6-248x400.jpeg 248w, https:\/\/www.satokangas.fi\/blogi\/wp-content\/uploads\/2025\/08\/Aanaar-6-124x200.jpeg 124w, https:\/\/www.satokangas.fi\/blogi\/wp-content\/uploads\/2025\/08\/Aanaar-6-768x1238.jpeg 768w, https:\/\/www.satokangas.fi\/blogi\/wp-content\/uploads\/2025\/08\/Aanaar-6-953x1536.jpeg 953w, https:\/\/www.satokangas.fi\/blogi\/wp-content\/uploads\/2025\/08\/Aanaar-6.jpeg 1270w\" sizes=\"auto, (max-width: 414px) 100vw, 414px\" \/><\/a><\/p>\n<p style=\"text-align: justify;\">Poroahan meill\u00e4 sy\u00f6d\u00e4\u00e4n verraten usein: ehk\u00e4 noin kerran kuussa tavalla tai toisella. Aanaarissa jotain melkein ylimaallisen hyv\u00e4\u00e4. Kolmella eri tavalla. Kumpus? Veripalttua (neli\u00f6 puolukan vasemmalla puolella).<\/p>\n<p style=\"text-align: justify;\"><a href=\"https:\/\/www.satokangas.fi\/blogi\/wp-content\/uploads\/2025\/08\/Aanaar-7.jpeg\"><img loading=\"lazy\" decoding=\"async\" data-attachment-id=\"52885\" data-permalink=\"https:\/\/www.satokangas.fi\/blogi\/2025\/08\/lomamatkalla-jossain-inarissa\/aanaar-7-2\/\" data-orig-file=\"https:\/\/www.satokangas.fi\/blogi\/wp-content\/uploads\/2025\/08\/Aanaar-7.jpeg\" data-orig-size=\"1646,2048\" data-comments-opened=\"1\" data-image-meta=\"{&quot;aperture&quot;:&quot;0&quot;,&quot;credit&quot;:&quot;&quot;,&quot;camera&quot;:&quot;&quot;,&quot;caption&quot;:&quot;&quot;,&quot;created_timestamp&quot;:&quot;0&quot;,&quot;copyright&quot;:&quot;&quot;,&quot;focal_length&quot;:&quot;0&quot;,&quot;iso&quot;:&quot;0&quot;,&quot;shutter_speed&quot;:&quot;0&quot;,&quot;title&quot;:&quot;&quot;,&quot;orientation&quot;:&quot;0&quot;}\" data-image-title=\"Aanaar-7\" data-image-description=\"\" data-image-caption=\"\" data-large-file=\"https:\/\/www.satokangas.fi\/blogi\/wp-content\/uploads\/2025\/08\/Aanaar-7-536x667.jpeg\" class=\"aligncenter wp-image-52885 size-large\" src=\"https:\/\/www.satokangas.fi\/blogi\/wp-content\/uploads\/2025\/08\/Aanaar-7-536x667.jpeg\" alt=\"\" width=\"536\" height=\"667\" srcset=\"https:\/\/www.satokangas.fi\/blogi\/wp-content\/uploads\/2025\/08\/Aanaar-7-536x667.jpeg 536w, https:\/\/www.satokangas.fi\/blogi\/wp-content\/uploads\/2025\/08\/Aanaar-7-321x400.jpeg 321w, https:\/\/www.satokangas.fi\/blogi\/wp-content\/uploads\/2025\/08\/Aanaar-7-161x200.jpeg 161w, https:\/\/www.satokangas.fi\/blogi\/wp-content\/uploads\/2025\/08\/Aanaar-7-768x956.jpeg 768w, https:\/\/www.satokangas.fi\/blogi\/wp-content\/uploads\/2025\/08\/Aanaar-7-1235x1536.jpeg 1235w, https:\/\/www.satokangas.fi\/blogi\/wp-content\/uploads\/2025\/08\/Aanaar-7.jpeg 1646w\" sizes=\"auto, (max-width: 536px) 100vw, 536px\" \/><\/a><\/p>\n<p style=\"text-align: justify;\">Ent\u00e4s tuo mustikassa keitetty j\u00e4k\u00e4l\u00e4? Melkein liiankin hyv\u00e4\u00e4, makeaa, mutta ah, niin maistuvaa poron ohessa. Ja oikeassa reunassa poronkielt\u00e4. Kuin karkkia. Tai parempaa. Rapsakkaa, t\u00e4ytel\u00e4ist\u00e4, hienostunuttakin.<\/p>\n<p style=\"text-align: justify;\"><a href=\"https:\/\/www.satokangas.fi\/blogi\/wp-content\/uploads\/2025\/08\/Aanaar-8.jpeg\"><img loading=\"lazy\" decoding=\"async\" data-attachment-id=\"52886\" data-permalink=\"https:\/\/www.satokangas.fi\/blogi\/2025\/08\/lomamatkalla-jossain-inarissa\/aanaar-8-2\/\" data-orig-file=\"https:\/\/www.satokangas.fi\/blogi\/wp-content\/uploads\/2025\/08\/Aanaar-8.jpeg\" data-orig-size=\"1913,879\" data-comments-opened=\"1\" data-image-meta=\"{&quot;aperture&quot;:&quot;0&quot;,&quot;credit&quot;:&quot;&quot;,&quot;camera&quot;:&quot;&quot;,&quot;caption&quot;:&quot;&quot;,&quot;created_timestamp&quot;:&quot;0&quot;,&quot;copyright&quot;:&quot;&quot;,&quot;focal_length&quot;:&quot;0&quot;,&quot;iso&quot;:&quot;0&quot;,&quot;shutter_speed&quot;:&quot;0&quot;,&quot;title&quot;:&quot;&quot;,&quot;orientation&quot;:&quot;0&quot;}\" data-image-title=\"Aanaar-8\" data-image-description=\"\" data-image-caption=\"\" data-large-file=\"https:\/\/www.satokangas.fi\/blogi\/wp-content\/uploads\/2025\/08\/Aanaar-8-1000x459.jpeg\" class=\"aligncenter wp-image-52886 size-large\" src=\"https:\/\/www.satokangas.fi\/blogi\/wp-content\/uploads\/2025\/08\/Aanaar-8-1000x459.jpeg\" alt=\"\" width=\"780\" height=\"358\" srcset=\"https:\/\/www.satokangas.fi\/blogi\/wp-content\/uploads\/2025\/08\/Aanaar-8-1000x459.jpeg 1000w, https:\/\/www.satokangas.fi\/blogi\/wp-content\/uploads\/2025\/08\/Aanaar-8-600x276.jpeg 600w, https:\/\/www.satokangas.fi\/blogi\/wp-content\/uploads\/2025\/08\/Aanaar-8-300x138.jpeg 300w, https:\/\/www.satokangas.fi\/blogi\/wp-content\/uploads\/2025\/08\/Aanaar-8-768x353.jpeg 768w, https:\/\/www.satokangas.fi\/blogi\/wp-content\/uploads\/2025\/08\/Aanaar-8-1536x706.jpeg 1536w, https:\/\/www.satokangas.fi\/blogi\/wp-content\/uploads\/2025\/08\/Aanaar-8.jpeg 1913w\" sizes=\"auto, (max-width: 780px) 100vw, 780px\" \/><\/a><\/p>\n<p style=\"text-align: justify;\">Enp\u00e4 ennen ole saanut &#8221;pre-dresserti\u00e4&#8221; enk\u00e4 tatti-fudgea. Se on kuin Omar-karkki ja sittenkin viel\u00e4 kymmenen kertaa parempaa, ja makeaa tattia. Tattia ja fudgea. Kyselin, eik\u00f6 olisi voinut ostaa noista kotiin.<\/p>\n<p>&nbsp;<\/p>\n<p style=\"text-align: justify;\"><a href=\"https:\/\/www.satokangas.fi\/blogi\/wp-content\/uploads\/2025\/08\/Aanaar-9.jpeg\"><img loading=\"lazy\" decoding=\"async\" data-attachment-id=\"52887\" data-permalink=\"https:\/\/www.satokangas.fi\/blogi\/2025\/08\/lomamatkalla-jossain-inarissa\/aanaar-9-2\/\" data-orig-file=\"https:\/\/www.satokangas.fi\/blogi\/wp-content\/uploads\/2025\/08\/Aanaar-9.jpeg\" data-orig-size=\"1148,1494\" data-comments-opened=\"1\" data-image-meta=\"{&quot;aperture&quot;:&quot;0&quot;,&quot;credit&quot;:&quot;&quot;,&quot;camera&quot;:&quot;&quot;,&quot;caption&quot;:&quot;&quot;,&quot;created_timestamp&quot;:&quot;0&quot;,&quot;copyright&quot;:&quot;&quot;,&quot;focal_length&quot;:&quot;0&quot;,&quot;iso&quot;:&quot;0&quot;,&quot;shutter_speed&quot;:&quot;0&quot;,&quot;title&quot;:&quot;&quot;,&quot;orientation&quot;:&quot;0&quot;}\" data-image-title=\"Aanaar-9\" data-image-description=\"\" data-image-caption=\"\" data-large-file=\"https:\/\/www.satokangas.fi\/blogi\/wp-content\/uploads\/2025\/08\/Aanaar-9-513x667.jpeg\" class=\"aligncenter wp-image-52887\" src=\"https:\/\/www.satokangas.fi\/blogi\/wp-content\/uploads\/2025\/08\/Aanaar-9.jpeg\" alt=\"\" width=\"692\" height=\"900\" srcset=\"https:\/\/www.satokangas.fi\/blogi\/wp-content\/uploads\/2025\/08\/Aanaar-9.jpeg 1148w, https:\/\/www.satokangas.fi\/blogi\/wp-content\/uploads\/2025\/08\/Aanaar-9-307x400.jpeg 307w, https:\/\/www.satokangas.fi\/blogi\/wp-content\/uploads\/2025\/08\/Aanaar-9-513x667.jpeg 513w, https:\/\/www.satokangas.fi\/blogi\/wp-content\/uploads\/2025\/08\/Aanaar-9-154x200.jpeg 154w, https:\/\/www.satokangas.fi\/blogi\/wp-content\/uploads\/2025\/08\/Aanaar-9-768x999.jpeg 768w\" sizes=\"auto, (max-width: 692px) 100vw, 692px\" \/><\/a><\/p>\n<p style=\"text-align: justify;\">J\u00e4lkk\u00e4riin ei l\u00f6ydy sanoja. Ajattelin ensin, ett\u00e4 tuolllaista kikkailua, h\u00f6mp\u00f6yst\u00e4. Bavaroisea ja tervaa! Sorbettia ja salmiakkisavua! Kaikkea sit\u00e4. Todellakin. Seh\u00e4n oli ihan taideteos. Ja niin riemullisen makoisaa. Monia, monia vivahteita, kerroksia, tekstuureja, &#8212; kuten sanoin, ei sanoja.<\/p>\n<p><a href=\"https:\/\/www.satokangas.fi\/blogi\/wp-content\/uploads\/2025\/08\/Aanaar_12.jpg\"><img loading=\"lazy\" decoding=\"async\" data-attachment-id=\"52892\" data-permalink=\"https:\/\/www.satokangas.fi\/blogi\/2025\/08\/lomamatkalla-jossain-inarissa\/aanaar_12\/\" data-orig-file=\"https:\/\/www.satokangas.fi\/blogi\/wp-content\/uploads\/2025\/08\/Aanaar_12.jpg\" data-orig-size=\"910,1000\" data-comments-opened=\"1\" data-image-meta=\"{&quot;aperture&quot;:&quot;1.8&quot;,&quot;credit&quot;:&quot;&quot;,&quot;camera&quot;:&quot;Galaxy S23&quot;,&quot;caption&quot;:&quot;&quot;,&quot;created_timestamp&quot;:&quot;1754676465&quot;,&quot;copyright&quot;:&quot;&quot;,&quot;focal_length&quot;:&quot;5.4&quot;,&quot;iso&quot;:&quot;40&quot;,&quot;shutter_speed&quot;:&quot;0.01&quot;,&quot;title&quot;:&quot;&quot;,&quot;orientation&quot;:&quot;0&quot;}\" data-image-title=\"Aanaar_12\" data-image-description=\"\" data-image-caption=\"\" data-large-file=\"https:\/\/www.satokangas.fi\/blogi\/wp-content\/uploads\/2025\/08\/Aanaar_12-607x667.jpg\" class=\"aligncenter size-large wp-image-52892\" src=\"https:\/\/www.satokangas.fi\/blogi\/wp-content\/uploads\/2025\/08\/Aanaar_12-607x667.jpg\" alt=\"\" width=\"607\" height=\"667\" srcset=\"https:\/\/www.satokangas.fi\/blogi\/wp-content\/uploads\/2025\/08\/Aanaar_12-607x667.jpg 607w, https:\/\/www.satokangas.fi\/blogi\/wp-content\/uploads\/2025\/08\/Aanaar_12-364x400.jpg 364w, https:\/\/www.satokangas.fi\/blogi\/wp-content\/uploads\/2025\/08\/Aanaar_12-182x200.jpg 182w, https:\/\/www.satokangas.fi\/blogi\/wp-content\/uploads\/2025\/08\/Aanaar_12-768x844.jpg 768w, https:\/\/www.satokangas.fi\/blogi\/wp-content\/uploads\/2025\/08\/Aanaar_12.jpg 910w\" sizes=\"auto, (max-width: 607px) 100vw, 607px\" \/><\/a><\/p>\n<p style=\"text-align: justify;\">Huomaatteko: ei sanoja. Tai sittenkin on. En muista milloin olisin sy\u00f6nyt n\u00e4in hyvin. Ehk\u00e4 2019 Rovanieemen rotiss\u00f6\u00f6ri-kapitulissa? T\u00e4m\u00e4 oli hyv\u00e4, t\u00e4m\u00e4 j\u00e4\u00e4 hyv\u00e4ksi muistoksi. Eilinen kaikkinensa. Eik\u00e4 v\u00e4hiten Pehtoorin saaman hyv\u00e4n, helpottavan puhelun takiakin.<\/p>\n<p style=\"text-align: justify;\">Oli hyv\u00e4 olla eilen, viel\u00e4 nytkin eilisess\u00e4.\u00a0\u00a0Ja hyv\u00e4 p\u00e4iv\u00e4 on ollut t\u00e4n\u00e4\u00e4nkin. Hetken tie on kevyt&#8230;<\/p>\n","protected":false},"excerpt":{"rendered":"<p>Jo vain! Jo toisen kerran me teimme sen! L\u00e4hdettiin lomalta lomalle &#8211; m\u00f6kilt\u00e4 Inariin hotelliasukkaiksi. Koronasyksyn\u00e4 2021 teimme v\u00e4h\u00e4n vastaavan jutun ensimm\u00e4ist\u00e4 kertaa. Silloin ohjelmassa oli\u00a0 p\u00e4iv\u00e4patikat Inarista Joenkieliselle ja Otsamolle. T\u00e4ll\u00e4kin kertaa v\u00e4h\u00e4n suunniteltiin Otsamon huiputtamista, mutta kun eip\u00e4 ehditty\/jaksettukaan ja kun tie kohteen juurelle on t\u00e4ll\u00e4 kertaa huono, niin luovuttiin Otsamosta ja vaihdettiin se Siidan ulkomuseoalueeseen tutustumiseen. (Palaan &hellip; <\/p>\n","protected":false},"author":1,"featured_media":52890,"comment_status":"open","ping_status":"open","sticky":false,"template":"","format":"standard","meta":{"jetpack_post_was_ever_published":false,"_jetpack_newsletter_access":"","_jetpack_dont_email_post_to_subs":false,"_jetpack_newsletter_tier_id":0,"_jetpack_memberships_contains_paywalled_content":false,"_jetpack_memberships_contains_paid_content":false,"footnotes":"","jetpack_publicize_message":"","jetpack_publicize_feature_enabled":true,"jetpack_social_post_already_shared":true,"jetpack_social_options":{"image_generator_settings":{"template":"highway","default_image_id":0,"font":"","enabled":false},"version":2}},"categories":[97,1,94,17],"tags":[],"class_list":["post-52877","post","type-post","status-publish","format-standard","has-post-thumbnail","hentry","category-mokkielamaa","category-aiheeton","category-ravintolat-ruoka_ja_viini","category-ruoka_ja_viini","latest_post"],"jetpack_publicize_connections":[],"jetpack_featured_media_url":"https:\/\/www.satokangas.fi\/blogi\/wp-content\/uploads\/2025\/08\/Juutua.jpg","jetpack_shortlink":"https:\/\/wp.me\/pr4p4-dKR","jetpack_sharing_enabled":true,"jetpack_likes_enabled":false,"jetpack-related-posts":[{"id":41611,"url":"https:\/\/www.satokangas.fi\/blogi\/2021\/09\/paluu-otsamolle\/","url_meta":{"origin":52877,"position":0},"title":"Paluu Otsamolle","author":"Reija","date":"22.9.2021","format":false,"excerpt":"Inarin aamussa Hyvin nukuttu y\u00f6 Inarinj\u00e4rven rannalla, ja her\u00e4\u00e4minen uuteen patikointip\u00e4iv\u00e4\u00e4n ja aamiainen Hotel WIlderness Inarin isossa ravintolasalissa ikkunapaikalla. Min\u00e4 en ole niin kovin perso ole hotelliaamiaisille, mutta t\u00e4n\u00e4\u00e4n iloitsin monipuolisesta tarjonnasta. Paljon hyv\u00e4\u00e4 tarjolla, my\u00f6s minun \u201drajalliselle sietokyvylleni\u201d. Koskapa tiedossa kunnon patikka, oli tankattava proteiineja, pelkk\u00e4 kaurapuuro ei t\u00e4n\u00e4\u00e4n\u2026","rel":"","context":"Kategoriassa &quot;Lappi&quot;","block_context":{"text":"Lappi","link":"https:\/\/www.satokangas.fi\/blogi\/category\/lappi\/"},"img":{"alt_text":"","src":"https:\/\/i0.wp.com\/www.satokangas.fi\/blogi\/wp-content\/uploads\/2021\/09\/1-25-629x400.jpg?resize=350%2C200&ssl=1","width":350,"height":200,"srcset":"https:\/\/i0.wp.com\/www.satokangas.fi\/blogi\/wp-content\/uploads\/2021\/09\/1-25-629x400.jpg?resize=350%2C200&ssl=1 1x, https:\/\/i0.wp.com\/www.satokangas.fi\/blogi\/wp-content\/uploads\/2021\/09\/1-25-629x400.jpg?resize=525%2C300&ssl=1 1.5x"},"classes":[]},{"id":41598,"url":"https:\/\/www.satokangas.fi\/blogi\/2021\/09\/mokilta-matkailemaan\/","url_meta":{"origin":52877,"position":1},"title":"M\u00f6kilt\u00e4 matkailemaan","author":"Reija","date":"21.9.2021","format":false,"excerpt":"Lomamatkalla Saamenmaassa M\u00f6kilt\u00e4 hotelliin! Nyt ollaan pohjoisessa, keskell\u00e4 Saamenmaata. Ulkomaat ovat pari vuotta olleet meid\u00e4n saavuttamattomissa, eik\u00e4 t\u00e4n\u00e4\u00e4n olla edes Helsingiss\u00e4, vaikka niin oli tarkoitus. Tarkoitus oli olla Elton Johnin konsertissa. Samalla kertaa oli tavoite tavata yst\u00e4vi\u00e4 ja tietysti tyt\u00e4rt\u00e4, k\u00e4yd\u00e4 jossain hienossa ravintolassa juhlistamassa h\u00e4nen syntt\u00e4reit\u00e4\u00e4n, ja viett\u00e4\u00e4 kaupunkilomaa.\u2026","rel":"","context":"Kategoriassa &quot;Lappi&quot;","block_context":{"text":"Lappi","link":"https:\/\/www.satokangas.fi\/blogi\/category\/lappi\/"},"img":{"alt_text":"","src":"https:\/\/i0.wp.com\/www.satokangas.fi\/blogi\/wp-content\/uploads\/2021\/09\/1-21.jpg?resize=350%2C200&ssl=1","width":350,"height":200,"srcset":"https:\/\/i0.wp.com\/www.satokangas.fi\/blogi\/wp-content\/uploads\/2021\/09\/1-21.jpg?resize=350%2C200&ssl=1 1x, https:\/\/i0.wp.com\/www.satokangas.fi\/blogi\/wp-content\/uploads\/2021\/09\/1-21.jpg?resize=525%2C300&ssl=1 1.5x, https:\/\/i0.wp.com\/www.satokangas.fi\/blogi\/wp-content\/uploads\/2021\/09\/1-21.jpg?resize=700%2C400&ssl=1 2x"},"classes":[]},{"id":11845,"url":"https:\/\/www.satokangas.fi\/blogi\/2011\/06\/korkean-paikan-leirilla\/","url_meta":{"origin":52877,"position":2},"title":"Korkean paikan leirill\u00e4","author":"Reija","date":"23.6.2011","format":false,"excerpt":"Met huiputimma Otsamo-tunturin t\u00e4nh\u00e4\u00e4n. Sole, poika, homma, eik\u00e4 mikh\u00e4\u00e4n, kiivet\u00e4 sinne p\u00e4\u00e4lle, mutta tuuppa alas! K\u00e4vimme siis t\u00e4n\u00e4\u00e4n Inarissa ja kapusimme Otsamo-tunturin laelle. Korkean paikan leiri ennen parin viikon p\u00e4\u00e4st\u00e4 olevaa reissua Kitzb\u00fcheliin ja sen vuorille, on hyv\u00e4ss\u00e4 alussa. Kyll\u00e4 kannatti kiivet\u00e4. Kuvia ja kertomusta huomenissa tai lauantaina (nyt ei\u2026","rel":"","context":"Kategoriassa &quot;Lappi&quot;","block_context":{"text":"Lappi","link":"https:\/\/www.satokangas.fi\/blogi\/category\/lappi\/"},"img":{"alt_text":"","src":"https:\/\/i0.wp.com\/www.satokangas.fi\/blogi\/wp-content\/uploads\/reppu-ja-Leki.jpg?resize=350%2C200&ssl=1","width":350,"height":200,"srcset":"https:\/\/i0.wp.com\/www.satokangas.fi\/blogi\/wp-content\/uploads\/reppu-ja-Leki.jpg?resize=350%2C200&ssl=1 1x, https:\/\/i0.wp.com\/www.satokangas.fi\/blogi\/wp-content\/uploads\/reppu-ja-Leki.jpg?resize=525%2C300&ssl=1 1.5x"},"classes":[]},{"id":40949,"url":"https:\/\/www.satokangas.fi\/blogi\/2021\/06\/kevatjuhla-meillakin\/","url_meta":{"origin":52877,"position":3},"title":"Kev\u00e4tjuhla meill\u00e4kin!","author":"Reija","date":"5.6.2021","format":false,"excerpt":"Kun kerran on mahdollisuus, miksi ei? - Meid\u00e4n kev\u00e4tjuhla on t\u00e4n\u00e4\u00e4n t\u00e4\u00e4ll\u00e4! Helmikuisella Inarin retkell\u00e4 l\u00f6ysimme J\u00e4niskoskelta reitin pienen er\u00e4maaj\u00e4rven rannalle, ja sinne mieli nytkin, katsomaan v\u00e4h\u00e4n tarkemmin, etsim\u00e4\u00e4n lis\u00e4polkuja. Toki \u00b4pelkk\u00e4\u00b4 J\u00e4niskoski on aina vaikuttava: koivujen reunustama, korkeana kuohuva, isosti pauhaava Juutuanjoen koski pys\u00e4ytt\u00e4\u00e4, vie ajatukset kauas menneeseen, pakottaa\u2026","rel":"","context":"Kategoriassa &quot;Lappi&quot;","block_context":{"text":"Lappi","link":"https:\/\/www.satokangas.fi\/blogi\/category\/lappi\/"},"img":{"alt_text":"","src":"https:\/\/i0.wp.com\/www.satokangas.fi\/blogi\/wp-content\/uploads\/2021\/06\/juutua-3.jpg?resize=350%2C200&ssl=1","width":350,"height":200,"srcset":"https:\/\/i0.wp.com\/www.satokangas.fi\/blogi\/wp-content\/uploads\/2021\/06\/juutua-3.jpg?resize=350%2C200&ssl=1 1x, https:\/\/i0.wp.com\/www.satokangas.fi\/blogi\/wp-content\/uploads\/2021\/06\/juutua-3.jpg?resize=525%2C300&ssl=1 1.5x, https:\/\/i0.wp.com\/www.satokangas.fi\/blogi\/wp-content\/uploads\/2021\/06\/juutua-3.jpg?resize=700%2C400&ssl=1 2x"},"classes":[]},{"id":40278,"url":"https:\/\/www.satokangas.fi\/blogi\/2021\/02\/inarilla-inarissa\/","url_meta":{"origin":52877,"position":4},"title":"Inarilla, Inarissa","author":"Reija","date":"21.2.2021","format":false,"excerpt":"Lupasi pakkasta, ja sen lis\u00e4ksi tuulta: tuntuisi kuin - 26 C. Hiihto ei siis ollut vaihtoehto t\u00e4m\u00e4n p\u00e4iv\u00e4n p\u00e4\u00e4ohjelmanumeroksi. T\u00e4n\u00e4\u00e4n olisi siis juuri oikea p\u00e4iv\u00e4 tehd\u00e4 p\u00e4iv\u00e4retki Inarille (kuten sanonta kuuluu) ja Inariin. Aurinkoa ja kimmelt\u00e4vi\u00e4 hankia oli s\u00e4\u00e4tiedotuksen mukaan mahdollista n\u00e4hd\u00e4. Niiden toivossa, ajatuksena kuvailla postikorttimaisemia, l\u00e4hdimme ajelemaan ensin\u2026","rel":"","context":"Kategoriassa &quot;Lappi&quot;","block_context":{"text":"Lappi","link":"https:\/\/www.satokangas.fi\/blogi\/category\/lappi\/"},"img":{"alt_text":"","src":"https:\/\/i0.wp.com\/www.satokangas.fi\/blogi\/wp-content\/uploads\/2021\/02\/Retki_Inariin-3.jpg?resize=350%2C200&ssl=1","width":350,"height":200,"srcset":"https:\/\/i0.wp.com\/www.satokangas.fi\/blogi\/wp-content\/uploads\/2021\/02\/Retki_Inariin-3.jpg?resize=350%2C200&ssl=1 1x, https:\/\/i0.wp.com\/www.satokangas.fi\/blogi\/wp-content\/uploads\/2021\/02\/Retki_Inariin-3.jpg?resize=525%2C300&ssl=1 1.5x"},"classes":[]},{"id":18013,"url":"https:\/\/www.satokangas.fi\/blogi\/2013\/07\/ivalo-inari-ja-juutuanjoen-kosket\/","url_meta":{"origin":52877,"position":5},"title":"Ivalo, Inari ja Juutuanjoen kosket","author":"Reija","date":"11.7.2013","format":false,"excerpt":"Sadetta? \u2013 Ei. S\u00e4\u00e4ski\u00e4? \u2013 Ei. Hellett\u00e4?\u00a0 - No ei sit\u00e4k\u00e4\u00e4n. Siis mit\u00e4 mainioin retkip\u00e4iv\u00e4. Ivalon ja Inarin kautta Juutuanjoen koskien rannoille pienelle patikalle. Hyv\u00e4 on, pitih\u00e4n meid\u00e4n huiputtaa Otsamotunturi, mutta erin\u00e4isten tulkintavaikeuksien vuoksi j\u00e4immekin jokivarteen. Ei sek\u00e4\u00e4n huono patikka ollut. Ivalossa k\u00e4vimme artesaanien \u201dLocal Handicrafts\u201d -putiikissa. \u00a0Sain viime vuonna\u2026","rel":"","context":"Kategoriassa &quot;Lappi&quot;","block_context":{"text":"Lappi","link":"https:\/\/www.satokangas.fi\/blogi\/category\/lappi\/"},"img":{"alt_text":"Inari-12","src":"https:\/\/i0.wp.com\/www.satokangas.fi\/blogi\/wp-content\/uploads\/2013\/07\/Inari-12-562x400.jpg?resize=350%2C200&ssl=1","width":350,"height":200},"classes":[]}],"_links":{"self":[{"href":"https:\/\/www.satokangas.fi\/blogi\/wp-json\/wp\/v2\/posts\/52877","targetHints":{"allow":["GET"]}}],"collection":[{"href":"https:\/\/www.satokangas.fi\/blogi\/wp-json\/wp\/v2\/posts"}],"about":[{"href":"https:\/\/www.satokangas.fi\/blogi\/wp-json\/wp\/v2\/types\/post"}],"author":[{"embeddable":true,"href":"https:\/\/www.satokangas.fi\/blogi\/wp-json\/wp\/v2\/users\/1"}],"replies":[{"embeddable":true,"href":"https:\/\/www.satokangas.fi\/blogi\/wp-json\/wp\/v2\/comments?post=52877"}],"version-history":[{"count":0,"href":"https:\/\/www.satokangas.fi\/blogi\/wp-json\/wp\/v2\/posts\/52877\/revisions"}],"wp:featuredmedia":[{"embeddable":true,"href":"https:\/\/www.satokangas.fi\/blogi\/wp-json\/wp\/v2\/media\/52890"}],"wp:attachment":[{"href":"https:\/\/www.satokangas.fi\/blogi\/wp-json\/wp\/v2\/media?parent=52877"}],"wp:term":[{"taxonomy":"category","embeddable":true,"href":"https:\/\/www.satokangas.fi\/blogi\/wp-json\/wp\/v2\/categories?post=52877"},{"taxonomy":"post_tag","embeddable":true,"href":"https:\/\/www.satokangas.fi\/blogi\/wp-json\/wp\/v2\/tags?post=52877"}],"curies":[{"name":"wp","href":"https:\/\/api.w.org\/{rel}","templated":true}]}}