{"id":5230,"date":"2009-11-30T20:22:23","date_gmt":"2009-11-30T18:22:23","guid":{"rendered":"https:\/\/www.satokangas.fi\/blogi\/?p=5230"},"modified":"2009-12-01T07:30:28","modified_gmt":"2009-12-01T05:30:28","slug":"vahaiset-sotahistorian-vuoteni","status":"publish","type":"post","link":"https:\/\/www.satokangas.fi\/blogi\/2009\/11\/vahaiset-sotahistorian-vuoteni\/","title":{"rendered":"V\u00e4h\u00e4iset sotahistorian vuoteni"},"content":{"rendered":"<p>Minussa ei ole koskaan ollut innokasta sotahistorioitsijaa, &#8211; ei vaikka ensimm\u00e4isen historian opinn\u00e4ytteeni (yleisen historian proseminaarin) teinkin ensimm\u00e4isen maailmansodan taistelusta. Aiheena oli Gallipolin taistelu tai Dardanelli-operaatio\u00a0 Churchillin muistelmien valossa tai jotain sellaista. Paikallishistorioita kirjoittaessa ja itsen\u00e4isyysp\u00e4iv\u00e4puheita valmistellessa sotahistoriaakin olen sivunnut, lukenut, kirjoittanutkin, mutta ei se ole ollut minun juttuni. Ruokamuistojen ja vanhojen &#8211; my\u00f6s sota-ajan &#8211; keittokirjojen\u00a0 parissa sotahistoriaa on tullut sivutuksi. Mutta hyvin vahvasti kotirintaman\u00e4k\u00f6kulma niiss\u00e4 jutuissa on ollut.<\/p>\n<p>Puolenkymment\u00e4 vuotta sitten yhden kev\u00e4tlukukauden seminaariporukassa oli poikkeuksellisen monta sotahistoriasta innostunutta ja sit\u00e4 tuntevaa opiskelijanuorukaista, jotka saivat minut tuntemaan itseni niin tyhm\u00e4ksi ja turhautuneeksi, ett\u00e4 k\u00e4vin lopulta ostamassa Talvisodan pikkuj\u00e4ttil\u00e4isen ja lukea paukutin sen kes\u00e4n kuluessa l\u00e4pi. Enk\u00e4 oppinut juuri mit\u00e4\u00e4n. Miss\u00e4\u00e4n tapauksessa en olisi saanut kirjaa tentiss\u00e4 l\u00e4pi&#8230;<\/p>\n<p>No nyt t\u00e4n\u00e4 syksyn\u00e4 vahingossa, t\u00f6iden vuoksi ja kiinnostuksesta! on sotahistoriaa tullut luettua ja siihen perehdytty\u00e4 aika lailla. \u00a0Alkusyksyst\u00e4 keksin ryhty\u00e4 opiskelijoille mainostamaan radiodokumenttia Suomi talvisodassa \u2013 historiasarja (12 x 40 min) joka tulee radiosta Ylen ykk\u00f6selt\u00e4 ja jota voi kuunnella omaan tahtiin my\u00f6s\u00a0<a href=\"http:\/\/www.yleradio1.fi\/tiede\/historiasarjoja\/\">netist\u00e4<\/a> . Lupasin, jotta luentop\u00e4iv\u00e4kirjan laatimalla saa korvaavuuksia opinnoista. No, jos otan luentop\u00e4iv\u00e4kirjat vastaan, on minulla oltava homma itsell\u00e4 hanskassa: siis ei muuta kuin radiodokumentin \u00e4\u00e4reen kerran viikosssa.<\/p>\n<p>Ja sitten tuo Tuntematon. Sen sain p\u00e4\u00e4t\u00f6kseen lauantaina. Onhan se tullut joskus aiemminkin luettua ja kuinka monena itsen\u00e4isyysp\u00e4iv\u00e4n\u00e4 Edwin Laineen elokuvaversio vuosikymmeni\u00e4 sitten katsottua, mutta nyt luin kirjan uudelleen. Yht\u00e4 aikaa t\u00e4m\u00e4n Talvisota-&#8221;buumin&#8221; kanssa. Ja eilen illalla katsoin tv-dokkarin ja huomenna toisen.<\/p>\n<p>Ja t\u00e4n\u00e4\u00e4n oli viel\u00e4 historiatieteiden, kaksip\u00e4iv\u00e4isen &#8221;Talvisota kokemuksena&#8221; \u00a0-seminaarin ensimm\u00e4inen p\u00e4iv\u00e4. Aamup\u00e4iv\u00e4n ehdin olla seminaarissa kuulijana. Tavattoman mielenkiintoista oli kuulla tutkimuksesta, jossa oli haastateltu Raatteentien taistelussa olleiden Neuvostoliiton 44. divisioonan ukrainalaisveteraaneja. Moni heist\u00e4 oli vasta Suomen rajan yli menty\u00e4 tajunnut olevansa mukana todellisissa sotatoimissa. Politrukkien propaganda, jolla ukrainalaisia oli &#8221;rajakahakkaan&#8221; innostettu l\u00e4htem\u00e4\u00e4n tai jolla Suuren Is\u00e4nmaallisen Sodan &#8221;esin\u00e4yt\u00f6st\u00e4&#8221; Suomen rintamalle viedyille oli perusteltu, oli mielett\u00f6myydess\u00e4\u00e4n minulle jotensakin uutta, viel\u00e4kin ymm\u00e4rt\u00e4m\u00e4t\u00f6nt\u00e4.<\/p>\n","protected":false},"excerpt":{"rendered":"<p>Minussa ei ole koskaan ollut innokasta sotahistorioitsijaa, &#8211; ei vaikka ensimm\u00e4isen historian opinn\u00e4ytteeni (yleisen historian proseminaarin) teinkin ensimm\u00e4isen maailmansodan taistelusta. Aiheena oli Gallipolin taistelu tai Dardanelli-operaatio\u00a0 Churchillin muistelmien valossa tai jotain sellaista. Paikallishistorioita kirjoittaessa ja itsen\u00e4isyysp\u00e4iv\u00e4puheita valmistellessa sotahistoriaakin olen sivunnut, lukenut, kirjoittanutkin, mutta ei se ole ollut minun juttuni. Ruokamuistojen ja vanhojen &#8211; my\u00f6s sota-ajan &#8211; keittokirjojen\u00a0 parissa sotahistoriaa on &hellip; <\/p>\n","protected":false},"author":1,"featured_media":0,"comment_status":"open","ping_status":"open","sticky":false,"template":"","format":"standard","meta":{"jetpack_post_was_ever_published":false,"_jetpack_newsletter_access":"","_jetpack_dont_email_post_to_subs":false,"_jetpack_newsletter_tier_id":0,"_jetpack_memberships_contains_paywalled_content":false,"_jetpack_memberships_contains_paid_content":false,"footnotes":"","jetpack_publicize_message":"","jetpack_publicize_feature_enabled":true,"jetpack_social_post_already_shared":false,"jetpack_social_options":{"image_generator_settings":{"template":"highway","default_image_id":0,"font":"","enabled":false},"version":2}},"categories":[13,32],"tags":[],"class_list":["post-5230","post","type-post","status-publish","format-standard","hentry","category-historiaa","category-yliopistoelamaa","latest_post"],"jetpack_publicize_connections":[],"jetpack_featured_media_url":"","jetpack_shortlink":"https:\/\/wp.me\/pr4p4-1mm","jetpack_sharing_enabled":true,"jetpack_likes_enabled":false,"jetpack-related-posts":[{"id":53253,"url":"https:\/\/www.satokangas.fi\/blogi\/2025\/10\/saarikierroksen-paiva-la-maddalena-ja-caprera\/","url_meta":{"origin":5230,"position":0},"title":"Saarikierroksen p\u00e4iv\u00e4: La Maddalena ja Caprera","author":"Reija","date":"10.10.2025","format":false,"excerpt":"T\u00e4n\u00e4\u00e4n, t\u00e4n\u00e4\u00e4nkin, merellisiss\u00e4 maisemisssa. Luonnossa koko p\u00e4iv\u00e4, p\u00e4iv\u00e4 kuljettiin Capreran saaren\u00a0 luonnonsuojelualueella. Matkaohjelmassa on kerrottu kaikki olennainen: Aamiaisen j\u00e4lkeen ajamme reilun puolen tunnin matkan Palaun kaupunkiin. Lautta kuljettaa meid\u00e4t Maddalenan saarelle (n. 20 min), josta jatkamme viel\u00e4 viereiselle Capreran saarelle. Capreran luonnonsuojelualueella patikoimme kapeilla hiekkapoluilla nauttien t\u00e4m\u00e4n rauhallisen paikan kauneudesta.\u2026","rel":"","context":"Kategoriassa &quot;Niit\u00e4 n\u00e4it\u00e4&quot;","block_context":{"text":"Niit\u00e4 n\u00e4it\u00e4","link":"https:\/\/www.satokangas.fi\/blogi\/category\/aiheeton\/"},"img":{"alt_text":"","src":"https:\/\/i0.wp.com\/www.satokangas.fi\/blogi\/wp-content\/uploads\/2025\/10\/La-Maddalena-4.jpg?resize=350%2C200&ssl=1","width":350,"height":200,"srcset":"https:\/\/i0.wp.com\/www.satokangas.fi\/blogi\/wp-content\/uploads\/2025\/10\/La-Maddalena-4.jpg?resize=350%2C200&ssl=1 1x, https:\/\/i0.wp.com\/www.satokangas.fi\/blogi\/wp-content\/uploads\/2025\/10\/La-Maddalena-4.jpg?resize=525%2C300&ssl=1 1.5x, https:\/\/i0.wp.com\/www.satokangas.fi\/blogi\/wp-content\/uploads\/2025\/10\/La-Maddalena-4.jpg?resize=700%2C400&ssl=1 2x"},"classes":[]},{"id":8583,"url":"https:\/\/www.satokangas.fi\/blogi\/2010\/09\/tammoinen-porukka\/","url_meta":{"origin":5230,"position":1},"title":"T\u00e4mm\u00f6inen porukka","author":"Reija","date":"14.9.2010","format":false,"excerpt":"Sosionomi, kaksi medianomia, autonasentaja (nuori nainen), lastentarhanopettaja (v\u00e4h\u00e4n vanhempi mies), matikanopiskelija, biologianopiskelija 19-vuotias ja 37-vuotias ja monta siit\u00e4 v\u00e4list\u00e4 18\u00a0maskuliinia ja 9 feminiini\u00e4 Yksi Helsingist\u00e4 ja yksi Kemij\u00e4rvelt\u00e4, -\u00a0useimmat Oulusta (toisin kuin yleens\u00e4) Historianopettajien tai isovanhempien innostamina alalle l\u00e4hteneit\u00e4 Monta jo avoimessa\u00a0perusopinnot suorittaneita Keskim\u00e4\u00e4rin viel\u00e4 motivoituneempia kuin edelliset vuosikurssit? J\u00e4nni\u00e4\u2026","rel":"","context":"Kategoriassa &quot;Yliopistoel\u00e4m\u00e4\u00e4&quot;","block_context":{"text":"Yliopistoel\u00e4m\u00e4\u00e4","link":"https:\/\/www.satokangas.fi\/blogi\/category\/yliopistoelamaa\/"},"img":{"alt_text":"","src":"","width":0,"height":0},"classes":[]},{"id":22929,"url":"https:\/\/www.satokangas.fi\/blogi\/2014\/10\/satunnaisia-muistiinapanoja\/","url_meta":{"origin":5230,"position":2},"title":"Satunnaisia muistiinpanoja","author":"Reija","date":"30.10.2014","format":false,"excerpt":"Yksi kandiporukka on saatu maaliin. Seitsem\u00e4n tutkielman pompsi ohjattu, ohjeistettu ja seminaareissa k\u00e4sitelty monet eri vaiheet. T\u00e4ll\u00e4 kertaa oli ihan poikkeuksellisen heterogeenisia aiheita, ja ihan poikkeuksellisen vieraita tutkimusteemoja minulle:\u00a0J\u00e4\u00e4kiekkov\u00e4kivalta Suomessa 1956\u20131975, Eduskunnassa k\u00e4yty keskustelu Suomen sis\u00e4isest\u00e4 turvallisuuspolitiikasta vuonna 1934, Is\u00e4nmaallisuus kapteeni Karvosen rintamakirjeiss\u00e4, H\u00e4vitt\u00e4j\u00e4rykmentti 5:n toiminta pohjoisella rintamalla, Aborttilaista (1970)\u2026","rel":"","context":"Kategoriassa &quot;Historiaa&quot;","block_context":{"text":"Historiaa","link":"https:\/\/www.satokangas.fi\/blogi\/category\/historiaa\/"},"img":{"alt_text":"salmi","src":"https:\/\/i0.wp.com\/www.satokangas.fi\/blogi\/wp-content\/uploads\/2014\/10\/salmi-300x209.jpg?resize=350%2C200&ssl=1","width":350,"height":200},"classes":[]},{"id":42848,"url":"https:\/\/www.satokangas.fi\/blogi\/2022\/05\/kameran-kanssa-liikkeella-2\/","url_meta":{"origin":5230,"position":3},"title":"Kameran kanssa liikkeell\u00e4","author":"Reija","date":"12.5.2022","format":false,"excerpt":"Oikea kev\u00e4inen p\u00e4iv\u00e4. Eilisen hillitt\u00f6m\u00e4n vesisateen, harmaan valottoman p\u00e4iv\u00e4n, sumuisen illan j\u00e4lkeen t\u00e4m\u00e4 p\u00e4iv\u00e4 on tuntunut kirjaimellisesti kirkastumiselta! Kunnes sitten iltap\u00e4iv\u00e4ll\u00e4 nousi ukkonen. Meill\u00e4 oikein jyrisikin, mutta aamup\u00e4iv\u00e4ll\u00e4 oli tyynt\u00e4 ja tyvent\u00e4 - ennen myrsky\u00e4. Oulujoen pappilan kohdalla heijastukset joenpinnasta niin kauniita. Tuntui ett\u00e4 nuo pilvet voisi \"poimia\". Monta kertaa\u2026","rel":"","context":"Kategoriassa &quot;Niit\u00e4 n\u00e4it\u00e4&quot;","block_context":{"text":"Niit\u00e4 n\u00e4it\u00e4","link":"https:\/\/www.satokangas.fi\/blogi\/category\/aiheeton\/"},"img":{"alt_text":"","src":"https:\/\/i0.wp.com\/www.satokangas.fi\/blogi\/wp-content\/uploads\/2022\/05\/Oulujoella-5.jpg?resize=350%2C200&ssl=1","width":350,"height":200,"srcset":"https:\/\/i0.wp.com\/www.satokangas.fi\/blogi\/wp-content\/uploads\/2022\/05\/Oulujoella-5.jpg?resize=350%2C200&ssl=1 1x, https:\/\/i0.wp.com\/www.satokangas.fi\/blogi\/wp-content\/uploads\/2022\/05\/Oulujoella-5.jpg?resize=525%2C300&ssl=1 1.5x, https:\/\/i0.wp.com\/www.satokangas.fi\/blogi\/wp-content\/uploads\/2022\/05\/Oulujoella-5.jpg?resize=700%2C400&ssl=1 2x"},"classes":[]},{"id":18013,"url":"https:\/\/www.satokangas.fi\/blogi\/2013\/07\/ivalo-inari-ja-juutuanjoen-kosket\/","url_meta":{"origin":5230,"position":4},"title":"Ivalo, Inari ja Juutuanjoen kosket","author":"Reija","date":"11.7.2013","format":false,"excerpt":"Sadetta? \u2013 Ei. S\u00e4\u00e4ski\u00e4? \u2013 Ei. Hellett\u00e4?\u00a0 - No ei sit\u00e4k\u00e4\u00e4n. Siis mit\u00e4 mainioin retkip\u00e4iv\u00e4. Ivalon ja Inarin kautta Juutuanjoen koskien rannoille pienelle patikalle. Hyv\u00e4 on, pitih\u00e4n meid\u00e4n huiputtaa Otsamotunturi, mutta erin\u00e4isten tulkintavaikeuksien vuoksi j\u00e4immekin jokivarteen. Ei sek\u00e4\u00e4n huono patikka ollut. Ivalossa k\u00e4vimme artesaanien \u201dLocal Handicrafts\u201d -putiikissa. \u00a0Sain viime vuonna\u2026","rel":"","context":"Kategoriassa &quot;Lappi&quot;","block_context":{"text":"Lappi","link":"https:\/\/www.satokangas.fi\/blogi\/category\/lappi\/"},"img":{"alt_text":"Inari-12","src":"https:\/\/i0.wp.com\/www.satokangas.fi\/blogi\/wp-content\/uploads\/2013\/07\/Inari-12-562x400.jpg?resize=350%2C200&ssl=1","width":350,"height":200},"classes":[]},{"id":47085,"url":"https:\/\/www.satokangas.fi\/blogi\/2023\/09\/aidit-ja-tyttaret-sodat-ja-rauhat\/","url_meta":{"origin":5230,"position":5},"title":"\u00c4idit ja tytt\u00e4ret &#8211; sodat ja rauhat","author":"Reija","date":"19.9.2023","format":false,"excerpt":"T\u00e4m\u00e4n tavallisen syyskuun tiistain kulku on ollut hyvinkin tavallinen, pl. ett\u00e4 k\u00e4vimme Pehtoorin ehdotuksesta kaupungissa Golden Flowerissa lounaalla. Muutoin siis py\u00f6r\u00e4ily\u00e4, hyvin rajallisesti kotit\u00f6it\u00e4 ja aika lailla kuvahommia. Kaikki n\u00e4m\u00e4 kulkivat taustalla, huomaamatta, koskapa kuuntelin melkein yhdell\u00e4 kertaa Satu Saarisen kirjan, Annikin sota ja rauha. Eilen julkaistu historiallinen el\u00e4m\u00e4kerta kemil\u00e4isen\u2026","rel":"","context":"Kategoriassa &quot;Luettua&quot;","block_context":{"text":"Luettua","link":"https:\/\/www.satokangas.fi\/blogi\/category\/luettua\/"},"img":{"alt_text":"","src":"https:\/\/i0.wp.com\/www.satokangas.fi\/blogi\/wp-content\/uploads\/2023\/09\/Annikin_sotajarauha.jpg?resize=350%2C200&ssl=1","width":350,"height":200},"classes":[]}],"_links":{"self":[{"href":"https:\/\/www.satokangas.fi\/blogi\/wp-json\/wp\/v2\/posts\/5230","targetHints":{"allow":["GET"]}}],"collection":[{"href":"https:\/\/www.satokangas.fi\/blogi\/wp-json\/wp\/v2\/posts"}],"about":[{"href":"https:\/\/www.satokangas.fi\/blogi\/wp-json\/wp\/v2\/types\/post"}],"author":[{"embeddable":true,"href":"https:\/\/www.satokangas.fi\/blogi\/wp-json\/wp\/v2\/users\/1"}],"replies":[{"embeddable":true,"href":"https:\/\/www.satokangas.fi\/blogi\/wp-json\/wp\/v2\/comments?post=5230"}],"version-history":[{"count":0,"href":"https:\/\/www.satokangas.fi\/blogi\/wp-json\/wp\/v2\/posts\/5230\/revisions"}],"wp:attachment":[{"href":"https:\/\/www.satokangas.fi\/blogi\/wp-json\/wp\/v2\/media?parent=5230"}],"wp:term":[{"taxonomy":"category","embeddable":true,"href":"https:\/\/www.satokangas.fi\/blogi\/wp-json\/wp\/v2\/categories?post=5230"},{"taxonomy":"post_tag","embeddable":true,"href":"https:\/\/www.satokangas.fi\/blogi\/wp-json\/wp\/v2\/tags?post=5230"}],"curies":[{"name":"wp","href":"https:\/\/api.w.org\/{rel}","templated":true}]}}