{"id":5199,"date":"2009-11-26T07:39:54","date_gmt":"2009-11-26T05:39:54","guid":{"rendered":"https:\/\/www.satokangas.fi\/blogi\/?p=5199"},"modified":"2009-11-26T07:40:48","modified_gmt":"2009-11-26T05:40:48","slug":"valokuvatorstai-jotta-en-unohtaisi","status":"publish","type":"post","link":"https:\/\/www.satokangas.fi\/blogi\/2009\/11\/valokuvatorstai-jotta-en-unohtaisi\/","title":{"rendered":"Valokuvatorstai: Jotta en unohtaisi"},"content":{"rendered":"<p>Jotta en unohtaisi &#8230; Jotta en n\u00e4iden pimeiden, vesir\u00e4nn\u00e4n ja ty\u00f6nt\u00e4yteisten p\u00e4ivien aikana unohtaisi, ett\u00e4 talvi voi olla kauniskin, \u00a0ett\u00e4 joulu on tulossa ja ett\u00e4 kuukauden p\u00e4\u00e4st\u00e4 p\u00e4\u00e4st\u00e4\u00e4n Lappiin. &#8230; Jotta muistaisin toivoa &#8230; ja jotta en turhia valittaisi.<\/p>\n<p><a href=\"https:\/\/www.satokangas.fi\/blogi\/wp-content\/uploads\/2009\/11\/etten-unohtaisi.JPG\"><img loading=\"lazy\" decoding=\"async\" data-attachment-id=\"5200\" data-permalink=\"https:\/\/www.satokangas.fi\/blogi\/2009\/11\/valokuvatorstai-jotta-en-unohtaisi\/etten-unohtaisi\/\" data-orig-file=\"https:\/\/www.satokangas.fi\/blogi\/wp-content\/uploads\/2009\/11\/etten-unohtaisi.JPG\" data-orig-size=\"1024,640\" data-comments-opened=\"1\" data-image-meta=\"{&quot;aperture&quot;:&quot;4&quot;,&quot;credit&quot;:&quot;&quot;,&quot;camera&quot;:&quot;Canon EOS 400D DIGITAL&quot;,&quot;caption&quot;:&quot;&quot;,&quot;created_timestamp&quot;:&quot;1201351245&quot;,&quot;copyright&quot;:&quot;&quot;,&quot;focal_length&quot;:&quot;85&quot;,&quot;iso&quot;:&quot;100&quot;,&quot;shutter_speed&quot;:&quot;0.004&quot;,&quot;title&quot;:&quot;&quot;}\" data-image-title=\"etten unohtaisi\" data-image-description=\"\" data-image-caption=\"\" data-large-file=\"https:\/\/www.satokangas.fi\/blogi\/wp-content\/uploads\/2009\/11\/etten-unohtaisi.JPG\" class=\"aligncenter size-medium wp-image-5200\" title=\"etten unohtaisi\" src=\"https:\/\/www.satokangas.fi\/blogi\/wp-content\/uploads\/2009\/11\/etten-unohtaisi-500x312.jpg\" alt=\"etten unohtaisi\" width=\"500\" height=\"312\" srcset=\"https:\/\/www.satokangas.fi\/blogi\/wp-content\/uploads\/2009\/11\/etten-unohtaisi-500x312.jpg 500w, https:\/\/www.satokangas.fi\/blogi\/wp-content\/uploads\/2009\/11\/etten-unohtaisi-200x125.jpg 200w, https:\/\/www.satokangas.fi\/blogi\/wp-content\/uploads\/2009\/11\/etten-unohtaisi.JPG 1024w\" sizes=\"auto, (max-width: 500px) 100vw, 500px\" \/><\/a><\/p>\n<p>(klikkaa suuremmaksi)<\/p>\n","protected":false},"excerpt":{"rendered":"<p>Jotta en unohtaisi &#8230; Jotta en n\u00e4iden pimeiden, vesir\u00e4nn\u00e4n ja ty\u00f6nt\u00e4yteisten p\u00e4ivien aikana unohtaisi, ett\u00e4 talvi voi olla kauniskin, \u00a0ett\u00e4 joulu on tulossa ja ett\u00e4 kuukauden p\u00e4\u00e4st\u00e4 p\u00e4\u00e4st\u00e4\u00e4n Lappiin. &#8230; Jotta muistaisin toivoa &#8230; ja jotta en turhia valittaisi. (klikkaa suuremmaksi)<\/p>\n","protected":false},"author":1,"featured_media":0,"comment_status":"open","ping_status":"open","sticky":false,"template":"","format":"standard","meta":{"jetpack_post_was_ever_published":false,"_jetpack_newsletter_access":"","_jetpack_dont_email_post_to_subs":false,"_jetpack_newsletter_tier_id":0,"_jetpack_memberships_contains_paywalled_content":false,"_jetpack_memberships_contains_paid_content":false,"footnotes":"","jetpack_publicize_message":"","jetpack_publicize_feature_enabled":true,"jetpack_social_post_already_shared":false,"jetpack_social_options":{"image_generator_settings":{"template":"highway","default_image_id":0,"font":"","enabled":false},"version":2}},"categories":[21],"tags":[],"class_list":["post-5199","post","type-post","status-publish","format-standard","hentry","category-valokuvatorstai","latest_post"],"jetpack_publicize_connections":[],"jetpack_featured_media_url":"","jetpack_shortlink":"https:\/\/wp.me\/pr4p4-1lR","jetpack_sharing_enabled":true,"jetpack_likes_enabled":false,"jetpack-related-posts":[{"id":1123,"url":"https:\/\/www.satokangas.fi\/blogi\/2008\/10\/jotta-muistaisin\/","url_meta":{"origin":5199,"position":0},"title":"Jotta muistaisin","author":"Reija","date":"14.10.2008","format":false,"excerpt":"Historiantutkijalle kriisit ovat mielenkiintoisia ja antoisia tutkimuskohteita, koska niiss\u00e4 usein paljastuu ilmi\u00f6n syvin olemus, paljaana, ilman ep\u00e4olennaisuuksia. Ulkoisten ja v\u00e4hempiarvoisten seikkojen v\u00e4istyess\u00e4 taka-alalle, ilmi\u00f6n \u00e4\u00e4riviivat ter\u00e4v\u00f6ityv\u00e4t ja ennen n\u00e4kym\u00e4tt\u00f6m\u00e4t asiat tulevat n\u00e4kyviksi. Siksik\u00f6 t\u00e4m\u00e4 syd\u00e4mentykytys, nyrj\u00e4hdys rinnassa, syv\u00e4nvioletin v\u00e4rinen tuskallinen vihlaisu tarvittiin, ett\u00e4 taas hoksaisin, etten arjessa unohtaisi: kohta t\u00e4ysi-ik\u00e4inen\u2026","rel":"","context":"Kategoriassa &quot;Vanhemmuus&quot;","block_context":{"text":"Vanhemmuus","link":"https:\/\/www.satokangas.fi\/blogi\/category\/vanhemmuus\/"},"img":{"alt_text":"","src":"","width":0,"height":0},"classes":[]},{"id":36891,"url":"https:\/\/www.satokangas.fi\/blogi\/2019\/07\/onhan-viela-kesaa-jaljella\/","url_meta":{"origin":5199,"position":1},"title":"Onhan viel\u00e4 kes\u00e4\u00e4 j\u00e4ljell\u00e4?","author":"Reija","date":"28.7.2019","format":false,"excerpt":"Jotta emme unohtaisi. Oli kuvattava jopa horsmia, jotka itseasiassa olivat oikeinkin kauniita joen syv\u00e4nsinist\u00e4 v\u00e4ri\u00e4 vasten. Syv\u00e4 keskikes\u00e4n v\u00e4rimaailma ilahdutti, ja se, ett\u00e4 viel\u00e4 oli aika l\u00e4mmint\u00e4. Hein\u00e4kuinen kes\u00e4sunnuntai kului p\u00e4\u00e4osin kotihommissa. Ajattelin kun - vihdoin, monen vuoden j\u00e4lkeen - vaihdoimme Festan isoihin kukkaruukkuihin mullat, samalla luutusin lattian ja muutenkin\u2026","rel":"","context":"Kategoriassa &quot;Niit\u00e4 n\u00e4it\u00e4&quot;","block_context":{"text":"Niit\u00e4 n\u00e4it\u00e4","link":"https:\/\/www.satokangas.fi\/blogi\/category\/aiheeton\/"},"img":{"alt_text":"","src":"https:\/\/i0.wp.com\/www.satokangas.fi\/blogi\/wp-content\/uploads\/2019\/07\/kesa-2.jpg?resize=350%2C200&ssl=1","width":350,"height":200,"srcset":"https:\/\/i0.wp.com\/www.satokangas.fi\/blogi\/wp-content\/uploads\/2019\/07\/kesa-2.jpg?resize=350%2C200&ssl=1 1x, https:\/\/i0.wp.com\/www.satokangas.fi\/blogi\/wp-content\/uploads\/2019\/07\/kesa-2.jpg?resize=525%2C300&ssl=1 1.5x, https:\/\/i0.wp.com\/www.satokangas.fi\/blogi\/wp-content\/uploads\/2019\/07\/kesa-2.jpg?resize=700%2C400&ssl=1 2x"},"classes":[]},{"id":46062,"url":"https:\/\/www.satokangas.fi\/blogi\/2023\/06\/muksujen-kesalomapaiva-kaupungissa\/","url_meta":{"origin":5199,"position":2},"title":"Muksujen kes\u00e4lomap\u00e4iv\u00e4 kaupungissa","author":"Reija","date":"15.6.2023","format":false,"excerpt":"Nyt on pikkuisen kaksijakoinen tilanne: toisaalta tekisi mieleni kirjoittaa koko p\u00e4iv\u00e4 auki, hetki hetkelt\u00e4 tallentaa t\u00e4h\u00e4n kaikki, mutta toisaalta en haluaisi avata mit\u00e4\u00e4n - tuntuu, ett\u00e4 sen my\u00f6t\u00e4 kaikki latistuisi kuitenkn. Tekisi mieli olla ihan vain muistoiksi muodostaa p\u00e4iv\u00e4n kulkua, omassa mieless\u00e4ni mietti\u00e4, hymyill\u00e4 hiljaa, koettaa painaa kaikki mieleen, jotta\u2026","rel":"","context":"Kategoriassa &quot;Isovanhemmuus&quot;","block_context":{"text":"Isovanhemmuus","link":"https:\/\/www.satokangas.fi\/blogi\/category\/isovanhemmuus\/"},"img":{"alt_text":"","src":"https:\/\/i0.wp.com\/www.satokangas.fi\/blogi\/wp-content\/uploads\/2023\/06\/kesapaiva_-15.jpg?resize=350%2C200&ssl=1","width":350,"height":200,"srcset":"https:\/\/i0.wp.com\/www.satokangas.fi\/blogi\/wp-content\/uploads\/2023\/06\/kesapaiva_-15.jpg?resize=350%2C200&ssl=1 1x, https:\/\/i0.wp.com\/www.satokangas.fi\/blogi\/wp-content\/uploads\/2023\/06\/kesapaiva_-15.jpg?resize=525%2C300&ssl=1 1.5x, https:\/\/i0.wp.com\/www.satokangas.fi\/blogi\/wp-content\/uploads\/2023\/06\/kesapaiva_-15.jpg?resize=700%2C400&ssl=1 2x"},"classes":[]},{"id":38583,"url":"https:\/\/www.satokangas.fi\/blogi\/2020\/04\/muistiinpanoja-2\/","url_meta":{"origin":5199,"position":3},"title":"Muistiinpanoja","author":"Reija","date":"28.4.2020","format":false,"excerpt":"Hajamietteit\u00e4, muistiinpanoja, etten unohtaisi ... Eilen luin jostain lehtiartikkelista, ett\u00e4 Lapissa on niin paljon lunta, ett\u00e4 se vaikuttaa painovoimaan! Haluaisin n\u00e4hd\u00e4 sen nyt! T\u00e4n\u00e4 vappuna. Yst\u00e4vien kanssa. Y\u00f6ll\u00e4 oli satanut noin kahdeksan sentti\u00e4 uutta lunta meid\u00e4n kotipihalle. Sit\u00e4 en halunnut n\u00e4hd\u00e4. Varsinkaan vappuviikon tiistaina. Mutta mink\u00e4s teet?! Lumesta ja koronasta\u2026","rel":"","context":"Kategoriassa &quot;Niit\u00e4 n\u00e4it\u00e4&quot;","block_context":{"text":"Niit\u00e4 n\u00e4it\u00e4","link":"https:\/\/www.satokangas.fi\/blogi\/category\/aiheeton\/"},"img":{"alt_text":"","src":"https:\/\/i0.wp.com\/www.satokangas.fi\/blogi\/wp-content\/uploads\/2020\/04\/IMG_20200428_180833-633x1024.jpg?resize=350%2C200&ssl=1","width":350,"height":200},"classes":[]},{"id":33250,"url":"https:\/\/www.satokangas.fi\/blogi\/2018\/02\/simultaani\/","url_meta":{"origin":5199,"position":4},"title":"Simultaani","author":"Reija","date":"3.2.2018","format":false,"excerpt":"Ent\u00e4 jos ryhtyisi aamuisin, - joka aamu, viikon ajan - paistamaan aamiaisp\u00f6yt\u00e4\u00e4n croissanteja ja pilkkoisi hedelmi\u00e4 lautaselle, ja sitten keitt\u00e4isi maitokahvia tai siis keitt\u00e4isi ensiksikin erikseen eritt\u00e4in tummapaahtoista kahvia ja sitten keitt\u00e4isi erikseen maidon kuumaksi. Unohtaisi puuron, unohtaisi puoli lasillista gefilus-tuoremehua, D-vitamiinin, glukosamiinin, pannukahvin ja siihen tilkan maitoa ja oheen\u2026","rel":"","context":"Kategoriassa &quot;Niit\u00e4 n\u00e4it\u00e4&quot;","block_context":{"text":"Niit\u00e4 n\u00e4it\u00e4","link":"https:\/\/www.satokangas.fi\/blogi\/category\/aiheeton\/"},"img":{"alt_text":"","src":"https:\/\/i0.wp.com\/www.satokangas.fi\/blogi\/wp-content\/uploads\/2018\/02\/%C2%A8Mieliala-1.jpg?resize=350%2C200&ssl=1","width":350,"height":200,"srcset":"https:\/\/i0.wp.com\/www.satokangas.fi\/blogi\/wp-content\/uploads\/2018\/02\/%C2%A8Mieliala-1.jpg?resize=350%2C200&ssl=1 1x, https:\/\/i0.wp.com\/www.satokangas.fi\/blogi\/wp-content\/uploads\/2018\/02\/%C2%A8Mieliala-1.jpg?resize=525%2C300&ssl=1 1.5x, https:\/\/i0.wp.com\/www.satokangas.fi\/blogi\/wp-content\/uploads\/2018\/02\/%C2%A8Mieliala-1.jpg?resize=700%2C400&ssl=1 2x"},"classes":[]},{"id":39444,"url":"https:\/\/www.satokangas.fi\/blogi\/2020\/10\/tarhanpuistossa\/","url_meta":{"origin":5199,"position":5},"title":"Tarhan puistossa","author":"Reija","date":"2.10.2020","format":false,"excerpt":"Vaikea muistaa t\u00e4llaista lokakuun alun l\u00e4mp\u00f6\u00e4, v\u00e4riloistoa, aiemmin koettuna. [olipa vanhahtava lause, liek\u00f6 edes oikeakielinen?] V\u00e4h\u00e4n vahinko, ett\u00e4 ulkoilu j\u00e4i aika v\u00e4hiin - tarhan puistossa reilu tunti eik\u00e4 muuta. Ja kyll\u00e4p\u00e4s olikin paljon d\u00e9j\u00e0-vu -hetki\u00e4. \"Tarhan puisto\" tarkoittaa meid\u00e4n lasten p\u00e4iv\u00e4kodin (Taskilan p\u00e4iv\u00e4koti) viereist\u00e4 leikkipuistoa, josta t\u00e4n\u00e4\u00e4n pienten kanssa piipahdimme\u2026","rel":"","context":"Kategoriassa &quot;Isovanhemmuus&quot;","block_context":{"text":"Isovanhemmuus","link":"https:\/\/www.satokangas.fi\/blogi\/category\/isovanhemmuus\/"},"img":{"alt_text":"","src":"https:\/\/i0.wp.com\/www.satokangas.fi\/blogi\/wp-content\/uploads\/2020\/10\/kotona-2.jpg?resize=350%2C200&ssl=1","width":350,"height":200,"srcset":"https:\/\/i0.wp.com\/www.satokangas.fi\/blogi\/wp-content\/uploads\/2020\/10\/kotona-2.jpg?resize=350%2C200&ssl=1 1x, https:\/\/i0.wp.com\/www.satokangas.fi\/blogi\/wp-content\/uploads\/2020\/10\/kotona-2.jpg?resize=525%2C300&ssl=1 1.5x"},"classes":[]}],"_links":{"self":[{"href":"https:\/\/www.satokangas.fi\/blogi\/wp-json\/wp\/v2\/posts\/5199","targetHints":{"allow":["GET"]}}],"collection":[{"href":"https:\/\/www.satokangas.fi\/blogi\/wp-json\/wp\/v2\/posts"}],"about":[{"href":"https:\/\/www.satokangas.fi\/blogi\/wp-json\/wp\/v2\/types\/post"}],"author":[{"embeddable":true,"href":"https:\/\/www.satokangas.fi\/blogi\/wp-json\/wp\/v2\/users\/1"}],"replies":[{"embeddable":true,"href":"https:\/\/www.satokangas.fi\/blogi\/wp-json\/wp\/v2\/comments?post=5199"}],"version-history":[{"count":0,"href":"https:\/\/www.satokangas.fi\/blogi\/wp-json\/wp\/v2\/posts\/5199\/revisions"}],"wp:attachment":[{"href":"https:\/\/www.satokangas.fi\/blogi\/wp-json\/wp\/v2\/media?parent=5199"}],"wp:term":[{"taxonomy":"category","embeddable":true,"href":"https:\/\/www.satokangas.fi\/blogi\/wp-json\/wp\/v2\/categories?post=5199"},{"taxonomy":"post_tag","embeddable":true,"href":"https:\/\/www.satokangas.fi\/blogi\/wp-json\/wp\/v2\/tags?post=5199"}],"curies":[{"name":"wp","href":"https:\/\/api.w.org\/{rel}","templated":true}]}}