{"id":51134,"date":"2024-11-14T20:18:38","date_gmt":"2024-11-14T18:18:38","guid":{"rendered":"https:\/\/www.satokangas.fi\/blogi\/?p=51134"},"modified":"2024-11-14T20:21:32","modified_gmt":"2024-11-14T18:21:32","slug":"flunssia-ja-niiden-ehkaisya","status":"publish","type":"post","link":"https:\/\/www.satokangas.fi\/blogi\/2024\/11\/flunssia-ja-niiden-ehkaisya\/","title":{"rendered":"Flunssia ja niiden ehk\u00e4isy\u00e4"},"content":{"rendered":"<p style=\"text-align: justify;\">On p\u00e4iv\u00e4lleen vuosi siit\u00e4, kun lensimme Espanjaan osallistuaksemme Andalusian suurelle kiertomatkalle. Osallistuttiinhan me, vaikka kiertomatkamme torsoksi j\u00e4ikin (korona!). Tulipahan mieleen, kun nyt katselee uutisissa ja netiss\u00e4 videoklippej\u00e4 tulvivista kaduista, vesivirroista ja kaaoksesta liikenteess\u00e4. Pahalta n\u00e4ytt\u00e4\u00e4, ja tuntuukin.<\/p>\n<p style=\"text-align: justify;\">Viime vuonna ei yrityksest\u00e4 huolimatta saatu korona- ja influenssarokotuksia ennen reissua (oli muutamasta p\u00e4iv\u00e4st\u00e4 kiinni), ja <a href=\"https:\/\/www.satokangas.fi\/blogi\/2023\/11\/sevillassa-yksikseni\/\" target=\"_blank\" rel=\"noopener\">seurauksethan sitten olivat aika ankeat<\/a>. Nyt saimme rokotusajat ensi lauantaille. Ainakin Oulussa on merkillisen vaikeaa ollut j\u00e4rjest\u00e4\u00e4 ik\u00e4ihmisten, senioreiden, vai miksi meit\u00e4 yli kuusvitosia kaupungin retoriikassa kutsutaankaan, rokotukset: tuntien jonot ulkona rokotuspisteiden ulkopuolella eiv\u00e4t ole olleet Pohteen (Pohjois-Pohjanmaan hyvinvointialueen) toiminnan toimivuuden parhaita ilmenemismuotoja. Noh, nyt ei en\u00e4\u00e4 tarvitse jonottaa.<\/p>\n<p style=\"text-align: justify;\">Minullakin alkaa vihdoin flunssa helpottaa, joten senkin puolesta p\u00e4\u00e4sen hankkimaan rokotteen. J\u00e4rvenp\u00e4\u00e4n Satusaunan tarhan (syksyn ensimm\u00e4isen) flunssa-aallon tauti kesti 1-vuotiaalla muutaman p\u00e4iv\u00e4n, 1-vuotiaan vanhemmilla muutaman viikon, mutta mummilla muutaman kuukauden, ja bonuksena siihen kuului viel\u00e4 aika perusteellinen poskiontelotulehdus sek\u00e4 \u00e4\u00e4nen h\u00e4ipyminen viel\u00e4 viime viikolla aika ajoin l\u00e4hes totaalisesti. Mutta nyt ohi on!<\/p>\n<p>~~~~~~~~<\/p>\n<p><a href=\"https:\/\/www.satokangas.fi\/blogi\/2024\/11\/flunssia-ja-niiden-ehkaisya\/kaudenpaatos-2\/\" rel=\"attachment wp-att-51136\"><img loading=\"lazy\" decoding=\"async\" data-attachment-id=\"51136\" data-permalink=\"https:\/\/www.satokangas.fi\/blogi\/2024\/11\/flunssia-ja-niiden-ehkaisya\/kaudenpaatos-2\/\" data-orig-file=\"https:\/\/www.satokangas.fi\/blogi\/wp-content\/uploads\/2024\/11\/Kaudenpaatos-2.jpg\" data-orig-size=\"499,800\" data-comments-opened=\"1\" data-image-meta=\"{&quot;aperture&quot;:&quot;1.8&quot;,&quot;credit&quot;:&quot;&quot;,&quot;camera&quot;:&quot;Galaxy S23&quot;,&quot;caption&quot;:&quot;&quot;,&quot;created_timestamp&quot;:&quot;1731577595&quot;,&quot;copyright&quot;:&quot;&quot;,&quot;focal_length&quot;:&quot;5.4&quot;,&quot;iso&quot;:&quot;50&quot;,&quot;shutter_speed&quot;:&quot;0.0052631578947368&quot;,&quot;title&quot;:&quot;&quot;,&quot;orientation&quot;:&quot;0&quot;}\" data-image-title=\"Kaudenpaatos-2\" data-image-description=\"\" data-image-caption=\"\" data-large-file=\"https:\/\/www.satokangas.fi\/blogi\/wp-content\/uploads\/2024\/11\/Kaudenpaatos-2-416x667.jpg\" class=\"alignleft wp-image-51136 size-medium\" src=\"https:\/\/www.satokangas.fi\/blogi\/wp-content\/uploads\/2024\/11\/Kaudenpaatos-2-250x400.jpg\" alt=\"\" width=\"250\" height=\"400\" srcset=\"https:\/\/www.satokangas.fi\/blogi\/wp-content\/uploads\/2024\/11\/Kaudenpaatos-2-250x400.jpg 250w, https:\/\/www.satokangas.fi\/blogi\/wp-content\/uploads\/2024\/11\/Kaudenpaatos-2-416x667.jpg 416w, https:\/\/www.satokangas.fi\/blogi\/wp-content\/uploads\/2024\/11\/Kaudenpaatos-2-125x200.jpg 125w, https:\/\/www.satokangas.fi\/blogi\/wp-content\/uploads\/2024\/11\/Kaudenpaatos-2.jpg 499w\" sizes=\"auto, (max-width: 250px) 100vw, 250px\" \/><\/a><\/p>\n<p>Muistiinpano itselle: t\u00e4n\u00e4\u00e4n loppui kausi.<br \/>\nNyt luvut (tuossa nelj\u00e4n kes\u00e4n py\u00f6r\u00e4ilyt) sellaisia,<br \/>\nett\u00e4 on hyv\u00e4 mieli.<\/p>\n<p><a href=\"https:\/\/www.satokangas.fi\/blogi\/2022\/10\/monta-check\/\" target=\"_blank\" rel=\"noopener\">&#8221;Pukki ja oikeinmerkki&#8221;<\/a> sen tekev\u00e4t<br \/>\n&#8211; kuten sukurasitteeseen kuuluu. &#x1f923;<\/p>\n<p>Nyt l\u00e4htee sykkeli huoltoon ja talvilevolle.<\/p>\n<p>(Otsikkokuvassa otos k\u00e4nnyk\u00e4ll\u00e4 Hartaansel\u00e4lt\u00e4 kohti Toppilaa:<br \/>\nTervaporvarinpuiston rantatie on jo auki,<br \/>\nmik\u00e4 ilahdutti kovasti. Kevyenliikenteen uusi silta on viel\u00e4 &#8221;vaiheessa&#8221;.)<\/p>\n","protected":false},"excerpt":{"rendered":"<p>On p\u00e4iv\u00e4lleen vuosi siit\u00e4, kun lensimme Espanjaan osallistuaksemme Andalusian suurelle kiertomatkalle. Osallistuttiinhan me, vaikka kiertomatkamme torsoksi j\u00e4ikin (korona!). Tulipahan mieleen, kun nyt katselee uutisissa ja netiss\u00e4 videoklippej\u00e4 tulvivista kaduista, vesivirroista ja kaaoksesta liikenteess\u00e4. Pahalta n\u00e4ytt\u00e4\u00e4, ja tuntuukin. Viime vuonna ei yrityksest\u00e4 huolimatta saatu korona- ja influenssarokotuksia ennen reissua (oli muutamasta p\u00e4iv\u00e4st\u00e4 kiinni), ja seurauksethan sitten olivat aika ankeat. Nyt saimme &hellip; <\/p>\n","protected":false},"author":1,"featured_media":51135,"comment_status":"open","ping_status":"open","sticky":false,"template":"","format":"standard","meta":{"jetpack_post_was_ever_published":false,"_jetpack_newsletter_access":"","_jetpack_dont_email_post_to_subs":false,"_jetpack_newsletter_tier_id":0,"_jetpack_memberships_contains_paywalled_content":false,"_jetpack_memberships_contains_paid_content":false,"footnotes":"","jetpack_publicize_message":"","jetpack_publicize_feature_enabled":true,"jetpack_social_post_already_shared":true,"jetpack_social_options":{"image_generator_settings":{"template":"highway","default_image_id":0,"font":"","enabled":false},"version":2}},"categories":[1],"tags":[],"class_list":["post-51134","post","type-post","status-publish","format-standard","has-post-thumbnail","hentry","category-aiheeton","latest_post"],"jetpack_publicize_connections":[],"jetpack_featured_media_url":"https:\/\/www.satokangas.fi\/blogi\/wp-content\/uploads\/2024\/11\/Kaudenpaatos.jpg","jetpack_shortlink":"https:\/\/wp.me\/pr4p4-diK","jetpack_sharing_enabled":true,"jetpack_likes_enabled":false,"jetpack-related-posts":[{"id":29579,"url":"https:\/\/www.satokangas.fi\/blogi\/2016\/11\/29579\/","url_meta":{"origin":51134,"position":0},"title":"Matkakuume nousee","author":"Reija","date":"10.11.2016","format":false,"excerpt":"T\u00e4pin\u00f6iss\u00e4\u00e4nh\u00e4n sit\u00e4 olen. Tietysti. Onhan siit\u00e4 jo yli vuosi kun on k\u00e4yty ulkomailla. Ja se on meille pitk\u00e4 aika se. Ligurian matkan j\u00e4lkeen ainoa rajan ylitys on ollut kerran kuussa Haaparannalle, Ruotsiin. Nyt kun olisi \"jatkuvasti lomaa\", tai ainakin pois ty\u00f6el\u00e4m\u00e4n sitovista aikatauluista, olisi periaatteessa ollut mahdollisuus reissata tiuhempaankin, edes\u2026","rel":"","context":"Kategoriassa &quot;Niit\u00e4 n\u00e4it\u00e4&quot;","block_context":{"text":"Niit\u00e4 n\u00e4it\u00e4","link":"https:\/\/www.satokangas.fi\/blogi\/category\/aiheeton\/"},"img":{"alt_text":"japaniin","src":"https:\/\/i0.wp.com\/www.satokangas.fi\/blogi\/wp-content\/uploads\/2016\/11\/Japaniin-578x400.jpg?resize=350%2C200&ssl=1","width":350,"height":200,"srcset":"https:\/\/i0.wp.com\/www.satokangas.fi\/blogi\/wp-content\/uploads\/2016\/11\/Japaniin-578x400.jpg?resize=350%2C200&ssl=1 1x, https:\/\/i0.wp.com\/www.satokangas.fi\/blogi\/wp-content\/uploads\/2016\/11\/Japaniin-578x400.jpg?resize=525%2C300&ssl=1 1.5x"},"classes":[]},{"id":43645,"url":"https:\/\/www.satokangas.fi\/blogi\/2022\/09\/greece-on-my-mind\/","url_meta":{"origin":51134,"position":1},"title":"Greece on my mind","author":"Reija","date":"10.9.2022","format":false,"excerpt":"On ollut aika muistella Kreikan matkaa 40 vuoden takaa. On ollut aika juhlia yst\u00e4vien 39-vuotish\u00e4\u00e4p\u00e4iv\u00e4\u00e4. On ollut aika juhlia vuosikymmenien yst\u00e4vyytt\u00e4. On ollut aika sy\u00f6d\u00e4 hyvin, itse asiassa erinomaisesti, kreikkalaista hyv\u00e4\u00e4 kotiruokaa. On 40 vuotta siit\u00e4, kun olin nelj\u00e4nnen vuoden historian opiskelija, joka hullun rohkeana lupautui - ja halusi -\u2026","rel":"","context":"Kategoriassa &quot;Niit\u00e4 n\u00e4it\u00e4&quot;","block_context":{"text":"Niit\u00e4 n\u00e4it\u00e4","link":"https:\/\/www.satokangas.fi\/blogi\/category\/aiheeton\/"},"img":{"alt_text":"","src":"https:\/\/i0.wp.com\/www.satokangas.fi\/blogi\/wp-content\/uploads\/2022\/09\/1982-Kreikka-II_112-618x400.jpg?resize=350%2C200&ssl=1","width":350,"height":200,"srcset":"https:\/\/i0.wp.com\/www.satokangas.fi\/blogi\/wp-content\/uploads\/2022\/09\/1982-Kreikka-II_112-618x400.jpg?resize=350%2C200&ssl=1 1x, https:\/\/i0.wp.com\/www.satokangas.fi\/blogi\/wp-content\/uploads\/2022\/09\/1982-Kreikka-II_112-618x400.jpg?resize=525%2C300&ssl=1 1.5x"},"classes":[]},{"id":10879,"url":"https:\/\/www.satokangas.fi\/blogi\/2011\/03\/nuorten-opintoja\/","url_meta":{"origin":51134,"position":2},"title":"Nuorten opintoja","author":"Reija","date":"1.3.2011","format":false,"excerpt":"Juuri kun laittelin villapoolon ja -puseron pesuun, likoamaan, miettien samalla mit\u00e4 muuta pit\u00e4isi lomaviikkoa varten pest\u00e4 ja juuri kun pidin pient\u00e4 taukoa powerpointin \u00e4\u00e4relt\u00e4, tulee eilen viel\u00e4 Prahassa olleelta tytt\u00e4relt\u00e4 viesti: \" .. ollaan just l\u00e4htem\u00e4ss\u00e4 Wienist\u00e4 ja ollaan menossa kohti Bratislavaa, sinne on vaan joku tunnin matka. Oli kyll\u00e4\u2026","rel":"","context":"Kategoriassa &quot;Vanhemmuus&quot;","block_context":{"text":"Vanhemmuus","link":"https:\/\/www.satokangas.fi\/blogi\/category\/vanhemmuus\/"},"img":{"alt_text":"","src":"","width":0,"height":0},"classes":[]},{"id":29071,"url":"https:\/\/www.satokangas.fi\/blogi\/2016\/08\/mtb-ja-matkahaaveiden-romahdus\/","url_meta":{"origin":51134,"position":3},"title":"MTB, ja matkahaaveiden romahdus","author":"Reija","date":"29.8.2016","format":false,"excerpt":"Aamupuuron \u00e4\u00e4ress\u00e4, auringon paistaessa, y\u00f6pakkasen jo h\u00e4lvetty\u00e4, mittarin n\u00e4ytt\u00e4ess\u00e4 monta l\u00e4mp\u00f6astetta mietimme, ett\u00e4 mit\u00e4s t\u00e4n\u00e4\u00e4n. Yhdeks\u00e4n j\u00e4lkeen starttasimme m\u00f6kin pihasta kohti Kulmakurua. Siell\u00e4 on k\u00e4yty edellisen kerran nuorina ja hyv\u00e4kuntoisina, - suksilla. Sinne on m\u00f6kilt\u00e4 reilusti toistakymment\u00e4 kilometri\u00e4 suuntaansa, joten varasimme reppuun v\u00e4h\u00e4n ev\u00e4it\u00e4 ja l\u00e4hdimme polkemaan. Pitk\u00e4st\u00e4 aikaa maastopy\u00f6r\u00e4ily\u00e4.\u2026","rel":"","context":"Kategoriassa &quot;Lappi&quot;","block_context":{"text":"Lappi","link":"https:\/\/www.satokangas.fi\/blogi\/category\/lappi\/"},"img":{"alt_text":"MTB-9","src":"https:\/\/i0.wp.com\/www.satokangas.fi\/blogi\/wp-content\/uploads\/2016\/08\/MTB-9-600x392.jpg?resize=350%2C200&ssl=1","width":350,"height":200,"srcset":"https:\/\/i0.wp.com\/www.satokangas.fi\/blogi\/wp-content\/uploads\/2016\/08\/MTB-9-600x392.jpg?resize=350%2C200&ssl=1 1x, https:\/\/i0.wp.com\/www.satokangas.fi\/blogi\/wp-content\/uploads\/2016\/08\/MTB-9-600x392.jpg?resize=525%2C300&ssl=1 1.5x"},"classes":[]},{"id":3691,"url":"https:\/\/www.satokangas.fi\/blogi\/2009\/07\/andorra\/","url_meta":{"origin":51134,"position":4},"title":"Andorra","author":"Reija","date":"1.7.2009","format":false,"excerpt":"Andorra. Suunnitellessamme t\u00e4t\u00e4 matkaa vaihtoehtoja olivat Portugali, Provence ja sitten t\u00e4m\u00e4 Costa Bravan rannikko t\u00e4\u00e4ll\u00e4 Kataloniassa. Yksi iso peruste Katalonian valitsemiseksi oli se, ett\u00e4 voisimme samalla reissulla k\u00e4yd\u00e4 my\u00f6s Andorrassa. T\u00e4n\u00e4\u00e4n se on tehty. Euroopan katolla? Aivan. Aamup\u00e4iv\u00e4 sinne Pyreneiden rinteit\u00e4 vuoren sein\u00e4mi\u00e4 noustessa kului ja ilta sielt\u00e4 palatessa. Kilometrej\u00e4\u2026","rel":"","context":"Kategoriassa &quot;Katalonia&quot;","block_context":{"text":"Katalonia","link":"https:\/\/www.satokangas.fi\/blogi\/category\/reissut\/katalonia\/"},"img":{"alt_text":"Andorra","src":"https:\/\/i0.wp.com\/www.satokangas.fi\/blogi\/wp-content\/uploads\/2009\/07\/andorra-020-302x400.jpg?resize=350%2C200&ssl=1","width":350,"height":200},"classes":[]},{"id":38318,"url":"https:\/\/www.satokangas.fi\/blogi\/2020\/03\/korona-puhuttaa\/","url_meta":{"origin":51134,"position":5},"title":"Korona puhuttaa","author":"Reija","date":"10.3.2020","format":false,"excerpt":"Olisi vuosittainen Dionysia-juhla (Oulun Viininyst\u00e4vien vuosijuhla). Olemme osallistuneet l\u00e4hes joka vuosi, t\u00e4n\u00e4\u00e4n j\u00e4tettiin v\u00e4liin. Ei, ei johdu koronasta, ett\u00e4 skippasin ilmoittautumisen ja osallistumisemme. Jo viime viikolla olin Hugossa, t\u00e4m\u00e4n kertainen menu ei houkuttanut, oli aika tyyriskin, ensi viikonloppuna on BO:n maistelut, ja kotonakin juhlaruokaa... Ja nyt ei vaan houkuttanut. Joskus\u2026","rel":"","context":"Kategoriassa &quot;Niit\u00e4 n\u00e4it\u00e4&quot;","block_context":{"text":"Niit\u00e4 n\u00e4it\u00e4","link":"https:\/\/www.satokangas.fi\/blogi\/category\/aiheeton\/"},"img":{"alt_text":"","src":"https:\/\/i0.wp.com\/www.satokangas.fi\/blogi\/wp-content\/uploads\/2020\/03\/1-9.jpg?resize=350%2C200&ssl=1","width":350,"height":200,"srcset":"https:\/\/i0.wp.com\/www.satokangas.fi\/blogi\/wp-content\/uploads\/2020\/03\/1-9.jpg?resize=350%2C200&ssl=1 1x, https:\/\/i0.wp.com\/www.satokangas.fi\/blogi\/wp-content\/uploads\/2020\/03\/1-9.jpg?resize=525%2C300&ssl=1 1.5x, https:\/\/i0.wp.com\/www.satokangas.fi\/blogi\/wp-content\/uploads\/2020\/03\/1-9.jpg?resize=700%2C400&ssl=1 2x"},"classes":[]}],"_links":{"self":[{"href":"https:\/\/www.satokangas.fi\/blogi\/wp-json\/wp\/v2\/posts\/51134","targetHints":{"allow":["GET"]}}],"collection":[{"href":"https:\/\/www.satokangas.fi\/blogi\/wp-json\/wp\/v2\/posts"}],"about":[{"href":"https:\/\/www.satokangas.fi\/blogi\/wp-json\/wp\/v2\/types\/post"}],"author":[{"embeddable":true,"href":"https:\/\/www.satokangas.fi\/blogi\/wp-json\/wp\/v2\/users\/1"}],"replies":[{"embeddable":true,"href":"https:\/\/www.satokangas.fi\/blogi\/wp-json\/wp\/v2\/comments?post=51134"}],"version-history":[{"count":0,"href":"https:\/\/www.satokangas.fi\/blogi\/wp-json\/wp\/v2\/posts\/51134\/revisions"}],"wp:featuredmedia":[{"embeddable":true,"href":"https:\/\/www.satokangas.fi\/blogi\/wp-json\/wp\/v2\/media\/51135"}],"wp:attachment":[{"href":"https:\/\/www.satokangas.fi\/blogi\/wp-json\/wp\/v2\/media?parent=51134"}],"wp:term":[{"taxonomy":"category","embeddable":true,"href":"https:\/\/www.satokangas.fi\/blogi\/wp-json\/wp\/v2\/categories?post=51134"},{"taxonomy":"post_tag","embeddable":true,"href":"https:\/\/www.satokangas.fi\/blogi\/wp-json\/wp\/v2\/tags?post=51134"}],"curies":[{"name":"wp","href":"https:\/\/api.w.org\/{rel}","templated":true}]}}