{"id":51129,"date":"2024-11-13T20:48:49","date_gmt":"2024-11-13T18:48:49","guid":{"rendered":"https:\/\/www.satokangas.fi\/blogi\/?p=51129"},"modified":"2024-11-13T20:54:16","modified_gmt":"2024-11-13T18:54:16","slug":"menneessa-taas-2","status":"publish","type":"post","link":"https:\/\/www.satokangas.fi\/blogi\/2024\/11\/menneessa-taas-2\/","title":{"rendered":"Menneess\u00e4 taas &#8230;"},"content":{"rendered":"<p style=\"text-align: justify;\">Hieman arveluttava, tai ainakin outo, juttu sattui t\u00e4n\u00e4\u00e4n silmiin kauppareissulla. Ruskon Cittarissa Pirkka-kimppua valitessani hoksasin suunnilleen ik\u00e4iseni naisen valitsevan pitk\u00e4\u00e4n ja huolellisesti irtiksi\u00e4, ker\u00e4si niit\u00e4 pienen pussillisen, ja tuli sitten h\u00e4nkin katselemaan kukka\u00e4mp\u00e4reit\u00e4 &#8211; ja samalla vaivihkaa sy\u00f6m\u00e4\u00e4n niit\u00e4 karkkeja! Tovi siin\u00e4 oltiin yht\u00e4 aikaa ja h\u00e4n mutusteli karkin toisensa per\u00e4\u00e4n, siirtyi jonnekin, ja kun min\u00e4 jo olin siirtynyt karkkihyllyjen l\u00e4heiseen kassajonoon, t\u00e4m\u00e4 karkki-ihminen meni vasta silloin punnitsemaan ne karkit. Siis sy\u00f6ty\u00e4\u00e4n pussista varmaankin kourallisen irtiksi\u00e4. Muka vaivihkaa katselin touhuaan&#8230; Enk\u00e4 tietenk\u00e4\u00e4n sanonut kenellek\u00e4\u00e4n mit\u00e4\u00e4n. H\u00e4mm\u00e4stytti kyll\u00e4!<\/p>\n<p style=\"text-align: justify;\">H\u00e4mm\u00e4stytti melkein yht\u00e4 paljon kuin se, kun vuosia sitten alkukes\u00e4st\u00e4 n\u00e4in hautausmaalla perheen, joka tuli vanhempieni haudan viereiselle k\u00e4yt\u00e4v\u00e4lle kukkapurkin kanssa, asettelivat sen kauniisti paikalleen ja ottivat sitten k\u00e4nnyll\u00e4\u00e4n kuvia toisistaan haudan \u00e4\u00e4rell\u00e4. Ja t\u00e4m\u00e4n episodin j\u00e4lkeen, ottivat ruusupurkin takaisin kainaloonsa ja l\u00e4htiv\u00e4t jatkamaan matkaa. Sukulaiset saivat varmastikin kuvatodisteen haudalla k\u00e4ynnist\u00e4 ja kukkien viemisest\u00e4.<\/p>\n<p>~~~~~~~~~~~~~~~~~~~~~~~~<\/p>\n<p style=\"text-align: justify;\"><a href=\"https:\/\/www.satokangas.fi\/blogi\/2024\/11\/menneessa-taas-2\/kannas-sarja\/\" rel=\"attachment wp-att-51130\"><img loading=\"lazy\" decoding=\"async\" data-attachment-id=\"51130\" data-permalink=\"https:\/\/www.satokangas.fi\/blogi\/2024\/11\/menneessa-taas-2\/kannas-sarja\/\" data-orig-file=\"https:\/\/www.satokangas.fi\/blogi\/wp-content\/uploads\/2024\/11\/kannas-sarja.jpg\" data-orig-size=\"518,396\" data-comments-opened=\"1\" data-image-meta=\"{&quot;aperture&quot;:&quot;0&quot;,&quot;credit&quot;:&quot;&quot;,&quot;camera&quot;:&quot;&quot;,&quot;caption&quot;:&quot;&quot;,&quot;created_timestamp&quot;:&quot;0&quot;,&quot;copyright&quot;:&quot;&quot;,&quot;focal_length&quot;:&quot;0&quot;,&quot;iso&quot;:&quot;0&quot;,&quot;shutter_speed&quot;:&quot;0&quot;,&quot;title&quot;:&quot;&quot;,&quot;orientation&quot;:&quot;0&quot;}\" data-image-title=\"kannas-sarja\" data-image-description=\"\" data-image-caption=\"\" data-large-file=\"https:\/\/www.satokangas.fi\/blogi\/wp-content\/uploads\/2024\/11\/kannas-sarja.jpg\" class=\"size-full wp-image-51130 alignleft\" src=\"https:\/\/www.satokangas.fi\/blogi\/wp-content\/uploads\/2024\/11\/kannas-sarja.jpg\" alt=\"\" width=\"518\" height=\"396\" srcset=\"https:\/\/www.satokangas.fi\/blogi\/wp-content\/uploads\/2024\/11\/kannas-sarja.jpg 518w, https:\/\/www.satokangas.fi\/blogi\/wp-content\/uploads\/2024\/11\/kannas-sarja-262x200.jpg 262w\" sizes=\"auto, (max-width: 518px) 100vw, 518px\" \/><\/a><\/p>\n<p style=\"text-align: justify;\">T\u00e4n\u00e4\u00e4n sain p\u00e4\u00e4t\u00f6kseen Laila Hirvisaaren (ent. Hietamies) 5-osaisen Kannas-sarjan. Ykk\u00f6sosan kuuntelin joskus kes\u00e4ll\u00e4, nyt ennen m\u00f6kkirupeamaa latasin loputkin Bookbeatista. Muistan, ett\u00e4 Laila Hietamiehen kirjat olivat niit\u00e4, joita \u00e4itini osti itselleen joulu- ja \u00e4itienp\u00e4iv\u00e4lahjoiksi, taisi joskus suositella minullekin luettavaksi. Eiv\u00e4tp\u00e4 olisi voineet v\u00e4hemp\u00e4\u00e4 kiinnostaa.<\/p>\n<p style=\"text-align: justify;\">Minulla taisi olla Hemingway- Irwing- tai Waltari -kauteni niihin aikoihin&#8230; Nyt kun minulla on menossa mm. saamelais- ja lappilaiskirjailijoiden vaihe, evakkokirjallisuuden vaihe, yritys lukea\u00a0 (= kuunnella) aasialaisten kirjailijoiden romaaneja, ainainen kiinnostus el\u00e4m\u00e4kertoihin ja historiallisiin romaaneihin, olen l\u00f6yt\u00e4nyt Hirvisaaren. Olisinpa kuunnellut nuo ennen kuin ryhdyin kirjoittamaan <a href=\"https:\/\/www.satokangas.fi\/blogi\/2023\/01\/surutyota-tallakin-tavoin-evakkomatka-vol-i\/\" target=\"_blank\" rel=\"noopener\">\u00e4idin biografiaa<\/a>.<\/p>\n<p style=\"text-align: justify;\">N\u00e4m\u00e4 eiv\u00e4t ole k\u00e4rsineet vuosikymmenten saatossa, ne ovat romaaniksi kirjoitettua arjen historiaa ja sosiaalihistoriaa. Kirjat ovat l\u00e4hes pelkk\u00e4\u00e4 dialogia, vuoropuhelua tai p\u00e4\u00e4henkil\u00f6iden &#8221;\u00e4\u00e4neen ajattelua&#8221; ja Johanna Kokon lukemana karjalan murre soljuu luontevasti, niin soljuvasti, ett\u00e4 t\u00e4m\u00e4n kolmeviikkoisen murrekylvyn j\u00e4lkeen miekin huomaan ajattelevani jo karjalan murteella, ainakin v\u00e4h\u00e4sen.<\/p>\n<p style=\"text-align: justify;\">T\u00e4h\u00e4n saumaan sattui t\u00e4lle illalle Oulun Historiaseuran (striimattu) esitelm\u00e4tilaisuus, jossa kollega, karjalainen sukujuuriltaan h\u00e4nkin, puhui evakoiden muistoista. Nimenomaan muistoista. Kovin tutulta tuntuivat.<\/p>\n<h1 class=\"style-scope ytd-watch-metadata\" style=\"text-align: justify;\"><\/h1>\n<p style=\"text-align: justify;\">\n","protected":false},"excerpt":{"rendered":"<p>Hieman arveluttava, tai ainakin outo, juttu sattui t\u00e4n\u00e4\u00e4n silmiin kauppareissulla. Ruskon Cittarissa Pirkka-kimppua valitessani hoksasin suunnilleen ik\u00e4iseni naisen valitsevan pitk\u00e4\u00e4n ja huolellisesti irtiksi\u00e4, ker\u00e4si niit\u00e4 pienen pussillisen, ja tuli sitten h\u00e4nkin katselemaan kukka\u00e4mp\u00e4reit\u00e4 &#8211; ja samalla vaivihkaa sy\u00f6m\u00e4\u00e4n niit\u00e4 karkkeja! Tovi siin\u00e4 oltiin yht\u00e4 aikaa ja h\u00e4n mutusteli karkin toisensa per\u00e4\u00e4n, siirtyi jonnekin, ja kun min\u00e4 jo olin siirtynyt karkkihyllyjen &hellip; <\/p>\n","protected":false},"author":1,"featured_media":51131,"comment_status":"open","ping_status":"open","sticky":false,"template":"","format":"standard","meta":{"jetpack_post_was_ever_published":false,"_jetpack_newsletter_access":"","_jetpack_dont_email_post_to_subs":false,"_jetpack_newsletter_tier_id":0,"_jetpack_memberships_contains_paywalled_content":false,"_jetpack_memberships_contains_paid_content":false,"footnotes":"","jetpack_publicize_message":"","jetpack_publicize_feature_enabled":true,"jetpack_social_post_already_shared":true,"jetpack_social_options":{"image_generator_settings":{"template":"highway","default_image_id":0,"font":"","enabled":false},"version":2}},"categories":[1],"tags":[],"class_list":["post-51129","post","type-post","status-publish","format-standard","has-post-thumbnail","hentry","category-aiheeton","latest_post"],"jetpack_publicize_connections":[],"jetpack_featured_media_url":"https:\/\/www.satokangas.fi\/blogi\/wp-content\/uploads\/2024\/11\/silloilla.jpg","jetpack_shortlink":"https:\/\/wp.me\/pr4p4-diF","jetpack_sharing_enabled":true,"jetpack_likes_enabled":false,"jetpack-related-posts":[{"id":44739,"url":"https:\/\/www.satokangas.fi\/blogi\/2023\/02\/pienia-iloja-2\/","url_meta":{"origin":51129,"position":0},"title":"Pieni\u00e4 iloja","author":"Reija","date":"5.2.2023","format":false,"excerpt":"Kun ei ole paljon tekemist\u00e4, ei tule tehty\u00e4 paljon mit\u00e4\u00e4n.\u00a0\u00a0 T\u00e4h\u00e4n kiteytyy koko p\u00e4iv\u00e4ni syv\u00e4mietteinen yhteenveto.\u00a0 Noh, joka tapauksessa, kun V\u00e4vy y\u00f6vytty\u00e4\u00e4n kotikotonaan tuli aamukahdeksan aikaan hakemaan Ty\u00e4rt\u00e4 ja l\u00e4htiv\u00e4t sitten ajelemaan melkein kahden kuukauden Oulu - Hangasoja - Oulu -oleskelunsa j\u00e4lkeen kohti kotiaan, kohti J\u00e4rvenp\u00e4\u00e4t\u00e4, mie l\u00e4hdin hiihtelem\u00e4\u00e4n. Oulun\u2026","rel":"","context":"Kategoriassa &quot;Isovanhemmuus&quot;","block_context":{"text":"Isovanhemmuus","link":"https:\/\/www.satokangas.fi\/blogi\/category\/isovanhemmuus\/"},"img":{"alt_text":"","src":"https:\/\/i0.wp.com\/www.satokangas.fi\/blogi\/wp-content\/uploads\/2023\/02\/Pyykkari.jpg?resize=350%2C200&ssl=1","width":350,"height":200,"srcset":"https:\/\/i0.wp.com\/www.satokangas.fi\/blogi\/wp-content\/uploads\/2023\/02\/Pyykkari.jpg?resize=350%2C200&ssl=1 1x, https:\/\/i0.wp.com\/www.satokangas.fi\/blogi\/wp-content\/uploads\/2023\/02\/Pyykkari.jpg?resize=525%2C300&ssl=1 1.5x, https:\/\/i0.wp.com\/www.satokangas.fi\/blogi\/wp-content\/uploads\/2023\/02\/Pyykkari.jpg?resize=700%2C400&ssl=1 2x"},"classes":[]},{"id":38340,"url":"https:\/\/www.satokangas.fi\/blogi\/2020\/03\/kaunis-erilainen-maaliskuun-lauantai\/","url_meta":{"origin":51129,"position":1},"title":"Kaunis, erilainen maaliskuun lauantai","author":"Reija","date":"14.3.2020","format":false,"excerpt":"Odotettua touhukkaampi p\u00e4iv\u00e4 t\u00e4st\u00e4 tulikin. Tai noh, - touhukas ja touhukas. Joka tapauksessa parituntinen kierros Oulun niin kauniissa, aurinkoisessa maaliskuun lauantain aamup\u00e4iv\u00e4ss\u00e4 oli hyv\u00e4\u00e4 tekev\u00e4. Hieno keli, parempi mieli. Valo ja happi tekev\u00e4t hyv\u00e4\u00e4. Kuvassa p\u00e4iv\u00e4n \"ruuhka\". Metrin v\u00e4lein kulkijoita kohti Linnansaarta. Ja todellakin, t\u00e4ss\u00e4 on poikkeuksellisen paljon ihmisi\u00e4 samassa\u2026","rel":"","context":"Kategoriassa &quot;Niit\u00e4 n\u00e4it\u00e4&quot;","block_context":{"text":"Niit\u00e4 n\u00e4it\u00e4","link":"https:\/\/www.satokangas.fi\/blogi\/category\/aiheeton\/"},"img":{"alt_text":"","src":"https:\/\/i0.wp.com\/www.satokangas.fi\/blogi\/wp-content\/uploads\/2020\/03\/1-18.jpg?resize=350%2C200&ssl=1","width":350,"height":200,"srcset":"https:\/\/i0.wp.com\/www.satokangas.fi\/blogi\/wp-content\/uploads\/2020\/03\/1-18.jpg?resize=350%2C200&ssl=1 1x, https:\/\/i0.wp.com\/www.satokangas.fi\/blogi\/wp-content\/uploads\/2020\/03\/1-18.jpg?resize=525%2C300&ssl=1 1.5x, https:\/\/i0.wp.com\/www.satokangas.fi\/blogi\/wp-content\/uploads\/2020\/03\/1-18.jpg?resize=700%2C400&ssl=1 2x"},"classes":[]},{"id":32516,"url":"https:\/\/www.satokangas.fi\/blogi\/2017\/11\/mummi-antaa-karkkia\/","url_meta":{"origin":51129,"position":2},"title":"Mummi antaa karkkia!","author":"Reija","date":"4.11.2017","format":false,"excerpt":"\"Mummu ostaa karkkia, \u00e4iti ei osta karkkkia, mummu ostaa karkkia, \u00e4iti ei osta karkkia... \" Muistan meid\u00e4n mutikaiset Citymarketissa joskus 90-luvun alkupuolella, jolloin k\u00e4vin heid\u00e4n kanssaan kaupassa kaksosten rattailla; sellaiset hankin Juniorin ollessa suunnilleen vuoden ik\u00e4inen, siskonsa silloin 2\u00bd vee. Oli k\u00e4tev\u00e4\u00e4 kun molemmat olivat \"kiinni\" rattaissa, edes jotenkin kontrolloitavissa.\u2026","rel":"","context":"Kategoriassa &quot;Isovanhemmuus&quot;","block_context":{"text":"Isovanhemmuus","link":"https:\/\/www.satokangas.fi\/blogi\/category\/isovanhemmuus\/"},"img":{"alt_text":"","src":"https:\/\/i0.wp.com\/www.satokangas.fi\/blogi\/wp-content\/uploads\/2017\/11\/Halloween-jalkkari.jpg?resize=350%2C200&ssl=1","width":350,"height":200,"srcset":"https:\/\/i0.wp.com\/www.satokangas.fi\/blogi\/wp-content\/uploads\/2017\/11\/Halloween-jalkkari.jpg?resize=350%2C200&ssl=1 1x, https:\/\/i0.wp.com\/www.satokangas.fi\/blogi\/wp-content\/uploads\/2017\/11\/Halloween-jalkkari.jpg?resize=525%2C300&ssl=1 1.5x, https:\/\/i0.wp.com\/www.satokangas.fi\/blogi\/wp-content\/uploads\/2017\/11\/Halloween-jalkkari.jpg?resize=700%2C400&ssl=1 2x"},"classes":[]},{"id":38293,"url":"https:\/\/www.satokangas.fi\/blogi\/2020\/03\/kirjan-maailmassa\/","url_meta":{"origin":51129,"position":3},"title":"Kirjan maailmassa&#8230;","author":"Reija","date":"4.3.2020","format":false,"excerpt":"J\u00e4\u00e4k\u00f6 teill\u00e4 kenell\u00e4k\u00e4\u00e4n koskaan ik\u00e4v\u00e4 joitakin lukemanne kirjan henkil\u00f6it\u00e4? - Minulla on - taas - k\u00e4ynyt niin. Aino Sibeliusta on nyt ik\u00e4v\u00e4, ja oikeastaan taitaa olla ik\u00e4v\u00e4 my\u00f6s kirjan kirjoittajaa, tutkijan \u00e4\u00e4nt\u00e4. Aika j\u00e4rk\u00e4lem\u00e4inen (liki 500 sivua) kirja loppui tuossa illansuussa, ja olin aloittelemassa heti uutta (Sylvi Kekkosesta kertovaa) mutta\u2026","rel":"","context":"Kategoriassa &quot;Luettua&quot;","block_context":{"text":"Luettua","link":"https:\/\/www.satokangas.fi\/blogi\/category\/luettua\/"},"img":{"alt_text":"","src":"https:\/\/i0.wp.com\/www.satokangas.fi\/blogi\/wp-content\/uploads\/2020\/03\/WhatsApp-Image-2020-03-04-at-12.39.45-1365x1024.jpeg?resize=350%2C200&ssl=1","width":350,"height":200,"srcset":"https:\/\/i0.wp.com\/www.satokangas.fi\/blogi\/wp-content\/uploads\/2020\/03\/WhatsApp-Image-2020-03-04-at-12.39.45-1365x1024.jpeg?resize=350%2C200&ssl=1 1x, https:\/\/i0.wp.com\/www.satokangas.fi\/blogi\/wp-content\/uploads\/2020\/03\/WhatsApp-Image-2020-03-04-at-12.39.45-1365x1024.jpeg?resize=525%2C300&ssl=1 1.5x, https:\/\/i0.wp.com\/www.satokangas.fi\/blogi\/wp-content\/uploads\/2020\/03\/WhatsApp-Image-2020-03-04-at-12.39.45-1365x1024.jpeg?resize=700%2C400&ssl=1 2x"},"classes":[]},{"id":17334,"url":"https:\/\/www.satokangas.fi\/blogi\/2013\/05\/muisteja\/","url_meta":{"origin":51129,"position":4},"title":"Muisteja","author":"Reija","date":"5.5.2013","format":false,"excerpt":"Klikkaa ensin t\u00e4m\u00e4 http:\/\/vimeo.com\/61331334 \"Muisteja. Niin kutsuttiin tytt\u00f6jen kiiltokuvia 1950-luvun Oulussa.\" Noin toteaa Peter von Bagh omael\u00e4m\u00e4kerrallisen elokuvansa\/dokkarinsa aluksi. Niin niit\u00e4 kutsuttiin viel\u00e4 1960-luvullakin. Minullakin oli muistikirja. Oli vaikka ker\u00e4sinkin enemm\u00e4n purkankuvia: jalkapallokuvia (124 kpl kuului sarjaan, ja sain ne kaikki ja l\u00e4hetin Hellakselle ja sain laatikollisen karkkia, jota \u00e4iti\u2026","rel":"","context":"Kategoriassa &quot;Historiaa&quot;","block_context":{"text":"Historiaa","link":"https:\/\/www.satokangas.fi\/blogi\/category\/historiaa\/"},"img":{"alt_text":"Muisteja-4","src":"https:\/\/i0.wp.com\/www.satokangas.fi\/blogi\/wp-content\/uploads\/2013\/05\/Muisteja-4-600x400.jpg?resize=350%2C200&ssl=1","width":350,"height":200,"srcset":"https:\/\/i0.wp.com\/www.satokangas.fi\/blogi\/wp-content\/uploads\/2013\/05\/Muisteja-4-600x400.jpg?resize=350%2C200&ssl=1 1x, https:\/\/i0.wp.com\/www.satokangas.fi\/blogi\/wp-content\/uploads\/2013\/05\/Muisteja-4-600x400.jpg?resize=525%2C300&ssl=1 1.5x"},"classes":[]},{"id":40983,"url":"https:\/\/www.satokangas.fi\/blogi\/2021\/06\/kotikaupungissa-turistina\/","url_meta":{"origin":51129,"position":5},"title":"Kotikaupungissa turistina","author":"Reija","date":"12.6.2021","format":false,"excerpt":"\"Odensen tuuli\" (liittyy meid\u00e4n nuoruuden telttaretkeilyyn) t\u00e4n\u00e4\u00e4n. Ihan kuin oltaisiin oltu jossain etel\u00e4mp\u00e4n\u00e4, jossain ulkomailla. Ja v\u00e4h\u00e4n sellainen fiiliskin on ollut. Tekemiset kuin matkoilla: kulttuurin \u00e4\u00e4rell\u00e4, linnan raunioilla, kahvilassa, meren rannassa, piazzalla hyvin sy\u00f6den. K\u00e4vimme pienten kanssa aamulla kirjastossa, sitten T\u00e4htitornin kahvilaan j\u00e4tskille ja Oulun linnan kellariin. Eka kertaa siell\u00e4\u2026","rel":"","context":"Kategoriassa &quot;Niit\u00e4 n\u00e4it\u00e4&quot;","block_context":{"text":"Niit\u00e4 n\u00e4it\u00e4","link":"https:\/\/www.satokangas.fi\/blogi\/category\/aiheeton\/"},"img":{"alt_text":"","src":"","width":0,"height":0},"classes":[]}],"_links":{"self":[{"href":"https:\/\/www.satokangas.fi\/blogi\/wp-json\/wp\/v2\/posts\/51129","targetHints":{"allow":["GET"]}}],"collection":[{"href":"https:\/\/www.satokangas.fi\/blogi\/wp-json\/wp\/v2\/posts"}],"about":[{"href":"https:\/\/www.satokangas.fi\/blogi\/wp-json\/wp\/v2\/types\/post"}],"author":[{"embeddable":true,"href":"https:\/\/www.satokangas.fi\/blogi\/wp-json\/wp\/v2\/users\/1"}],"replies":[{"embeddable":true,"href":"https:\/\/www.satokangas.fi\/blogi\/wp-json\/wp\/v2\/comments?post=51129"}],"version-history":[{"count":0,"href":"https:\/\/www.satokangas.fi\/blogi\/wp-json\/wp\/v2\/posts\/51129\/revisions"}],"wp:featuredmedia":[{"embeddable":true,"href":"https:\/\/www.satokangas.fi\/blogi\/wp-json\/wp\/v2\/media\/51131"}],"wp:attachment":[{"href":"https:\/\/www.satokangas.fi\/blogi\/wp-json\/wp\/v2\/media?parent=51129"}],"wp:term":[{"taxonomy":"category","embeddable":true,"href":"https:\/\/www.satokangas.fi\/blogi\/wp-json\/wp\/v2\/categories?post=51129"},{"taxonomy":"post_tag","embeddable":true,"href":"https:\/\/www.satokangas.fi\/blogi\/wp-json\/wp\/v2\/tags?post=51129"}],"curies":[{"name":"wp","href":"https:\/\/api.w.org\/{rel}","templated":true}]}}