{"id":51109,"date":"2024-11-11T21:41:42","date_gmt":"2024-11-11T19:41:42","guid":{"rendered":"https:\/\/www.satokangas.fi\/blogi\/?p=51109"},"modified":"2024-11-11T22:03:15","modified_gmt":"2024-11-11T20:03:15","slug":"eilen-patikalla-tanaan-kotimatkalla","status":"publish","type":"post","link":"https:\/\/www.satokangas.fi\/blogi\/2024\/11\/eilen-patikalla-tanaan-kotimatkalla\/","title":{"rendered":"Eilen patikalla, t\u00e4n\u00e4\u00e4n kotimatkalla"},"content":{"rendered":"<p style=\"text-align: justify;\">Poikkeuksellisen pitk\u00e4n (15 vrk) m\u00f6kkireissun j\u00e4lkeen aika laskeuta alas, palata kotiin.\u00a0 T\u00e4n\u00e4 vuonna (t\u00e4h\u00e4n menness\u00e4) ollaan oltu Hangasojalla yhteens\u00e4 69 vrk\/kuusi reissua, mik\u00e4 on minulle enn\u00e4tys. Pehtoori oli ainakin My\u00f6t\u00e4tuulen (uuden m\u00f6kin) rakennusvuonna enemm\u00e4nkin, minulla oli silloin aika lailla muuta puuhaa Oulussa. Mutta t\u00e4n\u00e4 vuonna minulla ollut entist\u00e4 v\u00e4hemm\u00e4n tarpeellista l\u00e4sn\u00e4oloa Oulussa, kun mm. kuvaushommat ja &#8221;perhep\u00e4iv\u00e4hoito&#8221; ovat olennaisesti\u00a0 v\u00e4hentyneet, joten mieluusti m\u00f6kille. Seuraava reissu ehk\u00e4 kuitenkin vasta vuodenvaihteen j\u00e4lkeen.<\/p>\n<p style=\"text-align: justify;\">Kotimatkan aluksi viel\u00e4 yksi, viimeinen? <a href=\"https:\/\/muistikuvia.satokangas.fi\/kortti-ja-kalenterikauppa-2\/1996-2\/\" target=\"_blank\" rel=\"noopener\">kalenteripaketti<\/a> Saarisel\u00e4lle ja sitten puoliyhdeks\u00e4lt\u00e4 jo Hangasoja ylitettiin ja sumuinen, sula kotimatka alkoi. Tiet sulat, l\u00e4mp\u00f6tila nollassa, kaikki matkan varren &#8221;vedet&#8221;, joet, tekoaltaat ja Per\u00e4merikin ihan tyveni\u00e4, tai ohuen, ohuen kirkkaan j\u00e4\u00e4n peitt\u00e4mi\u00e4. Sumuiset maisemat varsin kuvauksellisia. Mutta teh\u00e4n tied\u00e4tte: Pehtoorihan ei <em>turhia<\/em> pys\u00e4yttele. &#x1f60a;<\/p>\n<p style=\"text-align: justify;\">Ja aika valoisaakin oli. Niinp\u00e4 \u00e4\u00e4neen ajattelin, ett\u00e4 voisin illansuussa k\u00e4v\u00e4ist\u00e4 py\u00f6r\u00e4lenkill\u00e4 &#8211; ne tavoitteesta<a href=\"https:\/\/www.satokangas.fi\/blogi\/2024\/10\/pyorailykauden-lopulla\/\" target=\"_blank\" rel=\"noopener\"> puuttuneet kilometrit<\/a> &#x1f601; ehk\u00e4 sittenkin saisin kokoon, kun kerran lumesta ja laduista ole viel\u00e4 tietoakaan. No hupajuttujahan ne tuommoset: niin kylm\u00e4\u00e4, h\u00e4m\u00e4r\u00e4\u00e4 ja v\u00e4h\u00e4n liukastakin oli puolikolmen aikoihin Rantapellossa, ett\u00e4 helposti annoin itseni pysy\u00e4 sis\u00e4ll\u00e4.<\/p>\n<p style=\"text-align: justify;\">Hyv\u00e4\u00e4 aikaa perata ja editoida m\u00f6kkiviikon kuvasaalista ja viimeistell\u00e4 m\u00f6kill\u00e4 valmistuneet neuleet (Ty\u00e4r ja Emmiliini saavat joululahjaksi kaarrokeneuleet).<\/p>\n<p style=\"text-align: justify;\">Eilisen Kiilop\u00e4\u00e4 &#8211; Sivakkaoja -patikan varrelta kuvia on nyt kansiollinen tuossa alla. Kuinka marraskuussakin voi olla kaunis, aurinkoinen, kirkas p\u00e4iv\u00e4. Ket\u00e4\u00e4n muita ei reitill\u00e4 n\u00e4kynyt, yhden korpin \u00e4\u00e4net, ei muuta, noh sent\u00e4\u00e4n tunturipurojen pulputus. Kultaisia kankaita, muhkeita, lempeit\u00e4 soita, pehmeit\u00e4 (ja rakkaisiakin) polkuja, tuntureiden kupeita ja kuruja, mets\u00e4n suomaa lepoa mielelle ja liikkumisen iloa. Taas sellainen &#8221;pyh\u00e4p\u00e4iv\u00e4n patikka&#8221; -fiilis.<\/p>\n<p style=\"text-align: justify;\">Klikkaa alla oleva kansio auki oikeasta yl\u00e4nurkasta, kuvat suurenevat n\u00e4yt\u00f6lle &#8211; tervetuloa patikalle.<\/p>\n<p style=\"text-align: justify;\">(tai klikkaudu <strong><a href=\"http:\/\/pic.fi\/XCNKF92JW6\">t\u00e4st\u00e4)<\/a><\/strong><\/p>\n<p style=\"text-align: justify;\"><iframe loading=\"lazy\" src=\"https:\/\/satokangas.kuvat.fi\/kuvat\/2024\/Kiilop%C3%A4%C3%A4+-+Sivakkaoja+11-2024\/embed\" width=\"100%\" height=\"746\" frameborder=\"0\" scrolling=\"no\" allowfullscreen=\"allowfullscreen\"><\/iframe><\/p>\n","protected":false},"excerpt":{"rendered":"<p>Poikkeuksellisen pitk\u00e4n (15 vrk) m\u00f6kkireissun j\u00e4lkeen aika laskeuta alas, palata kotiin.\u00a0 T\u00e4n\u00e4 vuonna (t\u00e4h\u00e4n menness\u00e4) ollaan oltu Hangasojalla yhteens\u00e4 69 vrk\/kuusi reissua, mik\u00e4 on minulle enn\u00e4tys. Pehtoori oli ainakin My\u00f6t\u00e4tuulen (uuden m\u00f6kin) rakennusvuonna enemm\u00e4nkin, minulla oli silloin aika lailla muuta puuhaa Oulussa. Mutta t\u00e4n\u00e4 vuonna minulla ollut entist\u00e4 v\u00e4hemm\u00e4n tarpeellista l\u00e4sn\u00e4oloa Oulussa, kun mm. kuvaushommat ja &#8221;perhep\u00e4iv\u00e4hoito&#8221; ovat olennaisesti\u00a0 v\u00e4hentyneet, &hellip; <\/p>\n","protected":false},"author":1,"featured_media":51110,"comment_status":"open","ping_status":"open","sticky":false,"template":"","format":"standard","meta":{"jetpack_post_was_ever_published":false,"_jetpack_newsletter_access":"","_jetpack_dont_email_post_to_subs":false,"_jetpack_newsletter_tier_id":0,"_jetpack_memberships_contains_paywalled_content":false,"_jetpack_memberships_contains_paid_content":false,"footnotes":"","jetpack_publicize_message":"","jetpack_publicize_feature_enabled":true,"jetpack_social_post_already_shared":true,"jetpack_social_options":{"image_generator_settings":{"template":"highway","default_image_id":0,"font":"","enabled":false},"version":2}},"categories":[15,97],"tags":[],"class_list":["post-51109","post","type-post","status-publish","format-standard","has-post-thumbnail","hentry","category-lappi","category-mokkielamaa","latest_post"],"jetpack_publicize_connections":[],"jetpack_featured_media_url":"https:\/\/www.satokangas.fi\/blogi\/wp-content\/uploads\/2024\/11\/Kiilopaa_Sivakkaoja-29-scaled.jpg","jetpack_shortlink":"https:\/\/wp.me\/pr4p4-dil","jetpack_sharing_enabled":true,"jetpack_likes_enabled":false,"jetpack-related-posts":[{"id":40047,"url":"https:\/\/www.satokangas.fi\/blogi\/2021\/01\/kaamos-on-ohi-ja-aika-palata\/","url_meta":{"origin":51109,"position":0},"title":"Kaamos on ohi, &#8211; ja aika palata","author":"Reija","date":"7.1.2021","format":false,"excerpt":"Here comes the Sun! Kaamos on ohi. Saarisel\u00e4ll\u00e4 aurinko nousi t\u00e4n\u00e4\u00e4n ensimm\u00e4ist\u00e4 kertaa reiluun kuukauteen. Emme j\u00e4\u00e4neet odottelemaan ensi s\u00e4teist\u00e4 Kaunisp\u00e4\u00e4n huipulle tai muuallekaan m\u00f6kkimaisemiin, vaan l\u00e4hdimme valoa vastaan, valoa kohti. Aamuyhdeks\u00e4lt\u00e4 hyv\u00e4stelimme nuorenparin joka j\u00e4i et\u00e4t\u00f6ihin ja -opiskeluihin, hiiht\u00e4m\u00e4\u00e4n ja juoksemaan sek\u00e4 tietysti nauttimaan Hangasojan verkkaisesta el\u00e4m\u00e4nmenosta. Sinnekin kyll\u00e4\u2026","rel":"","context":"Kategoriassa &quot;Niit\u00e4 n\u00e4it\u00e4&quot;","block_context":{"text":"Niit\u00e4 n\u00e4it\u00e4","link":"https:\/\/www.satokangas.fi\/blogi\/category\/aiheeton\/"},"img":{"alt_text":"","src":"https:\/\/i0.wp.com\/www.satokangas.fi\/blogi\/wp-content\/uploads\/2021\/01\/1-7.jpg?resize=350%2C200&ssl=1","width":350,"height":200,"srcset":"https:\/\/i0.wp.com\/www.satokangas.fi\/blogi\/wp-content\/uploads\/2021\/01\/1-7.jpg?resize=350%2C200&ssl=1 1x, https:\/\/i0.wp.com\/www.satokangas.fi\/blogi\/wp-content\/uploads\/2021\/01\/1-7.jpg?resize=525%2C300&ssl=1 1.5x, https:\/\/i0.wp.com\/www.satokangas.fi\/blogi\/wp-content\/uploads\/2021\/01\/1-7.jpg?resize=700%2C400&ssl=1 2x"},"classes":[]},{"id":16944,"url":"https:\/\/www.satokangas.fi\/blogi\/2013\/04\/kotimatka-2\/","url_meta":{"origin":51109,"position":1},"title":"Kotimatka","author":"Reija","date":"1.4.2013","format":false,"excerpt":"Niinh\u00e4n se oli sovittu. Ett\u00e4 her\u00e4t\u00e4\u00e4n aikaisin, ja l\u00e4hdet\u00e4\u00e4n kotiin. Ihan sama kiinnostiko ket\u00e4\u00e4n moinen, mutta kun kerran p\u00e4\u00e4tetty, - ja totta puhuen v\u00e4h\u00e4n v\u00e4ltt\u00e4m\u00e4t\u00f6nt\u00e4h\u00e4n se oli. Tulla takaisin maalikyliin, tulla takaisin kohti kustannuspaikkoja. M\u00f6kkien siivousta (nuoriparikin oikein mallisuorituksen tekiv\u00e4t :)), koirulit kyytiin, tarkistetaan viel\u00e4 kaikki ja sitten vasten aurinkoa.\u2026","rel":"","context":"Kategoriassa &quot;Niit\u00e4 n\u00e4it\u00e4&quot;","block_context":{"text":"Niit\u00e4 n\u00e4it\u00e4","link":"https:\/\/www.satokangas.fi\/blogi\/category\/aiheeton\/"},"img":{"alt_text":"Kotimatka","src":"https:\/\/i0.wp.com\/www.satokangas.fi\/blogi\/wp-content\/uploads\/2013\/04\/Kotimatka.jpg?resize=350%2C200&ssl=1","width":350,"height":200},"classes":[]},{"id":50461,"url":"https:\/\/www.satokangas.fi\/blogi\/2024\/09\/mista-ollaan-pois\/","url_meta":{"origin":51109,"position":2},"title":"Mist\u00e4 ollaan pois?","author":"Reija","date":"1.9.2024","format":false,"excerpt":"Ensimm\u00e4inen syyskuuta. Syyskuu on hyv\u00e4 kuukausi. Useimmiten. Ja uskon, ett\u00e4 t\u00e4st\u00e4kin tulee hyv\u00e4. Ei ole viel\u00e4 syksy. T\u00e4n\u00e4\u00e4n on ollut hyv\u00e4 esimerkki siit\u00e4, kuinka Lapissa on kahdeksan vuodenaikaa. T\u00e4n\u00e4\u00e4n on syyskes\u00e4. Ja me saamme olla siin\u00e4. Ylen artikkelissa todettiin Lapin kes\u00e4n olleen enn\u00e4tyksellisen l\u00e4mmin. Silt\u00e4 on tuntunut ja tuntuu viel\u00e4kin.\u2026","rel":"","context":"Kategoriassa &quot;Lappi&quot;","block_context":{"text":"Lappi","link":"https:\/\/www.satokangas.fi\/blogi\/category\/lappi\/"},"img":{"alt_text":"","src":"https:\/\/i0.wp.com\/www.satokangas.fi\/blogi\/wp-content\/uploads\/2024\/09\/Syyskesa-2.jpg?resize=350%2C200&ssl=1","width":350,"height":200,"srcset":"https:\/\/i0.wp.com\/www.satokangas.fi\/blogi\/wp-content\/uploads\/2024\/09\/Syyskesa-2.jpg?resize=350%2C200&ssl=1 1x, https:\/\/i0.wp.com\/www.satokangas.fi\/blogi\/wp-content\/uploads\/2024\/09\/Syyskesa-2.jpg?resize=525%2C300&ssl=1 1.5x, https:\/\/i0.wp.com\/www.satokangas.fi\/blogi\/wp-content\/uploads\/2024\/09\/Syyskesa-2.jpg?resize=700%2C400&ssl=1 2x"},"classes":[]},{"id":54246,"url":"https:\/\/www.satokangas.fi\/blogi\/2026\/04\/pohjoisesta-etelaan-talvesta-kevaaseen\/","url_meta":{"origin":51109,"position":3},"title":"Pohjoisesta etel\u00e4\u00e4n, talvesta kev\u00e4\u00e4seen","author":"Reija","date":"6.4.2026","format":false,"excerpt":"P\u00e4\u00e4si\u00e4inen 2026 j\u00e4\u00e4nee ainakin minulle mieleen aurinkoisena, lumisena, m\u00f6kkeillen perheen kanssa. Eilen p\u00e4\u00e4si\u00e4isp\u00e4iv\u00e4n\u00e4 (<- kuva lankalauantailta) oli aika pilvist\u00e4, mutta ei se est\u00e4nyt meit\u00e4 ulkoilemasta, eik\u00e4 sy\u00f6m\u00e4st\u00e4 ulkona. Lounas kirjaimellisesti ulkona: m\u00f6kin notskipaikalla, Tuulensuojassa. Siin\u00e4 ohessa, ennen ja j\u00e4lkeen lasten kanssa tepasteltiin pitkin puronvartta kestohangilla, Eepi laski liukurilla m\u00e4ke\u00e4 m\u00f6kkitontilla,\u2026","rel":"","context":"Kategoriassa &quot;Niit\u00e4 n\u00e4it\u00e4&quot;","block_context":{"text":"Niit\u00e4 n\u00e4it\u00e4","link":"https:\/\/www.satokangas.fi\/blogi\/category\/aiheeton\/"},"img":{"alt_text":"","src":"https:\/\/i0.wp.com\/www.satokangas.fi\/blogi\/wp-content\/uploads\/2026\/04\/Paasiainen_mokkirannassa-7.jpg?resize=350%2C200&ssl=1","width":350,"height":200,"srcset":"https:\/\/i0.wp.com\/www.satokangas.fi\/blogi\/wp-content\/uploads\/2026\/04\/Paasiainen_mokkirannassa-7.jpg?resize=350%2C200&ssl=1 1x, https:\/\/i0.wp.com\/www.satokangas.fi\/blogi\/wp-content\/uploads\/2026\/04\/Paasiainen_mokkirannassa-7.jpg?resize=525%2C300&ssl=1 1.5x, https:\/\/i0.wp.com\/www.satokangas.fi\/blogi\/wp-content\/uploads\/2026\/04\/Paasiainen_mokkirannassa-7.jpg?resize=700%2C400&ssl=1 2x"},"classes":[]},{"id":10143,"url":"https:\/\/www.satokangas.fi\/blogi\/2011\/01\/hangasojan-on-hyvastelty\/","url_meta":{"origin":51109,"position":4},"title":"Hangasoja on hyv\u00e4stelty","author":"Reija","date":"2.1.2011","format":false,"excerpt":"Ylempi kuva lomasen alussa keskiviikkona keskip\u00e4iv\u00e4ll\u00e4 ja alempi lomasen lopulla viime y\u00f6n\u00e4 puolen y\u00f6n aikaan. Kumpaakaan kuvaa ei ole k\u00e4sitelty mitenk\u00e4\u00e4n, eik\u00e4 alakuva ole mustavalkoisena otettu. Sellaista el\u00e4m\u00e4 vaan joskus on. Valosta varjoon. P\u00e4iv\u00e4st\u00e4 y\u00f6h\u00f6n. Klikkailemalla kuvat suurenevat. Kotimatka kauniissa puuterilumen peitt\u00e4m\u00e4ss\u00e4, tavattoman kaunissa, v\u00e4h\u00e4liikenteisess\u00e4, v\u00e4h\u00e4puheisessa sunnuntaissa meni helposti. M\u00f6kilt\u00e4\u2026","rel":"","context":"Kategoriassa &quot;Lappi&quot;","block_context":{"text":"Lappi","link":"https:\/\/www.satokangas.fi\/blogi\/category\/lappi\/"},"img":{"alt_text":"","src":"https:\/\/i0.wp.com\/www.satokangas.fi\/blogi\/wp-content\/uploads\/Hangasojan-p%C3%A4iv%C3%A4-500x333.jpg?resize=350%2C200&ssl=1","width":350,"height":200},"classes":[]},{"id":3058,"url":"https:\/\/www.satokangas.fi\/blogi\/2009\/04\/kotimatka\/","url_meta":{"origin":51109,"position":5},"title":"Kotimatka","author":"Reija","date":"13.4.2009","format":false,"excerpt":"Klo 7.05 Hangasoja: Aurinko, l\u00e4mp\u00f6asteita, l\u00e4hd\u00f6n tunnelmaa. Pari tuntia my\u00f6hemmin Sattanen: J\u00e4\u00e4ll\u00e4 paljon pilkkij\u00f6it\u00e4 etsim\u00e4ss\u00e4 sopivaa paikkaa kairattavaksi. Edelleen aurinkoa. Tiainen: It\u00e4rajalta nousevat pilvet. Sumustuu. Ylinampa: \u00a0Ensimm\u00e4inen tutka. Kiitokset edess\u00e4 ajaneelle, jonka peesiss\u00e4 ymm\u00e4rsin ajaa 80-rajoitusp\u00e4tk\u00e4t rauhallisesti! Vikaj\u00e4rvi: Oluenostajat huoltsikan pihassa. Napapiiri: Yht\u00e4aikaa joutsenten kanssa ylitettiin. Ne matkalla pohjoiseen p\u00e4in,\u2026","rel":"","context":"Kategoriassa &quot;Niit\u00e4 n\u00e4it\u00e4&quot;","block_context":{"text":"Niit\u00e4 n\u00e4it\u00e4","link":"https:\/\/www.satokangas.fi\/blogi\/category\/aiheeton\/"},"img":{"alt_text":"","src":"","width":0,"height":0},"classes":[]}],"_links":{"self":[{"href":"https:\/\/www.satokangas.fi\/blogi\/wp-json\/wp\/v2\/posts\/51109","targetHints":{"allow":["GET"]}}],"collection":[{"href":"https:\/\/www.satokangas.fi\/blogi\/wp-json\/wp\/v2\/posts"}],"about":[{"href":"https:\/\/www.satokangas.fi\/blogi\/wp-json\/wp\/v2\/types\/post"}],"author":[{"embeddable":true,"href":"https:\/\/www.satokangas.fi\/blogi\/wp-json\/wp\/v2\/users\/1"}],"replies":[{"embeddable":true,"href":"https:\/\/www.satokangas.fi\/blogi\/wp-json\/wp\/v2\/comments?post=51109"}],"version-history":[{"count":0,"href":"https:\/\/www.satokangas.fi\/blogi\/wp-json\/wp\/v2\/posts\/51109\/revisions"}],"wp:featuredmedia":[{"embeddable":true,"href":"https:\/\/www.satokangas.fi\/blogi\/wp-json\/wp\/v2\/media\/51110"}],"wp:attachment":[{"href":"https:\/\/www.satokangas.fi\/blogi\/wp-json\/wp\/v2\/media?parent=51109"}],"wp:term":[{"taxonomy":"category","embeddable":true,"href":"https:\/\/www.satokangas.fi\/blogi\/wp-json\/wp\/v2\/categories?post=51109"},{"taxonomy":"post_tag","embeddable":true,"href":"https:\/\/www.satokangas.fi\/blogi\/wp-json\/wp\/v2\/tags?post=51109"}],"curies":[{"name":"wp","href":"https:\/\/api.w.org\/{rel}","templated":true}]}}