{"id":50686,"date":"2024-09-29T19:12:49","date_gmt":"2024-09-29T16:12:49","guid":{"rendered":"https:\/\/www.satokangas.fi\/blogi\/?p=50686"},"modified":"2024-09-29T21:48:43","modified_gmt":"2024-09-29T18:48:43","slug":"mumminelamaa-2","status":"publish","type":"post","link":"https:\/\/www.satokangas.fi\/blogi\/2024\/09\/mumminelamaa-2\/","title":{"rendered":"#Mumminel\u00e4m\u00e4\u00e4"},"content":{"rendered":"<p>On v\u00e4h\u00e4n kummallinen olo. Matkalla J\u00e4rvenp\u00e4\u00e4st\u00e4 kotiin ajatukset lainehtivat aika ristiriitaisina. Sellainen \u201donko lasi puoliksi tyhj\u00e4 vai puoliksi t\u00e4ynn\u00e4\u201d -fiilis. Menness\u00e4 tuntui, ett\u00e4 kaikkea hyv\u00e4\u00e4 on jo puolillaan, ihan pian jo t\u00e4ynn\u00e4, ja nyt palatessa huomaan, ett\u00e4 pinta on laskemassa takaisin puoleen tai sen alle. Ensin kohtaamisen odotus ja j\u00e4lleenn\u00e4keminen ja sitten yhdess\u00e4 olon j\u00e4lkeinen ik\u00e4v\u00e4 saavat aikaan hyvinkin erilaisia tuntoja. Mit\u00e4 nyt odotan, kun t\u00e4m\u00e4 odotettu viikonloppu on jo eletty?<\/p>\n<p>Olimme Emmiliinin kanssa melkein kolme p\u00e4iv\u00e4\u00e4 saman katon alla, varhaisista aamuista aika varhaisiin nukkumaanmenon hetkiin. Olin yksivuotiaan (1 v 2 kk) tytt\u00e4rentytt\u00e4ren arjessa ja maailmanmenossa mukana, kuinka tuntuikaan hyv\u00e4lle ja mummiuden todeksi tekev\u00e4ksi olla liki ja l\u00e4sn\u00e4.<\/p>\n<p>&#8221;Kirjojen lukeminen, v\u00e4riliidut, k\u00e4vely, nen\u00e4leikki, kerrospukeutuminen, Sibeliuksen talon kristallikruunut, museotarrat ja karjalanpiirakat oli t\u00e4n viikonlopun kovimmat jutut&#8221;, totesi Emmiliinin \u00e4iti tyt\u00f6n puolesta. &#x1f970;<\/p>\n<p>Nyt olen jo kotona ja olo on v\u00e4h\u00e4n tyhj\u00e4. Tai ehk\u00e4 sittenkin olen vain hyvi\u00e4 ja rakkaita muistoja t\u00e4ynn\u00e4.<\/p>\n","protected":false},"excerpt":{"rendered":"<p>On v\u00e4h\u00e4n kummallinen olo. Matkalla J\u00e4rvenp\u00e4\u00e4st\u00e4 kotiin ajatukset lainehtivat aika ristiriitaisina. Sellainen \u201donko lasi puoliksi tyhj\u00e4 vai puoliksi t\u00e4ynn\u00e4\u201d -fiilis. Menness\u00e4 tuntui, ett\u00e4 kaikkea hyv\u00e4\u00e4 on jo puolillaan, ihan pian jo t\u00e4ynn\u00e4, ja nyt palatessa huomaan, ett\u00e4 pinta on laskemassa takaisin puoleen tai sen alle. Ensin kohtaamisen odotus ja j\u00e4lleenn\u00e4keminen ja sitten yhdess\u00e4 olon j\u00e4lkeinen ik\u00e4v\u00e4 saavat aikaan hyvinkin erilaisia &hellip; <\/p>\n","protected":false},"author":1,"featured_media":50687,"comment_status":"open","ping_status":"open","sticky":false,"template":"","format":"standard","meta":{"_jetpack_newsletter_access":"","_jetpack_dont_email_post_to_subs":false,"_jetpack_newsletter_tier_id":0,"_jetpack_memberships_contains_paywalled_content":false,"_jetpack_feature_clip_id":0,"_jetpack_memberships_contains_paid_content":false,"footnotes":"","jetpack_publicize_message":"","jetpack_publicize_feature_enabled":true,"jetpack_social_post_already_shared":true,"jetpack_social_options":{"image_generator_settings":{"template":"highway","default_image_id":0,"font":"","enabled":false},"version":2},"jetpack_post_was_ever_published":false},"categories":[75],"tags":[],"class_list":["post-50686","post","type-post","status-publish","format-standard","has-post-thumbnail","hentry","category-isovanhemmuus","latest_post"],"jetpack_publicize_connections":[],"jetpack_shortlink":"https:\/\/wp.me\/pr4p4-dbw","jetpack_sharing_enabled":true,"jetpack_likes_enabled":false,"jetpack-related-posts":[{"id":25876,"url":"https:\/\/www.satokangas.fi\/blogi\/2015\/08\/toista-yyneytta-kohti\/","url_meta":{"origin":50686,"position":0},"title":"T\u00f6ist\u00e4 tyyneytt\u00e4 kohti","author":"Reija","date":"26.8.2015","format":false,"excerpt":"Kyll\u00e4 kannatti k\u00e4yd\u00e4 t\u00e4n\u00e4\u00e4n t\u00f6iss\u00e4, eikun entisell\u00e4 ty\u00f6paikalla. Monestakin syyst\u00e4. Ensinn\u00e4kin puolenp\u00e4iv\u00e4n l\u00e4mm\u00f6ss\u00e4 oli kukkamekko hulmuten ihana k\u00e4vell\u00e4. Ei tuntunut lenkilt\u00e4. Tuntui kes\u00e4lle ja lomalle. Palatessa kiersin viel\u00e4 mutkan kautta, tuli ihan hyv\u00e4 kilometrisaldo. Toiseksi oli mukava kes\u00e4n j\u00e4lkeen n\u00e4hd\u00e4 muutamia ty\u00f6kavereita. Rupatella tovi. Ei viel\u00e4 ainakaan ollut vaikeaa jutella.\u2026","rel":"","context":"Kategoriassa &quot;Niit\u00e4 n\u00e4it\u00e4&quot;","block_context":{"text":"Niit\u00e4 n\u00e4it\u00e4","link":"https:\/\/www.satokangas.fi\/blogi\/category\/aiheeton\/"},"img":{"alt_text":"1-2","src":"https:\/\/i0.wp.com\/www.satokangas.fi\/blogi\/wp-content\/uploads\/2015\/08\/1-2-600x309.jpg?resize=350%2C200&ssl=1","width":350,"height":200,"srcset":"https:\/\/i0.wp.com\/www.satokangas.fi\/blogi\/wp-content\/uploads\/2015\/08\/1-2-600x309.jpg?resize=350%2C200&ssl=1 1x, https:\/\/i0.wp.com\/www.satokangas.fi\/blogi\/wp-content\/uploads\/2015\/08\/1-2-600x309.jpg?resize=525%2C300&ssl=1 1.5x"},"classes":[]},{"id":16838,"url":"https:\/\/www.satokangas.fi\/blogi\/2013\/03\/mika-ihana-aamu\/","url_meta":{"origin":50686,"position":1},"title":"Mik\u00e4 ihana aamu!","author":"Reija","date":"24.3.2013","format":false,"excerpt":"Hyv\u00e4n, pitk\u00e4n y\u00f6unen j\u00e4lkeen aamiainen rennon raukeana, pitk\u00e4\u00e4n kahvin ja lehden \u00e4\u00e4rell\u00e4 nautiskellen kiireett\u00f6m\u00e4st\u00e4 olosta. Palmusunnuntain aamu. Usein palmusunnuntaina l\u00e4hden yksikseen ajelemaan pohjoiseen, viett\u00e4m\u00e4\u00e4n muutaman p\u00e4iv\u00e4n omaa rauhallista retriitti\u00e4ni ennen kuin muu perhe tulee m\u00f6kille p\u00e4\u00e4si\u00e4isen viettoon. Nyt ei siihen mahdollisuutta, mutta p\u00e4\u00e4t\u00e4n, ett\u00e4 kuitenkin edes t\u00e4n\u00e4\u00e4n on vapaap\u00e4iv\u00e4.\u00a0Verkkaisesta, pyh\u00e4aamun\u2026","rel":"","context":"Kategoriassa &quot;Niit\u00e4 n\u00e4it\u00e4&quot;","block_context":{"text":"Niit\u00e4 n\u00e4it\u00e4","link":"https:\/\/www.satokangas.fi\/blogi\/category\/aiheeton\/"},"img":{"alt_text":"Kasvitieteellisess\u00e4-10","src":"https:\/\/i0.wp.com\/www.satokangas.fi\/blogi\/wp-content\/uploads\/2013\/03\/Kasvitieteellisess%C3%A4-10-600x400.jpg?resize=350%2C200&ssl=1","width":350,"height":200,"srcset":"https:\/\/i0.wp.com\/www.satokangas.fi\/blogi\/wp-content\/uploads\/2013\/03\/Kasvitieteellisess%C3%A4-10-600x400.jpg?resize=350%2C200&ssl=1 1x, https:\/\/i0.wp.com\/www.satokangas.fi\/blogi\/wp-content\/uploads\/2013\/03\/Kasvitieteellisess%C3%A4-10-600x400.jpg?resize=525%2C300&ssl=1 1.5x"},"classes":[]},{"id":11881,"url":"https:\/\/www.satokangas.fi\/blogi\/2011\/06\/lomamaanantai\/","url_meta":{"origin":50686,"position":2},"title":"Lomamaanantai","author":"Reija","date":"27.6.2011","format":false,"excerpt":"T\u00e4ss\u00e4 istun enk\u00e4 muuta voi. Enk\u00e4 halua voida. \u00a0 Hangasojalla paistaa. Iltasen j\u00e4lkeen raukea olo. M\u00f6kit on luututtu. Luututtu kunnolla.\u00a0 Thermacell p\u00f6yd\u00e4n alla pit\u00e4\u00e4 v\u00e4h\u00e4isetkin itikat pois. Paljon on ehditty, vaikka - taas - ensimm\u00e4isen\u00e4 kes\u00e4loma-aamuna nukuttiin yli kahdeksaan. Eilen j\u00e4i kaupassa k\u00e4ym\u00e4tt\u00e4, joten tein aamulla kaurarieskoja ennen kuin pehtoori\u2026","rel":"","context":"Kategoriassa &quot;M\u00f6kkiel\u00e4m\u00e4\u00e4&quot;","block_context":{"text":"M\u00f6kkiel\u00e4m\u00e4\u00e4","link":"https:\/\/www.satokangas.fi\/blogi\/category\/mokkielamaa\/"},"img":{"alt_text":"","src":"https:\/\/i0.wp.com\/www.satokangas.fi\/blogi\/wp-content\/uploads\/Kuukkelin-takana.jpg?resize=350%2C200&ssl=1","width":350,"height":200,"srcset":"https:\/\/i0.wp.com\/www.satokangas.fi\/blogi\/wp-content\/uploads\/Kuukkelin-takana.jpg?resize=350%2C200&ssl=1 1x, https:\/\/i0.wp.com\/www.satokangas.fi\/blogi\/wp-content\/uploads\/Kuukkelin-takana.jpg?resize=525%2C300&ssl=1 1.5x"},"classes":[]},{"id":20850,"url":"https:\/\/www.satokangas.fi\/blogi\/2014\/04\/jo-vain-mie-olen-lapissa\/","url_meta":{"origin":50686,"position":3},"title":"Jo vain mie olen Lapissa","author":"Reija","date":"16.4.2014","format":false,"excerpt":"Aamukahdeksalta pikkupakkasaamussa auringon paistaessa (merkitt\u00e4v\u00e4 yksityiskohta, sill\u00e4 minulla on uudet aurinkolasit, jotka siis sain ottaa k\u00e4ytt\u00f6\u00f6n) seisoin bussipys\u00e4kill\u00e4 reppu sel\u00e4ss\u00e4, kohtuullisen v\u00e4syneen\u00e4.\u00a0Y\u00f6uni j\u00e4i kovin lyhyeksi, - ylikierrokset illan j\u00e4lkeen, t\u00e4ysikuu, levottomia unia, her\u00e4\u00e4misest\u00e4 huolissani jo viiden j\u00e4lkeen loppui uni. Mutta linnut lauloivat, bussi oli ajallaan, t\u00e4ynn\u00e4 koulukkaita, - olikin j\u00e4nn\u00e4\u2026","rel":"","context":"Kategoriassa &quot;Lappi&quot;","block_context":{"text":"Lappi","link":"https:\/\/www.satokangas.fi\/blogi\/category\/lappi\/"},"img":{"alt_text":"ELL","src":"https:\/\/i0.wp.com\/www.satokangas.fi\/blogi\/wp-content\/uploads\/2014\/04\/ELL-600x337.jpg?resize=350%2C200&ssl=1","width":350,"height":200,"srcset":"https:\/\/i0.wp.com\/www.satokangas.fi\/blogi\/wp-content\/uploads\/2014\/04\/ELL-600x337.jpg?resize=350%2C200&ssl=1 1x, https:\/\/i0.wp.com\/www.satokangas.fi\/blogi\/wp-content\/uploads\/2014\/04\/ELL-600x337.jpg?resize=525%2C300&ssl=1 1.5x"},"classes":[]},{"id":40242,"url":"https:\/\/www.satokangas.fi\/blogi\/2021\/02\/kotoilusta-lomamuudiin\/","url_meta":{"origin":50686,"position":4},"title":"Kotoilusta lomamuudiin","author":"Reija","date":"16.2.2021","format":false,"excerpt":"T\u00e4nne t\u00e4n\u00e4\u00e4n tupsahdimme. Poikkeuksellisen nopeasti sujui taival Rantapelto - Hangasoja. Aika varhain aamusella hyv\u00e4stelimme tytt\u00e4ren, jota on koronan vuoksi n\u00e4hty tavallista paljon enemm\u00e4n (jotain erinomaisen hyv\u00e4\u00e4kin t\u00e4ss\u00e4 kirotussa pandemiassa on). Ty\u00e4r l\u00e4hti puolenp\u00e4iv\u00e4n junalla kohti omaa kotiaan, kohti Helsinki\u00e4 reilun kahden kuukauden poissaolon j\u00e4lkeen. Molemmin puolin kyseltiin, ett\u00e4 milloinkahan seuraavan\u2026","rel":"","context":"Kategoriassa &quot;Niit\u00e4 n\u00e4it\u00e4&quot;","block_context":{"text":"Niit\u00e4 n\u00e4it\u00e4","link":"https:\/\/www.satokangas.fi\/blogi\/category\/aiheeton\/"},"img":{"alt_text":"","src":"https:\/\/i0.wp.com\/www.satokangas.fi\/blogi\/wp-content\/uploads\/2021\/02\/helmikuu.jpg?resize=350%2C200&ssl=1","width":350,"height":200,"srcset":"https:\/\/i0.wp.com\/www.satokangas.fi\/blogi\/wp-content\/uploads\/2021\/02\/helmikuu.jpg?resize=350%2C200&ssl=1 1x, https:\/\/i0.wp.com\/www.satokangas.fi\/blogi\/wp-content\/uploads\/2021\/02\/helmikuu.jpg?resize=525%2C300&ssl=1 1.5x, https:\/\/i0.wp.com\/www.satokangas.fi\/blogi\/wp-content\/uploads\/2021\/02\/helmikuu.jpg?resize=700%2C400&ssl=1 2x"},"classes":[]},{"id":41958,"url":"https:\/\/www.satokangas.fi\/blogi\/2021\/11\/oli-lahdettava\/","url_meta":{"origin":50686,"position":5},"title":"Oli l\u00e4hdett\u00e4v\u00e4","author":"Reija","date":"17.11.2021","format":false,"excerpt":"Aamulla hyv\u00e4stelimme Hangasojan. Vaikka oli sumuinen aamu (kuva on sunnuntai-illalta), ja vaikka oli jo kahdeksan p\u00e4iv\u00e4\u00e4 saatu m\u00f6kkikuplassa elell\u00e4, tuntui taas kerran pahalta l\u00e4hte\u00e4 pois. Tosi pahalta. Tied\u00e4 h\u00e4nt\u00e4, milloin seuraavan kerran p\u00e4\u00e4semme. Keli oli aika karsea, paljon poroja teiden varsilla, m\u00e4rkin\u00e4, h\u00e4m\u00e4r\u00e4ss\u00e4 niit\u00e4 vaikea n\u00e4hd\u00e4. Onneksi Pehtoori ajoi Tervolaan\u2026","rel":"","context":"Kategoriassa &quot;M\u00f6kkiel\u00e4m\u00e4\u00e4&quot;","block_context":{"text":"M\u00f6kkiel\u00e4m\u00e4\u00e4","link":"https:\/\/www.satokangas.fi\/blogi\/category\/mokkielamaa\/"},"img":{"alt_text":"","src":"https:\/\/i0.wp.com\/www.satokangas.fi\/blogi\/wp-content\/uploads\/2021\/11\/hyvastit.jpg?resize=350%2C200&ssl=1","width":350,"height":200,"srcset":"https:\/\/i0.wp.com\/www.satokangas.fi\/blogi\/wp-content\/uploads\/2021\/11\/hyvastit.jpg?resize=350%2C200&ssl=1 1x, https:\/\/i0.wp.com\/www.satokangas.fi\/blogi\/wp-content\/uploads\/2021\/11\/hyvastit.jpg?resize=525%2C300&ssl=1 1.5x, https:\/\/i0.wp.com\/www.satokangas.fi\/blogi\/wp-content\/uploads\/2021\/11\/hyvastit.jpg?resize=700%2C400&ssl=1 2x"},"classes":[]}],"jetpack_featured_media_url":"https:\/\/www.satokangas.fi\/blogi\/wp-content\/uploads\/2024\/09\/Ainolassa.jpg","_links":{"self":[{"href":"https:\/\/www.satokangas.fi\/blogi\/wp-json\/wp\/v2\/posts\/50686","targetHints":{"allow":["GET"]}}],"collection":[{"href":"https:\/\/www.satokangas.fi\/blogi\/wp-json\/wp\/v2\/posts"}],"about":[{"href":"https:\/\/www.satokangas.fi\/blogi\/wp-json\/wp\/v2\/types\/post"}],"author":[{"embeddable":true,"href":"https:\/\/www.satokangas.fi\/blogi\/wp-json\/wp\/v2\/users\/1"}],"replies":[{"embeddable":true,"href":"https:\/\/www.satokangas.fi\/blogi\/wp-json\/wp\/v2\/comments?post=50686"}],"version-history":[{"count":0,"href":"https:\/\/www.satokangas.fi\/blogi\/wp-json\/wp\/v2\/posts\/50686\/revisions"}],"wp:featuredmedia":[{"embeddable":true,"href":"https:\/\/www.satokangas.fi\/blogi\/wp-json\/wp\/v2\/media\/50687"}],"wp:attachment":[{"href":"https:\/\/www.satokangas.fi\/blogi\/wp-json\/wp\/v2\/media?parent=50686"}],"wp:term":[{"taxonomy":"category","embeddable":true,"href":"https:\/\/www.satokangas.fi\/blogi\/wp-json\/wp\/v2\/categories?post=50686"},{"taxonomy":"post_tag","embeddable":true,"href":"https:\/\/www.satokangas.fi\/blogi\/wp-json\/wp\/v2\/tags?post=50686"}],"curies":[{"name":"wp","href":"https:\/\/api.w.org\/{rel}","templated":true}]}}