{"id":50328,"date":"2024-08-14T20:44:25","date_gmt":"2024-08-14T17:44:25","guid":{"rendered":"https:\/\/www.satokangas.fi\/blogi\/?p=50328"},"modified":"2024-08-14T20:50:00","modified_gmt":"2024-08-14T17:50:00","slug":"tuulensuoja","status":"publish","type":"post","link":"https:\/\/www.satokangas.fi\/blogi\/2024\/08\/tuulensuoja\/","title":{"rendered":"Tuulensuoja"},"content":{"rendered":"<p><strong>Luppo<\/strong><\/p>\n<p>Iltap\u00e4iv\u00e4n hetkess\u00e4, tunturituulen ylt\u00e4ess\u00e4 pihalle leppe\u00e4n\u00e4, auringon paistaessa, aika raukeana puronrannalla silm\u00e4t kiinni istuskellen mietin ja \u00e4\u00e4nenkin sanoin:<br \/>\n&#8211; Kuka voisi kellot seisauttaa&#8230; &#x1f3b5;<\/p>\n<p>Ja mit\u00e4 toteaa mieheni?<br \/>\n&#8211; Ei muuta kuin laitat Garminin tuohon kelop\u00f6yd\u00e4lle, niin min\u00e4 voin napauttaa klapilla!<\/p>\n<p>Just!<\/p>\n<p><strong>Tuulensuojaan<\/strong><\/p>\n<p>T\u00e4n\u00e4\u00e4n (taas kerran t\u00e4\u00e4ll\u00e4 ollessa) mieless\u00e4 soi my\u00f6s Dannyn Tuulensuojaan <a href=\"https:\/\/www.youtube.com\/watch?v=GJNj9vGfl1E\" target=\"_blank\" rel=\"noopener\">Youtube<\/a><\/p>\n<p style=\"padding-left: 40px;\"><em>Tuulensuojaan, tuulensuojaan<\/em><br aria-hidden=\"true\" \/><em>pois kiireist\u00e4in nyt vihdoin n\u00e4in<\/em><br aria-hidden=\"true\" \/><em>tuulensuojaan, tuulensuojaan<\/em><br aria-hidden=\"true\" \/><em>m\u00e4 paikan sain, kauas huolistain<\/em><br aria-hidden=\"true\" \/><em>posti tuskin tiet\u00e4 tuntee,<\/em><br aria-hidden=\"true\" \/><em>summerit ei soi ja pahat kielet<\/em><br aria-hidden=\"true\" \/><em>miest\u00e4 t\u00e4\u00e4ll\u00e4 haavoittaa ei voi,<\/em><br aria-hidden=\"true\" \/><em>tuulensuojaan<\/em><\/p>\n<p><a href=\"https:\/\/www.satokangas.fi\/blogi\/2024\/08\/tuulensuoja\/tuulensuoja_8-3\/\" rel=\"attachment wp-att-50331\"><img loading=\"lazy\" decoding=\"async\" data-attachment-id=\"50331\" data-permalink=\"https:\/\/www.satokangas.fi\/blogi\/2024\/08\/tuulensuoja\/tuulensuoja_8-3\/\" data-orig-file=\"https:\/\/www.satokangas.fi\/blogi\/wp-content\/uploads\/2024\/08\/Tuulensuoja_8-3.jpg\" data-orig-size=\"1200,800\" data-comments-opened=\"1\" data-image-meta=\"{&quot;aperture&quot;:&quot;7.1&quot;,&quot;credit&quot;:&quot;&quot;,&quot;camera&quot;:&quot;Canon EOS R6m2&quot;,&quot;caption&quot;:&quot;&quot;,&quot;created_timestamp&quot;:&quot;1723643738&quot;,&quot;copyright&quot;:&quot;&quot;,&quot;focal_length&quot;:&quot;30&quot;,&quot;iso&quot;:&quot;1250&quot;,&quot;shutter_speed&quot;:&quot;0.001&quot;,&quot;title&quot;:&quot;&quot;,&quot;orientation&quot;:&quot;0&quot;}\" data-image-title=\"Tuulensuoja_8-3\" data-image-description=\"\" data-image-caption=\"\" data-large-file=\"https:\/\/www.satokangas.fi\/blogi\/wp-content\/uploads\/2024\/08\/Tuulensuoja_8-3-1000x667.jpg\" class=\"aligncenter size-full wp-image-50331\" src=\"https:\/\/www.satokangas.fi\/blogi\/wp-content\/uploads\/2024\/08\/Tuulensuoja_8-3.jpg\" alt=\"\" width=\"1200\" height=\"800\" srcset=\"https:\/\/www.satokangas.fi\/blogi\/wp-content\/uploads\/2024\/08\/Tuulensuoja_8-3.jpg 1200w, https:\/\/www.satokangas.fi\/blogi\/wp-content\/uploads\/2024\/08\/Tuulensuoja_8-3-600x400.jpg 600w, https:\/\/www.satokangas.fi\/blogi\/wp-content\/uploads\/2024\/08\/Tuulensuoja_8-3-1000x667.jpg 1000w, https:\/\/www.satokangas.fi\/blogi\/wp-content\/uploads\/2024\/08\/Tuulensuoja_8-3-300x200.jpg 300w, https:\/\/www.satokangas.fi\/blogi\/wp-content\/uploads\/2024\/08\/Tuulensuoja_8-3-768x512.jpg 768w, https:\/\/www.satokangas.fi\/blogi\/wp-content\/uploads\/2024\/08\/Tuulensuoja_8-3-90x60.jpg 90w\" sizes=\"auto, (max-width: 1200px) 100vw, 1200px\" \/><\/a><\/p>\n<p>T\u00e4n\u00e4\u00e4n valmistui meid\u00e4n uusi puronrannan &#8221;n\u00e4k\u00f6alatasanne&#8221;, notskipaikka, tulistelupaikka, patio. Aamup\u00e4iv\u00e4 viel\u00e4 kaksin maalailtiin, sitten m\u00f6bleerattiin ja min\u00e4 siivosin ja v\u00e4h\u00e4n &#8221;sisustinkin&#8221;.<\/p>\n<p><a href=\"https:\/\/www.satokangas.fi\/blogi\/2024\/08\/tuulensuoja\/tuulensuoja_8-8\/\" rel=\"attachment wp-att-50336\"><img loading=\"lazy\" decoding=\"async\" data-attachment-id=\"50336\" data-permalink=\"https:\/\/www.satokangas.fi\/blogi\/2024\/08\/tuulensuoja\/tuulensuoja_8-8\/\" data-orig-file=\"https:\/\/www.satokangas.fi\/blogi\/wp-content\/uploads\/2024\/08\/Tuulensuoja_8-8.jpg\" data-orig-size=\"1200,800\" data-comments-opened=\"1\" data-image-meta=\"{&quot;aperture&quot;:&quot;7.1&quot;,&quot;credit&quot;:&quot;&quot;,&quot;camera&quot;:&quot;Canon EOS R6m2&quot;,&quot;caption&quot;:&quot;&quot;,&quot;created_timestamp&quot;:&quot;1723644540&quot;,&quot;copyright&quot;:&quot;&quot;,&quot;focal_length&quot;:&quot;100&quot;,&quot;iso&quot;:&quot;500&quot;,&quot;shutter_speed&quot;:&quot;0.00625&quot;,&quot;title&quot;:&quot;&quot;,&quot;orientation&quot;:&quot;0&quot;}\" data-image-title=\"Tuulensuoja_8-8\" data-image-description=\"\" data-image-caption=\"\" data-large-file=\"https:\/\/www.satokangas.fi\/blogi\/wp-content\/uploads\/2024\/08\/Tuulensuoja_8-8-1000x667.jpg\" class=\"aligncenter size-full wp-image-50336\" src=\"https:\/\/www.satokangas.fi\/blogi\/wp-content\/uploads\/2024\/08\/Tuulensuoja_8-8.jpg\" alt=\"\" width=\"1200\" height=\"800\" srcset=\"https:\/\/www.satokangas.fi\/blogi\/wp-content\/uploads\/2024\/08\/Tuulensuoja_8-8.jpg 1200w, https:\/\/www.satokangas.fi\/blogi\/wp-content\/uploads\/2024\/08\/Tuulensuoja_8-8-600x400.jpg 600w, https:\/\/www.satokangas.fi\/blogi\/wp-content\/uploads\/2024\/08\/Tuulensuoja_8-8-1000x667.jpg 1000w, https:\/\/www.satokangas.fi\/blogi\/wp-content\/uploads\/2024\/08\/Tuulensuoja_8-8-300x200.jpg 300w, https:\/\/www.satokangas.fi\/blogi\/wp-content\/uploads\/2024\/08\/Tuulensuoja_8-8-768x512.jpg 768w, https:\/\/www.satokangas.fi\/blogi\/wp-content\/uploads\/2024\/08\/Tuulensuoja_8-8-90x60.jpg 90w\" sizes=\"auto, (max-width: 1200px) 100vw, 1200px\" \/><\/a><\/p>\n<p>Oli aika viett\u00e4\u00e4 <em>Tuulensuojan<\/em> k\u00e4ytt\u00f6\u00f6nottojuhlaa. M\u00f6kkinaapurit tulivat sopivasti piipahtamaan ja katselemaan aikaansaannostamme. Jotta yleis\u00f6menestys oli t\u00e4ll\u00e4 tapahtumalla. &#x1f600;<\/p>\n<p><a href=\"https:\/\/www.satokangas.fi\/blogi\/2024\/08\/tuulensuoja\/tuulensuoja_8-6\/\" rel=\"attachment wp-att-50334\"><img loading=\"lazy\" decoding=\"async\" data-attachment-id=\"50334\" data-permalink=\"https:\/\/www.satokangas.fi\/blogi\/2024\/08\/tuulensuoja\/tuulensuoja_8-6\/\" data-orig-file=\"https:\/\/www.satokangas.fi\/blogi\/wp-content\/uploads\/2024\/08\/Tuulensuoja_8-6.jpg\" data-orig-size=\"1200,654\" data-comments-opened=\"1\" data-image-meta=\"{&quot;aperture&quot;:&quot;7.1&quot;,&quot;credit&quot;:&quot;&quot;,&quot;camera&quot;:&quot;Canon EOS R6m2&quot;,&quot;caption&quot;:&quot;&quot;,&quot;created_timestamp&quot;:&quot;1723643919&quot;,&quot;copyright&quot;:&quot;&quot;,&quot;focal_length&quot;:&quot;16&quot;,&quot;iso&quot;:&quot;1250&quot;,&quot;shutter_speed&quot;:&quot;0.0005&quot;,&quot;title&quot;:&quot;&quot;,&quot;orientation&quot;:&quot;0&quot;}\" data-image-title=\"Tuulensuoja_8-6\" data-image-description=\"\" data-image-caption=\"\" data-large-file=\"https:\/\/www.satokangas.fi\/blogi\/wp-content\/uploads\/2024\/08\/Tuulensuoja_8-6-1000x545.jpg\" class=\"aligncenter size-full wp-image-50334\" src=\"https:\/\/www.satokangas.fi\/blogi\/wp-content\/uploads\/2024\/08\/Tuulensuoja_8-6.jpg\" alt=\"\" width=\"1200\" height=\"654\" srcset=\"https:\/\/www.satokangas.fi\/blogi\/wp-content\/uploads\/2024\/08\/Tuulensuoja_8-6.jpg 1200w, https:\/\/www.satokangas.fi\/blogi\/wp-content\/uploads\/2024\/08\/Tuulensuoja_8-6-600x327.jpg 600w, https:\/\/www.satokangas.fi\/blogi\/wp-content\/uploads\/2024\/08\/Tuulensuoja_8-6-1000x545.jpg 1000w, https:\/\/www.satokangas.fi\/blogi\/wp-content\/uploads\/2024\/08\/Tuulensuoja_8-6-300x164.jpg 300w, https:\/\/www.satokangas.fi\/blogi\/wp-content\/uploads\/2024\/08\/Tuulensuoja_8-6-768x419.jpg 768w, https:\/\/www.satokangas.fi\/blogi\/wp-content\/uploads\/2024\/08\/Tuulensuoja_8-6-110x60.jpg 110w\" sizes=\"auto, (max-width: 1200px) 100vw, 1200px\" \/><\/a><\/p>\n<p>Ja kuinka s\u00e4\u00e4 onkaan meit\u00e4 suosinut koko projektin ajan. Kunnolla l\u00e4mmin, ja samalla vilvoittava tuuli.<\/p>\n<p>Huomenna tunturiin, &#8211; tai sitten vain m\u00f6kkeill\u00e4\u00e4n. Luppoillaan. Ei mit\u00e4\u00e4n kesken t\u00e4ll\u00e4 hetkell\u00e4.<\/p>\n","protected":false},"excerpt":{"rendered":"<p>Luppo Iltap\u00e4iv\u00e4n hetkess\u00e4, tunturituulen ylt\u00e4ess\u00e4 pihalle leppe\u00e4n\u00e4, auringon paistaessa, aika raukeana puronrannalla silm\u00e4t kiinni istuskellen mietin ja \u00e4\u00e4nenkin sanoin: &#8211; Kuka voisi kellot seisauttaa&#8230; &#x1f3b5; Ja mit\u00e4 toteaa mieheni? &#8211; Ei muuta kuin laitat Garminin tuohon kelop\u00f6yd\u00e4lle, niin min\u00e4 voin napauttaa klapilla! Just! Tuulensuojaan T\u00e4n\u00e4\u00e4n (taas kerran t\u00e4\u00e4ll\u00e4 ollessa) mieless\u00e4 soi my\u00f6s Dannyn Tuulensuojaan Youtube Tuulensuojaan, tuulensuojaanpois kiireist\u00e4in nyt vihdoin &hellip; <\/p>\n","protected":false},"author":1,"featured_media":50333,"comment_status":"open","ping_status":"open","sticky":false,"template":"","format":"standard","meta":{"jetpack_post_was_ever_published":false,"_jetpack_newsletter_access":"","_jetpack_dont_email_post_to_subs":false,"_jetpack_newsletter_tier_id":0,"_jetpack_memberships_contains_paywalled_content":false,"_jetpack_memberships_contains_paid_content":false,"footnotes":"","jetpack_publicize_message":"","jetpack_publicize_feature_enabled":true,"jetpack_social_post_already_shared":true,"jetpack_social_options":{"image_generator_settings":{"template":"highway","default_image_id":0,"font":"","enabled":false},"version":2}},"categories":[97],"tags":[],"class_list":["post-50328","post","type-post","status-publish","format-standard","has-post-thumbnail","hentry","category-mokkielamaa","latest_post"],"jetpack_publicize_connections":[],"jetpack_featured_media_url":"https:\/\/www.satokangas.fi\/blogi\/wp-content\/uploads\/2024\/08\/Tuulensuoja_8-5.jpg","jetpack_shortlink":"https:\/\/wp.me\/pr4p4-d5K","jetpack_sharing_enabled":true,"jetpack_likes_enabled":false,"jetpack-related-posts":[{"id":5782,"url":"https:\/\/www.satokangas.fi\/blogi\/2010\/01\/tuulensuojaan-myotatuuleen\/","url_meta":{"origin":50328,"position":0},"title":"Tuulensuojaan My\u00f6t\u00e4tuuleen","author":"Reija","date":"21.1.2010","format":false,"excerpt":"Terve vaan ty\u00f6ni tehk\u00f6\u00f6n muut P\u00e4\u00e4tin vihdoin nyt korjaan luut Ja h\u00e4ivyn niin ettei kuiski suut M\u00e4 tuulen suojaan Suljen taaksein nyt arkiston Avain viimeinkin teid\u00e4n on Mut huomatkaa vain mun tiedossain on Tie tuulensuojaan Tuulensuojaan, tuulensuojaan Pois kiireist\u00e4in nyt vihdoin n\u00e4in Tuulensuojaan, tuulensuojaan M\u00e4 paikan sain, kauas huolistain Posti\u2026","rel":"","context":"Kategoriassa &quot;Lappi&quot;","block_context":{"text":"Lappi","link":"https:\/\/www.satokangas.fi\/blogi\/category\/lappi\/"},"img":{"alt_text":"","src":"https:\/\/i0.wp.com\/www.satokangas.fi\/blogi\/wp-content\/uploads\/2010\/01\/Jo-vain-500x333.jpg?resize=350%2C200&ssl=1","width":350,"height":200},"classes":[]},{"id":50519,"url":"https:\/\/www.satokangas.fi\/blogi\/2024\/09\/leppoisa-lammin-lauantai\/","url_meta":{"origin":50328,"position":1},"title":"Leppoisa, l\u00e4mmin lauantai","author":"Reija","date":"7.9.2024","format":false,"excerpt":"Sadetta? - Y\u00f6ll\u00e4 oli satanut, ja puolenp\u00e4iv\u00e4n molemmin puolin satoi. Ihan ihmeiss\u00e4\u00e4n olimme. Mutta sade soi mahdollisuuden ja innoitukselle viikkosiivoukselle ja innosti v\u00e4h\u00e4n\u00a0 leipomaankin. Huolimatta siit\u00e4, ettei metsiss\u00e4 edelleenk\u00e4\u00e4n ole sienen sient\u00e4 (k\u00e4vin t\u00e4n\u00e4\u00e4nkin vakkariapajia tsekkaamassa) tein sienipiirakan. Taas kerran Valion ohjetta mukaillen. Kuivattuja (liotettuja) suppiksia, ruskeita herkkusieni\u00e4 ja V\u00e4sterbottenin\u2026","rel":"","context":"Kategoriassa &quot;M\u00f6kkiel\u00e4m\u00e4\u00e4&quot;","block_context":{"text":"M\u00f6kkiel\u00e4m\u00e4\u00e4","link":"https:\/\/www.satokangas.fi\/blogi\/category\/mokkielamaa\/"},"img":{"alt_text":"","src":"https:\/\/i0.wp.com\/www.satokangas.fi\/blogi\/wp-content\/uploads\/2024\/09\/Tuparit-3.jpg?resize=350%2C200&ssl=1","width":350,"height":200,"srcset":"https:\/\/i0.wp.com\/www.satokangas.fi\/blogi\/wp-content\/uploads\/2024\/09\/Tuparit-3.jpg?resize=350%2C200&ssl=1 1x, https:\/\/i0.wp.com\/www.satokangas.fi\/blogi\/wp-content\/uploads\/2024\/09\/Tuparit-3.jpg?resize=525%2C300&ssl=1 1.5x"},"classes":[]},{"id":50325,"url":"https:\/\/www.satokangas.fi\/blogi\/2024\/08\/raksalla-maalausta-ja-muistoja\/","url_meta":{"origin":50328,"position":2},"title":"Raksalla maalausta ja muistoja","author":"Reija","date":"13.8.2024","format":false,"excerpt":"Ei taaskaan ole sanoja kertomaan siit\u00e4, kuinka on ollut hyv\u00e4 p\u00e4iv\u00e4. Joku sanoisi ehk\u00e4 ty\u00f6p\u00e4iv\u00e4ksi, mutta meill\u00e4 on ollut mukava \"raksap\u00e4iv\u00e4\". Aika varhaisesta aamusta iltaviiteen olimme puronrannan notskipaikan \"rakennusty\u00f6maalla\". Pehtoori teki katon ja min\u00e4 maalasin koko uuuden sein\u00e4n. Siin\u00e4 se kuusi litraa humahti hirsille ja laudoille. Ja kuinka elink\u00e4\u00e4n menneess\u00e4,\u2026","rel":"","context":"Kategoriassa &quot;Niit\u00e4 n\u00e4it\u00e4&quot;","block_context":{"text":"Niit\u00e4 n\u00e4it\u00e4","link":"https:\/\/www.satokangas.fi\/blogi\/category\/aiheeton\/"},"img":{"alt_text":"","src":"https:\/\/i0.wp.com\/www.satokangas.fi\/blogi\/wp-content\/uploads\/2024\/08\/WhatsApp-Image-2024-08-13-at-10.33.39.jpeg?resize=350%2C200&ssl=1","width":350,"height":200,"srcset":"https:\/\/i0.wp.com\/www.satokangas.fi\/blogi\/wp-content\/uploads\/2024\/08\/WhatsApp-Image-2024-08-13-at-10.33.39.jpeg?resize=350%2C200&ssl=1 1x, https:\/\/i0.wp.com\/www.satokangas.fi\/blogi\/wp-content\/uploads\/2024\/08\/WhatsApp-Image-2024-08-13-at-10.33.39.jpeg?resize=525%2C300&ssl=1 1.5x, https:\/\/i0.wp.com\/www.satokangas.fi\/blogi\/wp-content\/uploads\/2024\/08\/WhatsApp-Image-2024-08-13-at-10.33.39.jpeg?resize=700%2C400&ssl=1 2x, https:\/\/i0.wp.com\/www.satokangas.fi\/blogi\/wp-content\/uploads\/2024\/08\/WhatsApp-Image-2024-08-13-at-10.33.39.jpeg?resize=1050%2C600&ssl=1 3x, https:\/\/i0.wp.com\/www.satokangas.fi\/blogi\/wp-content\/uploads\/2024\/08\/WhatsApp-Image-2024-08-13-at-10.33.39.jpeg?resize=1400%2C800&ssl=1 4x"},"classes":[]},{"id":50558,"url":"https:\/\/www.satokangas.fi\/blogi\/2024\/09\/50558\/","url_meta":{"origin":50328,"position":3},"title":"Urup\u00e4\u00e4ll\u00e4","author":"Reija","date":"11.9.2024","format":false,"excerpt":"Min\u00e4 vaan voisin - ties kuinka kauan - kuinka monena viikkona tai jopa kuukautena per\u00e4j\u00e4lkeen k\u00e4vell\u00e4 tunturissa, luonnossa, kangasmetsiss\u00e4, purojen ja vesien \u00e4\u00e4rell\u00e4. K\u00e4vell\u00e4, kuvailla, mietti\u00e4, olla ajattelematta mit\u00e4\u00e4n, ajatella paljon. Yksinkin voisin, mutta t\u00e4n\u00e4\u00e4n oli hyv\u00e4, kun meit\u00e4 oli monta. Yst\u00e4vien kanssa l\u00e4hdimme jo aamusella tunturiin. Urup\u00e4\u00e4t\u00e4 kohti ei\u2026","rel":"","context":"Kategoriassa &quot;Lappi&quot;","block_context":{"text":"Lappi","link":"https:\/\/www.satokangas.fi\/blogi\/category\/lappi\/"},"img":{"alt_text":"","src":"https:\/\/i0.wp.com\/www.satokangas.fi\/blogi\/wp-content\/uploads\/2024\/09\/Urupaa_-13.jpg?resize=350%2C200&ssl=1","width":350,"height":200,"srcset":"https:\/\/i0.wp.com\/www.satokangas.fi\/blogi\/wp-content\/uploads\/2024\/09\/Urupaa_-13.jpg?resize=350%2C200&ssl=1 1x, https:\/\/i0.wp.com\/www.satokangas.fi\/blogi\/wp-content\/uploads\/2024\/09\/Urupaa_-13.jpg?resize=525%2C300&ssl=1 1.5x, https:\/\/i0.wp.com\/www.satokangas.fi\/blogi\/wp-content\/uploads\/2024\/09\/Urupaa_-13.jpg?resize=700%2C400&ssl=1 2x"},"classes":[]},{"id":52894,"url":"https:\/\/www.satokangas.fi\/blogi\/2025\/08\/ilma-kuin-linnunmaitoa\/","url_meta":{"origin":50328,"position":4},"title":"Ilma kuin linnunmaitoa!","author":"Reija","date":"10.8.2025","format":false,"excerpt":"\"Ilma on kuin linnunmaitoa\"! - Niin \u00e4itini olisi t\u00e4n\u00e4\u00e4n sanonut. Niin h\u00e4n sanoi silloin, kun oli sellainen lempe\u00e4, l\u00e4mmin, leppe\u00e4 etel\u00e4tuulinen, liki tyven p\u00e4iv\u00e4 kuten t\u00e4n\u00e4\u00e4n. T\u00e4n\u00e4\u00e4n on ollut hyv\u00e4 p\u00e4iv\u00e4. On ollut hyvin v\u00e4h\u00e4n mit\u00e4\u00e4n ajatuksia, y\u00f6lliset painajaiset unohtuivat pian, kovin v\u00e4h\u00e4n on mieless\u00e4 ollut huolia, eik\u00e4 ole ollut\u2026","rel":"","context":"Kategoriassa &quot;Lappi&quot;","block_context":{"text":"Lappi","link":"https:\/\/www.satokangas.fi\/blogi\/category\/lappi\/"},"img":{"alt_text":"","src":"https:\/\/i0.wp.com\/www.satokangas.fi\/blogi\/wp-content\/uploads\/2025\/08\/aamupaivapatikalla-3.jpg?resize=350%2C200&ssl=1","width":350,"height":200,"srcset":"https:\/\/i0.wp.com\/www.satokangas.fi\/blogi\/wp-content\/uploads\/2025\/08\/aamupaivapatikalla-3.jpg?resize=350%2C200&ssl=1 1x, https:\/\/i0.wp.com\/www.satokangas.fi\/blogi\/wp-content\/uploads\/2025\/08\/aamupaivapatikalla-3.jpg?resize=525%2C300&ssl=1 1.5x, https:\/\/i0.wp.com\/www.satokangas.fi\/blogi\/wp-content\/uploads\/2025\/08\/aamupaivapatikalla-3.jpg?resize=700%2C400&ssl=1 2x"},"classes":[]},{"id":50576,"url":"https:\/\/www.satokangas.fi\/blogi\/2024\/09\/mariankuru-ja-leppea-lampo\/","url_meta":{"origin":50328,"position":5},"title":"Mariankuru ja leppe\u00e4 l\u00e4mp\u00f6!","author":"Reija","date":"12.9.2024","format":false,"excerpt":"Torstaiko t\u00e4n\u00e4\u00e4n? - Joka tapauksessa toinen kokonainen p\u00e4iv\u00e4, jolloin meill\u00e4 on \u00b4Amici\u00b4 seurana m\u00f6kkielossa. Brunssista selvisimme alle tunnissa ja kymmenen j\u00e4lkeen olimme valmiita patikalle. Yst\u00e4v\u00e4t eiv\u00e4t oikein tienneet minne heid\u00e4t olisimme viem\u00e4ss\u00e4, mutta melkein kymmenen kilometrin, melkein nelj\u00e4n tunnin tunturissa kulun ja olon j\u00e4lkeen eiv\u00e4t olleet pahoillaan. Hyv\u00e4, hengitt\u00e4v\u00e4, reipas\u2026","rel":"","context":"Kategoriassa &quot;Lappi&quot;","block_context":{"text":"Lappi","link":"https:\/\/www.satokangas.fi\/blogi\/category\/lappi\/"},"img":{"alt_text":"","src":"https:\/\/i0.wp.com\/www.satokangas.fi\/blogi\/wp-content\/uploads\/2024\/09\/Mariankuru-2.jpg?resize=350%2C200&ssl=1","width":350,"height":200,"srcset":"https:\/\/i0.wp.com\/www.satokangas.fi\/blogi\/wp-content\/uploads\/2024\/09\/Mariankuru-2.jpg?resize=350%2C200&ssl=1 1x, https:\/\/i0.wp.com\/www.satokangas.fi\/blogi\/wp-content\/uploads\/2024\/09\/Mariankuru-2.jpg?resize=525%2C300&ssl=1 1.5x, https:\/\/i0.wp.com\/www.satokangas.fi\/blogi\/wp-content\/uploads\/2024\/09\/Mariankuru-2.jpg?resize=700%2C400&ssl=1 2x"},"classes":[]}],"_links":{"self":[{"href":"https:\/\/www.satokangas.fi\/blogi\/wp-json\/wp\/v2\/posts\/50328","targetHints":{"allow":["GET"]}}],"collection":[{"href":"https:\/\/www.satokangas.fi\/blogi\/wp-json\/wp\/v2\/posts"}],"about":[{"href":"https:\/\/www.satokangas.fi\/blogi\/wp-json\/wp\/v2\/types\/post"}],"author":[{"embeddable":true,"href":"https:\/\/www.satokangas.fi\/blogi\/wp-json\/wp\/v2\/users\/1"}],"replies":[{"embeddable":true,"href":"https:\/\/www.satokangas.fi\/blogi\/wp-json\/wp\/v2\/comments?post=50328"}],"version-history":[{"count":0,"href":"https:\/\/www.satokangas.fi\/blogi\/wp-json\/wp\/v2\/posts\/50328\/revisions"}],"wp:featuredmedia":[{"embeddable":true,"href":"https:\/\/www.satokangas.fi\/blogi\/wp-json\/wp\/v2\/media\/50333"}],"wp:attachment":[{"href":"https:\/\/www.satokangas.fi\/blogi\/wp-json\/wp\/v2\/media?parent=50328"}],"wp:term":[{"taxonomy":"category","embeddable":true,"href":"https:\/\/www.satokangas.fi\/blogi\/wp-json\/wp\/v2\/categories?post=50328"},{"taxonomy":"post_tag","embeddable":true,"href":"https:\/\/www.satokangas.fi\/blogi\/wp-json\/wp\/v2\/tags?post=50328"}],"curies":[{"name":"wp","href":"https:\/\/api.w.org\/{rel}","templated":true}]}}