{"id":49879,"date":"2024-06-21T20:46:44","date_gmt":"2024-06-21T17:46:44","guid":{"rendered":"https:\/\/www.satokangas.fi\/blogi\/?p=49879"},"modified":"2024-06-21T22:15:45","modified_gmt":"2024-06-21T19:15:45","slug":"49879","status":"publish","type":"post","link":"https:\/\/www.satokangas.fi\/blogi\/2024\/06\/49879\/","title":{"rendered":"Voi sanoa perinteiseksi"},"content":{"rendered":"<p style=\"text-align: justify;\">Kaupunkijuhannus &#8211; kuten niin monina edellisin\u00e4kin vuosina. Aurinkoinen, tuulinen, ei niin helteinen juhannusaatto. Ja jos joulu on minulle ruokajuhla ja perhejuhla niin on my\u00f6s juhannus. Saan syd\u00e4meni kyllyydest\u00e4 tehd\u00e4 ruokaa, tarjota sit\u00e4 rakkaille.<\/p>\n<p style=\"text-align: justify;\">N\u00e4in t\u00e4m\u00e4 p\u00e4iv\u00e4 on mennyt. Aamup\u00e4iv\u00e4ll\u00e4 k\u00e4vin sent\u00e4\u00e4n parin tunnin py\u00f6r\u00e4lenkill\u00e4 &#8211; kuten jo perinteeksi on tullut ajelen Kellon Kiviniemen kalasatamaan meren \u00e4\u00e4relle toviksi. Matkakahvi mukanani, pieni hetki ihan yksikseni. T\u00e4llaiset ovat t\u00e4rkeit\u00e4 hetki\u00e4. Vuodenkierrossa toistuvat juhlat tuovat muistoja edellisist\u00e4, ehk\u00e4 on hyv\u00e4kin tavallaan paaluttaa kuluneita vuosia ja panna niiden muistot kohdilleen. Ja niin kuin t\u00e4n\u00e4\u00e4n: huomata, ett\u00e4 asiat voivat muuttua my\u00f6s paremmiksi.<\/p>\n<p style=\"text-align: justify;\"><a href=\"https:\/\/www.satokangas.fi\/blogi\/2024\/06\/49879\/juhannusaatto_2024-4\/\" rel=\"attachment wp-att-49883\"><img loading=\"lazy\" decoding=\"async\" data-attachment-id=\"49883\" data-permalink=\"https:\/\/www.satokangas.fi\/blogi\/2024\/06\/49879\/juhannusaatto_2024-4\/\" data-orig-file=\"https:\/\/www.satokangas.fi\/blogi\/wp-content\/uploads\/2024\/06\/Juhannusaatto_2024-1.jpg\" data-orig-size=\"900,600\" data-comments-opened=\"1\" data-image-meta=\"{&quot;aperture&quot;:&quot;9&quot;,&quot;credit&quot;:&quot;&quot;,&quot;camera&quot;:&quot;Canon EOS R6m2&quot;,&quot;caption&quot;:&quot;&quot;,&quot;created_timestamp&quot;:&quot;1718963403&quot;,&quot;copyright&quot;:&quot;&quot;,&quot;focal_length&quot;:&quot;100&quot;,&quot;iso&quot;:&quot;320&quot;,&quot;shutter_speed&quot;:&quot;0.0008&quot;,&quot;title&quot;:&quot;&quot;,&quot;orientation&quot;:&quot;0&quot;}\" data-image-title=\"Juhannusaatto_2024\" data-image-description=\"\" data-image-caption=\"\" data-large-file=\"https:\/\/www.satokangas.fi\/blogi\/wp-content\/uploads\/2024\/06\/Juhannusaatto_2024-1.jpg\" class=\"aligncenter wp-image-49883 size-full\" src=\"https:\/\/www.satokangas.fi\/blogi\/wp-content\/uploads\/2024\/06\/Juhannusaatto_2024-1.jpg\" alt=\"\" width=\"900\" height=\"600\" srcset=\"https:\/\/www.satokangas.fi\/blogi\/wp-content\/uploads\/2024\/06\/Juhannusaatto_2024-1.jpg 900w, https:\/\/www.satokangas.fi\/blogi\/wp-content\/uploads\/2024\/06\/Juhannusaatto_2024-1-600x400.jpg 600w, https:\/\/www.satokangas.fi\/blogi\/wp-content\/uploads\/2024\/06\/Juhannusaatto_2024-1-300x200.jpg 300w, https:\/\/www.satokangas.fi\/blogi\/wp-content\/uploads\/2024\/06\/Juhannusaatto_2024-1-768x512.jpg 768w, https:\/\/www.satokangas.fi\/blogi\/wp-content\/uploads\/2024\/06\/Juhannusaatto_2024-1-90x60.jpg 90w\" sizes=\"auto, (max-width: 900px) 100vw, 900px\" \/><\/a><\/p>\n<p style=\"text-align: justify;\">Muutoin p\u00e4iv\u00e4 ruoan ja perheen ymp\u00e4rill\u00e4 ja \u00e4\u00e4ress\u00e4. Osasinpas olla lunkisti, ei mit\u00e4\u00e4n kummoisia t\u00e4n\u00e4\u00e4n.<\/p>\n<p style=\"text-align: justify;\"><a href=\"https:\/\/www.satokangas.fi\/blogi\/2024\/06\/49879\/juhannusaatto_2024-3-2\/\" rel=\"attachment wp-att-49884\"><img loading=\"lazy\" decoding=\"async\" data-attachment-id=\"49884\" data-permalink=\"https:\/\/www.satokangas.fi\/blogi\/2024\/06\/49879\/juhannusaatto_2024-3-2\/\" data-orig-file=\"https:\/\/www.satokangas.fi\/blogi\/wp-content\/uploads\/2024\/06\/Juhannusaatto_2024-3-1.jpg\" data-orig-size=\"900,555\" data-comments-opened=\"1\" data-image-meta=\"{&quot;aperture&quot;:&quot;5&quot;,&quot;credit&quot;:&quot;&quot;,&quot;camera&quot;:&quot;Canon EOS R6m2&quot;,&quot;caption&quot;:&quot;&quot;,&quot;created_timestamp&quot;:&quot;1718977750&quot;,&quot;copyright&quot;:&quot;&quot;,&quot;focal_length&quot;:&quot;70&quot;,&quot;iso&quot;:&quot;800&quot;,&quot;shutter_speed&quot;:&quot;0.01&quot;,&quot;title&quot;:&quot;&quot;,&quot;orientation&quot;:&quot;0&quot;}\" data-image-title=\"Juhannusaatto_2024-3\" data-image-description=\"\" data-image-caption=\"\" data-large-file=\"https:\/\/www.satokangas.fi\/blogi\/wp-content\/uploads\/2024\/06\/Juhannusaatto_2024-3-1.jpg\" class=\"size-full wp-image-49884 aligncenter\" src=\"https:\/\/www.satokangas.fi\/blogi\/wp-content\/uploads\/2024\/06\/Juhannusaatto_2024-3-1.jpg\" alt=\"\" width=\"900\" height=\"555\" srcset=\"https:\/\/www.satokangas.fi\/blogi\/wp-content\/uploads\/2024\/06\/Juhannusaatto_2024-3-1.jpg 900w, https:\/\/www.satokangas.fi\/blogi\/wp-content\/uploads\/2024\/06\/Juhannusaatto_2024-3-1-600x370.jpg 600w, https:\/\/www.satokangas.fi\/blogi\/wp-content\/uploads\/2024\/06\/Juhannusaatto_2024-3-1-300x185.jpg 300w, https:\/\/www.satokangas.fi\/blogi\/wp-content\/uploads\/2024\/06\/Juhannusaatto_2024-3-1-768x474.jpg 768w, https:\/\/www.satokangas.fi\/blogi\/wp-content\/uploads\/2024\/06\/Juhannusaatto_2024-3-1-97x60.jpg 97w\" sizes=\"auto, (max-width: 900px) 100vw, 900px\" \/><\/a><\/p>\n<p style=\"text-align: center;\">N\u00e4m\u00e4 me tehtiin Eepin kanssa, eiv\u00e4t ihan sit\u00e4 mit\u00e4 aiottiin, mutta hyvin upposivat&#8230;<\/p>\n<p style=\"text-align: justify;\">Hyv\u00e4\u00e4 yhdess\u00e4 oloa, yhdess\u00e4 tekemist\u00e4, Eepist\u00e4 on mukava kattaa p\u00f6yt\u00e4\u00e4, Apsusta ei. V\u00e4lill\u00e4 ehdimme pelata pihalla. Ja &#8221;vaaaauuuuu&#8221;. Se on j\u00e4\u00e4nyt parin viikon takaisen Kalajoen reissun j\u00e4lkeen l\u00e4htem\u00e4tt\u00f6m\u00e4sti meid\u00e4n keskin\u00e4isen kanssak\u00e4ymisen perusilmaukseksi. \ud83d\ude00<\/p>\n<p style=\"text-align: justify;\">Nyt oli ensimm\u00e4inen vuosi, jolloin Eepi sai papan kanssa nostaa lipun salkoon. Se on lapselle j\u00e4nn\u00e4 juttu.<\/p>\n<p style=\"text-align: justify;\">T\u00e4n\u00e4\u00e4n olimme kuudestaan (me + Juniori, Mini\u00e4 ja muksut), huomenna saadaan t\u00e4nne Emmiliini vanhempineen. &#x1f9e1;Brunssip\u00f6yt\u00e4 on jo katettu.<\/p>\n","protected":false},"excerpt":{"rendered":"<p>Kaupunkijuhannus &#8211; kuten niin monina edellisin\u00e4kin vuosina. Aurinkoinen, tuulinen, ei niin helteinen juhannusaatto. Ja jos joulu on minulle ruokajuhla ja perhejuhla niin on my\u00f6s juhannus. Saan syd\u00e4meni kyllyydest\u00e4 tehd\u00e4 ruokaa, tarjota sit\u00e4 rakkaille. N\u00e4in t\u00e4m\u00e4 p\u00e4iv\u00e4 on mennyt. Aamup\u00e4iv\u00e4ll\u00e4 k\u00e4vin sent\u00e4\u00e4n parin tunnin py\u00f6r\u00e4lenkill\u00e4 &#8211; kuten jo perinteeksi on tullut ajelen Kellon Kiviniemen kalasatamaan meren \u00e4\u00e4relle toviksi. Matkakahvi mukanani, pieni &hellip; <\/p>\n","protected":false},"author":1,"featured_media":49881,"comment_status":"open","ping_status":"open","sticky":false,"template":"","format":"standard","meta":{"jetpack_post_was_ever_published":false,"_jetpack_newsletter_access":"","_jetpack_dont_email_post_to_subs":false,"_jetpack_newsletter_tier_id":0,"_jetpack_memberships_contains_paywalled_content":false,"_jetpack_memberships_contains_paid_content":false,"footnotes":"","jetpack_publicize_message":"","jetpack_publicize_feature_enabled":true,"jetpack_social_post_already_shared":true,"jetpack_social_options":{"image_generator_settings":{"template":"highway","default_image_id":0,"font":"","enabled":false},"version":2}},"categories":[75],"tags":[],"class_list":["post-49879","post","type-post","status-publish","format-standard","has-post-thumbnail","hentry","category-isovanhemmuus","latest_post"],"jetpack_publicize_connections":[],"jetpack_featured_media_url":"https:\/\/www.satokangas.fi\/blogi\/wp-content\/uploads\/2024\/06\/Juhannusaatto_2024-2.jpg","jetpack_shortlink":"https:\/\/wp.me\/sr4p4-49879","jetpack_sharing_enabled":true,"jetpack_likes_enabled":false,"jetpack-related-posts":[{"id":41365,"url":"https:\/\/www.satokangas.fi\/blogi\/2021\/08\/vuosia-takana-niita-muistellessa\/","url_meta":{"origin":49879,"position":0},"title":"Vuosia takana &#8211; niit\u00e4 muistellessa","author":"Reija","date":"11.8.2021","format":false,"excerpt":"Aurinkoinen elokuun yhdestoista. Kuten usein on. Kuten oli 64 vuotta sittenkin. Pehtoorin syntt\u00e4reit\u00e4 on vietetty t\u00e4n\u00e4\u00e4n. Toki vasta illan tullen... Samalla taidettiin (yhteisen laskutoimituksen j\u00e4lkeen) viett\u00e4\u00e4 10-vuotisjuhlaa sille, ett\u00e4 olimme ihan vaan nelj\u00e4st\u00e4\u00e4n, kesken\u00e4\u00e4n, vain meid\u00e4n perheen kesken ulkona sy\u00f6m\u00e4ss\u00e4. Yritettiin porukalla etsi\u00e4 sit\u00e4 hetke\u00e4, ett\u00e4 vain me nelj\u00e4 olisimme\u2026","rel":"","context":"Kategoriassa &quot;Niit\u00e4 n\u00e4it\u00e4&quot;","block_context":{"text":"Niit\u00e4 n\u00e4it\u00e4","link":"https:\/\/www.satokangas.fi\/blogi\/category\/aiheeton\/"},"img":{"alt_text":"","src":"https:\/\/i0.wp.com\/www.satokangas.fi\/blogi\/wp-content\/uploads\/2021\/08\/4-634x400.jpg?resize=350%2C200&ssl=1","width":350,"height":200,"srcset":"https:\/\/i0.wp.com\/www.satokangas.fi\/blogi\/wp-content\/uploads\/2021\/08\/4-634x400.jpg?resize=350%2C200&ssl=1 1x, https:\/\/i0.wp.com\/www.satokangas.fi\/blogi\/wp-content\/uploads\/2021\/08\/4-634x400.jpg?resize=525%2C300&ssl=1 1.5x"},"classes":[]},{"id":42890,"url":"https:\/\/www.satokangas.fi\/blogi\/2022\/05\/muistoja-paljon-muistoja\/","url_meta":{"origin":49879,"position":1},"title":"Muistoja, paljon muistoja","author":"Reija","date":"21.5.2022","format":false,"excerpt":"Ihan vahingossa sattui juuri t\u00e4lle p\u00e4iv\u00e4lle kampaaja. Sik\u00e4li hyv\u00e4 vahinko, ett\u00e4 pitk\u00e4ksi, kulahtaneeksi k\u00e4ynyt pehkoni tuli heti aamup\u00e4iv\u00e4ll\u00e4 leikattua ja huoliteltua kiilt\u00e4v\u00e4ksi, - kotoilijan hiuksiin ryhti\u00e4. Siksi hyv\u00e4, ett\u00e4 juuri t\u00e4n\u00e4\u00e4n, kun oli oikein \"menokin\". Olen ollut illan kotikaronkassa. Huhtikuun alussa olleen\u00a0v\u00e4it\u00f6stilaisuuden \"jatko-karonkka\" oli t\u00e4n\u00e4\u00e4n, v\u00e4ittelij\u00e4n kotikotona. Niin iloinen ja\u2026","rel":"","context":"Kategoriassa &quot;Historiaa&quot;","block_context":{"text":"Historiaa","link":"https:\/\/www.satokangas.fi\/blogi\/category\/historiaa\/"},"img":{"alt_text":"","src":"https:\/\/i0.wp.com\/www.satokangas.fi\/blogi\/wp-content\/uploads\/2022\/05\/soitin.jpg?resize=350%2C200&ssl=1","width":350,"height":200},"classes":[]},{"id":54199,"url":"https:\/\/www.satokangas.fi\/blogi\/2026\/03\/valilla-tuulee-kovempaa\/","url_meta":{"origin":49879,"position":2},"title":"V\u00e4lill\u00e4 tuulee kovempaa","author":"Reija","date":"27.3.2026","format":false,"excerpt":"\u201dJoskus tuulee v\u00e4h\u00e4n kovempaa\u201d, noin sanottiin jossain vast\u00b4ik\u00e4\u00e4n kuuntelemassani kirjassa kun siin\u00e4 oli puhetta surusta. T\u00e4n\u00e4\u00e4nkin on \u201dtuullut v\u00e4h\u00e4n kovempaa\u201d. Tuuli on minulle paljon muutakin kuin s\u00e4\u00e4ilmi\u00f6. Tuuli on suru, - toki muistoissa my\u00f6s ilo. Olenhan tuulen sisar, tuulen tyt\u00e4r, - tuuli itsekin. Suru muuttuu v\u00e4lill\u00e4, ehk\u00e4 lopulta, \u00b4vain\u00b4 ik\u00e4v\u00e4ksi.\u2026","rel":"","context":"Kategoriassa &quot;Niit\u00e4 n\u00e4it\u00e4&quot;","block_context":{"text":"Niit\u00e4 n\u00e4it\u00e4","link":"https:\/\/www.satokangas.fi\/blogi\/category\/aiheeton\/"},"img":{"alt_text":"","src":"https:\/\/i0.wp.com\/www.satokangas.fi\/blogi\/wp-content\/uploads\/2025\/05\/Lemmikit_R.jpg?resize=350%2C200&ssl=1","width":350,"height":200,"srcset":"https:\/\/i0.wp.com\/www.satokangas.fi\/blogi\/wp-content\/uploads\/2025\/05\/Lemmikit_R.jpg?resize=350%2C200&ssl=1 1x, https:\/\/i0.wp.com\/www.satokangas.fi\/blogi\/wp-content\/uploads\/2025\/05\/Lemmikit_R.jpg?resize=525%2C300&ssl=1 1.5x, https:\/\/i0.wp.com\/www.satokangas.fi\/blogi\/wp-content\/uploads\/2025\/05\/Lemmikit_R.jpg?resize=700%2C400&ssl=1 2x, https:\/\/i0.wp.com\/www.satokangas.fi\/blogi\/wp-content\/uploads\/2025\/05\/Lemmikit_R.jpg?resize=1050%2C600&ssl=1 3x"},"classes":[]},{"id":45430,"url":"https:\/\/www.satokangas.fi\/blogi\/2023\/05\/sumua-ja-muistoja\/","url_meta":{"origin":49879,"position":3},"title":"Sumua ja muistoja","author":"Reija","date":"1.5.2023","format":false,"excerpt":"Wappup\u00e4iv\u00e4n aamuna hyv\u00e4 vire l\u00e4hte\u00e4 kuvailemaan - semminkin kun oli ihan huippuhieno usva koko kaupungin yll\u00e4. Melkein maaginen tunnelma. Kummasti viihdyin hiljaisessa kaupungissa, - menneit\u00e4 vapppuja muistikuvissa. Ja taas: on hyv\u00e4 el\u00e4m\u00e4nvaihe nyt. Linnansaaressa (Oulun perinteinen vappupiknikin kokoontumispaikka) ei ollut kuin muutama \"ruokakunta\". Ja Teekkaritorvet. Ilo oli se! Vappup\u00e4iv\u00e4n (joskus\u2026","rel":"","context":"Kategoriassa &quot;Niit\u00e4 n\u00e4it\u00e4&quot;","block_context":{"text":"Niit\u00e4 n\u00e4it\u00e4","link":"https:\/\/www.satokangas.fi\/blogi\/category\/aiheeton\/"},"img":{"alt_text":"","src":"https:\/\/i0.wp.com\/www.satokangas.fi\/blogi\/wp-content\/uploads\/2023\/05\/vappuviikonloppu-17.jpg?resize=350%2C200&ssl=1","width":350,"height":200,"srcset":"https:\/\/i0.wp.com\/www.satokangas.fi\/blogi\/wp-content\/uploads\/2023\/05\/vappuviikonloppu-17.jpg?resize=350%2C200&ssl=1 1x, https:\/\/i0.wp.com\/www.satokangas.fi\/blogi\/wp-content\/uploads\/2023\/05\/vappuviikonloppu-17.jpg?resize=525%2C300&ssl=1 1.5x, https:\/\/i0.wp.com\/www.satokangas.fi\/blogi\/wp-content\/uploads\/2023\/05\/vappuviikonloppu-17.jpg?resize=700%2C400&ssl=1 2x"},"classes":[]},{"id":5528,"url":"https:\/\/www.satokangas.fi\/blogi\/2009\/12\/joulua-2\/","url_meta":{"origin":49879,"position":4},"title":"Joulua","author":"Reija","date":"25.12.2009","format":false,"excerpt":"Lunta ja pakkasta (juuri \u00e4sken mittari n\u00e4ytti melkein - 30 C), niinh\u00e4n jouluna kuuluu ollakin. \u00a0Jouluun kuuluvat my\u00f6s lautapelit ja portviini. Uuden (talot ja hotellit maksetaan Visalla!) Monopolin \u00e4\u00e4ress\u00e4 on t\u00e4n\u00e4\u00e4n kulunut er\u00e4skin tunti! Ja kuinka (h\u00e4vitess\u00e4) muistuikaan mieleen ne kymmenet ja sadat tunnit, joita Monopoli-laudan \u00e4\u00e4rell\u00e4 vietetty, eik\u00e4 vain\u2026","rel":"","context":"Kategoriassa &quot;Niit\u00e4 n\u00e4it\u00e4&quot;","block_context":{"text":"Niit\u00e4 n\u00e4it\u00e4","link":"https:\/\/www.satokangas.fi\/blogi\/category\/aiheeton\/"},"img":{"alt_text":"","src":"https:\/\/i0.wp.com\/www.satokangas.fi\/blogi\/wp-content\/uploads\/2009\/12\/monopoli-500x341.jpg?resize=350%2C200&ssl=1","width":350,"height":200},"classes":[]},{"id":26856,"url":"https:\/\/www.satokangas.fi\/blogi\/2015\/11\/helsingissa-ei-vain-cartier-bressonin-takia\/","url_meta":{"origin":49879,"position":5},"title":"Helsingiss\u00e4 &#8211; ei vain Cartier-Bressonin takia","author":"Reija","date":"19.11.2015","format":false,"excerpt":"T\u00e4\u00e4ll\u00e4 Helsinki. Taas tulimme Pehtoorin kanssa yht\u00e4 aikaa, mutta eri kulkupelill\u00e4. Olemme vaihteeksi muuttopuuhissa; Pehtoori tuli isolla pakulla, min\u00e4 lent\u00e4en. Aamulla minulla \u00e4idin kanssa neurologian polin vakik\u00e4ynti, ja sitten Helsingin koneelle. Ja tied\u00e4ttek\u00f6s mit\u00e4? Me aiomme sunnuntaina lent\u00e4\u00e4 kotiin Finnairin koneella, niin on taas kerran olemassa pieni mahdollisuus, ett\u00e4 AKT\u2026","rel":"","context":"Kategoriassa &quot;Niit\u00e4 n\u00e4it\u00e4&quot;","block_context":{"text":"Niit\u00e4 n\u00e4it\u00e4","link":"https:\/\/www.satokangas.fi\/blogi\/category\/aiheeton\/"},"img":{"alt_text":"IMG_2851","src":"https:\/\/i0.wp.com\/www.satokangas.fi\/blogi\/wp-content\/uploads\/2015\/11\/IMG_2851-600x400.jpg?resize=350%2C200&ssl=1","width":350,"height":200,"srcset":"https:\/\/i0.wp.com\/www.satokangas.fi\/blogi\/wp-content\/uploads\/2015\/11\/IMG_2851-600x400.jpg?resize=350%2C200&ssl=1 1x, https:\/\/i0.wp.com\/www.satokangas.fi\/blogi\/wp-content\/uploads\/2015\/11\/IMG_2851-600x400.jpg?resize=525%2C300&ssl=1 1.5x"},"classes":[]}],"_links":{"self":[{"href":"https:\/\/www.satokangas.fi\/blogi\/wp-json\/wp\/v2\/posts\/49879","targetHints":{"allow":["GET"]}}],"collection":[{"href":"https:\/\/www.satokangas.fi\/blogi\/wp-json\/wp\/v2\/posts"}],"about":[{"href":"https:\/\/www.satokangas.fi\/blogi\/wp-json\/wp\/v2\/types\/post"}],"author":[{"embeddable":true,"href":"https:\/\/www.satokangas.fi\/blogi\/wp-json\/wp\/v2\/users\/1"}],"replies":[{"embeddable":true,"href":"https:\/\/www.satokangas.fi\/blogi\/wp-json\/wp\/v2\/comments?post=49879"}],"version-history":[{"count":0,"href":"https:\/\/www.satokangas.fi\/blogi\/wp-json\/wp\/v2\/posts\/49879\/revisions"}],"wp:featuredmedia":[{"embeddable":true,"href":"https:\/\/www.satokangas.fi\/blogi\/wp-json\/wp\/v2\/media\/49881"}],"wp:attachment":[{"href":"https:\/\/www.satokangas.fi\/blogi\/wp-json\/wp\/v2\/media?parent=49879"}],"wp:term":[{"taxonomy":"category","embeddable":true,"href":"https:\/\/www.satokangas.fi\/blogi\/wp-json\/wp\/v2\/categories?post=49879"},{"taxonomy":"post_tag","embeddable":true,"href":"https:\/\/www.satokangas.fi\/blogi\/wp-json\/wp\/v2\/tags?post=49879"}],"curies":[{"name":"wp","href":"https:\/\/api.w.org\/{rel}","templated":true}]}}