{"id":49597,"date":"2024-05-24T23:32:10","date_gmt":"2024-05-24T20:32:10","guid":{"rendered":"https:\/\/www.satokangas.fi\/blogi\/?p=49597"},"modified":"2024-05-24T23:56:07","modified_gmt":"2024-05-24T20:56:07","slug":"veronassa-turistikierroksella","status":"publish","type":"post","link":"https:\/\/www.satokangas.fi\/blogi\/2024\/05\/veronassa-turistikierroksella\/","title":{"rendered":"Veronassa turistikierroksella"},"content":{"rendered":"<p style=\"text-align: justify;\">Aamukuuden j\u00e4lkeen olimme jo valmiina l\u00e4ht\u00f6\u00f6n. Aamiaisellekin p\u00e4\u00e4stiin etuajassa (klo 7.20) ja kuten ohje oli, olimme hyviss\u00e4 ajoin ennen kahdeksaa tienvarressa hotellin nurkalla, tien ja j\u00e4rven v\u00e4lisell\u00e4 kaistaleella.<\/p>\n<p><a href=\"https:\/\/www.satokangas.fi\/blogi\/2024\/05\/veronassa-turistikierroksella\/verona\/\" rel=\"attachment wp-att-49598\"><img loading=\"lazy\" decoding=\"async\" data-attachment-id=\"49598\" data-permalink=\"https:\/\/www.satokangas.fi\/blogi\/2024\/05\/veronassa-turistikierroksella\/verona\/\" data-orig-file=\"https:\/\/www.satokangas.fi\/blogi\/wp-content\/uploads\/2024\/05\/Verona.jpg\" data-orig-size=\"1000,667\" data-comments-opened=\"1\" data-image-meta=\"{&quot;aperture&quot;:&quot;5&quot;,&quot;credit&quot;:&quot;&quot;,&quot;camera&quot;:&quot;Canon EOS R6m2&quot;,&quot;caption&quot;:&quot;&quot;,&quot;created_timestamp&quot;:&quot;1716535431&quot;,&quot;copyright&quot;:&quot;&quot;,&quot;focal_length&quot;:&quot;31&quot;,&quot;iso&quot;:&quot;2000&quot;,&quot;shutter_speed&quot;:&quot;0.000625&quot;,&quot;title&quot;:&quot;&quot;,&quot;orientation&quot;:&quot;0&quot;}\" data-image-title=\"Verona\" data-image-description=\"\" data-image-caption=\"\" data-large-file=\"https:\/\/www.satokangas.fi\/blogi\/wp-content\/uploads\/2024\/05\/Verona.jpg\" class=\"aligncenter size-full wp-image-49598\" src=\"https:\/\/www.satokangas.fi\/blogi\/wp-content\/uploads\/2024\/05\/Verona.jpg\" alt=\"\" width=\"1000\" height=\"667\" srcset=\"https:\/\/www.satokangas.fi\/blogi\/wp-content\/uploads\/2024\/05\/Verona.jpg 1000w, https:\/\/www.satokangas.fi\/blogi\/wp-content\/uploads\/2024\/05\/Verona-600x400.jpg 600w, https:\/\/www.satokangas.fi\/blogi\/wp-content\/uploads\/2024\/05\/Verona-300x200.jpg 300w, https:\/\/www.satokangas.fi\/blogi\/wp-content\/uploads\/2024\/05\/Verona-768x512.jpg 768w, https:\/\/www.satokangas.fi\/blogi\/wp-content\/uploads\/2024\/05\/Verona-90x60.jpg 90w\" sizes=\"auto, (max-width: 1000px) 100vw, 1000px\" \/><\/a><\/p>\n<p style=\"text-align: justify;\">Retkibussi, joka tuli Limonesta asti, oli jo l\u00e4hes t\u00e4ynn\u00e4; me toiseksi viimeisell\u00e4 pys\u00e4kill\u00e4. Mukana oli matkalaisia Saksasta (niit\u00e4h\u00e4n t\u00e4\u00e4ll\u00e4 enimm\u00e4t\u00a0 turistit ovat), Skotlannista,\u00a0 Ruotsista sek\u00e4 sitten meit\u00e4 suomalaisia kourallinen.\u00a0 Opas oli natiivi, joka puhui sekaisin erinomaisen hyv\u00e4\u00e4 englantia ja ymm\u00e4rt\u00e4\u00e4kseni my\u00f6s \u00e4rr\u00e4t oikein lausuvaa saksaa, mutta molempia niin nopeasti, ett\u00e4 osa meni auttamattomasti ohi varsinkin bussin mikrofonin kautta. Ja oli h\u00e4nen huumorinsakin hieman h\u00e4mment\u00e4v\u00e4\u00e4, mutta eip\u00e4 siit\u00e4 sen enemp\u00e4\u00e4&#8230;<\/p>\n<p style=\"text-align: justify;\">Matka Malcesine &#8211; Verona kesti melkein kaksi tuntia, &#8211; meill\u00e4 oli vessa- ja kahvitauko moottoritien huoltsikalla.<\/p>\n<p style=\"text-align: justify;\"><a href=\"https:\/\/www.satokangas.fi\/blogi\/2024\/05\/veronassa-turistikierroksella\/verona-2\/\" rel=\"attachment wp-att-49599\"><img loading=\"lazy\" decoding=\"async\" data-attachment-id=\"49599\" data-permalink=\"https:\/\/www.satokangas.fi\/blogi\/2024\/05\/veronassa-turistikierroksella\/verona-2\/\" data-orig-file=\"https:\/\/www.satokangas.fi\/blogi\/wp-content\/uploads\/2024\/05\/Verona-2.jpg\" data-orig-size=\"1000,667\" data-comments-opened=\"1\" data-image-meta=\"{&quot;aperture&quot;:&quot;5.6&quot;,&quot;credit&quot;:&quot;&quot;,&quot;camera&quot;:&quot;Canon EOS R6m2&quot;,&quot;caption&quot;:&quot;&quot;,&quot;created_timestamp&quot;:&quot;1716535777&quot;,&quot;copyright&quot;:&quot;&quot;,&quot;focal_length&quot;:&quot;18&quot;,&quot;iso&quot;:&quot;640&quot;,&quot;shutter_speed&quot;:&quot;0.0015625&quot;,&quot;title&quot;:&quot;&quot;,&quot;orientation&quot;:&quot;0&quot;}\" data-image-title=\"Verona-2\" data-image-description=\"\" data-image-caption=\"\" data-large-file=\"https:\/\/www.satokangas.fi\/blogi\/wp-content\/uploads\/2024\/05\/Verona-2.jpg\" class=\"aligncenter size-full wp-image-49599\" src=\"https:\/\/www.satokangas.fi\/blogi\/wp-content\/uploads\/2024\/05\/Verona-2.jpg\" alt=\"\" width=\"1000\" height=\"667\" srcset=\"https:\/\/www.satokangas.fi\/blogi\/wp-content\/uploads\/2024\/05\/Verona-2.jpg 1000w, https:\/\/www.satokangas.fi\/blogi\/wp-content\/uploads\/2024\/05\/Verona-2-600x400.jpg 600w, https:\/\/www.satokangas.fi\/blogi\/wp-content\/uploads\/2024\/05\/Verona-2-300x200.jpg 300w, https:\/\/www.satokangas.fi\/blogi\/wp-content\/uploads\/2024\/05\/Verona-2-768x512.jpg 768w, https:\/\/www.satokangas.fi\/blogi\/wp-content\/uploads\/2024\/05\/Verona-2-90x60.jpg 90w\" sizes=\"auto, (max-width: 1000px) 100vw, 1000px\" \/><\/a><\/p>\n<p style=\"text-align: justify;\">Aurinkoisessa Veronassa oltiin kymmenen j\u00e4lkeen. Meill\u00e4 oli aikaa nelj\u00e4\u00e4n asti, paitsi\u00a0 ett\u00e4 reilu tunti kuljettiin paikallisen &#8221;cityguiden&#8221; opastamina pienehk\u00f6iss\u00e4 (10 &#8211; 15 hengen ryhmiss\u00e4). Historian ja taiteiden opiskelija (ei en\u00e4\u00e4 ihan noviisi) oli kelpo opas. H\u00e4n k\u00e4velytti meid\u00e4t Veronan &#8221;pakollisten&#8221; n\u00e4ht\u00e4vyyksien \u00e4\u00e4relle, kertoen p\u00e4\u00e4kohdat. Ihan kelpo &#8221;l\u00e4pikulku&#8221;.<\/p>\n<p style=\"text-align: justify;\"><a href=\"https:\/\/www.satokangas.fi\/blogi\/2024\/05\/veronassa-turistikierroksella\/verona-9\/\" rel=\"attachment wp-att-49606\"><img loading=\"lazy\" decoding=\"async\" data-attachment-id=\"49606\" data-permalink=\"https:\/\/www.satokangas.fi\/blogi\/2024\/05\/veronassa-turistikierroksella\/verona-9\/\" data-orig-file=\"https:\/\/www.satokangas.fi\/blogi\/wp-content\/uploads\/2024\/05\/Verona-9.jpg\" data-orig-size=\"1000,667\" data-comments-opened=\"1\" data-image-meta=\"{&quot;aperture&quot;:&quot;7.1&quot;,&quot;credit&quot;:&quot;&quot;,&quot;camera&quot;:&quot;Canon EOS R6m2&quot;,&quot;caption&quot;:&quot;&quot;,&quot;created_timestamp&quot;:&quot;1716551296&quot;,&quot;copyright&quot;:&quot;&quot;,&quot;focal_length&quot;:&quot;50&quot;,&quot;iso&quot;:&quot;640&quot;,&quot;shutter_speed&quot;:&quot;0.0002&quot;,&quot;title&quot;:&quot;&quot;,&quot;orientation&quot;:&quot;0&quot;}\" data-image-title=\"Verona-9\" data-image-description=\"\" data-image-caption=\"\" data-large-file=\"https:\/\/www.satokangas.fi\/blogi\/wp-content\/uploads\/2024\/05\/Verona-9.jpg\" class=\"aligncenter size-full wp-image-49606\" src=\"https:\/\/www.satokangas.fi\/blogi\/wp-content\/uploads\/2024\/05\/Verona-9.jpg\" alt=\"\" width=\"1000\" height=\"667\" srcset=\"https:\/\/www.satokangas.fi\/blogi\/wp-content\/uploads\/2024\/05\/Verona-9.jpg 1000w, https:\/\/www.satokangas.fi\/blogi\/wp-content\/uploads\/2024\/05\/Verona-9-600x400.jpg 600w, https:\/\/www.satokangas.fi\/blogi\/wp-content\/uploads\/2024\/05\/Verona-9-300x200.jpg 300w, https:\/\/www.satokangas.fi\/blogi\/wp-content\/uploads\/2024\/05\/Verona-9-768x512.jpg 768w, https:\/\/www.satokangas.fi\/blogi\/wp-content\/uploads\/2024\/05\/Verona-9-90x60.jpg 90w\" sizes=\"auto, (max-width: 1000px) 100vw, 1000px\" \/><\/a><\/p>\n<p style=\"text-align: justify;\">Monta kertaa t\u00e4n\u00e4\u00e4nkin kuten pitkin viikkoa olen todennut, ett\u00e4 meill\u00e4h\u00e4n on lopulta ihan mahdottoman hyv\u00e4 tuuri s\u00e4iden kanssa. T\u00e4n\u00e4\u00e4n aurinkoa ja l\u00e4mmint\u00e4 koko p\u00e4iv\u00e4n, illalla melkein kuin helllep\u00e4iv\u00e4n iltana. Ja samaan hengenvetoon olen todennut, etten todellakaan haluaisi olla t\u00e4\u00e4ll\u00e4 elokuussa. Voin vain kuvitella sit\u00e4 turistien, tungoksen ja helteen m\u00e4\u00e4r\u00e4\u00e4.<\/p>\n<p style=\"text-align: justify;\"><a href=\"https:\/\/www.satokangas.fi\/blogi\/2024\/05\/veronassa-turistikierroksella\/verona-5\/\" rel=\"attachment wp-att-49602\"><img loading=\"lazy\" decoding=\"async\" data-attachment-id=\"49602\" data-permalink=\"https:\/\/www.satokangas.fi\/blogi\/2024\/05\/veronassa-turistikierroksella\/verona-5\/\" data-orig-file=\"https:\/\/www.satokangas.fi\/blogi\/wp-content\/uploads\/2024\/05\/Verona-5.jpg\" data-orig-size=\"667,1000\" data-comments-opened=\"1\" data-image-meta=\"{&quot;aperture&quot;:&quot;4&quot;,&quot;credit&quot;:&quot;&quot;,&quot;camera&quot;:&quot;Canon EOS R6m2&quot;,&quot;caption&quot;:&quot;&quot;,&quot;created_timestamp&quot;:&quot;1716545646&quot;,&quot;copyright&quot;:&quot;&quot;,&quot;focal_length&quot;:&quot;16&quot;,&quot;iso&quot;:&quot;640&quot;,&quot;shutter_speed&quot;:&quot;0.00015625&quot;,&quot;title&quot;:&quot;&quot;,&quot;orientation&quot;:&quot;0&quot;}\" data-image-title=\"Verona-5\" data-image-description=\"\" data-image-caption=\"\" data-large-file=\"https:\/\/www.satokangas.fi\/blogi\/wp-content\/uploads\/2024\/05\/Verona-5-445x667.jpg\" class=\"aligncenter size-full wp-image-49602\" src=\"https:\/\/www.satokangas.fi\/blogi\/wp-content\/uploads\/2024\/05\/Verona-5.jpg\" alt=\"\" width=\"667\" height=\"1000\" srcset=\"https:\/\/www.satokangas.fi\/blogi\/wp-content\/uploads\/2024\/05\/Verona-5.jpg 667w, https:\/\/www.satokangas.fi\/blogi\/wp-content\/uploads\/2024\/05\/Verona-5-267x400.jpg 267w, https:\/\/www.satokangas.fi\/blogi\/wp-content\/uploads\/2024\/05\/Verona-5-445x667.jpg 445w, https:\/\/www.satokangas.fi\/blogi\/wp-content\/uploads\/2024\/05\/Verona-5-133x200.jpg 133w, https:\/\/www.satokangas.fi\/blogi\/wp-content\/uploads\/2024\/05\/Verona-5-40x60.jpg 40w\" sizes=\"auto, (max-width: 667px) 100vw, 667px\" \/><\/a><\/p>\n<p style=\"text-align: justify;\">Veronan Areenalla on k\u00e4yty aiemminkin. Silloin kes\u00e4ll\u00e4 1997, ja jo silloin todettiin, ett\u00e4 eih\u00e4n se mik\u00e4\u00e4n Colosseum ole, mutta ehk\u00e4 juuri siksi oikeastaan aika mukava kohde.\u00a0 Sinne jonotimme t\u00e4n\u00e4\u00e4n alle puoli tuntia.\u00a0 Mitenh\u00e4n olisi ollut elokuussa?<\/p>\n<p style=\"text-align: justify;\"><a href=\"https:\/\/www.satokangas.fi\/blogi\/2024\/05\/veronassa-turistikierroksella\/verona-6\/\" rel=\"attachment wp-att-49603\"><img loading=\"lazy\" decoding=\"async\" data-attachment-id=\"49603\" data-permalink=\"https:\/\/www.satokangas.fi\/blogi\/2024\/05\/veronassa-turistikierroksella\/verona-6\/\" data-orig-file=\"https:\/\/www.satokangas.fi\/blogi\/wp-content\/uploads\/2024\/05\/Verona-6.jpg\" data-orig-size=\"872,1000\" data-comments-opened=\"1\" data-image-meta=\"{&quot;aperture&quot;:&quot;7.1&quot;,&quot;credit&quot;:&quot;&quot;,&quot;camera&quot;:&quot;Canon EOS R6m2&quot;,&quot;caption&quot;:&quot;&quot;,&quot;created_timestamp&quot;:&quot;1716546636&quot;,&quot;copyright&quot;:&quot;&quot;,&quot;focal_length&quot;:&quot;16&quot;,&quot;iso&quot;:&quot;640&quot;,&quot;shutter_speed&quot;:&quot;0.000625&quot;,&quot;title&quot;:&quot;&quot;,&quot;orientation&quot;:&quot;0&quot;}\" data-image-title=\"Verona-6\" data-image-description=\"\" data-image-caption=\"\" data-large-file=\"https:\/\/www.satokangas.fi\/blogi\/wp-content\/uploads\/2024\/05\/Verona-6-582x667.jpg\" class=\"aligncenter size-full wp-image-49603\" src=\"https:\/\/www.satokangas.fi\/blogi\/wp-content\/uploads\/2024\/05\/Verona-6.jpg\" alt=\"\" width=\"872\" height=\"1000\" srcset=\"https:\/\/www.satokangas.fi\/blogi\/wp-content\/uploads\/2024\/05\/Verona-6.jpg 872w, https:\/\/www.satokangas.fi\/blogi\/wp-content\/uploads\/2024\/05\/Verona-6-349x400.jpg 349w, https:\/\/www.satokangas.fi\/blogi\/wp-content\/uploads\/2024\/05\/Verona-6-582x667.jpg 582w, https:\/\/www.satokangas.fi\/blogi\/wp-content\/uploads\/2024\/05\/Verona-6-174x200.jpg 174w, https:\/\/www.satokangas.fi\/blogi\/wp-content\/uploads\/2024\/05\/Verona-6-768x881.jpg 768w, https:\/\/www.satokangas.fi\/blogi\/wp-content\/uploads\/2024\/05\/Verona-6-52x60.jpg 52w\" sizes=\"auto, (max-width: 872px) 100vw, 872px\" \/><\/a><\/p>\n<p style=\"text-align: justify;\">Ollaan nuoruusvuosina parikin elokuuta vietetty Keski- ja Etel\u00e4-Euroopassa, &#8211; ei kiitos en\u00e4\u00e4. Nyt on ollut hyv\u00e4. Kauden alussa, luonto vihre\u00e4 ja vehre\u00e4, palvelualan ihmiset sesongin alussa viel\u00e4 tymp\u00e4\u00e4ttym\u00e4tt\u00f6mi\u00e4 eik\u00e4 tungos mihink\u00e4\u00e4n ole siet\u00e4m\u00e4t\u00f6n. Ja s\u00e4\u00e4 parhaimmillaan, kuten meill\u00e4 nyt on vastoin ennakko-odotuksia ollut, on hyv\u00e4 liikkumiselle, patikoinnille\u00a0 ja uimisellekin.<\/p>\n<p style=\"text-align: justify;\"><a href=\"https:\/\/www.satokangas.fi\/blogi\/2024\/05\/veronassa-turistikierroksella\/verona-12\/\" rel=\"attachment wp-att-49609\"><img loading=\"lazy\" decoding=\"async\" data-attachment-id=\"49609\" data-permalink=\"https:\/\/www.satokangas.fi\/blogi\/2024\/05\/veronassa-turistikierroksella\/verona-12\/\" data-orig-file=\"https:\/\/www.satokangas.fi\/blogi\/wp-content\/uploads\/2024\/05\/Verona-12.jpg\" data-orig-size=\"667,1000\" data-comments-opened=\"1\" data-image-meta=\"{&quot;aperture&quot;:&quot;7.1&quot;,&quot;credit&quot;:&quot;&quot;,&quot;camera&quot;:&quot;Canon EOS R6m2&quot;,&quot;caption&quot;:&quot;&quot;,&quot;created_timestamp&quot;:&quot;1716554894&quot;,&quot;copyright&quot;:&quot;&quot;,&quot;focal_length&quot;:&quot;50&quot;,&quot;iso&quot;:&quot;1250&quot;,&quot;shutter_speed&quot;:&quot;0.00025&quot;,&quot;title&quot;:&quot;&quot;,&quot;orientation&quot;:&quot;0&quot;}\" data-image-title=\"Verona-12\" data-image-description=\"\" data-image-caption=\"\" data-large-file=\"https:\/\/www.satokangas.fi\/blogi\/wp-content\/uploads\/2024\/05\/Verona-12-445x667.jpg\" class=\"aligncenter size-full wp-image-49609\" src=\"https:\/\/www.satokangas.fi\/blogi\/wp-content\/uploads\/2024\/05\/Verona-12.jpg\" alt=\"\" width=\"667\" height=\"1000\" srcset=\"https:\/\/www.satokangas.fi\/blogi\/wp-content\/uploads\/2024\/05\/Verona-12.jpg 667w, https:\/\/www.satokangas.fi\/blogi\/wp-content\/uploads\/2024\/05\/Verona-12-267x400.jpg 267w, https:\/\/www.satokangas.fi\/blogi\/wp-content\/uploads\/2024\/05\/Verona-12-445x667.jpg 445w, https:\/\/www.satokangas.fi\/blogi\/wp-content\/uploads\/2024\/05\/Verona-12-133x200.jpg 133w, https:\/\/www.satokangas.fi\/blogi\/wp-content\/uploads\/2024\/05\/Verona-12-40x60.jpg 40w\" sizes=\"auto, (max-width: 667px) 100vw, 667px\" \/><\/a><\/p>\n<p style=\"text-align: justify;\">Toki me k\u00e4vimme Danten patsaalla, juuri h\u00e4nh\u00e4n se kirjoitti\u00a0 ensimm\u00e4isen\u00e4 Julietten\u00a0 (Julia) ja t\u00e4m\u00e4n perheen ajatuksista Romeota kohtaan&#8230; Shakespeare vasta Danten j\u00e4lkeen.<\/p>\n<p style=\"text-align: justify;\"><a href=\"https:\/\/www.satokangas.fi\/blogi\/2024\/05\/veronassa-turistikierroksella\/verona-15-2\/\" rel=\"attachment wp-att-49613\"><img loading=\"lazy\" decoding=\"async\" data-attachment-id=\"49613\" data-permalink=\"https:\/\/www.satokangas.fi\/blogi\/2024\/05\/veronassa-turistikierroksella\/verona-15-2\/\" data-orig-file=\"https:\/\/www.satokangas.fi\/blogi\/wp-content\/uploads\/2024\/05\/Verona-15-1.jpg\" data-orig-size=\"925,1000\" data-comments-opened=\"1\" data-image-meta=\"{&quot;aperture&quot;:&quot;3.5&quot;,&quot;credit&quot;:&quot;&quot;,&quot;camera&quot;:&quot;Canon EOS R6m2&quot;,&quot;caption&quot;:&quot;&quot;,&quot;created_timestamp&quot;:&quot;1716555617&quot;,&quot;copyright&quot;:&quot;&quot;,&quot;focal_length&quot;:&quot;50&quot;,&quot;iso&quot;:&quot;200&quot;,&quot;shutter_speed&quot;:&quot;0.0025&quot;,&quot;title&quot;:&quot;&quot;,&quot;orientation&quot;:&quot;0&quot;}\" data-image-title=\"Verona-15\" data-image-description=\"\" data-image-caption=\"\" data-large-file=\"https:\/\/www.satokangas.fi\/blogi\/wp-content\/uploads\/2024\/05\/Verona-15-1-617x667.jpg\" class=\"aligncenter size-full wp-image-49613\" src=\"https:\/\/www.satokangas.fi\/blogi\/wp-content\/uploads\/2024\/05\/Verona-15-1.jpg\" alt=\"\" width=\"925\" height=\"1000\" srcset=\"https:\/\/www.satokangas.fi\/blogi\/wp-content\/uploads\/2024\/05\/Verona-15-1.jpg 925w, https:\/\/www.satokangas.fi\/blogi\/wp-content\/uploads\/2024\/05\/Verona-15-1-370x400.jpg 370w, https:\/\/www.satokangas.fi\/blogi\/wp-content\/uploads\/2024\/05\/Verona-15-1-617x667.jpg 617w, https:\/\/www.satokangas.fi\/blogi\/wp-content\/uploads\/2024\/05\/Verona-15-1-185x200.jpg 185w, https:\/\/www.satokangas.fi\/blogi\/wp-content\/uploads\/2024\/05\/Verona-15-1-768x830.jpg 768w, https:\/\/www.satokangas.fi\/blogi\/wp-content\/uploads\/2024\/05\/Verona-15-1-56x60.jpg 56w\" sizes=\"auto, (max-width: 925px) 100vw, 925px\" \/><\/a><\/p>\n<p style=\"text-align: justify;\">Paljon muutakin ehdittiin n\u00e4hd\u00e4. Nauttia\u00a0 kevyt lounas (Insalata di mare per me) ja l\u00f6yt\u00e4\u00e4 lastenlapsille tuliaisia: muutakin kuin ihania italialaisia vaatteita.<\/p>\n<p style=\"text-align: justify;\">Vaivihkaa katselin Via Manzettin (vrt. Via Condotti Roomassa. Gucci, YSL, Diesel,\u00a0 etc.) ikkunoita, josko l\u00f6ytyisi sopivat levelahkeiset farkut itselleni, ja miksei my\u00f6s joku kes\u00e4paitapusero t\u00e4ydent\u00e4isi garderobiani.<\/p>\n<p style=\"text-align: justify;\"><a href=\"https:\/\/www.satokangas.fi\/blogi\/2024\/05\/veronassa-turistikierroksella\/verona-16\/\" rel=\"attachment wp-att-49614\"><img loading=\"lazy\" decoding=\"async\" data-attachment-id=\"49614\" data-permalink=\"https:\/\/www.satokangas.fi\/blogi\/2024\/05\/veronassa-turistikierroksella\/verona-16\/\" data-orig-file=\"https:\/\/www.satokangas.fi\/blogi\/wp-content\/uploads\/2024\/05\/Verona-16.jpg\" data-orig-size=\"667,1000\" data-comments-opened=\"1\" data-image-meta=\"{&quot;aperture&quot;:&quot;7.1&quot;,&quot;credit&quot;:&quot;&quot;,&quot;camera&quot;:&quot;Canon EOS R6m2&quot;,&quot;caption&quot;:&quot;&quot;,&quot;created_timestamp&quot;:&quot;1716550930&quot;,&quot;copyright&quot;:&quot;&quot;,&quot;focal_length&quot;:&quot;50&quot;,&quot;iso&quot;:&quot;640&quot;,&quot;shutter_speed&quot;:&quot;0.01&quot;,&quot;title&quot;:&quot;&quot;,&quot;orientation&quot;:&quot;0&quot;}\" data-image-title=\"Verona-16\" data-image-description=\"\" data-image-caption=\"\" data-large-file=\"https:\/\/www.satokangas.fi\/blogi\/wp-content\/uploads\/2024\/05\/Verona-16-445x667.jpg\" class=\"aligncenter size-full wp-image-49614\" src=\"https:\/\/www.satokangas.fi\/blogi\/wp-content\/uploads\/2024\/05\/Verona-16.jpg\" alt=\"\" width=\"667\" height=\"1000\" srcset=\"https:\/\/www.satokangas.fi\/blogi\/wp-content\/uploads\/2024\/05\/Verona-16.jpg 667w, https:\/\/www.satokangas.fi\/blogi\/wp-content\/uploads\/2024\/05\/Verona-16-267x400.jpg 267w, https:\/\/www.satokangas.fi\/blogi\/wp-content\/uploads\/2024\/05\/Verona-16-445x667.jpg 445w, https:\/\/www.satokangas.fi\/blogi\/wp-content\/uploads\/2024\/05\/Verona-16-133x200.jpg 133w, https:\/\/www.satokangas.fi\/blogi\/wp-content\/uploads\/2024\/05\/Verona-16-40x60.jpg 40w\" sizes=\"auto, (max-width: 667px) 100vw, 667px\" \/><\/a><\/p>\n<p style=\"text-align: justify;\">Ja l\u00f6ytyiv\u00e4th\u00e4n ne!! Guccin ikkunassa oli mukavan l\u00f6ys\u00e4n oloiset, just oikean v\u00e4riset. Eik\u00e4 farkuista olisi tarvinnut edes ihan tonnia maksaa&#8230; Paitsikka olikin sitten tyyriimpi 1008 \u20ac. Noh, meill\u00e4 oli jo v\u00e4h\u00e4n kiire bussille ja kotimatkalle, ja kun Benettonilta olin jo l\u00f6yt\u00e4nyt kauan kaipaamani tummansinisen pikeepaidan, niin j\u00e4tin n\u00e4m\u00e4 sovittamattakin.<\/p>\n<p>&nbsp;<\/p>\n<p style=\"text-align: justify;\">CastelVecchion ikkuna-aukoista n\u00e4kyi kirkko jossa Julia\u00a0 ja Romeo vihittiin.<\/p>\n<p style=\"text-align: justify;\"><a href=\"https:\/\/www.satokangas.fi\/blogi\/2024\/05\/veronassa-turistikierroksella\/verona-3\/\" rel=\"attachment wp-att-49600\"><img loading=\"lazy\" decoding=\"async\" data-attachment-id=\"49600\" data-permalink=\"https:\/\/www.satokangas.fi\/blogi\/2024\/05\/veronassa-turistikierroksella\/verona-3\/\" data-orig-file=\"https:\/\/www.satokangas.fi\/blogi\/wp-content\/uploads\/2024\/05\/Verona-3.jpg\" data-orig-size=\"667,1000\" data-comments-opened=\"1\" data-image-meta=\"{&quot;aperture&quot;:&quot;4&quot;,&quot;credit&quot;:&quot;&quot;,&quot;camera&quot;:&quot;Canon EOS R6m2&quot;,&quot;caption&quot;:&quot;&quot;,&quot;created_timestamp&quot;:&quot;1716542435&quot;,&quot;copyright&quot;:&quot;&quot;,&quot;focal_length&quot;:&quot;35&quot;,&quot;iso&quot;:&quot;640&quot;,&quot;shutter_speed&quot;:&quot;0.0002&quot;,&quot;title&quot;:&quot;&quot;,&quot;orientation&quot;:&quot;0&quot;}\" data-image-title=\"Verona-3\" data-image-description=\"\" data-image-caption=\"\" data-large-file=\"https:\/\/www.satokangas.fi\/blogi\/wp-content\/uploads\/2024\/05\/Verona-3-445x667.jpg\" class=\"aligncenter size-full wp-image-49600\" src=\"https:\/\/www.satokangas.fi\/blogi\/wp-content\/uploads\/2024\/05\/Verona-3.jpg\" alt=\"\" width=\"667\" height=\"1000\" srcset=\"https:\/\/www.satokangas.fi\/blogi\/wp-content\/uploads\/2024\/05\/Verona-3.jpg 667w, https:\/\/www.satokangas.fi\/blogi\/wp-content\/uploads\/2024\/05\/Verona-3-267x400.jpg 267w, https:\/\/www.satokangas.fi\/blogi\/wp-content\/uploads\/2024\/05\/Verona-3-445x667.jpg 445w, https:\/\/www.satokangas.fi\/blogi\/wp-content\/uploads\/2024\/05\/Verona-3-133x200.jpg 133w, https:\/\/www.satokangas.fi\/blogi\/wp-content\/uploads\/2024\/05\/Verona-3-40x60.jpg 40w\" sizes=\"auto, (max-width: 667px) 100vw, 667px\" \/><\/a><\/p>\n<p style=\"text-align: justify;\">Sinne asti emme l\u00e4hteneet\u00a0 seikkailemaan.<\/p>\n<p style=\"text-align: justify;\"><a href=\"https:\/\/www.satokangas.fi\/blogi\/2024\/05\/veronassa-turistikierroksella\/verona-13\/\" rel=\"attachment wp-att-49610\"><img loading=\"lazy\" decoding=\"async\" data-attachment-id=\"49610\" data-permalink=\"https:\/\/www.satokangas.fi\/blogi\/2024\/05\/veronassa-turistikierroksella\/verona-13\/\" data-orig-file=\"https:\/\/www.satokangas.fi\/blogi\/wp-content\/uploads\/2024\/05\/Verona-13.jpg\" data-orig-size=\"1000,580\" data-comments-opened=\"1\" data-image-meta=\"{&quot;aperture&quot;:&quot;3.5&quot;,&quot;credit&quot;:&quot;&quot;,&quot;camera&quot;:&quot;Canon EOS R6m2&quot;,&quot;caption&quot;:&quot;&quot;,&quot;created_timestamp&quot;:&quot;1716561054&quot;,&quot;copyright&quot;:&quot;&quot;,&quot;focal_length&quot;:&quot;50&quot;,&quot;iso&quot;:&quot;200&quot;,&quot;shutter_speed&quot;:&quot;0.0008&quot;,&quot;title&quot;:&quot;&quot;,&quot;orientation&quot;:&quot;0&quot;}\" data-image-title=\"Verona-13\" data-image-description=\"\" data-image-caption=\"\" data-large-file=\"https:\/\/www.satokangas.fi\/blogi\/wp-content\/uploads\/2024\/05\/Verona-13.jpg\" class=\"aligncenter size-full wp-image-49610\" src=\"https:\/\/www.satokangas.fi\/blogi\/wp-content\/uploads\/2024\/05\/Verona-13.jpg\" alt=\"\" width=\"1000\" height=\"580\" srcset=\"https:\/\/www.satokangas.fi\/blogi\/wp-content\/uploads\/2024\/05\/Verona-13.jpg 1000w, https:\/\/www.satokangas.fi\/blogi\/wp-content\/uploads\/2024\/05\/Verona-13-600x348.jpg 600w, https:\/\/www.satokangas.fi\/blogi\/wp-content\/uploads\/2024\/05\/Verona-13-300x174.jpg 300w, https:\/\/www.satokangas.fi\/blogi\/wp-content\/uploads\/2024\/05\/Verona-13-768x445.jpg 768w, https:\/\/www.satokangas.fi\/blogi\/wp-content\/uploads\/2024\/05\/Verona-13-330x190.jpg 330w, https:\/\/www.satokangas.fi\/blogi\/wp-content\/uploads\/2024\/05\/Verona-13-103x60.jpg 103w, https:\/\/www.satokangas.fi\/blogi\/wp-content\/uploads\/2024\/05\/Verona-13-95x56.jpg 95w\" sizes=\"auto, (max-width: 1000px) 100vw, 1000px\" \/><\/a><\/p>\n<p style=\"text-align: justify;\">Ennen\u00a0 kuutta\u00a0 takaisin\u00a0 Malcesinessa. Pakkaamista, pesua, kuvia koneelle, viel\u00e4 kerran k\u00e4velimme keskustaan. T\u00e4\u00e4ll\u00e4 on parempi kuin Pohjois-Italian metropoleissa.\u00a0 Maalla on mukavaa. \ud83d\ude42<\/p>\n<p style=\"text-align: justify;\">Vasta t\u00e4n\u00e4\u00e4n illalla s\u00f6in\u00a0 reissun ekan pizzan. J\u00e4ttiscampeja ja pistaasip\u00e4hkin\u00f6it\u00e4\u00a0 mozzarellapohjalla,&#8230; kuvia ensi viikolla. Pehtoorilla ravioleja hernepyreell\u00e4 ja t\u00e4ytettyn\u00e4 j\u00e4rven kalasta tehdyll\u00e4 tahnalla. Olivatpa molemmat hienoja j\u00e4\u00e4hyv\u00e4isillallisen sapuskoja.<\/p>\n<p style=\"text-align: justify;\">Reissun ruokapostauksen\u00a0 kuvineen kaikkineen v\u00e4rkk\u00e4ilen sitten ensi viikolla kotikoneen \u00e4\u00e4ress\u00e4. My\u00f6s 1300 kuvan saalista puran viel\u00e4.<\/p>\n<p style=\"text-align: justify;\">Buona notte, amici!<\/p>\n","protected":false},"excerpt":{"rendered":"<p>Aamukuuden j\u00e4lkeen olimme jo valmiina l\u00e4ht\u00f6\u00f6n. Aamiaisellekin p\u00e4\u00e4stiin etuajassa (klo 7.20) ja kuten ohje oli, olimme hyviss\u00e4 ajoin ennen kahdeksaa tienvarressa hotellin nurkalla, tien ja j\u00e4rven v\u00e4lisell\u00e4 kaistaleella. Retkibussi, joka tuli Limonesta asti, oli jo l\u00e4hes t\u00e4ynn\u00e4; me toiseksi viimeisell\u00e4 pys\u00e4kill\u00e4. Mukana oli matkalaisia Saksasta (niit\u00e4h\u00e4n t\u00e4\u00e4ll\u00e4 enimm\u00e4t\u00a0 turistit ovat), Skotlannista,\u00a0 Ruotsista sek\u00e4 sitten meit\u00e4 suomalaisia kourallinen.\u00a0 Opas oli natiivi, &hellip; <\/p>\n","protected":false},"author":1,"featured_media":49602,"comment_status":"open","ping_status":"open","sticky":false,"template":"","format":"standard","meta":{"jetpack_post_was_ever_published":false,"_jetpack_newsletter_access":"","_jetpack_dont_email_post_to_subs":false,"_jetpack_newsletter_tier_id":0,"_jetpack_memberships_contains_paywalled_content":false,"_jetpack_memberships_contains_paid_content":false,"footnotes":"","jetpack_publicize_message":"","jetpack_publicize_feature_enabled":true,"jetpack_social_post_already_shared":true,"jetpack_social_options":{"image_generator_settings":{"template":"highway","default_image_id":0,"font":"","enabled":false},"version":2}},"categories":[171,81],"tags":[],"class_list":["post-49597","post","type-post","status-publish","format-standard","has-post-thumbnail","hentry","category-garda","category-reissut","latest_post"],"jetpack_publicize_connections":[],"jetpack_featured_media_url":"https:\/\/www.satokangas.fi\/blogi\/wp-content\/uploads\/2024\/05\/Verona-5.jpg","jetpack_shortlink":"https:\/\/wp.me\/pr4p4-cTX","jetpack_sharing_enabled":true,"jetpack_likes_enabled":false,"jetpack-related-posts":[{"id":14047,"url":"https:\/\/www.satokangas.fi\/blogi\/2012\/04\/saksan-lapi\/","url_meta":{"origin":49597,"position":0},"title":"Saksan l\u00e4pi","author":"Reija","date":"26.4.2012","format":false,"excerpt":"Laivan piti olla aamuseitsem\u00e4lt\u00e4 satamassa; siksih\u00e4n juuri t\u00e4m\u00e4 ko. laivalinja oli valittu,ett\u00e4 oltaisiin varhain aamulla valmiina kiit\u00e4m\u00e4\u00e4n autobahnille. Esimerkiksi Travem\u00fcnden laiva on nykyisin perill\u00e4 aina illalla, jolloin on ensimm\u00e4iseksi ryhdytt\u00e4v\u00e4 etsim\u00e4\u00e4n y\u00f6sijaa, siksi ei siis sit\u00e4 valittu. Sensijaan\u00a0Rostockiin Finnladyn piti ankkuroitua aamuseitsem\u00e4lt\u00e4. Konevian vuoksi saavuttiin satamaan kaksi tuntia my\u00f6h\u00e4ss\u00e4. No\u2026","rel":"","context":"Kategoriassa &quot;Niit\u00e4 n\u00e4it\u00e4&quot;","block_context":{"text":"Niit\u00e4 n\u00e4it\u00e4","link":"https:\/\/www.satokangas.fi\/blogi\/category\/aiheeton\/"},"img":{"alt_text":"","src":"https:\/\/i0.wp.com\/www.satokangas.fi\/blogi\/wp-content\/uploads\/bahnilla-600x400.jpg?resize=350%2C200&ssl=1","width":350,"height":200,"srcset":"https:\/\/i0.wp.com\/www.satokangas.fi\/blogi\/wp-content\/uploads\/bahnilla-600x400.jpg?resize=350%2C200&ssl=1 1x, https:\/\/i0.wp.com\/www.satokangas.fi\/blogi\/wp-content\/uploads\/bahnilla-600x400.jpg?resize=525%2C300&ssl=1 1.5x"},"classes":[]},{"id":27579,"url":"https:\/\/www.satokangas.fi\/blogi\/2016\/02\/urpelo-paiva-jotenkin\/","url_meta":{"origin":49597,"position":1},"title":"Urpelo p\u00e4iv\u00e4 &#8211; jotenkin","author":"Reija","date":"11.2.2016","format":false,"excerpt":"Saksia. Yll\u00e4olevaa kuvaa en kelpuuta et\u00e4teht\u00e4v\u00e4kuviini. Keskiviikkoon menness\u00e4 pit\u00e4isi olla viisi\u00a0kelvollista kuvaa Fiskarsin saksista. Minulla on kaksi, kelvollista siis. Kaikkiaan on ainakin kaksisataa kuvaa. Jotka siis eiv\u00e4t ole kelvollisia.\u00a0Ja olen jo kyll\u00e4stynyt saksiin. Pehtoori sanoi viime viikolla, ett\u00e4 jos olisin lukiossa opiskellut yht\u00e4 paljon ja yht\u00e4 ahkerasti kuin nyt valokuvausta,\u2026","rel":"","context":"Kategoriassa &quot;Niit\u00e4 n\u00e4it\u00e4&quot;","block_context":{"text":"Niit\u00e4 n\u00e4it\u00e4","link":"https:\/\/www.satokangas.fi\/blogi\/category\/aiheeton\/"},"img":{"alt_text":"Fiskars-2","src":"https:\/\/i0.wp.com\/www.satokangas.fi\/blogi\/wp-content\/uploads\/2016\/02\/Fiskars-2-400x400.jpg?resize=350%2C200&ssl=1","width":350,"height":200},"classes":[]},{"id":31510,"url":"https:\/\/www.satokangas.fi\/blogi\/2017\/08\/menneessa\/","url_meta":{"origin":49597,"position":2},"title":"Menneess\u00e4","author":"Reija","date":"4.8.2017","format":false,"excerpt":"M(in\u00e4): \u00a0Huomenta :) On ihana aamu. V(irastomestari): Kes\u00e4huomenta ... Niin on. M: Olisin niin hyvin voinut j\u00e4\u00e4d\u00e4 ulos. Sis\u00e4lle tuleminen ei oikeastaan innosta... Ahistaa t\u00e4m\u00e4 huono ilma... V: Ymm\u00e4rr\u00e4n. Min\u00e4kin olisin. M: Vaikka hyv\u00e4h\u00e4n se on, ett\u00e4 on t\u00f6it\u00e4. V: Niin ja tykk\u00e4\u00e4t kuitenkin. Kyll\u00e4 se t\u00e4st\u00e4. Kuinkahan monena elokuun\u2026","rel":"","context":"Kategoriassa &quot;Niit\u00e4 n\u00e4it\u00e4&quot;","block_context":{"text":"Niit\u00e4 n\u00e4it\u00e4","link":"https:\/\/www.satokangas.fi\/blogi\/category\/aiheeton\/"},"img":{"alt_text":"","src":"https:\/\/i0.wp.com\/www.satokangas.fi\/blogi\/wp-content\/uploads\/2017\/08\/Hetki-3.jpg?resize=350%2C200&ssl=1","width":350,"height":200,"srcset":"https:\/\/i0.wp.com\/www.satokangas.fi\/blogi\/wp-content\/uploads\/2017\/08\/Hetki-3.jpg?resize=350%2C200&ssl=1 1x, https:\/\/i0.wp.com\/www.satokangas.fi\/blogi\/wp-content\/uploads\/2017\/08\/Hetki-3.jpg?resize=525%2C300&ssl=1 1.5x, https:\/\/i0.wp.com\/www.satokangas.fi\/blogi\/wp-content\/uploads\/2017\/08\/Hetki-3.jpg?resize=700%2C400&ssl=1 2x"},"classes":[]},{"id":6811,"url":"https:\/\/www.satokangas.fi\/blogi\/2010\/04\/huonoja-ja-hyvia-aikoja\/","url_meta":{"origin":49597,"position":3},"title":"Huonoja ja hyvi\u00e4 aikoja","author":"Reija","date":"12.4.2010","format":false,"excerpt":"Yliopistomaailma kuohuu, ja siin\u00e4 kuohunpy\u00f6rteiss\u00e4 olen yritt\u00e4nyt t\u00e4n\u00e4\u00e4nkin pysy\u00e4 p\u00e4\u00e4 vedenpinnalla. Sitten viel\u00e4 irtisanomiset ja vakavat sairastumiset tuoneet huolta lis\u00e4\u00e4. P\u00e4iv\u00e4n ehdottomasti positiivisin juttu on se, \u00a0ett\u00e4 Juniori aloitti t\u00e4n\u00e4\u00e4n uransa rengasmyyj\u00e4n\u00e4. Niinp\u00e4 se kuopus vaan on onnistunut itselleen ty\u00f6paikan hommaamaan. Nyt kun vaihtoi iltalukioon, on aikaa p\u00e4iv\u00e4t olla t\u00f6iss\u00e4.\u2026","rel":"","context":"Kategoriassa &quot;Vanhemmuus&quot;","block_context":{"text":"Vanhemmuus","link":"https:\/\/www.satokangas.fi\/blogi\/category\/vanhemmuus\/"},"img":{"alt_text":"","src":"","width":0,"height":0},"classes":[]},{"id":5264,"url":"https:\/\/www.satokangas.fi\/blogi\/2009\/12\/valokuvatorstai-sininen-ja-valkoinen\/","url_meta":{"origin":49597,"position":4},"title":"Valokuvatorstai: sininen ja valkoinen","author":"Reija","date":"3.12.2009","format":false,"excerpt":"Valokuvatorstain aiheena sininen ja valkoinen. Ei ollut muuta mahdollisuutta kuin l\u00e4hte\u00e4 pihalle ottamaan t\u00e4m\u00e4 kuva. Laitan oheen jo viime vuonna julkaisemani artikkelin, joka liittyy kahden kynttil\u00e4n historiaan. Miksi Suomessa poltetaan itsen\u00e4isyysp\u00e4iv\u00e4n\u00e4 kynttil\u00f6it\u00e4 ikkunoilla, miksi niit\u00e4 on juuri kaksi? Kahden kynttil\u00e4n lyhyt historia Moni suomalainen sytytt\u00e4\u00e4 itsen\u00e4isyysp\u00e4iv\u00e4n\u00e4 iltakuudelta kynttil\u00e4t ikkunalle. Mist\u00e4\u2026","rel":"","context":"Kategoriassa &quot;Historiaa&quot;","block_context":{"text":"Historiaa","link":"https:\/\/www.satokangas.fi\/blogi\/category\/historiaa\/"},"img":{"alt_text":"Kaksi kynttil\u00e4\u00e4 ikkunalla","src":"https:\/\/i0.wp.com\/www.satokangas.fi\/blogi\/wp-content\/uploads\/2009\/12\/Kaksi-kynttil%C3%A4%C3%A4-ikkunalla1-330x400.jpg?resize=350%2C200&ssl=1","width":350,"height":200},"classes":[]},{"id":3762,"url":"https:\/\/www.satokangas.fi\/blogi\/2009\/07\/tukka-hyvin-kaikki-hyvin\/","url_meta":{"origin":49597,"position":5},"title":"Tukka hyvin, kaikki hyvin?","author":"Reija","date":"8.7.2009","format":false,"excerpt":"Min\u00e4 en en\u00e4\u00e4 liiku ihmisten ilmoilla muutamaan viikkoon! En ennen kuin hiukseni ovat kasvaneet niin paljon ett\u00e4 voin menn\u00e4 omalle kampaajalleni joka saksii ne sellaisiksi kuin niiden kuuluu olla. T\u00e4n\u00e4\u00e4n ja koko hein\u00e4kuun oma luottokampaajani on lomalla, mutta minun oli reissun j\u00e4lkeen p\u00e4\u00e4st\u00e4v\u00e4 leikkauttamaan ylipitk\u00e4t kutrini. Minulle on ihan turha\u2026","rel":"","context":"Kategoriassa &quot;Niit\u00e4 n\u00e4it\u00e4&quot;","block_context":{"text":"Niit\u00e4 n\u00e4it\u00e4","link":"https:\/\/www.satokangas.fi\/blogi\/category\/aiheeton\/"},"img":{"alt_text":"","src":"","width":0,"height":0},"classes":[]}],"_links":{"self":[{"href":"https:\/\/www.satokangas.fi\/blogi\/wp-json\/wp\/v2\/posts\/49597","targetHints":{"allow":["GET"]}}],"collection":[{"href":"https:\/\/www.satokangas.fi\/blogi\/wp-json\/wp\/v2\/posts"}],"about":[{"href":"https:\/\/www.satokangas.fi\/blogi\/wp-json\/wp\/v2\/types\/post"}],"author":[{"embeddable":true,"href":"https:\/\/www.satokangas.fi\/blogi\/wp-json\/wp\/v2\/users\/1"}],"replies":[{"embeddable":true,"href":"https:\/\/www.satokangas.fi\/blogi\/wp-json\/wp\/v2\/comments?post=49597"}],"version-history":[{"count":0,"href":"https:\/\/www.satokangas.fi\/blogi\/wp-json\/wp\/v2\/posts\/49597\/revisions"}],"wp:featuredmedia":[{"embeddable":true,"href":"https:\/\/www.satokangas.fi\/blogi\/wp-json\/wp\/v2\/media\/49602"}],"wp:attachment":[{"href":"https:\/\/www.satokangas.fi\/blogi\/wp-json\/wp\/v2\/media?parent=49597"}],"wp:term":[{"taxonomy":"category","embeddable":true,"href":"https:\/\/www.satokangas.fi\/blogi\/wp-json\/wp\/v2\/categories?post=49597"},{"taxonomy":"post_tag","embeddable":true,"href":"https:\/\/www.satokangas.fi\/blogi\/wp-json\/wp\/v2\/tags?post=49597"}],"curies":[{"name":"wp","href":"https:\/\/api.w.org\/{rel}","templated":true}]}}