{"id":49392,"date":"2024-05-19T21:03:03","date_gmt":"2024-05-19T18:03:03","guid":{"rendered":"https:\/\/www.satokangas.fi\/blogi\/?p=49392"},"modified":"2024-05-19T22:37:11","modified_gmt":"2024-05-19T19:37:11","slug":"sunnuntai-19-5","status":"publish","type":"post","link":"https:\/\/www.satokangas.fi\/blogi\/2024\/05\/sunnuntai-19-5\/","title":{"rendered":"Veneretki Limoneen"},"content":{"rendered":"<p style=\"text-align: justify;\">Buongiorno hyvin nukutun y\u00f6n j\u00e4lkeen ja hotellin vallan monipuolisten aamiaistarjoilujen \u00e4\u00e4relle. Reippaasti l\u00e4hdimme kohti patikkaloman ensimm\u00e4ist\u00e4 etappia.<\/p>\n<p style=\"text-align: justify;\">Oltiin puolikymmenelt\u00e4 patikkakamppeet p\u00e4\u00e4ll\u00e4, reput sel\u00e4ss\u00e4 jonossa Funiviaan ja valmiina suunnitellulle ja odotetulle patikkaretkelle <a href=\"https:\/\/funiviedelbaldo.it\/en\/trekking-nordic-walking-en\/\" target=\"_blank\" rel=\"noopener\">Monte Baldolle<\/a>\u00a0 (korkein huippu yli 2200 mpy). Ventrar-lenkki oli toiveissa p\u00e4\u00e4st\u00e4 kulkemaan, ehk\u00e4 viel\u00e4 muutakin &#8211; jos viel\u00e4 iltap\u00e4iv\u00e4ll\u00e4 jaksettaisiin ja s\u00e4\u00e4 suosisi.<\/p>\n<p style=\"text-align: justify;\"><a href=\"https:\/\/www.satokangas.fi\/blogi\/2024\/05\/sunnuntai-19-5\/limone_19_5_2024-12\/\" rel=\"attachment wp-att-49461\"><img loading=\"lazy\" decoding=\"async\" data-attachment-id=\"49461\" data-permalink=\"https:\/\/www.satokangas.fi\/blogi\/2024\/05\/sunnuntai-19-5\/limone_19_5_2024-12\/\" data-orig-file=\"https:\/\/www.satokangas.fi\/blogi\/wp-content\/uploads\/2024\/05\/Limone_19_5_2024-12.jpg\" data-orig-size=\"770,1000\" data-comments-opened=\"1\" data-image-meta=\"{&quot;aperture&quot;:&quot;6.3&quot;,&quot;credit&quot;:&quot;&quot;,&quot;camera&quot;:&quot;Canon EOS R6m2&quot;,&quot;caption&quot;:&quot;&quot;,&quot;created_timestamp&quot;:&quot;1716123745&quot;,&quot;copyright&quot;:&quot;&quot;,&quot;focal_length&quot;:&quot;70&quot;,&quot;iso&quot;:&quot;1250&quot;,&quot;shutter_speed&quot;:&quot;0.00015625&quot;,&quot;title&quot;:&quot;&quot;,&quot;orientation&quot;:&quot;0&quot;}\" data-image-title=\"Limone_19_5_2024-12\" data-image-description=\"\" data-image-caption=\"\" data-large-file=\"https:\/\/www.satokangas.fi\/blogi\/wp-content\/uploads\/2024\/05\/Limone_19_5_2024-12-514x667.jpg\" class=\"aligncenter size-full wp-image-49461\" src=\"https:\/\/www.satokangas.fi\/blogi\/wp-content\/uploads\/2024\/05\/Limone_19_5_2024-12.jpg\" alt=\"\" width=\"770\" height=\"1000\" srcset=\"https:\/\/www.satokangas.fi\/blogi\/wp-content\/uploads\/2024\/05\/Limone_19_5_2024-12.jpg 770w, https:\/\/www.satokangas.fi\/blogi\/wp-content\/uploads\/2024\/05\/Limone_19_5_2024-12-308x400.jpg 308w, https:\/\/www.satokangas.fi\/blogi\/wp-content\/uploads\/2024\/05\/Limone_19_5_2024-12-514x667.jpg 514w, https:\/\/www.satokangas.fi\/blogi\/wp-content\/uploads\/2024\/05\/Limone_19_5_2024-12-154x200.jpg 154w, https:\/\/www.satokangas.fi\/blogi\/wp-content\/uploads\/2024\/05\/Limone_19_5_2024-12-768x997.jpg 768w, https:\/\/www.satokangas.fi\/blogi\/wp-content\/uploads\/2024\/05\/Limone_19_5_2024-12-46x60.jpg 46w\" sizes=\"auto, (max-width: 770px) 100vw, 770px\" \/><\/a><\/p>\n<p style=\"text-align: justify;\">[Kuvan alareunassa meid\u00e4n hotelli, ja siit\u00e4 suoraan yl\u00f6s funivian reitti. Monte Baldon huippu pilvien peitossa.]<\/p>\n<p style=\"text-align: justify;\">Tovin jonotettuamme, saatuamme jo liputkin ostetuksi, tuli tieto, ett\u00e4 gondoleille ei ole s\u00e4hk\u00f6\u00e4! Eik\u00e4 tilanteen\u00a0 korjaantumisesta ollut tietoa: ehk\u00e4 puoli tuntia, ehk\u00e4 kolme. Eih\u00e4n me patikkakengiss\u00e4, paksuissa vaatteissa (ylh\u00e4\u00e4ll\u00e4 oli aamukahdeksalta + 6 C) ja reppujen kanssa mihink\u00e4\u00e4n l\u00e4helle haluttu j\u00e4\u00e4d\u00e4 k\u00e4veleskelem\u00e4\u00e4n ja odottelemaan.<\/p>\n<p style=\"text-align: justify;\">Siisp\u00e4 hotellille (vajaa kilometrin matka) vaihtamaan vermeet ja p\u00e4\u00e4tettiin, ett\u00e4 l\u00e4hdet\u00e4\u00e4n sitten t\u00e4n\u00e4\u00e4n Limoneen: Gardaj\u00e4rven vastarannan pieneen &#8221;sitruunakaupunkiin&#8221;.<\/p>\n<p><a href=\"https:\/\/www.satokangas.fi\/blogi\/2024\/05\/sunnuntai-19-5\/limone_19_5_2024-19\/\" rel=\"attachment wp-att-49471\"><img loading=\"lazy\" decoding=\"async\" data-attachment-id=\"49471\" data-permalink=\"https:\/\/www.satokangas.fi\/blogi\/2024\/05\/sunnuntai-19-5\/limone_19_5_2024-19\/\" data-orig-file=\"https:\/\/www.satokangas.fi\/blogi\/wp-content\/uploads\/2024\/05\/Limone_19_5_2024-19.jpg\" data-orig-size=\"1000,667\" data-comments-opened=\"1\" data-image-meta=\"{&quot;aperture&quot;:&quot;18&quot;,&quot;credit&quot;:&quot;&quot;,&quot;camera&quot;:&quot;Canon EOS R6m2&quot;,&quot;caption&quot;:&quot;&quot;,&quot;created_timestamp&quot;:&quot;1716113671&quot;,&quot;copyright&quot;:&quot;&quot;,&quot;focal_length&quot;:&quot;32&quot;,&quot;iso&quot;:&quot;640&quot;,&quot;shutter_speed&quot;:&quot;0.0015625&quot;,&quot;title&quot;:&quot;&quot;,&quot;orientation&quot;:&quot;0&quot;}\" data-image-title=\"Limone_19_5_2024-19\" data-image-description=\"\" data-image-caption=\"\" data-large-file=\"https:\/\/www.satokangas.fi\/blogi\/wp-content\/uploads\/2024\/05\/Limone_19_5_2024-19.jpg\" class=\"aligncenter size-full wp-image-49471\" src=\"https:\/\/www.satokangas.fi\/blogi\/wp-content\/uploads\/2024\/05\/Limone_19_5_2024-19.jpg\" alt=\"\" width=\"1000\" height=\"667\" srcset=\"https:\/\/www.satokangas.fi\/blogi\/wp-content\/uploads\/2024\/05\/Limone_19_5_2024-19.jpg 1000w, https:\/\/www.satokangas.fi\/blogi\/wp-content\/uploads\/2024\/05\/Limone_19_5_2024-19-600x400.jpg 600w, https:\/\/www.satokangas.fi\/blogi\/wp-content\/uploads\/2024\/05\/Limone_19_5_2024-19-300x200.jpg 300w, https:\/\/www.satokangas.fi\/blogi\/wp-content\/uploads\/2024\/05\/Limone_19_5_2024-19-768x512.jpg 768w, https:\/\/www.satokangas.fi\/blogi\/wp-content\/uploads\/2024\/05\/Limone_19_5_2024-19-90x60.jpg 90w\" sizes=\"auto, (max-width: 1000px) 100vw, 1000px\" \/><\/a><\/p>\n<p style=\"text-align: justify;\">Tutustuminen siihen on my\u00f6s ollut t\u00e4m\u00e4n reissun toivekohteena, ja my\u00f6s se vaatisi sateetonta keli\u00e4: ei innostaisi l\u00e4hte\u00e4 laivakyydill\u00e4 j\u00e4rven yli ja kulkemaan sitruunalinnassa, <em>La Limonaia del Castel<\/em>.<\/p>\n<p><a href=\"https:\/\/www.satokangas.fi\/blogi\/2024\/05\/sunnuntai-19-5\/limone_19_5_2024-21\/\" rel=\"attachment wp-att-49473\"><img loading=\"lazy\" decoding=\"async\" data-attachment-id=\"49473\" data-permalink=\"https:\/\/www.satokangas.fi\/blogi\/2024\/05\/sunnuntai-19-5\/limone_19_5_2024-21\/\" data-orig-file=\"https:\/\/www.satokangas.fi\/blogi\/wp-content\/uploads\/2024\/05\/Limone_19_5_2024-21.jpg\" data-orig-size=\"1000,673\" data-comments-opened=\"1\" data-image-meta=\"{&quot;aperture&quot;:&quot;4&quot;,&quot;credit&quot;:&quot;&quot;,&quot;camera&quot;:&quot;Canon EOS R6m2&quot;,&quot;caption&quot;:&quot;&quot;,&quot;created_timestamp&quot;:&quot;1716122206&quot;,&quot;copyright&quot;:&quot;&quot;,&quot;focal_length&quot;:&quot;70&quot;,&quot;iso&quot;:&quot;640&quot;,&quot;shutter_speed&quot;:&quot;0.00015625&quot;,&quot;title&quot;:&quot;&quot;,&quot;orientation&quot;:&quot;0&quot;}\" data-image-title=\"Limone_19_5_2024-21\" data-image-description=\"\" data-image-caption=\"\" data-large-file=\"https:\/\/www.satokangas.fi\/blogi\/wp-content\/uploads\/2024\/05\/Limone_19_5_2024-21-991x667.jpg\" class=\"aligncenter size-full wp-image-49473\" src=\"https:\/\/www.satokangas.fi\/blogi\/wp-content\/uploads\/2024\/05\/Limone_19_5_2024-21.jpg\" alt=\"\" width=\"1000\" height=\"673\" srcset=\"https:\/\/www.satokangas.fi\/blogi\/wp-content\/uploads\/2024\/05\/Limone_19_5_2024-21.jpg 1000w, https:\/\/www.satokangas.fi\/blogi\/wp-content\/uploads\/2024\/05\/Limone_19_5_2024-21-594x400.jpg 594w, https:\/\/www.satokangas.fi\/blogi\/wp-content\/uploads\/2024\/05\/Limone_19_5_2024-21-991x667.jpg 991w, https:\/\/www.satokangas.fi\/blogi\/wp-content\/uploads\/2024\/05\/Limone_19_5_2024-21-297x200.jpg 297w, https:\/\/www.satokangas.fi\/blogi\/wp-content\/uploads\/2024\/05\/Limone_19_5_2024-21-768x517.jpg 768w, https:\/\/www.satokangas.fi\/blogi\/wp-content\/uploads\/2024\/05\/Limone_19_5_2024-21-89x60.jpg 89w\" sizes=\"auto, (max-width: 1000px) 100vw, 1000px\" \/><\/a><\/p>\n<p style=\"text-align: justify;\">Siisp\u00e4 vaihdetaan patikointi vuorilla venematkaan naapuriin, j\u00e4rven yli Venetosta Lombardiaan. Raja n\u00e4iden alueiden v\u00e4lill\u00e4 kulkee keskell\u00e4 Gardaj\u00e4rve\u00e4.<\/p>\n<p style=\"text-align: justify;\"><a href=\"https:\/\/www.satokangas.fi\/blogi\/2024\/05\/sunnuntai-19-5\/limone_19_5_2024-3\/\" rel=\"attachment wp-att-49455\"><img loading=\"lazy\" decoding=\"async\" data-attachment-id=\"49455\" data-permalink=\"https:\/\/www.satokangas.fi\/blogi\/2024\/05\/sunnuntai-19-5\/limone_19_5_2024-3\/\" data-orig-file=\"https:\/\/www.satokangas.fi\/blogi\/wp-content\/uploads\/2024\/05\/Limone_19_5_2024-3.jpg\" data-orig-size=\"1000,618\" data-comments-opened=\"1\" data-image-meta=\"{&quot;aperture&quot;:&quot;18&quot;,&quot;credit&quot;:&quot;&quot;,&quot;camera&quot;:&quot;Canon EOS R6m2&quot;,&quot;caption&quot;:&quot;&quot;,&quot;created_timestamp&quot;:&quot;1716115362&quot;,&quot;copyright&quot;:&quot;&quot;,&quot;focal_length&quot;:&quot;24&quot;,&quot;iso&quot;:&quot;3200&quot;,&quot;shutter_speed&quot;:&quot;0.0025&quot;,&quot;title&quot;:&quot;&quot;,&quot;orientation&quot;:&quot;0&quot;}\" data-image-title=\"Limone_19_5_2024-3\" data-image-description=\"\" data-image-caption=\"\" data-large-file=\"https:\/\/www.satokangas.fi\/blogi\/wp-content\/uploads\/2024\/05\/Limone_19_5_2024-3.jpg\" class=\"aligncenter size-full wp-image-49455\" src=\"https:\/\/www.satokangas.fi\/blogi\/wp-content\/uploads\/2024\/05\/Limone_19_5_2024-3.jpg\" alt=\"\" width=\"1000\" height=\"618\" srcset=\"https:\/\/www.satokangas.fi\/blogi\/wp-content\/uploads\/2024\/05\/Limone_19_5_2024-3.jpg 1000w, https:\/\/www.satokangas.fi\/blogi\/wp-content\/uploads\/2024\/05\/Limone_19_5_2024-3-600x371.jpg 600w, https:\/\/www.satokangas.fi\/blogi\/wp-content\/uploads\/2024\/05\/Limone_19_5_2024-3-300x185.jpg 300w, https:\/\/www.satokangas.fi\/blogi\/wp-content\/uploads\/2024\/05\/Limone_19_5_2024-3-768x475.jpg 768w, https:\/\/www.satokangas.fi\/blogi\/wp-content\/uploads\/2024\/05\/Limone_19_5_2024-3-97x60.jpg 97w\" sizes=\"auto, (max-width: 1000px) 100vw, 1000px\" \/><\/a><\/p>\n<p style=\"text-align: justify;\">Ja seh\u00e4n olikin mukava retki. Ihan turistikyl\u00e4, paljon saksalaisia kuten t\u00e4\u00e4ll\u00e4 kaikkialla.<\/p>\n<p><a href=\"https:\/\/www.satokangas.fi\/blogi\/2024\/05\/sunnuntai-19-5\/limone_19_5_2024-9\/\" rel=\"attachment wp-att-49459\"><img loading=\"lazy\" decoding=\"async\" data-attachment-id=\"49459\" data-permalink=\"https:\/\/www.satokangas.fi\/blogi\/2024\/05\/sunnuntai-19-5\/limone_19_5_2024-9\/\" data-orig-file=\"https:\/\/www.satokangas.fi\/blogi\/wp-content\/uploads\/2024\/05\/Limone_19_5_2024-9.jpg\" data-orig-size=\"667,1000\" data-comments-opened=\"1\" data-image-meta=\"{&quot;aperture&quot;:&quot;4&quot;,&quot;credit&quot;:&quot;&quot;,&quot;camera&quot;:&quot;Canon EOS R6m2&quot;,&quot;caption&quot;:&quot;&quot;,&quot;created_timestamp&quot;:&quot;1716121762&quot;,&quot;copyright&quot;:&quot;&quot;,&quot;focal_length&quot;:&quot;70&quot;,&quot;iso&quot;:&quot;640&quot;,&quot;shutter_speed&quot;:&quot;0.0002&quot;,&quot;title&quot;:&quot;&quot;,&quot;orientation&quot;:&quot;0&quot;}\" data-image-title=\"Limone_19_5_2024-9\" data-image-description=\"\" data-image-caption=\"\" data-large-file=\"https:\/\/www.satokangas.fi\/blogi\/wp-content\/uploads\/2024\/05\/Limone_19_5_2024-9-445x667.jpg\" class=\"aligncenter size-full wp-image-49459\" src=\"https:\/\/www.satokangas.fi\/blogi\/wp-content\/uploads\/2024\/05\/Limone_19_5_2024-9.jpg\" alt=\"\" width=\"667\" height=\"1000\" srcset=\"https:\/\/www.satokangas.fi\/blogi\/wp-content\/uploads\/2024\/05\/Limone_19_5_2024-9.jpg 667w, https:\/\/www.satokangas.fi\/blogi\/wp-content\/uploads\/2024\/05\/Limone_19_5_2024-9-267x400.jpg 267w, https:\/\/www.satokangas.fi\/blogi\/wp-content\/uploads\/2024\/05\/Limone_19_5_2024-9-445x667.jpg 445w, https:\/\/www.satokangas.fi\/blogi\/wp-content\/uploads\/2024\/05\/Limone_19_5_2024-9-133x200.jpg 133w, https:\/\/www.satokangas.fi\/blogi\/wp-content\/uploads\/2024\/05\/Limone_19_5_2024-9-40x60.jpg 40w\" sizes=\"auto, (max-width: 667px) 100vw, 667px\" \/><\/a><\/p>\n<p style=\"text-align: justify;\">Ei olla montakaan italian sanaa t\u00e4\u00e4ll\u00e4 kuultu, kun ravintoloissakin tarjoilijat puhuvat meillekin automaattisesti\u00a0 saksaa. T\u00e4n\u00e4\u00e4n kyll\u00e4 lounaalla (<a href=\"https:\/\/www.google.com\/search?q=piadina+prosciutto+e+mozzarella&amp;sca_esv=345267d81bec8f30&amp;rlz=1C1ONGR_fiFI1004FI1004&amp;sxsrf=ADLYWIKsqBLmtNf2sC-BeKzw0QarnmuIrg%3A1716136762358&amp;ei=OitKZuzAFfvfi-gPk8-h2Aw&amp;udm=&amp;ved=0ahUKEwjsxezQk5qGAxX77wIHHZNnCMsQ4dUDCBA&amp;uact=5&amp;oq=piadina+prosciutto+e+mozzarella&amp;gs_lp=Egxnd3Mtd2l6LXNlcnAiH3BpYWRpbmEgcHJvc2NpdXR0byBlIG1venphcmVsbGEyChAAGLADGNYEGEcyChAAGLADGNYEGEcyChAAGLADGNYEGEcyChAAGLADGNYEGEcyChAAGLADGNYEGEcyChAAGLADGNYEGEcyChAAGLADGNYEGEcyChAAGLADGNYEGEdIkitQAFgAcAF4AZABAJgBAKABAKoBALgBA8gBAJgCAaACDpgDAIgGAZAGCJIHATGgBwA&amp;sclient=gws-wiz-serp#ip=1\" target=\"_blank\" rel=\"noopener\">piadineja<\/a> ja lasilliset paikallista Luganaa) p\u00e4\u00e4simme muutamia osaamiamme italian\u00a0 fraaseja k\u00e4ytt\u00e4m\u00e4\u00e4n ja tulimme jopa ymm\u00e4rretyksi.<\/p>\n<p><a href=\"https:\/\/www.satokangas.fi\/blogi\/2024\/05\/lauantai-18-5\/malcesine_18-7\/\" rel=\"attachment wp-att-49448\"><img loading=\"lazy\" decoding=\"async\" data-attachment-id=\"49448\" data-permalink=\"https:\/\/www.satokangas.fi\/blogi\/2024\/05\/lauantai-18-5\/malcesine_18-7\/\" data-orig-file=\"https:\/\/www.satokangas.fi\/blogi\/wp-content\/uploads\/2024\/05\/Malcesine_18-7.jpg\" data-orig-size=\"1000,577\" data-comments-opened=\"1\" data-image-meta=\"{&quot;aperture&quot;:&quot;10&quot;,&quot;credit&quot;:&quot;&quot;,&quot;camera&quot;:&quot;Canon EOS R6m2&quot;,&quot;caption&quot;:&quot;&quot;,&quot;created_timestamp&quot;:&quot;1716039061&quot;,&quot;copyright&quot;:&quot;&quot;,&quot;focal_length&quot;:&quot;50&quot;,&quot;iso&quot;:&quot;800&quot;,&quot;shutter_speed&quot;:&quot;0.0003125&quot;,&quot;title&quot;:&quot;&quot;,&quot;orientation&quot;:&quot;0&quot;}\" data-image-title=\"Malcesine_18-7\" data-image-description=\"\" data-image-caption=\"\" data-large-file=\"https:\/\/www.satokangas.fi\/blogi\/wp-content\/uploads\/2024\/05\/Malcesine_18-7.jpg\" class=\"aligncenter size-full wp-image-49448\" src=\"https:\/\/www.satokangas.fi\/blogi\/wp-content\/uploads\/2024\/05\/Malcesine_18-7.jpg\" alt=\"\" width=\"1000\" height=\"577\" srcset=\"https:\/\/www.satokangas.fi\/blogi\/wp-content\/uploads\/2024\/05\/Malcesine_18-7.jpg 1000w, https:\/\/www.satokangas.fi\/blogi\/wp-content\/uploads\/2024\/05\/Malcesine_18-7-600x346.jpg 600w, https:\/\/www.satokangas.fi\/blogi\/wp-content\/uploads\/2024\/05\/Malcesine_18-7-300x173.jpg 300w, https:\/\/www.satokangas.fi\/blogi\/wp-content\/uploads\/2024\/05\/Malcesine_18-7-768x443.jpg 768w, https:\/\/www.satokangas.fi\/blogi\/wp-content\/uploads\/2024\/05\/Malcesine_18-7-330x190.jpg 330w, https:\/\/www.satokangas.fi\/blogi\/wp-content\/uploads\/2024\/05\/Malcesine_18-7-104x60.jpg 104w, https:\/\/www.satokangas.fi\/blogi\/wp-content\/uploads\/2024\/05\/Malcesine_18-7-780x450.jpg 780w, https:\/\/www.satokangas.fi\/blogi\/wp-content\/uploads\/2024\/05\/Malcesine_18-7-95x56.jpg 95w\" sizes=\"auto, (max-width: 1000px) 100vw, 1000px\" \/><\/a><\/p>\n<p style=\"text-align: justify;\">Mutta turistejahan mekin, joten hyvin mahduimme mukaan.<\/p>\n<p style=\"text-align: justify;\"><a href=\"https:\/\/www.satokangas.fi\/blogi\/2024\/05\/sunnuntai-19-5\/limone_19_5_2024-18\/\" rel=\"attachment wp-att-49470\"><img loading=\"lazy\" decoding=\"async\" data-attachment-id=\"49470\" data-permalink=\"https:\/\/www.satokangas.fi\/blogi\/2024\/05\/sunnuntai-19-5\/limone_19_5_2024-18\/\" data-orig-file=\"https:\/\/www.satokangas.fi\/blogi\/wp-content\/uploads\/2024\/05\/Limone_19_5_2024-18.jpg\" data-orig-size=\"467,700\" data-comments-opened=\"1\" data-image-meta=\"{&quot;aperture&quot;:&quot;7.1&quot;,&quot;credit&quot;:&quot;&quot;,&quot;camera&quot;:&quot;Canon EOS R6m2&quot;,&quot;caption&quot;:&quot;&quot;,&quot;created_timestamp&quot;:&quot;1716120358&quot;,&quot;copyright&quot;:&quot;&quot;,&quot;focal_length&quot;:&quot;70&quot;,&quot;iso&quot;:&quot;640&quot;,&quot;shutter_speed&quot;:&quot;0.033333333333333&quot;,&quot;title&quot;:&quot;&quot;,&quot;orientation&quot;:&quot;0&quot;}\" data-image-title=\"Limone_19_5_2024-18\" data-image-description=\"\" data-image-caption=\"\" data-large-file=\"https:\/\/www.satokangas.fi\/blogi\/wp-content\/uploads\/2024\/05\/Limone_19_5_2024-18-445x667.jpg\" class=\"aligncenter size-full wp-image-49470\" src=\"https:\/\/www.satokangas.fi\/blogi\/wp-content\/uploads\/2024\/05\/Limone_19_5_2024-18.jpg\" alt=\"\" width=\"467\" height=\"700\" srcset=\"https:\/\/www.satokangas.fi\/blogi\/wp-content\/uploads\/2024\/05\/Limone_19_5_2024-18.jpg 467w, https:\/\/www.satokangas.fi\/blogi\/wp-content\/uploads\/2024\/05\/Limone_19_5_2024-18-267x400.jpg 267w, https:\/\/www.satokangas.fi\/blogi\/wp-content\/uploads\/2024\/05\/Limone_19_5_2024-18-445x667.jpg 445w, https:\/\/www.satokangas.fi\/blogi\/wp-content\/uploads\/2024\/05\/Limone_19_5_2024-18-133x200.jpg 133w, https:\/\/www.satokangas.fi\/blogi\/wp-content\/uploads\/2024\/05\/Limone_19_5_2024-18-40x60.jpg 40w\" sizes=\"auto, (max-width: 467px) 100vw, 467px\" \/><\/a><\/p>\n<p style=\"text-align: justify;\">K\u00e4veleskeltiin, sy\u00f6tiin sitruunagelatoa, k\u00e4ytiin kirkossa (muistokynttil\u00e4t sytytimme, t\u00e4ll\u00e4 kertaa my\u00f6s yst\u00e4v\u00e4lle), ja ihasteltiin sitruunapuita ainutlaatuisessa sitruunapuutarhassa, joka on tehty vanhaan linnaan.<\/p>\n<p style=\"text-align: justify;\"><a href=\"https:\/\/www.satokangas.fi\/blogi\/2024\/05\/sunnuntai-19-5\/limone_19_5_2024-2\/\" rel=\"attachment wp-att-49454\"><img loading=\"lazy\" decoding=\"async\" data-attachment-id=\"49454\" data-permalink=\"https:\/\/www.satokangas.fi\/blogi\/2024\/05\/sunnuntai-19-5\/limone_19_5_2024-2\/\" data-orig-file=\"https:\/\/www.satokangas.fi\/blogi\/wp-content\/uploads\/2024\/05\/Limone_19_5_2024-2.jpg\" data-orig-size=\"1000,955\" data-comments-opened=\"1\" data-image-meta=\"{&quot;aperture&quot;:&quot;18&quot;,&quot;credit&quot;:&quot;&quot;,&quot;camera&quot;:&quot;Canon EOS R6m2&quot;,&quot;caption&quot;:&quot;&quot;,&quot;created_timestamp&quot;:&quot;1716113925&quot;,&quot;copyright&quot;:&quot;&quot;,&quot;focal_length&quot;:&quot;16&quot;,&quot;iso&quot;:&quot;640&quot;,&quot;shutter_speed&quot;:&quot;0.00125&quot;,&quot;title&quot;:&quot;&quot;,&quot;orientation&quot;:&quot;0&quot;}\" data-image-title=\"Limone_19_5_2024-2\" data-image-description=\"\" data-image-caption=\"\" data-large-file=\"https:\/\/www.satokangas.fi\/blogi\/wp-content\/uploads\/2024\/05\/Limone_19_5_2024-2-698x667.jpg\" class=\"aligncenter size-full wp-image-49454\" src=\"https:\/\/www.satokangas.fi\/blogi\/wp-content\/uploads\/2024\/05\/Limone_19_5_2024-2.jpg\" alt=\"\" width=\"1000\" height=\"955\" srcset=\"https:\/\/www.satokangas.fi\/blogi\/wp-content\/uploads\/2024\/05\/Limone_19_5_2024-2.jpg 1000w, https:\/\/www.satokangas.fi\/blogi\/wp-content\/uploads\/2024\/05\/Limone_19_5_2024-2-419x400.jpg 419w, https:\/\/www.satokangas.fi\/blogi\/wp-content\/uploads\/2024\/05\/Limone_19_5_2024-2-698x667.jpg 698w, https:\/\/www.satokangas.fi\/blogi\/wp-content\/uploads\/2024\/05\/Limone_19_5_2024-2-209x200.jpg 209w, https:\/\/www.satokangas.fi\/blogi\/wp-content\/uploads\/2024\/05\/Limone_19_5_2024-2-768x733.jpg 768w, https:\/\/www.satokangas.fi\/blogi\/wp-content\/uploads\/2024\/05\/Limone_19_5_2024-2-63x60.jpg 63w\" sizes=\"auto, (max-width: 1000px) 100vw, 1000px\" \/><\/a><\/p>\n<p style=\"text-align: justify;\">&#8221;Puolenp\u00e4iv\u00e4n proseccon&#8221; sijaan nautimme puolenp\u00e4iv\u00e4n j\u00e4lkeen limoncellospritzit. Ja juuri Limonessa ne olivat todella raikkaat\u00a0 ja hyv\u00e4t, auringon paistaessa, Gardan aaltojen liplattaessa venesataman rantaan.<\/p>\n<p>Kyl\u00e4ss\u00e4 oli putiikkeja, joissa oli kaikkea mit\u00e4 saattaa kuvitella sitruunasta. Saippuaa, keksej\u00e4, pastaa, ihonhoitotuotteita, monenlaisia alkoholeja, herkkuja, vaatteita, kyni\u00e4, kaikkea. Ja niinh\u00e4n siin\u00e4 k\u00e4vi, ett\u00e4 sitruunasuolaa ja iso sitruunakuvioinen p\u00f6yt\u00e4liina on nyt kotiinviemisin\u00e4. \ud83d\ude42<\/p>\n<p style=\"text-align: justify;\"><a href=\"https:\/\/www.satokangas.fi\/blogi\/2024\/05\/sunnuntai-19-5\/limone_19_5_2024-4\/\" rel=\"attachment wp-att-49456\"><img loading=\"lazy\" decoding=\"async\" data-attachment-id=\"49456\" data-permalink=\"https:\/\/www.satokangas.fi\/blogi\/2024\/05\/sunnuntai-19-5\/limone_19_5_2024-4\/\" data-orig-file=\"https:\/\/www.satokangas.fi\/blogi\/wp-content\/uploads\/2024\/05\/Limone_19_5_2024-4.jpg\" data-orig-size=\"1000,541\" data-comments-opened=\"1\" data-image-meta=\"{&quot;aperture&quot;:&quot;13&quot;,&quot;credit&quot;:&quot;&quot;,&quot;camera&quot;:&quot;Canon EOS R6m2&quot;,&quot;caption&quot;:&quot;&quot;,&quot;created_timestamp&quot;:&quot;1716116571&quot;,&quot;copyright&quot;:&quot;&quot;,&quot;focal_length&quot;:&quot;16&quot;,&quot;iso&quot;:&quot;3200&quot;,&quot;shutter_speed&quot;:&quot;0.0004&quot;,&quot;title&quot;:&quot;&quot;,&quot;orientation&quot;:&quot;0&quot;}\" data-image-title=\"Limone_19_5_2024-4\" data-image-description=\"\" data-image-caption=\"\" data-large-file=\"https:\/\/www.satokangas.fi\/blogi\/wp-content\/uploads\/2024\/05\/Limone_19_5_2024-4.jpg\" class=\"aligncenter size-full wp-image-49456\" src=\"https:\/\/www.satokangas.fi\/blogi\/wp-content\/uploads\/2024\/05\/Limone_19_5_2024-4.jpg\" alt=\"\" width=\"1000\" height=\"541\" srcset=\"https:\/\/www.satokangas.fi\/blogi\/wp-content\/uploads\/2024\/05\/Limone_19_5_2024-4.jpg 1000w, https:\/\/www.satokangas.fi\/blogi\/wp-content\/uploads\/2024\/05\/Limone_19_5_2024-4-600x325.jpg 600w, https:\/\/www.satokangas.fi\/blogi\/wp-content\/uploads\/2024\/05\/Limone_19_5_2024-4-300x162.jpg 300w, https:\/\/www.satokangas.fi\/blogi\/wp-content\/uploads\/2024\/05\/Limone_19_5_2024-4-768x415.jpg 768w, https:\/\/www.satokangas.fi\/blogi\/wp-content\/uploads\/2024\/05\/Limone_19_5_2024-4-111x60.jpg 111w\" sizes=\"auto, (max-width: 1000px) 100vw, 1000px\" \/><\/a><\/p>\n<p style=\"text-align: justify;\">Kolmen tunnin kiertelyn j\u00e4lkeen venekyyti takaisin Malcesineen, &#8211; varttitunnissa takaisin Porto Vecchiossa.<\/p>\n<p><a href=\"https:\/\/www.satokangas.fi\/blogi\/2024\/05\/sunnuntai-19-5\/limone_19_5_2024-7\/\" rel=\"attachment wp-att-49458\"><img loading=\"lazy\" decoding=\"async\" data-attachment-id=\"49458\" data-permalink=\"https:\/\/www.satokangas.fi\/blogi\/2024\/05\/sunnuntai-19-5\/limone_19_5_2024-7\/\" data-orig-file=\"https:\/\/www.satokangas.fi\/blogi\/wp-content\/uploads\/2024\/05\/Limone_19_5_2024-7.jpg\" data-orig-size=\"1000,627\" data-comments-opened=\"1\" data-image-meta=\"{&quot;aperture&quot;:&quot;5.6&quot;,&quot;credit&quot;:&quot;&quot;,&quot;camera&quot;:&quot;Canon EOS R6m2&quot;,&quot;caption&quot;:&quot;&quot;,&quot;created_timestamp&quot;:&quot;1716119152&quot;,&quot;copyright&quot;:&quot;&quot;,&quot;focal_length&quot;:&quot;200&quot;,&quot;iso&quot;:&quot;640&quot;,&quot;shutter_speed&quot;:&quot;0.0005&quot;,&quot;title&quot;:&quot;&quot;,&quot;orientation&quot;:&quot;0&quot;}\" data-image-title=\"Limone_19_5_2024-7\" data-image-description=\"\" data-image-caption=\"\" data-large-file=\"https:\/\/www.satokangas.fi\/blogi\/wp-content\/uploads\/2024\/05\/Limone_19_5_2024-7.jpg\" class=\"aligncenter size-full wp-image-49458\" src=\"https:\/\/www.satokangas.fi\/blogi\/wp-content\/uploads\/2024\/05\/Limone_19_5_2024-7.jpg\" alt=\"\" width=\"1000\" height=\"627\" srcset=\"https:\/\/www.satokangas.fi\/blogi\/wp-content\/uploads\/2024\/05\/Limone_19_5_2024-7.jpg 1000w, https:\/\/www.satokangas.fi\/blogi\/wp-content\/uploads\/2024\/05\/Limone_19_5_2024-7-600x376.jpg 600w, https:\/\/www.satokangas.fi\/blogi\/wp-content\/uploads\/2024\/05\/Limone_19_5_2024-7-300x188.jpg 300w, https:\/\/www.satokangas.fi\/blogi\/wp-content\/uploads\/2024\/05\/Limone_19_5_2024-7-768x482.jpg 768w, https:\/\/www.satokangas.fi\/blogi\/wp-content\/uploads\/2024\/05\/Limone_19_5_2024-7-96x60.jpg 96w\" sizes=\"auto, (max-width: 1000px) 100vw, 1000px\" \/><\/a><\/p>\n<p style=\"text-align: justify;\">J\u00e4imme lounaalle yhteen sataman monista ristoranteista, nautimme l\u00e4mm\u00f6st\u00e4, valosta, sunnuntaista&#8230; Ep\u00e4todellisesta olosta.<\/p>\n<p style=\"text-align: justify;\">Iltap\u00e4iv\u00e4n lopulla hotellin parvekkeelle, uimassakin k\u00e4vimme.<\/p>\n<p style=\"text-align: justify;\"><a href=\"https:\/\/www.satokangas.fi\/blogi\/2024\/05\/sunnuntai-19-5\/limone_19_5_2024-13\/\" rel=\"attachment wp-att-49462\"><img loading=\"lazy\" decoding=\"async\" data-attachment-id=\"49462\" data-permalink=\"https:\/\/www.satokangas.fi\/blogi\/2024\/05\/sunnuntai-19-5\/limone_19_5_2024-13\/\" data-orig-file=\"https:\/\/www.satokangas.fi\/blogi\/wp-content\/uploads\/2024\/05\/Limone_19_5_2024-13.jpg\" data-orig-size=\"1000,580\" data-comments-opened=\"1\" data-image-meta=\"{&quot;aperture&quot;:&quot;14&quot;,&quot;credit&quot;:&quot;&quot;,&quot;camera&quot;:&quot;Canon EOS R6m2&quot;,&quot;caption&quot;:&quot;&quot;,&quot;created_timestamp&quot;:&quot;1716123857&quot;,&quot;copyright&quot;:&quot;&quot;,&quot;focal_length&quot;:&quot;115&quot;,&quot;iso&quot;:&quot;1250&quot;,&quot;shutter_speed&quot;:&quot;0.0015625&quot;,&quot;title&quot;:&quot;&quot;,&quot;orientation&quot;:&quot;0&quot;}\" data-image-title=\"Limone_19_5_2024-13\" data-image-description=\"\" data-image-caption=\"\" data-large-file=\"https:\/\/www.satokangas.fi\/blogi\/wp-content\/uploads\/2024\/05\/Limone_19_5_2024-13.jpg\" class=\"aligncenter size-full wp-image-49462\" src=\"https:\/\/www.satokangas.fi\/blogi\/wp-content\/uploads\/2024\/05\/Limone_19_5_2024-13.jpg\" alt=\"\" width=\"1000\" height=\"580\" srcset=\"https:\/\/www.satokangas.fi\/blogi\/wp-content\/uploads\/2024\/05\/Limone_19_5_2024-13.jpg 1000w, https:\/\/www.satokangas.fi\/blogi\/wp-content\/uploads\/2024\/05\/Limone_19_5_2024-13-600x348.jpg 600w, https:\/\/www.satokangas.fi\/blogi\/wp-content\/uploads\/2024\/05\/Limone_19_5_2024-13-300x174.jpg 300w, https:\/\/www.satokangas.fi\/blogi\/wp-content\/uploads\/2024\/05\/Limone_19_5_2024-13-768x445.jpg 768w, https:\/\/www.satokangas.fi\/blogi\/wp-content\/uploads\/2024\/05\/Limone_19_5_2024-13-330x190.jpg 330w, https:\/\/www.satokangas.fi\/blogi\/wp-content\/uploads\/2024\/05\/Limone_19_5_2024-13-103x60.jpg 103w, https:\/\/www.satokangas.fi\/blogi\/wp-content\/uploads\/2024\/05\/Limone_19_5_2024-13-95x56.jpg 95w\" sizes=\"auto, (max-width: 1000px) 100vw, 1000px\" \/><\/a><\/p>\n<p style=\"text-align: justify;\">[Kuvassa hotellimme. Huoneemme alakerrrassa, nelj\u00e4s ikkuna vasemmalta. Ja etualalla uintipaikka. Eip\u00e4 olla viel\u00e4 n\u00e4hty muita uimareita. \ud83d\ude42 ]<\/p>\n<p style=\"text-align: justify;\">Illan tullen ei maltettu pysy\u00e4 pois ulkoa, Pehtoorilla v\u00e4h\u00e4n n\u00e4lk\u00e4kin, k\u00e4velimme taas keskustaan. Trattoria Scalieri oli familiaari, pieni idyllinen ravintola, jossa Pehtoori s\u00f6i &#8211; lemppariannoksensa ulkomailla &#8211; &#8221;seabassia&#8221;, minulle riitti antipastiannos paistettuja sardiineja. Hyvi\u00e4 olivat.<\/p>\n<p style=\"text-align: justify;\">&#8221;Kotimatkalla&#8221; hieno auringonlasku. Viel\u00e4 siis aurinko ilonamme. J\u00e4rvi liki tyyni, aika hiljaista rantapromenadilla. S\u00e4\u00e4 samettinen. Hyv\u00e4lleh\u00e4n se t\u00e4mm\u00f6inen tuntuu.<\/p>\n<p>Nyt toivotaan, ett\u00e4\u00a0 huomenna ainakin viel\u00e4 aamup\u00e4iv\u00e4 olisi sateeton: kohti Monte Baldoa!<\/p>\n","protected":false},"excerpt":{"rendered":"<p>Buongiorno hyvin nukutun y\u00f6n j\u00e4lkeen ja hotellin vallan monipuolisten aamiaistarjoilujen \u00e4\u00e4relle. Reippaasti l\u00e4hdimme kohti patikkaloman ensimm\u00e4ist\u00e4 etappia. Oltiin puolikymmenelt\u00e4 patikkakamppeet p\u00e4\u00e4ll\u00e4, reput sel\u00e4ss\u00e4 jonossa Funiviaan ja valmiina suunnitellulle ja odotetulle patikkaretkelle Monte Baldolle\u00a0 (korkein huippu yli 2200 mpy). Ventrar-lenkki oli toiveissa p\u00e4\u00e4st\u00e4 kulkemaan, ehk\u00e4 viel\u00e4 muutakin &#8211; jos viel\u00e4 iltap\u00e4iv\u00e4ll\u00e4 jaksettaisiin ja s\u00e4\u00e4 suosisi. [Kuvan alareunassa meid\u00e4n hotelli, ja siit\u00e4 &hellip; <\/p>\n","protected":false},"author":1,"featured_media":49393,"comment_status":"open","ping_status":"open","sticky":false,"template":"","format":"standard","meta":{"jetpack_post_was_ever_published":false,"_jetpack_newsletter_access":"","_jetpack_dont_email_post_to_subs":false,"_jetpack_newsletter_tier_id":0,"_jetpack_memberships_contains_paywalled_content":false,"_jetpack_memberships_contains_paid_content":false,"footnotes":"","jetpack_publicize_message":"","jetpack_publicize_feature_enabled":true,"jetpack_social_post_already_shared":true,"jetpack_social_options":{"image_generator_settings":{"template":"highway","default_image_id":0,"font":"","enabled":false},"version":2}},"categories":[171,81],"tags":[],"class_list":["post-49392","post","type-post","status-publish","format-standard","has-post-thumbnail","hentry","category-garda","category-reissut","latest_post"],"jetpack_publicize_connections":[],"jetpack_featured_media_url":"https:\/\/www.satokangas.fi\/blogi\/wp-content\/uploads\/2024\/05\/13.png","jetpack_shortlink":"https:\/\/wp.me\/pr4p4-cQE","jetpack_sharing_enabled":true,"jetpack_likes_enabled":false,"jetpack-related-posts":[{"id":49394,"url":"https:\/\/www.satokangas.fi\/blogi\/2024\/05\/maanantai-monte-baldo\/","url_meta":{"origin":49392,"position":0},"title":"Monte Baldo huiputettu (huom. videot lis\u00e4tty)","author":"Reija","date":"20.5.2024","format":false,"excerpt":"Sitruunakaupungin ilotulitus Eilen illalla vastarannalla, Limonen kyl\u00e4ss\u00e4, jossa oltiin k\u00e4yty p\u00e4iv\u00e4ll\u00e4, oli ilotulitus. Siit\u00e4 oltiin n\u00e4hty p\u00e4iv\u00e4ll\u00e4 mainoksia, ja tiesin tulituksen alkavan iltakymmenelt\u00e4, tuossa ihan vastap\u00e4\u00e4t\u00e4 (noin 4 km?). En ole oikein ilotulitusten yst\u00e4v\u00e4, - en en\u00e4\u00e4. Jotenkin niin turhaa rahan- ja luonnonkin haaskausta. En ole koskaan my\u00f6sk\u00e4\u00e4n p\u00e4\u00e4ssyt sellaisia\u2026","rel":"","context":"Kategoriassa &quot;Garda&quot;","block_context":{"text":"Garda","link":"https:\/\/www.satokangas.fi\/blogi\/category\/reissut\/garda\/"},"img":{"alt_text":"","src":"https:\/\/i0.wp.com\/www.satokangas.fi\/blogi\/wp-content\/uploads\/2024\/05\/22.png?resize=350%2C200&ssl=1","width":350,"height":200,"srcset":"https:\/\/i0.wp.com\/www.satokangas.fi\/blogi\/wp-content\/uploads\/2024\/05\/22.png?resize=350%2C200&ssl=1 1x, https:\/\/i0.wp.com\/www.satokangas.fi\/blogi\/wp-content\/uploads\/2024\/05\/22.png?resize=525%2C300&ssl=1 1.5x, https:\/\/i0.wp.com\/www.satokangas.fi\/blogi\/wp-content\/uploads\/2024\/05\/22.png?resize=700%2C400&ssl=1 2x"},"classes":[]},{"id":49427,"url":"https:\/\/www.satokangas.fi\/blogi\/2024\/05\/automaattinen-luonnos-2\/","url_meta":{"origin":49392,"position":1},"title":"Lentoon l\u00e4hd\u00f6ss\u00e4 &#x2708;&#x1f7e9;&#x2b1c;&#x1f7e5;","author":"Reija","date":"16.5.2024","format":false,"excerpt":"Samalla kun surffailen, silittelen vaatteita, k\u00e4yn py\u00f6r\u00e4ll\u00e4 kaupungissa ripset ja kulmat ehostuttamassa loman kest\u00e4viksi, kuuntelen \"Kuuntele ja opi italiaa\" -\u00e4\u00e4nioppikirjaa ja mutisen \u00e4\u00e4nt\u00e4mist\u00e4 itsekseni . . . Siin\u00e4 samalla pakkailen ja ihmettelen t\u00e4m\u00e4n reissukuumeen korkeutta. Lomareissuille on ollut aina mukava l\u00e4hte\u00e4, joskus viel\u00e4 j\u00e4nnemp\u00e4\u00e4 kuin nyt, mutta on t\u00e4ss\u00e4 on\u2026","rel":"","context":"Kategoriassa &quot;Niit\u00e4 n\u00e4it\u00e4&quot;","block_context":{"text":"Niit\u00e4 n\u00e4it\u00e4","link":"https:\/\/www.satokangas.fi\/blogi\/category\/aiheeton\/"},"img":{"alt_text":"","src":"https:\/\/i0.wp.com\/www.satokangas.fi\/blogi\/wp-content\/uploads\/2024\/05\/MonteBaldo_patikkareitit.jpg?resize=350%2C200&ssl=1","width":350,"height":200,"srcset":"https:\/\/i0.wp.com\/www.satokangas.fi\/blogi\/wp-content\/uploads\/2024\/05\/MonteBaldo_patikkareitit.jpg?resize=350%2C200&ssl=1 1x, https:\/\/i0.wp.com\/www.satokangas.fi\/blogi\/wp-content\/uploads\/2024\/05\/MonteBaldo_patikkareitit.jpg?resize=525%2C300&ssl=1 1.5x, https:\/\/i0.wp.com\/www.satokangas.fi\/blogi\/wp-content\/uploads\/2024\/05\/MonteBaldo_patikkareitit.jpg?resize=700%2C400&ssl=1 2x, https:\/\/i0.wp.com\/www.satokangas.fi\/blogi\/wp-content\/uploads\/2024\/05\/MonteBaldo_patikkareitit.jpg?resize=1050%2C600&ssl=1 3x, https:\/\/i0.wp.com\/www.satokangas.fi\/blogi\/wp-content\/uploads\/2024\/05\/MonteBaldo_patikkareitit.jpg?resize=1400%2C800&ssl=1 4x"},"classes":[]},{"id":27969,"url":"https:\/\/www.satokangas.fi\/blogi\/2016\/04\/olof-ja-meitsi\/","url_meta":{"origin":49392,"position":2},"title":"Olof ja meitsi","author":"Reija","date":"4.4.2016","format":false,"excerpt":"Viikonlopun kuvasatoa viel\u00e4. Hotelli Olof on avattu pari vuotta sitten, ja se on ihan Suensaaren p\u00e4\u00e4ss\u00e4. Torniossahan kaikki on l\u00e4hell\u00e4, joten sijainti hyv\u00e4. Erityisen paljon pid\u00e4n sisustuksessa siit\u00e4, ett\u00e4 sek\u00e4 aulassa ett\u00e4 huoneissa on k\u00e4ytetty seinill\u00e4 vanhoja valokuvia. Kuvat ovat Tornion katukuvia, Tornion rantamaisemia. Sisustus on hillitty, Calligariksen lamput ja\u2026","rel":"","context":"Kategoriassa &quot;Niit\u00e4 n\u00e4it\u00e4&quot;","block_context":{"text":"Niit\u00e4 n\u00e4it\u00e4","link":"https:\/\/www.satokangas.fi\/blogi\/category\/aiheeton\/"},"img":{"alt_text":"1-12","src":"https:\/\/i0.wp.com\/www.satokangas.fi\/blogi\/wp-content\/uploads\/2016\/04\/1-12-600x400.jpg?resize=350%2C200&ssl=1","width":350,"height":200,"srcset":"https:\/\/i0.wp.com\/www.satokangas.fi\/blogi\/wp-content\/uploads\/2016\/04\/1-12-600x400.jpg?resize=350%2C200&ssl=1 1x, https:\/\/i0.wp.com\/www.satokangas.fi\/blogi\/wp-content\/uploads\/2016\/04\/1-12-600x400.jpg?resize=525%2C300&ssl=1 1.5x"},"classes":[]},{"id":32157,"url":"https:\/\/www.satokangas.fi\/blogi\/2017\/09\/kylasta-toiseen-adrianmeren-rannalla\/","url_meta":{"origin":49392,"position":3},"title":"Kyl\u00e4st\u00e4 toiseen Adrianmeren rannalla","author":"Reija","date":"30.9.2017","format":false,"excerpt":"Kuvassa on Igrane. T\u00e4m\u00e4 n\u00e4kym\u00e4 on meid\u00e4n hotellilta p\u00e4in, parvekkeeltamme t\u00e4m\u00e4 naapurikyl\u00e4 n\u00e4kyy hyvin. Siell\u00e4 on kolmisensataa asukasta, muutama kauppa, kuppila ja ravintola sek\u00e4 TUIn toinen hotelli. Se on meilt\u00e4 reilun kolmen kilometrin p\u00e4\u00e4ss\u00e4, ja ylh\u00e4\u00e4ll\u00e4 n\u00e4kyv\u00e4 kirkko viel\u00e4 v\u00e4h\u00e4n kauempana. Kirkko on 1600-luvulta, ja se, kuten l\u00e4hes koko kyl\u00e4,\u2026","rel":"","context":"Kategoriassa &quot;Kroatia&quot;","block_context":{"text":"Kroatia","link":"https:\/\/www.satokangas.fi\/blogi\/category\/reissut\/kroatia\/"},"img":{"alt_text":"","src":"https:\/\/i0.wp.com\/www.satokangas.fi\/blogi\/wp-content\/uploads\/2017\/09\/Igrane-13.jpg?resize=350%2C200&ssl=1","width":350,"height":200,"srcset":"https:\/\/i0.wp.com\/www.satokangas.fi\/blogi\/wp-content\/uploads\/2017\/09\/Igrane-13.jpg?resize=350%2C200&ssl=1 1x, https:\/\/i0.wp.com\/www.satokangas.fi\/blogi\/wp-content\/uploads\/2017\/09\/Igrane-13.jpg?resize=525%2C300&ssl=1 1.5x, https:\/\/i0.wp.com\/www.satokangas.fi\/blogi\/wp-content\/uploads\/2017\/09\/Igrane-13.jpg?resize=700%2C400&ssl=1 2x"},"classes":[]},{"id":45579,"url":"https:\/\/www.satokangas.fi\/blogi\/2023\/05\/split-ollaan-reissussa\/","url_meta":{"origin":49392,"position":4},"title":"@Split &#8211; ollaan reissussa!","author":"Reija","date":"20.5.2023","format":false,"excerpt":"Klo 4.10 soivat kellot - her\u00e4tyskellot. Puoli tuntia sen j\u00e4lkeen istahdettiin lentokentt\u00e4kuljetukseen: Juniori ja R. jaksoivat ja halusivatkin (sit\u00e4 min\u00e4 ihmettelen ja kiittelen viel\u00e4kin) toimia taksipalveluna. Laukut suoraan jatkolennolle, ja ennen seitsem\u00e4\u00e4 Helsinki-Vantaalla, jossa viel\u00e4kin v\u00e4h\u00e4n remppaa. Tax-freest\u00e4 monen vuoden j\u00e4lkeen Elisabeth Ardenin 8 hour -huulivoide. Pieni iso arjen asia.\u2026","rel":"","context":"Kategoriassa &quot;Kroatia 2023&quot;","block_context":{"text":"Kroatia 2023","link":"https:\/\/www.satokangas.fi\/blogi\/category\/reissut\/kroatia-2023\/"},"img":{"alt_text":"","src":"https:\/\/i0.wp.com\/www.satokangas.fi\/blogi\/wp-content\/uploads\/2023\/05\/Split_1-6.jpg?resize=350%2C200&ssl=1","width":350,"height":200,"srcset":"https:\/\/i0.wp.com\/www.satokangas.fi\/blogi\/wp-content\/uploads\/2023\/05\/Split_1-6.jpg?resize=350%2C200&ssl=1 1x, https:\/\/i0.wp.com\/www.satokangas.fi\/blogi\/wp-content\/uploads\/2023\/05\/Split_1-6.jpg?resize=525%2C300&ssl=1 1.5x, https:\/\/i0.wp.com\/www.satokangas.fi\/blogi\/wp-content\/uploads\/2023\/05\/Split_1-6.jpg?resize=700%2C400&ssl=1 2x"},"classes":[]},{"id":51875,"url":"https:\/\/www.satokangas.fi\/blogi\/2025\/01\/rantaviivan-tuntumassa\/","url_meta":{"origin":49392,"position":5},"title":"Rantaviivan tuntumassa","author":"Reija","date":"24.1.2025","format":false,"excerpt":"Hotellimme Jardines de Nivaria on iso. Ja t\u00e4llaisessa hotellissa my\u00f6s aamiaiset\/brunssit ovat valtavia. Tai siis buffetit ovat. T\u00e4ss\u00e4kin monit\u00e4htisess\u00e4 hotellissa buffet on monessa huoneessa\/salissa! Ja valtavan ravintolan parvekkeelle mahtui hyvin viel\u00e4, olimme taas varhaisimpia aamiaisella. Me ja muut el\u00e4kel\u00e4iset: keski-ik\u00e4 on aika lailla 65 v., enimm\u00e4t hotelliasukkaat, joista osa n\u00e4ytt\u00e4\u00e4\u2026","rel":"","context":"Kategoriassa &quot;Niit\u00e4 n\u00e4it\u00e4&quot;","block_context":{"text":"Niit\u00e4 n\u00e4it\u00e4","link":"https:\/\/www.satokangas.fi\/blogi\/category\/aiheeton\/"},"img":{"alt_text":"","src":"https:\/\/i0.wp.com\/www.satokangas.fi\/blogi\/wp-content\/uploads\/2025\/01\/CA_kaupunkipatikka-11.jpg?resize=350%2C200&ssl=1","width":350,"height":200,"srcset":"https:\/\/i0.wp.com\/www.satokangas.fi\/blogi\/wp-content\/uploads\/2025\/01\/CA_kaupunkipatikka-11.jpg?resize=350%2C200&ssl=1 1x, https:\/\/i0.wp.com\/www.satokangas.fi\/blogi\/wp-content\/uploads\/2025\/01\/CA_kaupunkipatikka-11.jpg?resize=525%2C300&ssl=1 1.5x, https:\/\/i0.wp.com\/www.satokangas.fi\/blogi\/wp-content\/uploads\/2025\/01\/CA_kaupunkipatikka-11.jpg?resize=700%2C400&ssl=1 2x"},"classes":[]}],"_links":{"self":[{"href":"https:\/\/www.satokangas.fi\/blogi\/wp-json\/wp\/v2\/posts\/49392","targetHints":{"allow":["GET"]}}],"collection":[{"href":"https:\/\/www.satokangas.fi\/blogi\/wp-json\/wp\/v2\/posts"}],"about":[{"href":"https:\/\/www.satokangas.fi\/blogi\/wp-json\/wp\/v2\/types\/post"}],"author":[{"embeddable":true,"href":"https:\/\/www.satokangas.fi\/blogi\/wp-json\/wp\/v2\/users\/1"}],"replies":[{"embeddable":true,"href":"https:\/\/www.satokangas.fi\/blogi\/wp-json\/wp\/v2\/comments?post=49392"}],"version-history":[{"count":0,"href":"https:\/\/www.satokangas.fi\/blogi\/wp-json\/wp\/v2\/posts\/49392\/revisions"}],"wp:featuredmedia":[{"embeddable":true,"href":"https:\/\/www.satokangas.fi\/blogi\/wp-json\/wp\/v2\/media\/49393"}],"wp:attachment":[{"href":"https:\/\/www.satokangas.fi\/blogi\/wp-json\/wp\/v2\/media?parent=49392"}],"wp:term":[{"taxonomy":"category","embeddable":true,"href":"https:\/\/www.satokangas.fi\/blogi\/wp-json\/wp\/v2\/categories?post=49392"},{"taxonomy":"post_tag","embeddable":true,"href":"https:\/\/www.satokangas.fi\/blogi\/wp-json\/wp\/v2\/tags?post=49392"}],"curies":[{"name":"wp","href":"https:\/\/api.w.org\/{rel}","templated":true}]}}