{"id":48534,"date":"2024-02-22T20:04:21","date_gmt":"2024-02-22T18:04:21","guid":{"rendered":"https:\/\/www.satokangas.fi\/blogi\/?p=48534"},"modified":"2024-02-23T09:25:12","modified_gmt":"2024-02-23T07:25:12","slug":"onninjalki-etna-ja-korvasienipiiras","status":"publish","type":"post","link":"https:\/\/www.satokangas.fi\/blogi\/2024\/02\/onninjalki-etna-ja-korvasienipiiras\/","title":{"rendered":"Onninj\u00e4lki, Etna ja korvasienipiiras"},"content":{"rendered":"<p style=\"text-align: justify;\"><strong>Onninj\u00e4lki<\/strong><\/p>\n<p style=\"text-align: justify;\">T\u00e4n\u00e4\u00e4n ladulla. Ladulla huolimatta siit\u00e4, ett\u00e4 p\u00e4iv\u00e4 oli pilvinen, harmaa. Mutta keli olikin hyv\u00e4; hyv\u00e4 luisto, eik\u00e4 lipsunut, vaikka melkein puolet lenkist\u00e4 oli yl\u00e4m\u00e4ke\u00e4.\u00a0 K\u00e4vin Rumakurulla (vai\u00a0 Rumallakurulla?) ja lenkin puoliv\u00e4liss\u00e4 on p\u00e4tk\u00e4, joka on latukartassa merkitty nimell\u00e4 Onninj\u00e4lki. Kiinnostaisi tiet\u00e4\u00e4,\u00a0 mist\u00e4 nimi Onninj\u00e4lki-nimi juontuu? Kuka Onni tai mik\u00e4 onni on t\u00e4nne j\u00e4tt\u00e4nyt j\u00e4lkens\u00e4 ja nimens\u00e4? Laittelin kyselyn Saariselk\u00e4-FB-ryhm\u00e4\u00e4nkin.<\/p>\n<p style=\"text-align: justify;\">T\u00e4\u00e4ll\u00e4 meid\u00e4n m\u00f6kin tienoillakin, jopa pihapiiriss\u00e4, on vaikuttanut yksi paikallinen Onni. Toimitti \u00e4idin aikana t\u00e4nne puita, pilkkoikin, vaikka \u00e4iti kyll\u00e4 itsekin niit\u00e4 hakkasi. Olisiko kyseess\u00e4 sama Onni?<\/p>\n<p style=\"text-align: justify;\"><a href=\"https:\/\/www.satokangas.fi\/blogi\/2024\/02\/onninjalki-etna-ja-korvasienipiiras\/onninjalki\/\" rel=\"attachment wp-att-48543\"><img loading=\"lazy\" decoding=\"async\" data-attachment-id=\"48543\" data-permalink=\"https:\/\/www.satokangas.fi\/blogi\/2024\/02\/onninjalki-etna-ja-korvasienipiiras\/onninjalki\/\" data-orig-file=\"https:\/\/www.satokangas.fi\/blogi\/wp-content\/uploads\/2024\/02\/Onninjalki.jpg\" data-orig-size=\"680,625\" data-comments-opened=\"1\" data-image-title=\"Onninjalki\" data-image-description=\"\" data-image-caption=\"\" data-large-file=\"https:\/\/www.satokangas.fi\/blogi\/wp-content\/uploads\/2024\/02\/Onninjalki.jpg\" class=\"aligncenter size-full wp-image-48543\" src=\"https:\/\/www.satokangas.fi\/blogi\/wp-content\/uploads\/2024\/02\/Onninjalki.jpg\" alt=\"\" width=\"680\" height=\"625\" srcset=\"https:\/\/www.satokangas.fi\/blogi\/wp-content\/uploads\/2024\/02\/Onninjalki.jpg 680w, https:\/\/www.satokangas.fi\/blogi\/wp-content\/uploads\/2024\/02\/Onninjalki-435x400.jpg 435w, https:\/\/www.satokangas.fi\/blogi\/wp-content\/uploads\/2024\/02\/Onninjalki-218x200.jpg 218w, https:\/\/www.satokangas.fi\/blogi\/wp-content\/uploads\/2024\/02\/Onninjalki-65x60.jpg 65w\" sizes=\"auto, (max-width: 680px) 100vw, 680px\" \/><\/a><\/p>\n<p style=\"text-align: justify;\">Onninj\u00e4ljell\u00e4 on aika tasaista, ja\u00a0 jo latup\u00e4tk\u00e4n nimi saa hyv\u00e4lle tuulelle.<\/p>\n<p style=\"text-align: justify;\"><a href=\"https:\/\/www.satokangas.fi\/blogi\/2024\/02\/onninjalki-etna-ja-korvasienipiiras\/rumakurulle\/\" rel=\"attachment wp-att-48545\"><img loading=\"lazy\" decoding=\"async\" data-attachment-id=\"48545\" data-permalink=\"https:\/\/www.satokangas.fi\/blogi\/2024\/02\/onninjalki-etna-ja-korvasienipiiras\/rumakurulle\/\" data-orig-file=\"https:\/\/www.satokangas.fi\/blogi\/wp-content\/uploads\/2024\/02\/Rumakurulle.jpg\" data-orig-size=\"1000,563\" data-comments-opened=\"1\" data-image-title=\"Rumakurulle\" data-image-description=\"\" data-image-caption=\"\" data-large-file=\"https:\/\/www.satokangas.fi\/blogi\/wp-content\/uploads\/2024\/02\/Rumakurulle.jpg\" class=\"aligncenter size-full wp-image-48545\" src=\"https:\/\/www.satokangas.fi\/blogi\/wp-content\/uploads\/2024\/02\/Rumakurulle.jpg\" alt=\"\" width=\"1000\" height=\"563\" srcset=\"https:\/\/www.satokangas.fi\/blogi\/wp-content\/uploads\/2024\/02\/Rumakurulle.jpg 1000w, https:\/\/www.satokangas.fi\/blogi\/wp-content\/uploads\/2024\/02\/Rumakurulle-600x338.jpg 600w, https:\/\/www.satokangas.fi\/blogi\/wp-content\/uploads\/2024\/02\/Rumakurulle-300x169.jpg 300w, https:\/\/www.satokangas.fi\/blogi\/wp-content\/uploads\/2024\/02\/Rumakurulle-768x432.jpg 768w, https:\/\/www.satokangas.fi\/blogi\/wp-content\/uploads\/2024\/02\/Rumakurulle-107x60.jpg 107w\" sizes=\"auto, (max-width: 1000px) 100vw, 1000px\" \/><\/a><\/p>\n<p style=\"text-align: justify;\"><strong>Etna<\/strong><\/p>\n<p style=\"text-align: justify;\">Ymp\u00e4rill\u00e4 oleva luonto ei vienyt t\u00e4n\u00e4\u00e4n kaikkea huomiota, joten Kari Enqvistin kirja <a href=\"https:\/\/www.wsoy.fi\/kirja\/kari-enqvist\/tulivuoren-varjossa\/9789510501634\" target=\"_blank\" rel=\"noopener\">&#8221;Tulivuoren varjoss<\/a><a href=\"https:\/\/www.wsoy.fi\/kirja\/kari-enqvist\/tulivuoren-varjossa\/9789510501634\" target=\"_blank\" rel=\"noopener\">a. L\u00f6yt\u00f6retkell\u00e4 identiteetti\u00e4 etsim\u00e4ss\u00e4<\/a>&#8221; tuli hiihdelless\u00e4 kuunneltua aika keskittyneen\u00e4 loppuun. Kustantajan sivulla todetaan: &#8221;H\u00e4n (Enqvist) yhdist\u00e4\u00e4 henkil\u00f6kohtaiset kokemuksensa aikakautemme suuriin linjoihin tavalla, joka saa lukijan uppoutumaan tekstiin ja pohtimaan omaa paikkaansa maailmassa.&#8221; No, kyll\u00e4 noinkin k\u00e4y, mutta kirja on my\u00f6s Enqvistin el\u00e4m\u00e4kerta, &#8211; aika mainiolla tavalla kirjaan upotettu ja kirja on my\u00f6s &#8221;omaa maailmanaikaa&#8221; analysoiva ja sen vaikutusta yksil\u00f6n (siis my\u00f6s omiinikin) ratkaisuihin ja arvomaailmaa selitt\u00e4v\u00e4. Aluksi kirja on v\u00e4h\u00e4n sekavan oloinen, kaikkiaan siin\u00e4 on paljon anekdootteja, historian yksitt\u00e4isi\u00e4 tapahtumia, Lahdesta maailmalle muuttaneen Enqvistin identiteetin muotoutumista ja muuttumista, italialaisen maailmankuvan analyysi\u00e4&#8230; Oikeastaan ei sittenk\u00e4\u00e4n sekavaa ja annoin pisteet 5\/5.<\/p>\n<p style=\"text-align: justify;\">Kahden j\u00e4lkeen olin m\u00f6kill\u00e4, jossa odotti Pehtoorin l\u00e4mmitt\u00e4m\u00e4 sauna.<\/p>\n<p style=\"text-align: justify;\"><strong>Korvasienipiiras\u00a0<\/strong><\/p>\n<p style=\"text-align: justify;\">Tein meille sapuskaksi piirakan. Se oli vallan hyv\u00e4\u00e4. Onneksi ohessa oli <a href=\"https:\/\/www.satokangas.fi\/blogi\/2024\/01\/simppelia-kotiruokaa\/\" target=\"_blank\" rel=\"noopener\">Silvoplee-salaattia<\/a> ja j\u00e4lkk\u00e4riksi viel\u00e4 omatekem\u00e4\u00e4 tiikerij\u00e4tski\u00e4, johon palaan my\u00f6hemmin, joten emme ihan kaikkea n\u00e4lk\u00e4\u00e4mme tappaneet pelk\u00e4st\u00e4\u00e4n varsin kalorisella ja raskaalla piirakalla. Tosin oli siin\u00e4 yksi kevent\u00e4v\u00e4 ainesosakin! Pohjaan tuli perunamuusijauhetta, mink\u00e4 ansiosta pohja ei ollut pelkk\u00e4\u00e4 voita ja jauhoja. Perusohje Valion sivuilta: <a href=\"https:\/\/www.valio.fi\/reseptit\/korvasienipiiras\/\" target=\"_blank\" rel=\"noopener\">Korvasienipiiras<\/a>.<\/p>\n<p style=\"text-align: justify;\"><a href=\"https:\/\/www.satokangas.fi\/blogi\/2024\/02\/onninjalki-etna-ja-korvasienipiiras\/korvasienipiiras\/\" rel=\"attachment wp-att-48544\"><img loading=\"lazy\" decoding=\"async\" data-attachment-id=\"48544\" data-permalink=\"https:\/\/www.satokangas.fi\/blogi\/2024\/02\/onninjalki-etna-ja-korvasienipiiras\/korvasienipiiras\/\" data-orig-file=\"https:\/\/www.satokangas.fi\/blogi\/wp-content\/uploads\/2024\/02\/Korvasienipiiras.jpg\" data-orig-size=\"1000,667\" data-comments-opened=\"1\" data-image-title=\"Korvasienipiiras\" data-image-description=\"\" data-image-caption=\"\" data-large-file=\"https:\/\/www.satokangas.fi\/blogi\/wp-content\/uploads\/2024\/02\/Korvasienipiiras.jpg\" class=\"aligncenter size-full wp-image-48544\" src=\"https:\/\/www.satokangas.fi\/blogi\/wp-content\/uploads\/2024\/02\/Korvasienipiiras.jpg\" alt=\"\" width=\"1000\" height=\"667\" srcset=\"https:\/\/www.satokangas.fi\/blogi\/wp-content\/uploads\/2024\/02\/Korvasienipiiras.jpg 1000w, https:\/\/www.satokangas.fi\/blogi\/wp-content\/uploads\/2024\/02\/Korvasienipiiras-600x400.jpg 600w, https:\/\/www.satokangas.fi\/blogi\/wp-content\/uploads\/2024\/02\/Korvasienipiiras-300x200.jpg 300w, https:\/\/www.satokangas.fi\/blogi\/wp-content\/uploads\/2024\/02\/Korvasienipiiras-768x512.jpg 768w, https:\/\/www.satokangas.fi\/blogi\/wp-content\/uploads\/2024\/02\/Korvasienipiiras-90x60.jpg 90w\" sizes=\"auto, (max-width: 1000px) 100vw, 1000px\" \/><\/a><\/p>\n<p style=\"text-align: justify;\">\n","protected":false},"excerpt":{"rendered":"<p>Onninj\u00e4lki T\u00e4n\u00e4\u00e4n ladulla. Ladulla huolimatta siit\u00e4, ett\u00e4 p\u00e4iv\u00e4 oli pilvinen, harmaa. Mutta keli olikin hyv\u00e4; hyv\u00e4 luisto, eik\u00e4 lipsunut, vaikka melkein puolet lenkist\u00e4 oli yl\u00e4m\u00e4ke\u00e4.\u00a0 K\u00e4vin Rumakurulla (vai\u00a0 Rumallakurulla?) ja lenkin puoliv\u00e4liss\u00e4 on p\u00e4tk\u00e4, joka on latukartassa merkitty nimell\u00e4 Onninj\u00e4lki. Kiinnostaisi tiet\u00e4\u00e4,\u00a0 mist\u00e4 nimi Onninj\u00e4lki-nimi juontuu? Kuka Onni tai mik\u00e4 onni on t\u00e4nne j\u00e4tt\u00e4nyt j\u00e4lkens\u00e4 ja nimens\u00e4? Laittelin kyselyn Saariselk\u00e4-FB-ryhm\u00e4\u00e4nkin. &hellip; <\/p>\n","protected":false},"author":1,"featured_media":48546,"comment_status":"open","ping_status":"open","sticky":false,"template":"","format":"standard","meta":{"_jetpack_newsletter_access":"","_jetpack_dont_email_post_to_subs":false,"_jetpack_newsletter_tier_id":0,"_jetpack_memberships_contains_paywalled_content":false,"_jetpack_feature_clip_id":0,"_jetpack_memberships_contains_paid_content":false,"footnotes":"","jetpack_publicize_message":"","jetpack_publicize_feature_enabled":true,"jetpack_social_post_already_shared":true,"jetpack_social_options":{"image_generator_settings":{"template":"highway","default_image_id":0,"font":"","enabled":false},"version":2},"jetpack_post_was_ever_published":false},"categories":[15,14,97],"tags":[],"class_list":["post-48534","post","type-post","status-publish","format-standard","has-post-thumbnail","hentry","category-lappi","category-luettua","category-mokkielamaa","latest_post"],"jetpack_publicize_connections":[],"jetpack_shortlink":"https:\/\/wp.me\/pr4p4-cCO","jetpack_sharing_enabled":true,"jetpack_likes_enabled":false,"jetpack-related-posts":[{"id":48549,"url":"https:\/\/www.satokangas.fi\/blogi\/2024\/02\/paikannimet-mokkitienoon-historiasta-kertomassa\/","url_meta":{"origin":48534,"position":0},"title":"Paikannimet m\u00f6kkitienoon historiasta kertomassa","author":"Reija","date":"23.2.2024","format":false,"excerpt":"Onninj\u00e4ljelle on l\u00f6ytynyt tekij\u00e4ns\u00e4. Tai siis melko varma selitys sille, miksi latup\u00e4tk\u00e4 Pieranvaaran ja Ahop\u00e4\u00e4n-Vahtamap\u00e4\u00e4n v\u00e4liss\u00e4 on saanut nimekseen \"Onninj\u00e4lki\". Eiliseen kyselyyni FB:n Saariselk\u00e4-ryhm\u00e4ss\u00e4 sain vastauksen (Savotta-kahvilan K. kertoi, ett\u00e4 juuri tuolla alueella paikallinen monitoimimies Onni Pyym\u00e4ki teki \"puun keruuta, rattori s\u00e4rkyi ja se oli pitk\u00e4\u00e4n mets\u00e4ss\u00e4 [juuri tuolla] alueella\".\u2026","rel":"","context":"Kategoriassa &quot;Historiaa&quot;","block_context":{"text":"Historiaa","link":"https:\/\/www.satokangas.fi\/blogi\/category\/historiaa\/"},"img":{"alt_text":"","src":"https:\/\/i0.wp.com\/www.satokangas.fi\/blogi\/wp-content\/uploads\/2024\/02\/Onnenjaljelle.jpg?resize=350%2C200&ssl=1","width":350,"height":200,"srcset":"https:\/\/i0.wp.com\/www.satokangas.fi\/blogi\/wp-content\/uploads\/2024\/02\/Onnenjaljelle.jpg?resize=350%2C200&ssl=1 1x, https:\/\/i0.wp.com\/www.satokangas.fi\/blogi\/wp-content\/uploads\/2024\/02\/Onnenjaljelle.jpg?resize=525%2C300&ssl=1 1.5x, https:\/\/i0.wp.com\/www.satokangas.fi\/blogi\/wp-content\/uploads\/2024\/02\/Onnenjaljelle.jpg?resize=700%2C400&ssl=1 2x"},"classes":[]},{"id":48941,"url":"https:\/\/www.satokangas.fi\/blogi\/2024\/04\/canonin-kanssa-tunturissa\/","url_meta":{"origin":48534,"position":1},"title":"Canonin kanssa tunturissa","author":"Reija","date":"4.4.2024","format":false,"excerpt":"Retkip\u00e4iv\u00e4 aurinkoisilla laduilla. Y\u00f6pakkanen hiipui aamup\u00e4iv\u00e4ll\u00e4 nopeasti. Yhdentoista j\u00e4lkeen oli en\u00e4\u00e4 viisi pakkasastetta. En tied\u00e4 mit\u00e4\u00e4n, mik\u00e4 olisi ollut t\u00e4lle p\u00e4iv\u00e4lle parempaa kuin l\u00e4hte\u00e4 kameran kanssa tunturiin. Halusin korkealle, hiiht\u00e4m\u00e4\u00e4n pitk\u00e4hk\u00f6n ja rauhallisen lenkin, iltap\u00e4iv\u00e4n aurinkoisessa maisemassa, valkoisilla hangilla, aika luistavalla kelill\u00e4. Siis viett\u00e4m\u00e4\u00e4n aikaa ulos, luontoon. Saarisel\u00e4n latukartta -palvelu\u2026","rel":"","context":"Kategoriassa &quot;Lappi&quot;","block_context":{"text":"Lappi","link":"https:\/\/www.satokangas.fi\/blogi\/category\/lappi\/"},"img":{"alt_text":"","src":"https:\/\/i0.wp.com\/www.satokangas.fi\/blogi\/wp-content\/uploads\/2024\/04\/1-19.jpg?resize=350%2C200&ssl=1","width":350,"height":200,"srcset":"https:\/\/i0.wp.com\/www.satokangas.fi\/blogi\/wp-content\/uploads\/2024\/04\/1-19.jpg?resize=350%2C200&ssl=1 1x, https:\/\/i0.wp.com\/www.satokangas.fi\/blogi\/wp-content\/uploads\/2024\/04\/1-19.jpg?resize=525%2C300&ssl=1 1.5x, https:\/\/i0.wp.com\/www.satokangas.fi\/blogi\/wp-content\/uploads\/2024\/04\/1-19.jpg?resize=700%2C400&ssl=1 2x, https:\/\/i0.wp.com\/www.satokangas.fi\/blogi\/wp-content\/uploads\/2024\/04\/1-19.jpg?resize=1050%2C600&ssl=1 3x"},"classes":[]},{"id":51620,"url":"https:\/\/www.satokangas.fi\/blogi\/2024\/12\/kauden-avaus\/","url_meta":{"origin":48534,"position":2},"title":"Kauden avaus","author":"Reija","date":"30.12.2024","format":false,"excerpt":"Hiiht\u00e4m\u00e4\u00e4n!\u00a0 Huhtikuun kymmenes hiihdin edellisen kerran t\u00e4n\u00e4 vuonna. T\u00e4n\u00e4\u00e4n uuden kauden aloitus ja sama lenkki: Laanila (Savottakahvilan parkki \u2013 kohti Ahop\u00e4it\u00e4 (Onninj\u00e4lki) \u2013 Rumakurun risteykseen \u2013 Piispanoja \u2013 V\u00e4limaa -Prospektori ja Laanila = Pieranvaaran lenkki v\u00e4h\u00e4n laajennettuna = reilu kymppi. Milt\u00e4k\u00f6 tuntuu? - Mahdottoman hyv\u00e4lle. Tunturissa on lunta, ladut aamukymmenelt\u00e4\u2026","rel":"","context":"Kategoriassa &quot;Lappi&quot;","block_context":{"text":"Lappi","link":"https:\/\/www.satokangas.fi\/blogi\/category\/lappi\/"},"img":{"alt_text":"","src":"https:\/\/i0.wp.com\/www.satokangas.fi\/blogi\/wp-content\/uploads\/2024\/12\/Kaudenavaus.jpg?resize=350%2C200&ssl=1","width":350,"height":200,"srcset":"https:\/\/i0.wp.com\/www.satokangas.fi\/blogi\/wp-content\/uploads\/2024\/12\/Kaudenavaus.jpg?resize=350%2C200&ssl=1 1x, https:\/\/i0.wp.com\/www.satokangas.fi\/blogi\/wp-content\/uploads\/2024\/12\/Kaudenavaus.jpg?resize=525%2C300&ssl=1 1.5x, https:\/\/i0.wp.com\/www.satokangas.fi\/blogi\/wp-content\/uploads\/2024\/12\/Kaudenavaus.jpg?resize=700%2C400&ssl=1 2x"},"classes":[]},{"id":30014,"url":"https:\/\/www.satokangas.fi\/blogi\/2016\/12\/laanilassa-ladulla\/","url_meta":{"origin":48534,"position":3},"title":"Laanilassa ladulla","author":"Reija","date":"30.12.2016","format":false,"excerpt":"Ei sit\u00e4 tarvitsisi kyll\u00e4 k\u00e4nnyk\u00e4n apsista katsoa, ett\u00e4 t\u00e4\u00e4ll\u00e4 ei aurinko nouse, eik\u00e4 sitten tietysti laskekaan. Sinisen hetken aika alkaa aamupuolikymmenelt\u00e4, silloin j\u00e4tin l\u00e4pp\u00e4rin ja kuvien s\u00e4\u00e4t\u00e4misen ja l\u00e4hdin ladulle. Auringonlasku 4.12.2016 12:24. Auringonnousu 7.1.2017 11:54. Id\u00e4ss\u00e4 taivas purppurainen, s\u00e4\u00e4 mit\u00e4 parhain (- 5 C). Eik\u00e4 todellakaan ruuhkaa laduilla. En\u2026","rel":"","context":"Kategoriassa &quot;Historiaa&quot;","block_context":{"text":"Historiaa","link":"https:\/\/www.satokangas.fi\/blogi\/category\/historiaa\/"},"img":{"alt_text":"","src":"https:\/\/i0.wp.com\/www.satokangas.fi\/blogi\/wp-content\/uploads\/2016\/12\/Screenshot_2016-12-30-17-33-13-225x400.jpg?resize=350%2C200&ssl=1","width":350,"height":200},"classes":[]},{"id":1686,"url":"https:\/\/www.satokangas.fi\/blogi\/2008\/11\/erikoisten-etunimien-bongausharrastus\/","url_meta":{"origin":48534,"position":4},"title":"Erikoisten etunimien bongausharrastus","author":"Reija","date":"25.11.2008","format":false,"excerpt":"Kolmevuosikymment\u00e4 (1900-luvun alussa) yhden pohjoisen seurakunnan lukkarina olleen miehen lasten nimet saivat minut ker\u00e4ilem\u00e4\u00e4n kummallisia, kauniita, erikoisia tai jotenkin muuten merkityksellisi\u00e4 etunimi\u00e4. El\u00e4m\u00e4ntapojensa puolesta monin tavoin parjattu lukkari ei s\u00e4\u00e4stellyt mielikuvitusta valitessaan lapsilleen nimi\u00e4. Esikoispoika kastettiin Neuvo Nero Nikodemukseksi. [Neuvo Nero ei kinkerip\u00f6yt\u00e4kirjojen mukaan ihan nimens\u00e4 veroinen hengenj\u00e4ttil\u00e4inen kuitenkaan ollut].\u2026","rel":"","context":"Kategoriassa &quot;Historiaa&quot;","block_context":{"text":"Historiaa","link":"https:\/\/www.satokangas.fi\/blogi\/category\/historiaa\/"},"img":{"alt_text":"","src":"https:\/\/i0.wp.com\/www.satokangas.fi\/blogi\/wp-content\/uploads\/2008\/11\/puumerkit.jpg?resize=350%2C200&ssl=1","width":350,"height":200,"srcset":"https:\/\/i0.wp.com\/www.satokangas.fi\/blogi\/wp-content\/uploads\/2008\/11\/puumerkit.jpg?resize=350%2C200&ssl=1 1x, https:\/\/i0.wp.com\/www.satokangas.fi\/blogi\/wp-content\/uploads\/2008\/11\/puumerkit.jpg?resize=525%2C300&ssl=1 1.5x, https:\/\/i0.wp.com\/www.satokangas.fi\/blogi\/wp-content\/uploads\/2008\/11\/puumerkit.jpg?resize=700%2C400&ssl=1 2x"},"classes":[]},{"id":42417,"url":"https:\/\/www.satokangas.fi\/blogi\/2022\/02\/mokkiloman-aluksi\/","url_meta":{"origin":48534,"position":5},"title":"M\u00f6kkiloman aluksi","author":"Reija","date":"15.2.2022","format":false,"excerpt":"Perhe (Ty\u00e4r erityisesti) toivotti ja toivoi, ett\u00e4 Hangasojan \"taika\" olisi voimissaan, ett\u00e4 maahiset toisivat rauhaisan olon, soisivat \u00f6iset levolliset unet. Ja kyll\u00e4 itsekin kerroin l\u00e4htev\u00e4ni t\u00e4nne m\u00f6kkimaisemiin, paitsi ulkoilemaan, my\u00f6s nukkumaan. Ja kyll\u00e4! Her\u00e4sin t\u00e4n\u00e4 aamuna yhdeks\u00e4lt\u00e4!!! Vaikka y\u00f6ll\u00e4 meni\u00a0 pari tuntia valvoessa, onnistuin nukahtamaan uudelleen, nukkumaan yhdeks\u00e4\u00e4n! T\u00e4m\u00e4 on\u2026","rel":"","context":"Kategoriassa &quot;Lappi&quot;","block_context":{"text":"Lappi","link":"https:\/\/www.satokangas.fi\/blogi\/category\/lappi\/"},"img":{"alt_text":"","src":"https:\/\/i0.wp.com\/www.satokangas.fi\/blogi\/wp-content\/uploads\/2022\/02\/ladulla-3.jpg?resize=350%2C200&ssl=1","width":350,"height":200,"srcset":"https:\/\/i0.wp.com\/www.satokangas.fi\/blogi\/wp-content\/uploads\/2022\/02\/ladulla-3.jpg?resize=350%2C200&ssl=1 1x, https:\/\/i0.wp.com\/www.satokangas.fi\/blogi\/wp-content\/uploads\/2022\/02\/ladulla-3.jpg?resize=525%2C300&ssl=1 1.5x, https:\/\/i0.wp.com\/www.satokangas.fi\/blogi\/wp-content\/uploads\/2022\/02\/ladulla-3.jpg?resize=700%2C400&ssl=1 2x"},"classes":[]}],"jetpack_featured_media_url":"https:\/\/www.satokangas.fi\/blogi\/wp-content\/uploads\/2024\/02\/Rumakurulle-2.jpg","_links":{"self":[{"href":"https:\/\/www.satokangas.fi\/blogi\/wp-json\/wp\/v2\/posts\/48534","targetHints":{"allow":["GET"]}}],"collection":[{"href":"https:\/\/www.satokangas.fi\/blogi\/wp-json\/wp\/v2\/posts"}],"about":[{"href":"https:\/\/www.satokangas.fi\/blogi\/wp-json\/wp\/v2\/types\/post"}],"author":[{"embeddable":true,"href":"https:\/\/www.satokangas.fi\/blogi\/wp-json\/wp\/v2\/users\/1"}],"replies":[{"embeddable":true,"href":"https:\/\/www.satokangas.fi\/blogi\/wp-json\/wp\/v2\/comments?post=48534"}],"version-history":[{"count":0,"href":"https:\/\/www.satokangas.fi\/blogi\/wp-json\/wp\/v2\/posts\/48534\/revisions"}],"wp:featuredmedia":[{"embeddable":true,"href":"https:\/\/www.satokangas.fi\/blogi\/wp-json\/wp\/v2\/media\/48546"}],"wp:attachment":[{"href":"https:\/\/www.satokangas.fi\/blogi\/wp-json\/wp\/v2\/media?parent=48534"}],"wp:term":[{"taxonomy":"category","embeddable":true,"href":"https:\/\/www.satokangas.fi\/blogi\/wp-json\/wp\/v2\/categories?post=48534"},{"taxonomy":"post_tag","embeddable":true,"href":"https:\/\/www.satokangas.fi\/blogi\/wp-json\/wp\/v2\/tags?post=48534"}],"curies":[{"name":"wp","href":"https:\/\/api.w.org\/{rel}","templated":true}]}}