{"id":48504,"date":"2024-02-17T20:51:31","date_gmt":"2024-02-17T18:51:31","guid":{"rendered":"https:\/\/www.satokangas.fi\/blogi\/?p=48504"},"modified":"2024-02-17T21:14:50","modified_gmt":"2024-02-17T19:14:50","slug":"tunnelmasta-toiseen-5","status":"publish","type":"post","link":"https:\/\/www.satokangas.fi\/blogi\/2024\/02\/tunnelmasta-toiseen-5\/","title":{"rendered":"Tunnelmasta toiseen"},"content":{"rendered":"<p>Jo aamuy\u00f6n tunteina uni loppui. Muistoja, muistoja, muistoja&#8230;<\/p>\n<p>Houkutti j\u00e4\u00e4d\u00e4 kotiin, siirt\u00e4\u00e4 m\u00f6kille l\u00e4ht\u00f6\u00e4 p\u00e4iv\u00e4ll\u00e4.<\/p>\n<p>Mutta silloin emme olisi Emmiliini\u00e4 n\u00e4hneet.<\/p>\n<p>L\u00e4pi tuulen ja tuiskun ajelimme kohti pohjoista.<\/p>\n<p>Viel\u00e4 eilisess\u00e4, menneiss\u00e4 vuosissa olivat meid\u00e4n juttelumme. Enimm\u00e4kseen kyll\u00e4 hiljaa&#8230;<\/p>\n<p>Iltap\u00e4iv\u00e4ll\u00e4 m\u00f6kin lattialla tytt\u00e4rentyt\u00e4r syliss\u00e4 valaisi maailman. Unohtui suru ja ik\u00e4v\u00e4.<\/p>\n<p>Kuinka paljon pieni olikaan joulun j\u00e4lkeen t\u00e4\u00e4ll\u00e4 kuuden viikon m\u00f6kkielonsa aikana kasvanut.<\/p>\n<p>Hyv\u00e4ntuulinen, reipas, rakas pieni.<\/p>\n<p>Joka l\u00e4htee huomenna kohti etel\u00e4\u00e4.<\/p>\n<p>Taas ik\u00e4v\u00e4.<\/p>\n<p>El\u00e4m\u00e4 on.<\/p>\n","protected":false},"excerpt":{"rendered":"<p>Jo aamuy\u00f6n tunteina uni loppui. Muistoja, muistoja, muistoja&#8230; Houkutti j\u00e4\u00e4d\u00e4 kotiin, siirt\u00e4\u00e4 m\u00f6kille l\u00e4ht\u00f6\u00e4 p\u00e4iv\u00e4ll\u00e4. Mutta silloin emme olisi Emmiliini\u00e4 n\u00e4hneet. L\u00e4pi tuulen ja tuiskun ajelimme kohti pohjoista. Viel\u00e4 eilisess\u00e4, menneiss\u00e4 vuosissa olivat meid\u00e4n juttelumme. Enimm\u00e4kseen kyll\u00e4 hiljaa&#8230; Iltap\u00e4iv\u00e4ll\u00e4 m\u00f6kin lattialla tytt\u00e4rentyt\u00e4r syliss\u00e4 valaisi maailman. Unohtui suru ja ik\u00e4v\u00e4. Kuinka paljon pieni olikaan joulun j\u00e4lkeen t\u00e4\u00e4ll\u00e4 kuuden viikon m\u00f6kkielonsa aikana &hellip; <\/p>\n","protected":false},"author":1,"featured_media":48505,"comment_status":"open","ping_status":"open","sticky":false,"template":"","format":"standard","meta":{"jetpack_post_was_ever_published":false,"_jetpack_newsletter_access":"","_jetpack_dont_email_post_to_subs":false,"_jetpack_newsletter_tier_id":0,"_jetpack_memberships_contains_paywalled_content":false,"_jetpack_memberships_contains_paid_content":false,"footnotes":"","jetpack_publicize_message":"","jetpack_publicize_feature_enabled":true,"jetpack_social_post_already_shared":true,"jetpack_social_options":{"image_generator_settings":{"template":"highway","default_image_id":0,"font":"","enabled":false},"version":2}},"categories":[1],"tags":[],"class_list":["post-48504","post","type-post","status-publish","format-standard","has-post-thumbnail","hentry","category-aiheeton","latest_post"],"jetpack_publicize_connections":[],"jetpack_featured_media_url":"https:\/\/www.satokangas.fi\/blogi\/wp-content\/uploads\/2024\/02\/WhatsApp-Image-2024-02-17-at-20.21.02.jpg","jetpack_shortlink":"https:\/\/wp.me\/pr4p4-cCk","jetpack_sharing_enabled":true,"jetpack_likes_enabled":false,"jetpack-related-posts":[{"id":50092,"url":"https:\/\/www.satokangas.fi\/blogi\/2024\/07\/viili-heratti-muistoja\/","url_meta":{"origin":48504,"position":0},"title":"Viili her\u00e4tti muistoja","author":"Reija","date":"17.7.2024","format":false,"excerpt":"Kes\u00e4fiilis. T\u00e4n\u00e4\u00e4n on Oulussa ollut oikea kaunis, l\u00e4mmin, melkein helteinen kes\u00e4p\u00e4iv\u00e4. Aamulenkille ei mit\u00e4\u00e4n pitk\u00e4hihasta tarvinnut, ei edes pahasti tuullut. T\u00e4ytel\u00e4ist\u00e4 vihre\u00e4\u00e4. En ole onko \u00b4vihanta\u00b4oikea sana, mutta se tuli mieleen monta kertaa. Ja kes\u00e4. Kes\u00e4fiilikseen kuuluu my\u00f6s viili. Sy\u00f6n sit\u00e4 nykyisin hyvin harvoin, mutta t\u00e4n\u00e4\u00e4n oli kes\u00e4viilin aika. Ja\u2026","rel":"","context":"Kategoriassa &quot;Niit\u00e4 n\u00e4it\u00e4&quot;","block_context":{"text":"Niit\u00e4 n\u00e4it\u00e4","link":"https:\/\/www.satokangas.fi\/blogi\/category\/aiheeton\/"},"img":{"alt_text":"","src":"https:\/\/i0.wp.com\/www.satokangas.fi\/blogi\/wp-content\/uploads\/2021\/06\/Kissankellot-2.jpg?resize=350%2C200&ssl=1","width":350,"height":200,"srcset":"https:\/\/i0.wp.com\/www.satokangas.fi\/blogi\/wp-content\/uploads\/2021\/06\/Kissankellot-2.jpg?resize=350%2C200&ssl=1 1x, https:\/\/i0.wp.com\/www.satokangas.fi\/blogi\/wp-content\/uploads\/2021\/06\/Kissankellot-2.jpg?resize=525%2C300&ssl=1 1.5x, https:\/\/i0.wp.com\/www.satokangas.fi\/blogi\/wp-content\/uploads\/2021\/06\/Kissankellot-2.jpg?resize=700%2C400&ssl=1 2x"},"classes":[]},{"id":36297,"url":"https:\/\/www.satokangas.fi\/blogi\/2019\/04\/kamerahommia\/","url_meta":{"origin":48504,"position":1},"title":"Kamerahommia &#8230;","author":"Reija","date":"25.4.2019","format":false,"excerpt":"Aamulla oli kello soimassa, ihan vaan varmuuden vuoksi. Seitsem\u00e4lt\u00e4 her\u00e4sin muutenkin - kuten tavallista. T\u00e4n\u00e4\u00e4n sille vaan oli tarvetta, sill\u00e4 olin luvannut vied\u00e4 tytt\u00e4ren asemalle. \u00c4kki\u00e4 oli mukava viikko kulunut. Kyll\u00e4 se aina viel\u00e4kin tulee pieni ik\u00e4v\u00e4 kun l\u00e4htee. Mutta jo kuukauden p\u00e4\u00e4st\u00e4 n\u00e4emme: palatessa reissusta (en\u00e4\u00e4 kolme viikkoa ja\u2026","rel":"","context":"Kategoriassa &quot;Muistikuvia&quot;","block_context":{"text":"Muistikuvia","link":"https:\/\/www.satokangas.fi\/blogi\/category\/muistikuvia\/"},"img":{"alt_text":"","src":"https:\/\/i0.wp.com\/www.satokangas.fi\/blogi\/wp-content\/uploads\/2019\/04\/Rauhala.jpg?resize=350%2C200&ssl=1","width":350,"height":200,"srcset":"https:\/\/i0.wp.com\/www.satokangas.fi\/blogi\/wp-content\/uploads\/2019\/04\/Rauhala.jpg?resize=350%2C200&ssl=1 1x, https:\/\/i0.wp.com\/www.satokangas.fi\/blogi\/wp-content\/uploads\/2019\/04\/Rauhala.jpg?resize=525%2C300&ssl=1 1.5x, https:\/\/i0.wp.com\/www.satokangas.fi\/blogi\/wp-content\/uploads\/2019\/04\/Rauhala.jpg?resize=700%2C400&ssl=1 2x, https:\/\/i0.wp.com\/www.satokangas.fi\/blogi\/wp-content\/uploads\/2019\/04\/Rauhala.jpg?resize=1050%2C600&ssl=1 3x"},"classes":[]},{"id":50545,"url":"https:\/\/www.satokangas.fi\/blogi\/2024\/09\/bures-boahtin-amici\/","url_meta":{"origin":48504,"position":2},"title":"Bures boahtin, amici!","author":"Reija","date":"10.9.2024","format":false,"excerpt":"Tiistaiko? Vai perjantai? Ei sill\u00e4 v\u00e4li\u00e4. On aurinkoista, l\u00e4mmint\u00e4. Aamusella hyviss\u00e4 ajoin olimme Kiilop\u00e4\u00e4n juurella valmiina kapuamaan tunturiin ... Kohti Niilanp\u00e4\u00e4t\u00e4. Ekan kerran k\u00e4yty melkein sama lenkki jo 2011\u00a0 ja min\u00e4 olen k\u00e4ynyt viimeksi huhtikuussa. S\u00e4\u00e4 ja maisema aika lailla erilainen silloin ja t\u00e4n\u00e4\u00e4n! Ruska taitaa nyt olla hehkeimm\u00e4ss\u00e4 loistossaan\u2026","rel":"","context":"Kategoriassa &quot;Lappi&quot;","block_context":{"text":"Lappi","link":"https:\/\/www.satokangas.fi\/blogi\/category\/lappi\/"},"img":{"alt_text":"","src":"https:\/\/i0.wp.com\/www.satokangas.fi\/blogi\/wp-content\/uploads\/2024\/09\/Niilanpaa.jpg?resize=350%2C200&ssl=1","width":350,"height":200,"srcset":"https:\/\/i0.wp.com\/www.satokangas.fi\/blogi\/wp-content\/uploads\/2024\/09\/Niilanpaa.jpg?resize=350%2C200&ssl=1 1x, https:\/\/i0.wp.com\/www.satokangas.fi\/blogi\/wp-content\/uploads\/2024\/09\/Niilanpaa.jpg?resize=525%2C300&ssl=1 1.5x, https:\/\/i0.wp.com\/www.satokangas.fi\/blogi\/wp-content\/uploads\/2024\/09\/Niilanpaa.jpg?resize=700%2C400&ssl=1 2x"},"classes":[]},{"id":52626,"url":"https:\/\/www.satokangas.fi\/blogi\/2025\/06\/inarin-retki-ja-kaikille-jotain-uutta\/","url_meta":{"origin":48504,"position":3},"title":"Inarin retki ja kaikille jotain uutta","author":"Reija","date":"19.6.2025","format":false,"excerpt":"Mummin ohjelmatoimisto? V\u00e4h\u00e4n silt\u00e4 on oma touhuamiseni tuntunut, mutta \u2026 Eip\u00e4 ole m\u00f6kkiseurueella ollut valittamista. Eilen meill\u00e4 oli \u201dkokop\u00e4iv\u00e4retki\u201d. L\u00e4hdettiin aamubrunssin j\u00e4lkeen kohti pohjoista. Ivalon kautta, Karhunpes\u00e4kivelle. S\u00e4\u00e4 ei tehnyt Inarinj\u00e4rven rantatielle oikeutta, mutta ehk\u00e4 kuusi- ja kymmenvuotias eiv\u00e4t olleet harmaasta s\u00e4\u00e4st\u00e4 kovinkaan pahoillaan. Varsinkaan kun pes\u00e4kivi oli aika j\u00e4nn\u00e4!\u2026","rel":"","context":"Kategoriassa &quot;Isovanhemmuus&quot;","block_context":{"text":"Isovanhemmuus","link":"https:\/\/www.satokangas.fi\/blogi\/category\/isovanhemmuus\/"},"img":{"alt_text":"","src":"https:\/\/i0.wp.com\/www.satokangas.fi\/blogi\/wp-content\/uploads\/2025\/06\/INARIN-RETKI-8.jpg?resize=350%2C200&ssl=1","width":350,"height":200,"srcset":"https:\/\/i0.wp.com\/www.satokangas.fi\/blogi\/wp-content\/uploads\/2025\/06\/INARIN-RETKI-8.jpg?resize=350%2C200&ssl=1 1x, https:\/\/i0.wp.com\/www.satokangas.fi\/blogi\/wp-content\/uploads\/2025\/06\/INARIN-RETKI-8.jpg?resize=525%2C300&ssl=1 1.5x, https:\/\/i0.wp.com\/www.satokangas.fi\/blogi\/wp-content\/uploads\/2025\/06\/INARIN-RETKI-8.jpg?resize=700%2C400&ssl=1 2x, https:\/\/i0.wp.com\/www.satokangas.fi\/blogi\/wp-content\/uploads\/2025\/06\/INARIN-RETKI-8.jpg?resize=1050%2C600&ssl=1 3x, https:\/\/i0.wp.com\/www.satokangas.fi\/blogi\/wp-content\/uploads\/2025\/06\/INARIN-RETKI-8.jpg?resize=1400%2C800&ssl=1 4x"},"classes":[]},{"id":50325,"url":"https:\/\/www.satokangas.fi\/blogi\/2024\/08\/raksalla-maalausta-ja-muistoja\/","url_meta":{"origin":48504,"position":4},"title":"Raksalla maalausta ja muistoja","author":"Reija","date":"13.8.2024","format":false,"excerpt":"Ei taaskaan ole sanoja kertomaan siit\u00e4, kuinka on ollut hyv\u00e4 p\u00e4iv\u00e4. Joku sanoisi ehk\u00e4 ty\u00f6p\u00e4iv\u00e4ksi, mutta meill\u00e4 on ollut mukava \"raksap\u00e4iv\u00e4\". Aika varhaisesta aamusta iltaviiteen olimme puronrannan notskipaikan \"rakennusty\u00f6maalla\". Pehtoori teki katon ja min\u00e4 maalasin koko uuuden sein\u00e4n. Siin\u00e4 se kuusi litraa humahti hirsille ja laudoille. Ja kuinka elink\u00e4\u00e4n menneess\u00e4,\u2026","rel":"","context":"Kategoriassa &quot;Niit\u00e4 n\u00e4it\u00e4&quot;","block_context":{"text":"Niit\u00e4 n\u00e4it\u00e4","link":"https:\/\/www.satokangas.fi\/blogi\/category\/aiheeton\/"},"img":{"alt_text":"","src":"https:\/\/i0.wp.com\/www.satokangas.fi\/blogi\/wp-content\/uploads\/2024\/08\/WhatsApp-Image-2024-08-13-at-10.33.39.jpeg?resize=350%2C200&ssl=1","width":350,"height":200,"srcset":"https:\/\/i0.wp.com\/www.satokangas.fi\/blogi\/wp-content\/uploads\/2024\/08\/WhatsApp-Image-2024-08-13-at-10.33.39.jpeg?resize=350%2C200&ssl=1 1x, https:\/\/i0.wp.com\/www.satokangas.fi\/blogi\/wp-content\/uploads\/2024\/08\/WhatsApp-Image-2024-08-13-at-10.33.39.jpeg?resize=525%2C300&ssl=1 1.5x, https:\/\/i0.wp.com\/www.satokangas.fi\/blogi\/wp-content\/uploads\/2024\/08\/WhatsApp-Image-2024-08-13-at-10.33.39.jpeg?resize=700%2C400&ssl=1 2x, https:\/\/i0.wp.com\/www.satokangas.fi\/blogi\/wp-content\/uploads\/2024\/08\/WhatsApp-Image-2024-08-13-at-10.33.39.jpeg?resize=1050%2C600&ssl=1 3x, https:\/\/i0.wp.com\/www.satokangas.fi\/blogi\/wp-content\/uploads\/2024\/08\/WhatsApp-Image-2024-08-13-at-10.33.39.jpeg?resize=1400%2C800&ssl=1 4x"},"classes":[]},{"id":54199,"url":"https:\/\/www.satokangas.fi\/blogi\/2026\/03\/valilla-tuulee-kovempaa\/","url_meta":{"origin":48504,"position":5},"title":"V\u00e4lill\u00e4 tuulee kovempaa","author":"Reija","date":"27.3.2026","format":false,"excerpt":"\u201dJoskus tuulee v\u00e4h\u00e4n kovempaa\u201d, noin sanottiin jossain vast\u00b4ik\u00e4\u00e4n kuuntelemassani kirjassa kun siin\u00e4 oli puhetta surusta. T\u00e4n\u00e4\u00e4nkin on \u201dtuullut v\u00e4h\u00e4n kovempaa\u201d. Tuuli on minulle paljon muutakin kuin s\u00e4\u00e4ilmi\u00f6. Tuuli on suru, - toki muistoissa my\u00f6s ilo. Olenhan tuulen sisar, tuulen tyt\u00e4r, - tuuli itsekin. Suru muuttuu v\u00e4lill\u00e4, ehk\u00e4 lopulta, \u00b4vain\u00b4 ik\u00e4v\u00e4ksi.\u2026","rel":"","context":"Kategoriassa &quot;Niit\u00e4 n\u00e4it\u00e4&quot;","block_context":{"text":"Niit\u00e4 n\u00e4it\u00e4","link":"https:\/\/www.satokangas.fi\/blogi\/category\/aiheeton\/"},"img":{"alt_text":"","src":"https:\/\/i0.wp.com\/www.satokangas.fi\/blogi\/wp-content\/uploads\/2025\/05\/Lemmikit_R.jpg?resize=350%2C200&ssl=1","width":350,"height":200,"srcset":"https:\/\/i0.wp.com\/www.satokangas.fi\/blogi\/wp-content\/uploads\/2025\/05\/Lemmikit_R.jpg?resize=350%2C200&ssl=1 1x, https:\/\/i0.wp.com\/www.satokangas.fi\/blogi\/wp-content\/uploads\/2025\/05\/Lemmikit_R.jpg?resize=525%2C300&ssl=1 1.5x, https:\/\/i0.wp.com\/www.satokangas.fi\/blogi\/wp-content\/uploads\/2025\/05\/Lemmikit_R.jpg?resize=700%2C400&ssl=1 2x, https:\/\/i0.wp.com\/www.satokangas.fi\/blogi\/wp-content\/uploads\/2025\/05\/Lemmikit_R.jpg?resize=1050%2C600&ssl=1 3x"},"classes":[]}],"_links":{"self":[{"href":"https:\/\/www.satokangas.fi\/blogi\/wp-json\/wp\/v2\/posts\/48504","targetHints":{"allow":["GET"]}}],"collection":[{"href":"https:\/\/www.satokangas.fi\/blogi\/wp-json\/wp\/v2\/posts"}],"about":[{"href":"https:\/\/www.satokangas.fi\/blogi\/wp-json\/wp\/v2\/types\/post"}],"author":[{"embeddable":true,"href":"https:\/\/www.satokangas.fi\/blogi\/wp-json\/wp\/v2\/users\/1"}],"replies":[{"embeddable":true,"href":"https:\/\/www.satokangas.fi\/blogi\/wp-json\/wp\/v2\/comments?post=48504"}],"version-history":[{"count":0,"href":"https:\/\/www.satokangas.fi\/blogi\/wp-json\/wp\/v2\/posts\/48504\/revisions"}],"wp:featuredmedia":[{"embeddable":true,"href":"https:\/\/www.satokangas.fi\/blogi\/wp-json\/wp\/v2\/media\/48505"}],"wp:attachment":[{"href":"https:\/\/www.satokangas.fi\/blogi\/wp-json\/wp\/v2\/media?parent=48504"}],"wp:term":[{"taxonomy":"category","embeddable":true,"href":"https:\/\/www.satokangas.fi\/blogi\/wp-json\/wp\/v2\/categories?post=48504"},{"taxonomy":"post_tag","embeddable":true,"href":"https:\/\/www.satokangas.fi\/blogi\/wp-json\/wp\/v2\/tags?post=48504"}],"curies":[{"name":"wp","href":"https:\/\/api.w.org\/{rel}","templated":true}]}}