{"id":48496,"date":"2024-02-16T21:21:10","date_gmt":"2024-02-16T19:21:10","guid":{"rendered":"https:\/\/www.satokangas.fi\/blogi\/?p=48496"},"modified":"2024-02-18T08:18:09","modified_gmt":"2024-02-18T06:18:09","slug":"on-niin-ikava","status":"publish","type":"post","link":"https:\/\/www.satokangas.fi\/blogi\/2024\/02\/on-niin-ikava\/","title":{"rendered":"On niin ik\u00e4v\u00e4"},"content":{"rendered":"<p style=\"text-align: justify;\"><em>Siit\u00e4 on 15 173 p\u00e4iv\u00e4\u00e4 kun l\u00e4hdimme ensimm\u00e4iselle yhteiselle reissulle. Siell\u00e4 me tapasimme ensimm\u00e4isen kerran. Tutustuimme. Sin\u00e4, min\u00e4, minun mieheni, sinun tuleva vaimosi ja meid\u00e4n yhteinen hyv\u00e4 yst\u00e4v\u00e4mme S-H.\u00a0<\/em><\/p>\n<p style=\"text-align: justify;\">Vuosia my\u00f6hemmin sinulla oli tapana, juuri tuolla tavalla, tarkasti, p\u00e4iv\u00e4lleen, onnitella tekstiviesteill\u00e4 syntym\u00e4p\u00e4ivin\u00e4, jotka aina muistit. Opetit sitten, miten tuo lasketaan helposti. Niin kuin opetit ja autoit monissa muissakin &#8221;ATK-asioissa&#8221;. Sanoitkin joskus olevasi &#8221;henkil\u00f6kohtainen tukiasemani&#8221;, ja olitkin. Olithan herrasmies, aina kohtelias, huomaavainenkin. Avunanto tietoliikenneasioissa ei siis ollut vain asiantuntemuksesi jakamista, vaan osa herrasmiesm\u00e4isyytt\u00e4si ja luontaista mukavuuttasi.<\/p>\n<p>*****<\/p>\n<p style=\"text-align: justify;\">Varhain maanantaiaamulla 2.8.1982 Finnairin lennolla Helsinki &#8211; Ateena meit\u00e4 oli yli 40 Oulun yliopiston historian laitoksen ekskursiolle osallistujaa. Historian opiskelijoita, muitakin (antiikin)historiasta kiinnostuneita ja me pari matkanvet\u00e4j\u00e4\u00e4 (tuleva vaimosi ja min\u00e4).<\/p>\n<p style=\"text-align: justify;\">Sin\u00e4kin olit opiskelija, teekkari tosin, nuorimpia koko porukasta, mutta ainakin v\u00e4h\u00e4n historiasta kiinnostunut. Tosin vuosien varrella opin, ett\u00e4 sin\u00e4, kuten miehenikin, olit kiinnostunut enemm\u00e4n historioitsijasta kuin historiasta. Niinp\u00e4 meid\u00e4n nelj\u00e4n, kahden historioitsijan ja kahden historioitsijoista kiinnostuneen insin\u00f6\u00f6rin yhteiset reissut\u00a0 Roomaan, Umbriaan, Kataloniaan ja Andorraan, Toscanaan, J\u00e4\u00e4merenrannalle ja Alpeille olivat alusta loppuun helppoa, mutkatonta, leppoisaa, viihtyis\u00e4\u00e4 yhdess\u00e4oloa, historiakohteita, hyv\u00e4\u00e4 ruokaa ja uusia viinej\u00e4, k\u00e4vely\u00e4. Ja uteliaisuutta. Sit\u00e4 sinulla riitti enemm\u00e4n kuin meill\u00e4 kell\u00e4\u00e4n muulla. Loputonta kiinnostusta, eik\u00e4 se koskenut ainoastaan sit\u00e4, miten kaikki toimii.<\/p>\n<p style=\"text-align: justify;\">Eik\u00e4 kiinnostuksesi tai innostuksesi todellakaan liittyn<a style=\"text-align: justify;\" href=\"https:\/\/www.satokangas.fi\/blogi\/wp-content\/uploads\/2024\/02\/Mikko-Edit-2.jpg\"><img loading=\"lazy\" decoding=\"async\" data-attachment-id=\"48502\" data-permalink=\"https:\/\/www.satokangas.fi\/blogi\/2024\/02\/on-niin-ikava\/mikko-edit-2\/\" data-orig-file=\"https:\/\/www.satokangas.fi\/blogi\/wp-content\/uploads\/2024\/02\/Mikko-Edit-2.jpg\" data-orig-size=\"553,794\" data-comments-opened=\"1\" data-image-meta=\"{&quot;aperture&quot;:&quot;8&quot;,&quot;credit&quot;:&quot;&quot;,&quot;camera&quot;:&quot;Canon EOS 5D Mark II&quot;,&quot;caption&quot;:&quot;&quot;,&quot;created_timestamp&quot;:&quot;1310901636&quot;,&quot;copyright&quot;:&quot;&quot;,&quot;focal_length&quot;:&quot;105&quot;,&quot;iso&quot;:&quot;400&quot;,&quot;shutter_speed&quot;:&quot;0.16666666666667&quot;,&quot;title&quot;:&quot;&quot;,&quot;orientation&quot;:&quot;1&quot;}\" data-image-title=\"Mikko-Edit-2\" data-image-description=\"\" data-image-caption=\"\" data-large-file=\"https:\/\/www.satokangas.fi\/blogi\/wp-content\/uploads\/2024\/02\/Mikko-Edit-2-465x667.jpg\" class=\"alignleft wp-image-48502 size-medium\" src=\"https:\/\/www.satokangas.fi\/blogi\/wp-content\/uploads\/2024\/02\/Mikko-Edit-2-279x400.jpg\" alt=\"\" width=\"279\" height=\"400\" srcset=\"https:\/\/www.satokangas.fi\/blogi\/wp-content\/uploads\/2024\/02\/Mikko-Edit-2-279x400.jpg 279w, https:\/\/www.satokangas.fi\/blogi\/wp-content\/uploads\/2024\/02\/Mikko-Edit-2-465x667.jpg 465w, https:\/\/www.satokangas.fi\/blogi\/wp-content\/uploads\/2024\/02\/Mikko-Edit-2-139x200.jpg 139w, https:\/\/www.satokangas.fi\/blogi\/wp-content\/uploads\/2024\/02\/Mikko-Edit-2-42x60.jpg 42w, https:\/\/www.satokangas.fi\/blogi\/wp-content\/uploads\/2024\/02\/Mikko-Edit-2.jpg 553w\" sizes=\"auto, (max-width: 279px) 100vw, 279px\" \/><\/a>yt vain reissuihin, ruokaan tai ICT-alaan, vaan olit kiinnostunut paljosta ja poikamaisen innostunut my\u00f6s\u00a0 pelaamisesta, kaikenmoisesta h\u00f6lm\u00f6ilyst\u00e4 ja sanoilla kikkailuista. Ja siin\u00e4 olitte Pehtoorin kanssa ihan samoilla linjoilla. Oliko se juuri teid\u00e4n kesken\u00e4\u00e4n tekemill\u00e4nne m\u00f6kkireissuilla, kun keksitte \u00b4seuraksenne\u00b4 tai \u00b4klubiksenne\u00b4 ATP:n. Kaikkihan nyt ATP:n tuntevat?!\u00a0 &#8211; Anonyymit tohtoreiden puolisot!<\/p>\n<p style=\"text-align: justify;\">Ent\u00e4s &#8221;Tiet\u00e4m\u00e4tt\u00f6myyden puolue&#8221;! Senh\u00e4n te kesken\u00e4\u00e4n perustitte vastavetona poliitikkojen loputtomalle kaikkitiet\u00e4vyydelle.<\/p>\n<p style=\"text-align: justify;\">Ennakkoluulottomasti p\u00e4\u00e4titte antaa tiet\u00e4m\u00e4tt\u00f6myydelle mahdollisuuden. Sit\u00e4 kautta<em> uutta oikeaa<\/em> tietoa saataisiin maailmaan. Sit\u00e4 vaille, ettei vaimoille painatettu T-paitoja kannatussyist\u00e4.<\/p>\n<p style=\"text-align: justify;\">Tied\u00e4tk\u00f6, mik\u00e4 oli ik\u00e4vin piirteesi? &#8211; Menetit puhekykysi, kun istahdit hyv\u00e4n ruoan \u00e4\u00e4relle. Toisaalta, oikeastaan, se oli minusta mahdottoman mukavaakin. Nimenomaan silloin tiesin, ett\u00e4 tarjoamani ruoka maistui ja ett\u00e4 se tuotti mielihyv\u00e4\u00e4. Ja sitten kun olit nautiskellen sy\u00f6nyt\u00a0 ja kiitt\u00e4nyt, olit taas mukana meid\u00e4n h\u00f6p\u00f6tyksiss\u00e4mme.<\/p>\n<p style=\"text-align: justify;\">Itse asiassa enimm\u00e4t muistoni sinusta taitavat liitty\u00e4 hetkiin ruoan \u00e4\u00e4rell\u00e4 (Hangasojan notskipaikalla, Kalaaseissa, testatessamme oululaisia ravintoloita, syntt\u00e4rip\u00e4iv\u00e4llisell\u00e4si Rooman La Sorellassa, retkell\u00e4mme Inarin Aanarissa, Rosesin vuokratalomme terassilla aamiaisella, koronaeristyksen aikana meid\u00e4n pihallamme, loputtomiin yhteisi\u00e4 ruokahetki\u00e4 ja retki\u00e4),\u00a0 ja ehk\u00e4 v\u00e4h\u00e4n siihenkin, ett\u00e4 hankittiin ruokahalua (patikoitiin tai k\u00e4veltiin, kuljettiin kaupungeissa tai kavuttiin tunturiin). Ja niit\u00e4 hetki\u00e4 on paljon. N\u00e4iden yli 40 vuosikymmenen aikana olemme nelj\u00e4st\u00e4\u00e4n, ja aika usein my\u00f6s S-H ja R. mukana, sy\u00f6neet yhdess\u00e4, oikeastaan kai joka kerta kun olemme tavanneet; yhdess\u00e4 sy\u00f6neet kaikkina niin\u00e4 p\u00e4ivin\u00e4. Ja sitten kun oli sy\u00f6ty, tai siin\u00e4 v\u00e4liss\u00e4<span style=\"text-align: justify;\">, sinun pulputuksesi jatkui.\u00a0<\/span><\/p>\n<p style=\"text-align: justify;\">Viimeisen kerran s\u00f6imme yhdess\u00e4 uudenvuodenp\u00e4iv\u00e4n aamuna &#8211; siit\u00e4 on niin v\u00e4h\u00e4n aikaa &#8211; kun istuimme brunssilla m\u00f6kkip\u00f6yd\u00e4n \u00e4\u00e4ress\u00e4.<\/p>\n<p style=\"text-align: justify;\">Sen j\u00e4lkeen l\u00e4hditte, vietetty\u00e4mme perinteisen ties kuinka monennen yhteisen uudenvuoden Hangasojalla, ajelemaan takaisin Ouluun: halailimme toivotellen turvallista kotimatkaa, parantavia hoitoja, tsemppi\u00e4.<\/p>\n<p style=\"text-align: justify;\">Siihen sin\u00e4 vain vastasit, ett\u00e4 &#8221;viimeist\u00e4\u00e4n ens uutenavuonna taas t\u00e4\u00e4ll\u00e4&#8221;. Niin vahvasti halusin tuohon\u00a0 uskoa, eik\u00e4 se ihan mahdottomalle silloin tuntunutkaan. Ei ihan. Sellainen sin\u00e4 olet, olit. Et juuri tulevia murehtinut. Uskoit, ett\u00e4 t\u00e4m\u00e4n toisenkin sy\u00f6v\u00e4n nujertamiseen l\u00f6ytyv\u00e4t hoidot ja l\u00e4\u00e4kkeet. Uskoit, ett\u00e4 el\u00e4m\u00e4 palaisi taas hyv\u00e4\u00e4n entiseen malliin.<\/p>\n<p style=\"text-align: justify;\">Optimisti olit, mutta viel\u00e4 enemm\u00e4n hetkess\u00e4 el\u00e4v\u00e4. Sin\u00e4 et juurikaan muistellut menneit\u00e4, et hyv\u00e4ll\u00e4, et pahalla, saatikka, ett\u00e4 ikin\u00e4 olisit ollut katkera. Mutta et sin\u00e4 my\u00f6sk\u00e4\u00e4n haaveillut tulevasta jotain uutta ja ihmeellist\u00e4&#8230; Et ainakaan siten kuin useimmat meist\u00e4 tekev\u00e4t. Et laskenut p\u00e4ivi\u00e4 saatikka tunteja odottaessasi jotain tulevassa olevaa matkaa, tapahtumaa, et edes p\u00e4iv\u00e4llist\u00e4.\u00a0 Elit hetkess\u00e4, olit l\u00e4sn\u00e4. Menneit\u00e4 haikailematta, tulevaa murehtimatta.<\/p>\n<p style=\"text-align: justify;\">T\u00e4n\u00e4\u00e4n me saattelimme sinut taivasmatkalle. L\u00e4hdit sinne yksin. Se on niin surullista, kaksinkertaisesti: on surullista, ett\u00e4 l\u00e4hdit ja t\u00e4m\u00e4 on niin surullista meille t\u00e4nne j\u00e4\u00e4neille, ja varsinkin teist\u00e4 kahdesta toiselle. Mutta on t\u00e4\u00e4ll\u00e4 viel\u00e4 yst\u00e4vyytt\u00e4, on sit\u00e4, ja se kantaa.<\/p>\n<p>Viel\u00e4 on vain niin ik\u00e4v\u00e4.<\/p>\n<p>&nbsp;<\/p>\n<p style=\"text-align: justify; padding-left: 40px;\"><span style=\"color: #333333;\"><em>P\u00e4iv\u00e4 on kirkas<\/em><\/span><br \/>\n<span style=\"color: #333333;\"><em>Vain mets\u00e4ss\u00e4 tuulee<\/em><\/span><br \/>\n<span style=\"color: #333333;\"><em>Aika on leikin<\/em><\/span><br \/>\n<span style=\"color: #333333;\"><em>Ja naurun ja riemun<\/em><\/span><br \/>\n<span style=\"color: #333333;\"><em>Mukana yst\u00e4v\u00e4 kallehin<\/em><\/span><\/p>\n<p style=\"text-align: justify; padding-left: 40px;\"><span style=\"color: #333333;\"><em>Aurinko laskee<\/em><\/span><br \/>\n<span style=\"color: #333333;\"><em>Jo pitenee varjot<\/em><\/span><br \/>\n<span style=\"color: #333333;\"><em>Aika on eron ja j\u00e4\u00e4hyv\u00e4isten<\/em><\/span><br \/>\n<span style=\"color: #333333;\"><em>Poissa on yst\u00e4v\u00e4 kallehin<\/em><\/span><\/p>\n<p style=\"padding-left: 80px; text-align: justify;\"><span style=\"color: #333333;\"><em>(Kari Rydman)\u00a0<\/em><\/span><\/p>\n<p style=\"text-align: justify;\">\n","protected":false},"excerpt":{"rendered":"<p>Siit\u00e4 on 15 173 p\u00e4iv\u00e4\u00e4 kun l\u00e4hdimme ensimm\u00e4iselle yhteiselle reissulle. Siell\u00e4 me tapasimme ensimm\u00e4isen kerran. Tutustuimme. Sin\u00e4, min\u00e4, minun mieheni, sinun tuleva vaimosi ja meid\u00e4n yhteinen hyv\u00e4 yst\u00e4v\u00e4mme S-H.\u00a0 Vuosia my\u00f6hemmin sinulla oli tapana, juuri tuolla tavalla, tarkasti, p\u00e4iv\u00e4lleen, onnitella tekstiviesteill\u00e4 syntym\u00e4p\u00e4ivin\u00e4, jotka aina muistit. Opetit sitten, miten tuo lasketaan helposti. Niin kuin opetit ja autoit monissa muissakin &#8221;ATK-asioissa&#8221;. Sanoitkin &hellip; <\/p>\n","protected":false},"author":1,"featured_media":48501,"comment_status":"open","ping_status":"open","sticky":false,"template":"","format":"standard","meta":{"jetpack_post_was_ever_published":false,"_jetpack_newsletter_access":"","_jetpack_dont_email_post_to_subs":false,"_jetpack_newsletter_tier_id":0,"_jetpack_memberships_contains_paywalled_content":false,"_jetpack_memberships_contains_paid_content":false,"footnotes":"","jetpack_publicize_message":"","jetpack_publicize_feature_enabled":true,"jetpack_social_post_already_shared":true,"jetpack_social_options":{"image_generator_settings":{"template":"highway","default_image_id":0,"font":"","enabled":false},"version":2}},"categories":[1],"tags":[],"class_list":["post-48496","post","type-post","status-publish","format-standard","has-post-thumbnail","hentry","category-aiheeton","latest_post"],"jetpack_publicize_connections":[],"jetpack_featured_media_url":"https:\/\/www.satokangas.fi\/blogi\/wp-content\/uploads\/2024\/02\/menneet.jpg","jetpack_shortlink":"https:\/\/wp.me\/pr4p4-cCc","jetpack_sharing_enabled":true,"jetpack_likes_enabled":false,"jetpack-related-posts":[{"id":37851,"url":"https:\/\/www.satokangas.fi\/blogi\/2020\/01\/tekemista\/","url_meta":{"origin":48496,"position":0},"title":"Tekemist\u00e4","author":"Reija","date":"1.1.2020","format":false,"excerpt":"Lupaus pit\u00e4\u00e4 blogia t\u00e4n\u00e4kin vuonna, on jo ensimm\u00e4isen\u00e4 mahdollisena p\u00e4iv\u00e4n\u00e4 lipsumassa. Kuvasaalis olisi valtava, reseptej\u00e4 jaettavaksi montakin (mm. friteerattu halloumi granaattiomenan kera!! Ihan pelkk\u00e4\u00e4 herkkua - ja kaloreita! ja lohiomenamousse... t\u00e4st\u00e4 tulee viel\u00e4 yksi vakiojuhlaruoka). Mutta nyt ei virett\u00e4... :( \u00a0 Vaikka iltap\u00e4iv\u00e4n kokkailin ja kuvailin, sek\u00e4 samalla katselin ja\u2026","rel":"","context":"Kategoriassa &quot;Niit\u00e4 n\u00e4it\u00e4&quot;","block_context":{"text":"Niit\u00e4 n\u00e4it\u00e4","link":"https:\/\/www.satokangas.fi\/blogi\/category\/aiheeton\/"},"img":{"alt_text":"","src":"https:\/\/i0.wp.com\/www.satokangas.fi\/blogi\/wp-content\/uploads\/2020\/01\/1-3.jpg?resize=350%2C200&ssl=1","width":350,"height":200,"srcset":"https:\/\/i0.wp.com\/www.satokangas.fi\/blogi\/wp-content\/uploads\/2020\/01\/1-3.jpg?resize=350%2C200&ssl=1 1x, https:\/\/i0.wp.com\/www.satokangas.fi\/blogi\/wp-content\/uploads\/2020\/01\/1-3.jpg?resize=525%2C300&ssl=1 1.5x, https:\/\/i0.wp.com\/www.satokangas.fi\/blogi\/wp-content\/uploads\/2020\/01\/1-3.jpg?resize=700%2C400&ssl=1 2x"},"classes":[]},{"id":1028,"url":"https:\/\/www.satokangas.fi\/blogi\/2008\/10\/dottoressa\/","url_meta":{"origin":48496,"position":1},"title":"Dottoressa","author":"Reija","date":"6.10.2008","format":false,"excerpt":"Yliopisto-opettajilta ei vaadita pedagogisia opintoja. En tied\u00e4, olisiko niist\u00e4k\u00e4\u00e4n ollut t\u00e4n\u00e4\u00e4n apuja. En tiennyt itke\u00e4 vaiko nauraa... Yritin olla vakavana, ja opettaa. Vaaditaankohan Italiassa korkeakoulujen \"dottoressoilta\" ja \"professoressoilta\" (siell\u00e4 periaatteessa jokainen yo-ope on professore tai professoressa joten olenkin harkinnut painattaa k\u00e4yntikorttini italiaksi... ;) ) arvosanaa kasvatustieteess\u00e4 tai auskultointia? Tuli vaan\u2026","rel":"","context":"Kategoriassa &quot;Italia&quot;","block_context":{"text":"Italia","link":"https:\/\/www.satokangas.fi\/blogi\/category\/italia\/"},"img":{"alt_text":"","src":"","width":0,"height":0},"classes":[]},{"id":11309,"url":"https:\/\/www.satokangas.fi\/blogi\/2011\/03\/makroviikot-alkaa\/","url_meta":{"origin":48496,"position":2},"title":"Makroviikot alkaa","author":"Reija","date":"30.3.2011","format":false,"excerpt":"T\u00e4n\u00e4\u00e4n alkavat elokuun loppuun asti kest\u00e4v\u00e4t makroviikot. On kyse valokuvauksen harrastajien haasteesta, ja juuri julkaistussa ensimm\u00e4isess\u00e4 haasteessa lukee n\u00e4in: Makroviikoilla on tarkoitus kuvata joka viikko jokin kohde L\u00c4HELT\u00c4! Aloitetaan haastekierros rennosti ja siksi ensimm\u00e4isen viikon aiheena kuvataan jotain vapaavalintaista, sis\u00e4lt\u00e4 kotoa l\u00f6ytyv\u00e4\u00e4. Minulta kotoa l\u00f6ytyy PALJON vanhoja kirjoja. Yksi niist\u00e4\u2026","rel":"","context":"Kategoriassa &quot;Makrokuvaus&quot;","block_context":{"text":"Makrokuvaus","link":"https:\/\/www.satokangas.fi\/blogi\/category\/valokuvaus\/makrokuvaus\/"},"img":{"alt_text":"","src":"https:\/\/i0.wp.com\/www.satokangas.fi\/blogi\/wp-content\/uploads\/Makro_kaktus_sis%C3%A4llysluettelo-600x394.jpg?resize=350%2C200&ssl=1","width":350,"height":200,"srcset":"https:\/\/i0.wp.com\/www.satokangas.fi\/blogi\/wp-content\/uploads\/Makro_kaktus_sis%C3%A4llysluettelo-600x394.jpg?resize=350%2C200&ssl=1 1x, https:\/\/i0.wp.com\/www.satokangas.fi\/blogi\/wp-content\/uploads\/Makro_kaktus_sis%C3%A4llysluettelo-600x394.jpg?resize=525%2C300&ssl=1 1.5x"},"classes":[]},{"id":24448,"url":"https:\/\/www.satokangas.fi\/blogi\/2015\/04\/odottavan-aika\/","url_meta":{"origin":48496,"position":3},"title":"Odottavan aika","author":"Reija","date":"27.4.2015","format":false,"excerpt":"Nyt on en\u00e4\u00e4 suunnilleen kuukausi \u2026 Aika on mennyt hurjan nopeasti. Ainahan se. En tied\u00e4, kuka meist\u00e4 on t\u00e4ss\u00e4 ajassa muuttunut ja kasvanut eniten. Mutta on ollut ihan hurjan hienoa, ainutkertaista, n\u00e4in \u00e4itin\u00e4, n\u00e4hd\u00e4, kuinka Juniori on kasvanut. Juniorikin. Jo lokakuussa, ennen kuin l\u00e4hdettiin nuoren parin kanssa patikkareissulle Mallorcalle, saimme\u2026","rel":"","context":"Kategoriassa &quot;Vanhemmuus&quot;","block_context":{"text":"Vanhemmuus","link":"https:\/\/www.satokangas.fi\/blogi\/category\/vanhemmuus\/"},"img":{"alt_text":"Kuva1","src":"https:\/\/i0.wp.com\/www.satokangas.fi\/blogi\/wp-content\/uploads\/2015\/04\/Kuva1-300x207.png?resize=350%2C200&ssl=1","width":350,"height":200},"classes":[]},{"id":15946,"url":"https:\/\/www.satokangas.fi\/blogi\/2012\/12\/siperia-opettaa\/","url_meta":{"origin":48496,"position":4},"title":"Siperia opettaa","author":"Reija","date":"9.12.2012","format":false,"excerpt":"Siperia opettaa. Tai siis Siberia. Saarisel\u00e4n keskustassa on ravintola, sateenkaarisein\u00e4m\u00e4n takana. Sis\u00e4lt\u00e4 v\u00e4lj\u00e4, tyylik\u00e4s, lappilaista gourmettia tarjoava fine dining -paikka, jossa k\u00e4vimme eilen. Olimme \u00a0siell\u00e4 toista kertaa, kev\u00e4\u00e4ll\u00e4 k\u00e4vimme kaksin, nyt yst\u00e4vien kanssa, \u201dmarkkinoinnin kohteena\u201d. Ja nyt Siberia opetti, ett\u00e4 samppanjaa siell\u00e4 ei kannata tilata: voi el\u00e4v\u00e4 tikka* turhan hintavaa\u2026","rel":"","context":"Kategoriassa &quot;Lappi&quot;","block_context":{"text":"Lappi","link":"https:\/\/www.satokangas.fi\/blogi\/category\/lappi\/"},"img":{"alt_text":"","src":"https:\/\/i0.wp.com\/www.satokangas.fi\/blogi\/wp-content\/uploads\/2012\/12\/Loppuloma-051-600x337.jpg?resize=350%2C200&ssl=1","width":350,"height":200,"srcset":"https:\/\/i0.wp.com\/www.satokangas.fi\/blogi\/wp-content\/uploads\/2012\/12\/Loppuloma-051-600x337.jpg?resize=350%2C200&ssl=1 1x, https:\/\/i0.wp.com\/www.satokangas.fi\/blogi\/wp-content\/uploads\/2012\/12\/Loppuloma-051-600x337.jpg?resize=525%2C300&ssl=1 1.5x"},"classes":[]},{"id":52111,"url":"https:\/\/www.satokangas.fi\/blogi\/2025\/02\/ei-aina-paista\/","url_meta":{"origin":48496,"position":5},"title":"Ei aina paista","author":"Reija","date":"23.2.2025","format":false,"excerpt":"Olisihan se mukava \"raportoida\" ja jakaa ilosanomaa Lapin luonnon tarjoamista loputtoman hyvist\u00e4 ulkoilumahdollisuuksista, huikeista talvimaisemista, ulkoilun ja liikkumisen ylivertaisista olosuhteista. Nyt ei voi! Rehellisesti on todettava, ett\u00e4 onpa ollut aika p-ska keli koko p\u00e4iv\u00e4n. On satanut vett\u00e4, r\u00e4nt\u00e4\u00e4, lunta, taas vett\u00e4, sitten tihkua, - on tuullut, on tuullut kovaa, hangen\u2026","rel":"","context":"Kategoriassa &quot;Niit\u00e4 n\u00e4it\u00e4&quot;","block_context":{"text":"Niit\u00e4 n\u00e4it\u00e4","link":"https:\/\/www.satokangas.fi\/blogi\/category\/aiheeton\/"},"img":{"alt_text":"","src":"https:\/\/i0.wp.com\/www.satokangas.fi\/blogi\/wp-content\/uploads\/2021\/02\/lumi_helmikuu-2.jpg?resize=350%2C200&ssl=1","width":350,"height":200,"srcset":"https:\/\/i0.wp.com\/www.satokangas.fi\/blogi\/wp-content\/uploads\/2021\/02\/lumi_helmikuu-2.jpg?resize=350%2C200&ssl=1 1x, https:\/\/i0.wp.com\/www.satokangas.fi\/blogi\/wp-content\/uploads\/2021\/02\/lumi_helmikuu-2.jpg?resize=525%2C300&ssl=1 1.5x, https:\/\/i0.wp.com\/www.satokangas.fi\/blogi\/wp-content\/uploads\/2021\/02\/lumi_helmikuu-2.jpg?resize=700%2C400&ssl=1 2x"},"classes":[]}],"_links":{"self":[{"href":"https:\/\/www.satokangas.fi\/blogi\/wp-json\/wp\/v2\/posts\/48496","targetHints":{"allow":["GET"]}}],"collection":[{"href":"https:\/\/www.satokangas.fi\/blogi\/wp-json\/wp\/v2\/posts"}],"about":[{"href":"https:\/\/www.satokangas.fi\/blogi\/wp-json\/wp\/v2\/types\/post"}],"author":[{"embeddable":true,"href":"https:\/\/www.satokangas.fi\/blogi\/wp-json\/wp\/v2\/users\/1"}],"replies":[{"embeddable":true,"href":"https:\/\/www.satokangas.fi\/blogi\/wp-json\/wp\/v2\/comments?post=48496"}],"version-history":[{"count":0,"href":"https:\/\/www.satokangas.fi\/blogi\/wp-json\/wp\/v2\/posts\/48496\/revisions"}],"wp:featuredmedia":[{"embeddable":true,"href":"https:\/\/www.satokangas.fi\/blogi\/wp-json\/wp\/v2\/media\/48501"}],"wp:attachment":[{"href":"https:\/\/www.satokangas.fi\/blogi\/wp-json\/wp\/v2\/media?parent=48496"}],"wp:term":[{"taxonomy":"category","embeddable":true,"href":"https:\/\/www.satokangas.fi\/blogi\/wp-json\/wp\/v2\/categories?post=48496"},{"taxonomy":"post_tag","embeddable":true,"href":"https:\/\/www.satokangas.fi\/blogi\/wp-json\/wp\/v2\/tags?post=48496"}],"curies":[{"name":"wp","href":"https:\/\/api.w.org\/{rel}","templated":true}]}}