{"id":48395,"date":"2024-02-04T21:14:44","date_gmt":"2024-02-04T19:14:44","guid":{"rendered":"https:\/\/www.satokangas.fi\/blogi\/?p=48395"},"modified":"2024-02-04T21:15:18","modified_gmt":"2024-02-04T19:15:18","slug":"kotosalla-2","status":"publish","type":"post","link":"https:\/\/www.satokangas.fi\/blogi\/2024\/02\/kotosalla-2\/","title":{"rendered":"Kotosalla"},"content":{"rendered":"<p>Kovin v\u00e4h\u00e4n mainittavaa t\u00e4lle p\u00e4iv\u00e4lle.<\/p>\n<p>No ehk\u00e4 se, ett\u00e4 vajaan kympin hiihtolenkki oli sellaista takkuamista sakeassa pyryss\u00e4, aika kauan aikaa sitten huolletuilla laduilla, ett\u00e4 kuntoilukalenteriin pit\u00e4isi saada joku sinnittelykerroin: ihan erilailla &#8221;rasittavaa&#8221; hiihto t\u00e4n\u00e4\u00e4n H\u00f6ntt\u00e4m\u00e4ki &#8211; J\u00e4\u00e4li -ladulla kuin vaikka huhtikuisillta hangilla Sivakkaoja &#8211; Kiilop\u00e4\u00e4 -reitill\u00e4. Toisaalta ent\u00e4 sitten. Itseh\u00e4n sinne tuiskuun tungin ja hiiht\u00e4\u00e4 halusin. Ja lopultakin: seh\u00e4n oli sittenkin hyv\u00e4 kokemus. Ja vain itsellenih\u00e4n niit\u00e4 kilometrej\u00e4 merkkailen. Joten?\u00a0 &#8211; Ei valittamista.<\/p>\n<p>P\u00e4invastoin ihan mukavan verkkainen kotip\u00e4iv\u00e4 on ollut.\u00a0 T\u00e4ll\u00e4 kertaa ramen-keitto onnistui oikeinkin hyvin, ja resepti tulee p\u00e4\u00e4si\u00e4isruokakirjaseen.<\/p>\n<p>Viimeinenkin kausivalokranssi sammuu t\u00e4n\u00e4\u00e4n.<\/p>\n","protected":false},"excerpt":{"rendered":"<p>Kovin v\u00e4h\u00e4n mainittavaa t\u00e4lle p\u00e4iv\u00e4lle. No ehk\u00e4 se, ett\u00e4 vajaan kympin hiihtolenkki oli sellaista takkuamista sakeassa pyryss\u00e4, aika kauan aikaa sitten huolletuilla laduilla, ett\u00e4 kuntoilukalenteriin pit\u00e4isi saada joku sinnittelykerroin: ihan erilailla &#8221;rasittavaa&#8221; hiihto t\u00e4n\u00e4\u00e4n H\u00f6ntt\u00e4m\u00e4ki &#8211; J\u00e4\u00e4li -ladulla kuin vaikka huhtikuisillta hangilla Sivakkaoja &#8211; Kiilop\u00e4\u00e4 -reitill\u00e4. Toisaalta ent\u00e4 sitten. Itseh\u00e4n sinne tuiskuun tungin ja hiiht\u00e4\u00e4 halusin. Ja lopultakin: seh\u00e4n oli &hellip; <\/p>\n","protected":false},"author":1,"featured_media":48396,"comment_status":"open","ping_status":"open","sticky":false,"template":"","format":"standard","meta":{"_jetpack_newsletter_access":"","_jetpack_dont_email_post_to_subs":false,"_jetpack_newsletter_tier_id":0,"_jetpack_memberships_contains_paywalled_content":false,"_jetpack_feature_clip_id":0,"_jetpack_memberships_contains_paid_content":false,"footnotes":"","jetpack_publicize_message":"","jetpack_publicize_feature_enabled":true,"jetpack_social_post_already_shared":true,"jetpack_social_options":{"image_generator_settings":{"template":"highway","default_image_id":0,"font":"","enabled":false},"version":2},"jetpack_post_was_ever_published":false},"categories":[1],"tags":[],"class_list":["post-48395","post","type-post","status-publish","format-standard","has-post-thumbnail","hentry","category-aiheeton","latest_post"],"jetpack_publicize_connections":[],"jetpack_shortlink":"https:\/\/wp.me\/pr4p4-cAz","jetpack_sharing_enabled":true,"jetpack_likes_enabled":false,"jetpack-related-posts":[{"id":48868,"url":"https:\/\/www.satokangas.fi\/blogi\/2024\/03\/harrastusten-parissa-hiihtoa-ja-kokkailua\/","url_meta":{"origin":48395,"position":0},"title":"Harrastusten parissa &#8211; hiihtoa ja kokkailua","author":"Reija","date":"28.3.2024","format":false,"excerpt":"Se oli sitten siin\u00e4! Hiiht\u00e4minen Oulussa t\u00e4lle kaudelle riitti nyt. Ei ihan tuskaista, mutta t\u00e4n\u00e4\u00e4n oli ladulla ty\u00f6l\u00e4st\u00e4 (<- liikaa vaatetta, ladut todella nihkeit\u00e4, melkein upottavia, ei aurinkoa, ). Kaikkea muuta kuin juhlaa. Mutta kuten ainakin kasikymppinen papparainen, jonka kanssa parkkiksella yht\u00e4 aikaa laiteltiin suksia autojemme per\u00e4konttiin, totesi: \"Eip\u00e4 t\u00e4ss\u00e4\u2026","rel":"","context":"Kategoriassa &quot;Liikkuminen&quot;","block_context":{"text":"Liikkuminen","link":"https:\/\/www.satokangas.fi\/blogi\/category\/liikkuminen\/"},"img":{"alt_text":"","src":"https:\/\/i0.wp.com\/www.satokangas.fi\/blogi\/wp-content\/uploads\/2024\/03\/keltainen_kallankukka-917x667.jpg?resize=350%2C200&ssl=1","width":350,"height":200,"srcset":"https:\/\/i0.wp.com\/www.satokangas.fi\/blogi\/wp-content\/uploads\/2024\/03\/keltainen_kallankukka-917x667.jpg?resize=350%2C200&ssl=1 1x, https:\/\/i0.wp.com\/www.satokangas.fi\/blogi\/wp-content\/uploads\/2024\/03\/keltainen_kallankukka-917x667.jpg?resize=525%2C300&ssl=1 1.5x, https:\/\/i0.wp.com\/www.satokangas.fi\/blogi\/wp-content\/uploads\/2024\/03\/keltainen_kallankukka-917x667.jpg?resize=700%2C400&ssl=1 2x"},"classes":[]},{"id":44996,"url":"https:\/\/www.satokangas.fi\/blogi\/2023\/03\/hiihtopaiva-piispanojan-tienoilla\/","url_meta":{"origin":48395,"position":1},"title":"Hiihtop\u00e4iv\u00e4 Piispanojan tienoilla","author":"Reija","date":"4.3.2023","format":false,"excerpt":"MM-ladulla suomalaisia, Saarisel\u00e4n laduilla ei juuri ket\u00e4\u00e4n. Aamup\u00e4iv\u00e4n odottelin hiutaloinnin (s\u00e4\u00e4tiedotuksessa t\u00e4ll\u00e4 viikolla kuultu uussana!) hiipumista, - ei hiipunut. Puolenp\u00e4iv\u00e4n j\u00e4lkeen edelleen \"pyryl\u00f6i\" heikosti, mutta siit\u00e4 huolimatta p\u00e4\u00e4tin l\u00e4hte\u00e4 ladulle. Kyll\u00e4 kannatti. Samaan aikaan MM-ladulla suomalaisia, mutta Saarisel\u00e4n laduilla ei juuri ket\u00e4\u00e4n. T\u00e4n\u00e4\u00e4n on taas hiihtolomasesongissa ollut vaihtop\u00e4iv\u00e4 ja samaan\u2026","rel":"","context":"Kategoriassa &quot;Historiaa&quot;","block_context":{"text":"Historiaa","link":"https:\/\/www.satokangas.fi\/blogi\/category\/historiaa\/"},"img":{"alt_text":"","src":"https:\/\/i0.wp.com\/www.satokangas.fi\/blogi\/wp-content\/uploads\/2023\/03\/Lapinluonto-1024x1024.jpg?resize=350%2C200&ssl=1","width":350,"height":200,"srcset":"https:\/\/i0.wp.com\/www.satokangas.fi\/blogi\/wp-content\/uploads\/2023\/03\/Lapinluonto-1024x1024.jpg?resize=350%2C200&ssl=1 1x, https:\/\/i0.wp.com\/www.satokangas.fi\/blogi\/wp-content\/uploads\/2023\/03\/Lapinluonto-1024x1024.jpg?resize=525%2C300&ssl=1 1.5x, https:\/\/i0.wp.com\/www.satokangas.fi\/blogi\/wp-content\/uploads\/2023\/03\/Lapinluonto-1024x1024.jpg?resize=700%2C400&ssl=1 2x"},"classes":[]},{"id":52141,"url":"https:\/\/www.satokangas.fi\/blogi\/2025\/02\/mokkipihassa-ladulla-kylilla\/","url_meta":{"origin":48395,"position":2},"title":"M\u00f6kkipihassa, ladulla, kylill\u00e4","author":"Reija","date":"28.2.2025","format":false,"excerpt":"Selfiet eiv\u00e4t ole mun juttu, enk\u00e4 oikein osaa muitakaan pyyt\u00e4\u00e4 ottamaan kuvia itsest\u00e4ni. Miksi tarvitsisi? Mutta nyt on ollut tarve. Juttuhan on niin, ett\u00e4 jo edellisen\u00e4 jouluna tein tytt\u00e4rentytt\u00e4relle kaksikin kuvakirjaa: E:n kaverikirja ja E:n m\u00f6kkikirja. Molempien taustalla ajatus, ett\u00e4 yksivuotias oppisi edes kuvista tuntemaan isovanhempansa, t\u00e4tins\u00e4, enonsa ja serkkunsa\u2026","rel":"","context":"Kategoriassa &quot;Niit\u00e4 n\u00e4it\u00e4&quot;","block_context":{"text":"Niit\u00e4 n\u00e4it\u00e4","link":"https:\/\/www.satokangas.fi\/blogi\/category\/aiheeton\/"},"img":{"alt_text":"","src":"https:\/\/i0.wp.com\/www.satokangas.fi\/blogi\/wp-content\/uploads\/2025\/02\/LunchBreak_kuukkelit-2.jpg?resize=350%2C200&ssl=1","width":350,"height":200,"srcset":"https:\/\/i0.wp.com\/www.satokangas.fi\/blogi\/wp-content\/uploads\/2025\/02\/LunchBreak_kuukkelit-2.jpg?resize=350%2C200&ssl=1 1x, https:\/\/i0.wp.com\/www.satokangas.fi\/blogi\/wp-content\/uploads\/2025\/02\/LunchBreak_kuukkelit-2.jpg?resize=525%2C300&ssl=1 1.5x, https:\/\/i0.wp.com\/www.satokangas.fi\/blogi\/wp-content\/uploads\/2025\/02\/LunchBreak_kuukkelit-2.jpg?resize=700%2C400&ssl=1 2x"},"classes":[]},{"id":44716,"url":"https:\/\/www.satokangas.fi\/blogi\/2023\/02\/maadoittavaa\/","url_meta":{"origin":48395,"position":3},"title":"Maadoittavaa","author":"Reija","date":"2.2.2023","format":false,"excerpt":"Ladulla Risuniityst\u00e4 kohti Auranmajaa mietin, ett\u00e4 ehk\u00e4 postaan t\u00e4n\u00e4\u00e4n jotain vuosikymmenien j\u00e4lkeen uudelleen l\u00f6yt\u00e4m\u00e4st\u00e4ni hiiht\u00e4misen ilosta, siit\u00e4, kuinka sille on ihan eri lailla aikaa ja mahdollisuuksia sen j\u00e4lkeen, kun en en\u00e4\u00e4 ole viett\u00e4nyt talvia yliopiston kampuksella. P\u00e4\u00e4tinkin sitten ottaa tunnelmasta ladulla muutaman kuvan, pienen videoklipinkin. Toiveena, ett\u00e4 siten v\u00e4littyisi lumisen\u2026","rel":"","context":"Kategoriassa &quot;Liikkuminen&quot;","block_context":{"text":"Liikkuminen","link":"https:\/\/www.satokangas.fi\/blogi\/category\/liikkuminen\/"},"img":{"alt_text":"","src":"https:\/\/i0.wp.com\/www.satokangas.fi\/blogi\/wp-content\/uploads\/2023\/02\/metsa.jpg?resize=350%2C200&ssl=1","width":350,"height":200,"srcset":"https:\/\/i0.wp.com\/www.satokangas.fi\/blogi\/wp-content\/uploads\/2023\/02\/metsa.jpg?resize=350%2C200&ssl=1 1x, https:\/\/i0.wp.com\/www.satokangas.fi\/blogi\/wp-content\/uploads\/2023\/02\/metsa.jpg?resize=525%2C300&ssl=1 1.5x, https:\/\/i0.wp.com\/www.satokangas.fi\/blogi\/wp-content\/uploads\/2023\/02\/metsa.jpg?resize=700%2C400&ssl=1 2x"},"classes":[]},{"id":48752,"url":"https:\/\/www.satokangas.fi\/blogi\/2024\/03\/tunturin-juurelta-ladulle\/","url_meta":{"origin":48395,"position":4},"title":"Tunturin juurelta ladulle","author":"Reija","date":"19.3.2024","format":false,"excerpt":"N\u00e4iss\u00e4 maisemissa t\u00e4n\u00e4\u00e4n. Pari pakkasastetta, rinne priimakunnossa ja aurinko siniselt\u00e4 taivaalta. Siis m\u00e4keen?\u00a0 - Mutta kun hissit ei py\u00f6rineet! Kun kerran hissit eiv\u00e4t py\u00f6rineet ja kun kaikki lasketteluvermeet on m\u00f6kill\u00e4, niin j\u00e4i taas m\u00e4keen menem\u00e4tt\u00e4. Viime vuonnakaan en k\u00e4ynyt kertaakaan, t\u00e4n\u00e4 vuonna on viel\u00e4 pieni mahdollisuus... Aina se v\u00e4h\u00e4n houkuttaa\u2026","rel":"","context":"Kategoriassa &quot;Liikkuminen&quot;","block_context":{"text":"Liikkuminen","link":"https:\/\/www.satokangas.fi\/blogi\/category\/liikkuminen\/"},"img":{"alt_text":"","src":"https:\/\/i0.wp.com\/www.satokangas.fi\/blogi\/wp-content\/uploads\/2024\/03\/ruskotunturi.jpg?resize=350%2C200&ssl=1","width":350,"height":200,"srcset":"https:\/\/i0.wp.com\/www.satokangas.fi\/blogi\/wp-content\/uploads\/2024\/03\/ruskotunturi.jpg?resize=350%2C200&ssl=1 1x, https:\/\/i0.wp.com\/www.satokangas.fi\/blogi\/wp-content\/uploads\/2024\/03\/ruskotunturi.jpg?resize=525%2C300&ssl=1 1.5x, https:\/\/i0.wp.com\/www.satokangas.fi\/blogi\/wp-content\/uploads\/2024\/03\/ruskotunturi.jpg?resize=700%2C400&ssl=1 2x"},"classes":[]},{"id":44979,"url":"https:\/\/www.satokangas.fi\/blogi\/2023\/03\/iloja-ja-suruja-yhdelle-paivalle\/","url_meta":{"origin":48395,"position":5},"title":"Iloja ja suruja yhdelle p\u00e4iv\u00e4lle","author":"Reija","date":"2.3.2023","format":false,"excerpt":"Varoituksen sana, nyt tulee kyynelehtiv\u00e4\u00e4 vuodatusta, vuodatusta siit\u00e4, kuinka on surullinen ja surkea olo. Jo paljon ennen joulua, kun Juniori ilmoitti t\u00f6ihin lomatoiveensa t\u00e4lle vuodelle, merkittiin kalentereihin, ett\u00e4 ainakin h\u00e4n ja muksut, ehk\u00e4 my\u00f6s R. jos saa loman, tulevat hiihtoloman aikohin t\u00e4nne m\u00f6ks\u00e4lle meid\u00e4n kanssa, - mekin j\u00e4rjestimme tulomme t\u00e4nne\u2026","rel":"","context":"Kategoriassa &quot;Isovanhemmuus&quot;","block_context":{"text":"Isovanhemmuus","link":"https:\/\/www.satokangas.fi\/blogi\/category\/isovanhemmuus\/"},"img":{"alt_text":"","src":"https:\/\/i0.wp.com\/www.satokangas.fi\/blogi\/wp-content\/uploads\/2023\/03\/Kakslauttanen-4.jpg?resize=350%2C200&ssl=1","width":350,"height":200,"srcset":"https:\/\/i0.wp.com\/www.satokangas.fi\/blogi\/wp-content\/uploads\/2023\/03\/Kakslauttanen-4.jpg?resize=350%2C200&ssl=1 1x, https:\/\/i0.wp.com\/www.satokangas.fi\/blogi\/wp-content\/uploads\/2023\/03\/Kakslauttanen-4.jpg?resize=525%2C300&ssl=1 1.5x, https:\/\/i0.wp.com\/www.satokangas.fi\/blogi\/wp-content\/uploads\/2023\/03\/Kakslauttanen-4.jpg?resize=700%2C400&ssl=1 2x"},"classes":[]}],"jetpack_featured_media_url":"https:\/\/www.satokangas.fi\/blogi\/wp-content\/uploads\/2024\/02\/onnenrippusia_.jpg","_links":{"self":[{"href":"https:\/\/www.satokangas.fi\/blogi\/wp-json\/wp\/v2\/posts\/48395","targetHints":{"allow":["GET"]}}],"collection":[{"href":"https:\/\/www.satokangas.fi\/blogi\/wp-json\/wp\/v2\/posts"}],"about":[{"href":"https:\/\/www.satokangas.fi\/blogi\/wp-json\/wp\/v2\/types\/post"}],"author":[{"embeddable":true,"href":"https:\/\/www.satokangas.fi\/blogi\/wp-json\/wp\/v2\/users\/1"}],"replies":[{"embeddable":true,"href":"https:\/\/www.satokangas.fi\/blogi\/wp-json\/wp\/v2\/comments?post=48395"}],"version-history":[{"count":0,"href":"https:\/\/www.satokangas.fi\/blogi\/wp-json\/wp\/v2\/posts\/48395\/revisions"}],"wp:featuredmedia":[{"embeddable":true,"href":"https:\/\/www.satokangas.fi\/blogi\/wp-json\/wp\/v2\/media\/48396"}],"wp:attachment":[{"href":"https:\/\/www.satokangas.fi\/blogi\/wp-json\/wp\/v2\/media?parent=48395"}],"wp:term":[{"taxonomy":"category","embeddable":true,"href":"https:\/\/www.satokangas.fi\/blogi\/wp-json\/wp\/v2\/categories?post=48395"},{"taxonomy":"post_tag","embeddable":true,"href":"https:\/\/www.satokangas.fi\/blogi\/wp-json\/wp\/v2\/tags?post=48395"}],"curies":[{"name":"wp","href":"https:\/\/api.w.org\/{rel}","templated":true}]}}