{"id":48325,"date":"2024-01-23T19:44:13","date_gmt":"2024-01-23T17:44:13","guid":{"rendered":"https:\/\/www.satokangas.fi\/blogi\/?p=48325"},"modified":"2024-01-24T07:56:27","modified_gmt":"2024-01-24T05:56:27","slug":"laskutushommia","status":"publish","type":"post","link":"https:\/\/www.satokangas.fi\/blogi\/2024\/01\/laskutushommia\/","title":{"rendered":"Laskutushommia"},"content":{"rendered":"<p>Muistikuvien viimeinen(?) laskutus t\u00e4n\u00e4\u00e4n. Ja muutama karhukirjekin viel\u00e4.<\/p>\n<p>N\u00e4m\u00e4p\u00e4 ovat sellaisia hommia, jotka t\u00e4ss\u00e4 mun &#8221;ammatillisen&#8221; valokuvaustoiminnan parissa ovat olleet kaikkein ik\u00e4v\u00e4mpi\u00e4.<\/p>\n<p>Mukavinta on ollut kiert\u00e4\u00e4 kuvaamassa Oulua ja Oulun seutua sek\u00e4 Saariselk\u00e4\u00e4 ja Lappia ja tehd\u00e4 niist\u00e4 kuvista kortteja ja kalentereita. Kuvaukset ravintoloiden somemarkkinointia varten ovat my\u00f6s olleet mieluisia.<\/p>\n<p>Enimm\u00e4kseen mukavaa oli my\u00f6s kuvata, editoida ja saada julkaistuksi kuvatoimisto <em><a href=\"https:\/\/www.vastavalo.net\/thumbnails.php?album=toprated&amp;kuka=11971\" target=\"_blank\" rel=\"noopener\">Vastavalon myyntisivuille<\/a><\/em> noin 2000 kuvaa &#8211; toki niist\u00e4 on vain alle 10 % tullut myydyksi: joko suoraan Vastavalon kautta tai esim. Oulun Liikekeskukselle, yhdelle matkailuyritykselle, muutamiin lehtiin ja mainosjulkaisuihin (<em><a href=\"https:\/\/www.muistikuvia.fi\/referenssit\/\" target=\"_blank\" rel=\"noopener\">referenssej\u00e4<\/a><\/em>) tms.<\/p>\n<p>Mutta laskutus on vain koneella istumista, kirjaamista, luettelointia, tili\u00f6inti\u00e4\u00a0 &#8211; ja karhuamiset! Auts! Ei ole mukavia ne, &#8211; saatikka ett\u00e4 olisivat mill\u00e4\u00e4n muotoa luovaa puuhaa.<\/p>\n<p>Kalenterimyynti (sent\u00e4\u00e4n joitakin satoja yhteens\u00e4 monien vuosien aikana) on se ainoa, jonka vuoksi olen muutamia karhukirjeit\u00e4 joutunet tekem\u00e4\u00e4n. Yleens\u00e4 ne ovat tuottaneet tulosta, ja unohtunut lasku on heti maksettu ja viel\u00e4 pahoiteltu unohtumista, mutta sitten on pari tapausta, joista parinkympin kalenterin hintaa en ole saanut. Min\u00e4 kun olen luottanut tilaajiin, enk\u00e4 ole l\u00e4hett\u00e4nyt ensin laskua ja sitten vasta kalenteria, vaan samassa paketissa olen ne toimittanut perille.<\/p>\n<p>Muutamien turhien muistutusten j\u00e4lkeen olen parin kalenterin hinnan sitten joutunut kirjaamaan tappioksi. Ja v\u00e4h\u00e4n hyv\u00e4uskoisuutta ja luottamusta olen kyll\u00e4 my\u00f6s siin\u00e4 samalla menett\u00e4nyt.<\/p>\n<p>Kaksi t\u00e4llaista tapausta vuosien varrelta on j\u00e4\u00e4nyt erityisesti mieleen: toinen kalenteritilaaja, joka ei koskaan maksanut <em>kolmea<\/em> tilaamaansa kalenteria, asuu\/asui Oulussa, ja kun h\u00e4n kolme, nelj\u00e4 vuotta sitten Oulu-kalenterit tilasi, h\u00e4n kirjoitti minulle pitk\u00e4hk\u00f6n kirjeen, jossa kertoi niin ihailevansa ottamiani Oulu-kuvia, olevansa iloinen, ett\u00e4 vihdoinkin sai ostaa kotikaupungin kalenterin, antavansa sellaiset joululahjoiksi vanhalle \u00e4idilleen ja Oulusta pois muuttaneelle pojalleen, ja selitti kaikkea muutakin. Ei h\u00e4n sitten sen j\u00e4lkeen kirjoitellutkaan en\u00e4\u00e4 mit\u00e4\u00e4n, ei maksusummaa pankkitililt\u00e4\u00e4n, ei vastauksia useisiin posteihini, ei tekstareihini. K\u00e4vin jo katsomassa talon, jossa h\u00e4n asuu, mutta en kuitenkaan koskaan mennyt soittelemaan ovikelloa tai ryhtynyt muihinkaan perint\u00e4hommiin.<\/p>\n<p>Toinen kalenteria koskaan maksamaton tilaaja parin vuoden takaa oli Lounais-Suomesta. H\u00e4nellekin l\u00e4hettelin maksumuistutuksia, saamatta koskaan mit\u00e4\u00e4n vastauksia. FB:st\u00e4 k\u00e4vin h\u00e4nenkin profiilinsa katsomassa, ja sen vuoksi sitten viel\u00e4 googlettelinkin ja h\u00e4nest\u00e4p\u00e4 l\u00f6ytyikin pari lehtijuttua. Ja syy kalenterilaskun maksamattomuuteen selvisi. T\u00e4m\u00e4 naishenkil\u00f6 kun k\u00e4rsi silloin ja tod.n\u00e4k. ed. pitk\u00e4\u00e4 vankeusrangaistustaan kavalluksesta.<\/p>\n<p>JOS ikin\u00e4 en\u00e4\u00e4 ryhdyn postimyynniss\u00e4 tuntemattomille myym\u00e4\u00e4n kalentereita, kortteja tai mit\u00e4\u00e4n muutakaan kuvatuotteita, teen niin, ett\u00e4 paketti l\u00e4htee vasta sitten kun maksu on tilill\u00e4.<\/p>\n<p>&nbsp;<\/p>\n<p>Postauksen kuvat olen ottanut <a href=\"https:\/\/www.satokangas.fi\/blogi\/2020\/01\/pakkasen-purtavina\/\" target=\"_blank\" rel=\"noopener\">nelj\u00e4 vuotta sitten<\/a> ( <a href=\"https:\/\/www.satokangas.fi\/blogi\/2020\/01\/pakkasen-purtavina\/\" target=\"_blank\" rel=\"noopener\">27.1.2020<\/a> )Kaunisp\u00e4\u00e4lt\u00e4.<\/p>\n<p>Otsikkokuvan nimeksi (Vastavaloon pit\u00e4\u00e4 aina otsikoida kuvat)<\/p>\n<p>olen laittanut &#8221;Lupaus&#8221;.<\/p>\n<p>Nyt en antaisi samaa nime\u00e4.<\/p>\n<p><a href=\"https:\/\/www.satokangas.fi\/blogi\/wp-content\/uploads\/2024\/01\/270120-2.jpg\"><img loading=\"lazy\" decoding=\"async\" data-attachment-id=\"48328\" data-permalink=\"https:\/\/www.satokangas.fi\/blogi\/2024\/01\/laskutushommia\/270120-2\/\" data-orig-file=\"https:\/\/www.satokangas.fi\/blogi\/wp-content\/uploads\/2024\/01\/270120-2.jpg\" data-orig-size=\"655,1000\" data-comments-opened=\"1\" data-image-title=\"270120-2\" data-image-description=\"\" data-image-caption=\"\" data-large-file=\"https:\/\/www.satokangas.fi\/blogi\/wp-content\/uploads\/2024\/01\/270120-2-437x667.jpg\" class=\"aligncenter size-large wp-image-48328\" src=\"https:\/\/www.satokangas.fi\/blogi\/wp-content\/uploads\/2024\/01\/270120-2-437x667.jpg\" alt=\"\" width=\"437\" height=\"667\" srcset=\"https:\/\/www.satokangas.fi\/blogi\/wp-content\/uploads\/2024\/01\/270120-2-437x667.jpg 437w, https:\/\/www.satokangas.fi\/blogi\/wp-content\/uploads\/2024\/01\/270120-2-262x400.jpg 262w, https:\/\/www.satokangas.fi\/blogi\/wp-content\/uploads\/2024\/01\/270120-2-131x200.jpg 131w, https:\/\/www.satokangas.fi\/blogi\/wp-content\/uploads\/2024\/01\/270120-2-39x60.jpg 39w, https:\/\/www.satokangas.fi\/blogi\/wp-content\/uploads\/2024\/01\/270120-2.jpg 655w\" sizes=\"auto, (max-width: 437px) 100vw, 437px\" \/><\/a><\/p>\n","protected":false},"excerpt":{"rendered":"<p>Muistikuvien viimeinen(?) laskutus t\u00e4n\u00e4\u00e4n. Ja muutama karhukirjekin viel\u00e4. N\u00e4m\u00e4p\u00e4 ovat sellaisia hommia, jotka t\u00e4ss\u00e4 mun &#8221;ammatillisen&#8221; valokuvaustoiminnan parissa ovat olleet kaikkein ik\u00e4v\u00e4mpi\u00e4. Mukavinta on ollut kiert\u00e4\u00e4 kuvaamassa Oulua ja Oulun seutua sek\u00e4 Saariselk\u00e4\u00e4 ja Lappia ja tehd\u00e4 niist\u00e4 kuvista kortteja ja kalentereita. Kuvaukset ravintoloiden somemarkkinointia varten ovat my\u00f6s olleet mieluisia. Enimm\u00e4kseen mukavaa oli my\u00f6s kuvata, editoida ja saada julkaistuksi kuvatoimisto &hellip; <\/p>\n","protected":false},"author":1,"featured_media":48327,"comment_status":"open","ping_status":"open","sticky":false,"template":"","format":"standard","meta":{"_jetpack_newsletter_access":"","_jetpack_dont_email_post_to_subs":false,"_jetpack_newsletter_tier_id":0,"_jetpack_memberships_contains_paywalled_content":false,"_jetpack_feature_clip_id":0,"_jetpack_memberships_contains_paid_content":false,"footnotes":"","jetpack_publicize_message":"","jetpack_publicize_feature_enabled":true,"jetpack_social_post_already_shared":true,"jetpack_social_options":{"image_generator_settings":{"template":"highway","default_image_id":0,"font":"","enabled":false},"version":2},"jetpack_post_was_ever_published":false},"categories":[88],"tags":[],"class_list":["post-48325","post","type-post","status-publish","format-standard","has-post-thumbnail","hentry","category-muistikuvia","latest_post"],"jetpack_publicize_connections":[],"jetpack_shortlink":"https:\/\/wp.me\/pr4p4-czr","jetpack_sharing_enabled":true,"jetpack_likes_enabled":false,"jetpack-related-posts":[{"id":43864,"url":"https:\/\/www.satokangas.fi\/blogi\/2022\/10\/paperi-ja-kuvahommia\/","url_meta":{"origin":48325,"position":0},"title":"Paperi- ja kuvahommia","author":"Reija","date":"19.10.2022","format":false,"excerpt":"Pakkasaamuna oli niin kaunista, tyvent\u00e4, tuulentonta., mutta olinkin autolla liikkeell\u00e4 ja menossa henkil\u00f6kuvauksen tekem\u00e4\u00e4n, joten enp\u00e4 sitten voinutkaan j\u00e4\u00e4d\u00e4 ulos kuvailemaan. Ihan mukava potrettikuvaustuokio oli. Eik\u00e4 kest\u00e4nyt kauaa, joten takaisin kotiin. Ja sitten py\u00f6r\u00e4ll\u00e4 ajan kanssa ulkoilemaan. Nyt alkaa kyll\u00e4 olla siin\u00e4 rajoilla, ett\u00e4 Helkamani on aika siirty\u00e4 huoltoon, ja\u2026","rel":"","context":"Kategoriassa &quot;Muistikuvia&quot;","block_context":{"text":"Muistikuvia","link":"https:\/\/www.satokangas.fi\/blogi\/category\/muistikuvia\/"},"img":{"alt_text":"","src":"https:\/\/i0.wp.com\/www.satokangas.fi\/blogi\/wp-content\/uploads\/2022\/10\/Oulu-kalenteri_2023.jpg?resize=350%2C200&ssl=1","width":350,"height":200,"srcset":"https:\/\/i0.wp.com\/www.satokangas.fi\/blogi\/wp-content\/uploads\/2022\/10\/Oulu-kalenteri_2023.jpg?resize=350%2C200&ssl=1 1x, https:\/\/i0.wp.com\/www.satokangas.fi\/blogi\/wp-content\/uploads\/2022\/10\/Oulu-kalenteri_2023.jpg?resize=525%2C300&ssl=1 1.5x"},"classes":[]},{"id":40490,"url":"https:\/\/www.satokangas.fi\/blogi\/2021\/03\/etatoita-minullakin\/","url_meta":{"origin":48325,"position":1},"title":"Et\u00e4t\u00f6it\u00e4 minullakin :)","author":"Reija","date":"23.3.2021","format":false,"excerpt":"Retriitin p\u00e4iv\u00e4 ei nyt ole kovin \"henkistyneess\u00e4\" saatikka hengellisess\u00e4 tilassa kulunut. Paitsi ett\u00e4 olen kaiken muun ohessa kuunnellut professori Timo Airaksisen teosta J\u00e4\u00e4hyv\u00e4iset uskonnolle. En muista, ett\u00e4 olisin koskaan ennen lukenut yht\u00e4k\u00e4\u00e4n Airaksisen kirjaa, mutta h\u00e4m\u00e4r\u00e4 muistikuva on siit\u00e4, ett\u00e4 1980-luvun alussa, jolloin suorittelin (my\u00f6s) aate- ja oppihistorian approa, h\u00e4n\u2026","rel":"","context":"Kategoriassa &quot;Muistikuvia&quot;","block_context":{"text":"Muistikuvia","link":"https:\/\/www.satokangas.fi\/blogi\/category\/muistikuvia\/"},"img":{"alt_text":"","src":"https:\/\/i0.wp.com\/www.satokangas.fi\/blogi\/wp-content\/uploads\/2021\/03\/macaroon.jpg?resize=350%2C200&ssl=1","width":350,"height":200,"srcset":"https:\/\/i0.wp.com\/www.satokangas.fi\/blogi\/wp-content\/uploads\/2021\/03\/macaroon.jpg?resize=350%2C200&ssl=1 1x, https:\/\/i0.wp.com\/www.satokangas.fi\/blogi\/wp-content\/uploads\/2021\/03\/macaroon.jpg?resize=525%2C300&ssl=1 1.5x, https:\/\/i0.wp.com\/www.satokangas.fi\/blogi\/wp-content\/uploads\/2021\/03\/macaroon.jpg?resize=700%2C400&ssl=1 2x"},"classes":[]},{"id":35003,"url":"https:\/\/www.satokangas.fi\/blogi\/2018\/10\/sisaltaa-mainontaa\/","url_meta":{"origin":48325,"position":2},"title":"Sis\u00e4lt\u00e4\u00e4 mainontaa!","author":"Reija","date":"10.10.2018","format":false,"excerpt":"Olen t\u00e4n\u00e4\u00e4n saanut ladatuksi viidennensadannnen (500. kuva) kuvan kuvatoimisto Vastavaloon. 500!! Aloitin projektin toukokuun lopussa ja olen ladannut melkein niin nopeaa kuin sinne on saanut ladata. Viime perjantaina olisi ollut mahdollisuus olla t\u00e4ss\u00e4 \"maalissa\", mutta loppukiri ven\u00e4hti paljolti m\u00f6kkeilyn vuoksi. Nyt siell\u00e4 on kuviani vuosien varrelta (enimm\u00e4kseen viimeisen vuoden), paljon\u2026","rel":"","context":"Kategoriassa &quot;Muistikuvia&quot;","block_context":{"text":"Muistikuvia","link":"https:\/\/www.satokangas.fi\/blogi\/category\/muistikuvia\/"},"img":{"alt_text":"","src":"https:\/\/i0.wp.com\/www.satokangas.fi\/blogi\/wp-content\/uploads\/2018\/10\/ruotsalinen-ruska-2.jpg?resize=350%2C200&ssl=1","width":350,"height":200,"srcset":"https:\/\/i0.wp.com\/www.satokangas.fi\/blogi\/wp-content\/uploads\/2018\/10\/ruotsalinen-ruska-2.jpg?resize=350%2C200&ssl=1 1x, https:\/\/i0.wp.com\/www.satokangas.fi\/blogi\/wp-content\/uploads\/2018\/10\/ruotsalinen-ruska-2.jpg?resize=525%2C300&ssl=1 1.5x, https:\/\/i0.wp.com\/www.satokangas.fi\/blogi\/wp-content\/uploads\/2018\/10\/ruotsalinen-ruska-2.jpg?resize=700%2C400&ssl=1 2x"},"classes":[]},{"id":37240,"url":"https:\/\/www.satokangas.fi\/blogi\/2019\/09\/valokuvilla-tienistia\/","url_meta":{"origin":48325,"position":3},"title":"Valokuvilla tienesti\u00e4&#8230;","author":"Reija","date":"23.9.2019","format":false,"excerpt":"Iloisena ja innostuneena viime viikon kuvapalautteesta, jota sain Merijalinrannasta ottamastani kuvasta, olen t\u00e4n\u00e4\u00e4n tilaillut - yleis\u00f6n pyynn\u00f6st\u00e4 - postikortteja. Tuo kuva sai Oulu tutuksi - FB:ss\u00e4 yli 1300 tykk\u00e4yst\u00e4!! Se taitaa olla yli seitsem\u00e4n vuotta toimineen ryhm\u00e4n enn\u00e4tys, tai ainakin l\u00e4hell\u00e4, enk\u00e4 koskaan (vaikka ainakin 20 kuvaa olen sinne laittanut)\u2026","rel":"","context":"Kategoriassa &quot;Muistikuvia&quot;","block_context":{"text":"Muistikuvia","link":"https:\/\/www.satokangas.fi\/blogi\/category\/muistikuvia\/"},"img":{"alt_text":"","src":"https:\/\/i0.wp.com\/www.satokangas.fi\/blogi\/wp-content\/uploads\/2019\/09\/Pikisaari_-6.jpg?resize=350%2C200&ssl=1","width":350,"height":200},"classes":[]},{"id":36660,"url":"https:\/\/www.satokangas.fi\/blogi\/2019\/06\/huoltopaiva-2\/","url_meta":{"origin":48325,"position":4},"title":"Huoltop\u00e4iv\u00e4","author":"Reija","date":"17.6.2019","format":false,"excerpt":"\u00a0 Iltap\u00e4iv\u00e4ksi oli sovittu \u00e4idin kanssa py\u00f6r\u00e4tuoliajelua kes\u00e4kaupungissa, torilla ja hautausmaalla, mutta kun h\u00e4n ei sittenk\u00e4\u00e4n halunnut l\u00e4hte\u00e4, jatkoin aamup\u00e4iv\u00e4n teemaani: py\u00f6r\u00e4ll\u00e4 ajelua ja huoltotoimia. Aamulla olin nimitt\u00e4in pienen Nallikari-Toppilansaari lenkin j\u00e4lkeen ajanut kampaajalle ja kun kerran kaupunkirullailusta ei tullut mit\u00e4\u00e4n, tuosta vaan tilasin ja sain ajan niska-hartia-hierontaan, jolle olisi\u2026","rel":"","context":"Kategoriassa &quot;Muistikuvia&quot;","block_context":{"text":"Muistikuvia","link":"https:\/\/www.satokangas.fi\/blogi\/category\/muistikuvia\/"},"img":{"alt_text":"","src":"https:\/\/i0.wp.com\/www.satokangas.fi\/blogi\/wp-content\/uploads\/2019\/06\/1-6.jpg?resize=350%2C200&ssl=1","width":350,"height":200,"srcset":"https:\/\/i0.wp.com\/www.satokangas.fi\/blogi\/wp-content\/uploads\/2019\/06\/1-6.jpg?resize=350%2C200&ssl=1 1x, https:\/\/i0.wp.com\/www.satokangas.fi\/blogi\/wp-content\/uploads\/2019\/06\/1-6.jpg?resize=525%2C300&ssl=1 1.5x, https:\/\/i0.wp.com\/www.satokangas.fi\/blogi\/wp-content\/uploads\/2019\/06\/1-6.jpg?resize=700%2C400&ssl=1 2x"},"classes":[]},{"id":40073,"url":"https:\/\/www.satokangas.fi\/blogi\/2021\/01\/valokuvaajan-onnenpaiva\/","url_meta":{"origin":48325,"position":5},"title":"Valokuvaajan onnenp\u00e4iv\u00e4","author":"Reija","date":"13.1.2021","format":false,"excerpt":"Viime vuosi oli minun Muistikuvia-yritykseni tuottoisin t\u00e4h\u00e4n astisista. Kuvauskeikkoja ja kuvatilauksia sek\u00e4 Vastavalon kautta myytyj\u00e4 kuvia oli suunnilleen saman verran kuin edellisen\u00e4kin vuonna, mutta korttimyynti, erityisesti joulukorttimyynti, oli paljon edellisi\u00e4 vuosia parempaa. Edelleenkin on kyse l\u00e4hinn\u00e4 puuhastelusta, \"ty\u00f6tunteja\" ehk\u00e4 reilun kuukauden edest\u00e4, tienesti\u00e4 sen verran, ett\u00e4 yhden objektiivin raskin ostaa,\u2026","rel":"","context":"Kategoriassa &quot;Muistikuvia&quot;","block_context":{"text":"Muistikuvia","link":"https:\/\/www.satokangas.fi\/blogi\/category\/muistikuvia\/"},"img":{"alt_text":"","src":"https:\/\/i0.wp.com\/www.satokangas.fi\/blogi\/wp-content\/uploads\/2021\/01\/Blinit-2-1.jpg?resize=350%2C200&ssl=1","width":350,"height":200,"srcset":"https:\/\/i0.wp.com\/www.satokangas.fi\/blogi\/wp-content\/uploads\/2021\/01\/Blinit-2-1.jpg?resize=350%2C200&ssl=1 1x, https:\/\/i0.wp.com\/www.satokangas.fi\/blogi\/wp-content\/uploads\/2021\/01\/Blinit-2-1.jpg?resize=525%2C300&ssl=1 1.5x, https:\/\/i0.wp.com\/www.satokangas.fi\/blogi\/wp-content\/uploads\/2021\/01\/Blinit-2-1.jpg?resize=700%2C400&ssl=1 2x"},"classes":[]}],"jetpack_featured_media_url":"https:\/\/www.satokangas.fi\/blogi\/wp-content\/uploads\/2024\/01\/270120.jpg","_links":{"self":[{"href":"https:\/\/www.satokangas.fi\/blogi\/wp-json\/wp\/v2\/posts\/48325","targetHints":{"allow":["GET"]}}],"collection":[{"href":"https:\/\/www.satokangas.fi\/blogi\/wp-json\/wp\/v2\/posts"}],"about":[{"href":"https:\/\/www.satokangas.fi\/blogi\/wp-json\/wp\/v2\/types\/post"}],"author":[{"embeddable":true,"href":"https:\/\/www.satokangas.fi\/blogi\/wp-json\/wp\/v2\/users\/1"}],"replies":[{"embeddable":true,"href":"https:\/\/www.satokangas.fi\/blogi\/wp-json\/wp\/v2\/comments?post=48325"}],"version-history":[{"count":0,"href":"https:\/\/www.satokangas.fi\/blogi\/wp-json\/wp\/v2\/posts\/48325\/revisions"}],"wp:featuredmedia":[{"embeddable":true,"href":"https:\/\/www.satokangas.fi\/blogi\/wp-json\/wp\/v2\/media\/48327"}],"wp:attachment":[{"href":"https:\/\/www.satokangas.fi\/blogi\/wp-json\/wp\/v2\/media?parent=48325"}],"wp:term":[{"taxonomy":"category","embeddable":true,"href":"https:\/\/www.satokangas.fi\/blogi\/wp-json\/wp\/v2\/categories?post=48325"},{"taxonomy":"post_tag","embeddable":true,"href":"https:\/\/www.satokangas.fi\/blogi\/wp-json\/wp\/v2\/tags?post=48325"}],"curies":[{"name":"wp","href":"https:\/\/api.w.org\/{rel}","templated":true}]}}