{"id":48307,"date":"2024-01-20T21:18:10","date_gmt":"2024-01-20T19:18:10","guid":{"rendered":"https:\/\/www.satokangas.fi\/blogi\/?p=48307"},"modified":"2024-01-20T21:18:10","modified_gmt":"2024-01-20T19:18:10","slug":"pinnalle-pyrkien","status":"publish","type":"post","link":"https:\/\/www.satokangas.fi\/blogi\/2024\/01\/pinnalle-pyrkien\/","title":{"rendered":"Pinnalle pyrkien"},"content":{"rendered":"<p>T\u00e4n\u00e4\u00e4n melkein elokuvallisesti vuosikymmeni\u00e4 virtasi muistoissa; hetki\u00e4, tuokioita, sanoja ja yhteisi\u00e4 kokemuksia.<\/p>\n<p>Aika levollisesti p\u00e4iv\u00e4 lipui, toki v\u00e4lill\u00e4 niin kyynelsilmin, etten mit\u00e4\u00e4n muuta kuin menneit\u00e4 mielikuvia n\u00e4hnyt. Niin paljon hyvi\u00e4 yhteisi\u00e4 muistoja&#8230; kaikkialta: J\u00e4\u00e4merelt\u00e4 Kataloniaan, Koivurannasta Arezzoon, Petrellist\u00e4 Roomaan, Hangasojalta Kyr\u00f6\u00f6n, yliopistolta kotiin &#8230; Muistoja arjesta enimm\u00e4kseen juhlaan tai ainakin lomiin. Hyvi\u00e4 muistoja, &#8211;\u00a0 ehk\u00e4 juuri siksi suru niin syv\u00e4 ja suuri.<\/p>\n<p>Mutta sitten viel\u00e4 toinenkin humplahdus, uusi huoli.<\/p>\n<p>Mutta muistoista t\u00e4h\u00e4n p\u00e4iv\u00e4\u00e4n toivat, melkein repiv\u00e4t, pari pient\u00e4. Onneksi olivat muksut is\u00e4ll\u00e4\u00e4n ja t\u00e4n\u00e4\u00e4n mummilaan tulossa sy\u00f6m\u00e4\u00e4n &#8211; sain siit\u00e4 koko p\u00e4iv\u00e4ksi tekemist\u00e4, mik\u00e4 esti rypem\u00e4st\u00e4 kovin syviss\u00e4 vesiss\u00e4.<\/p>\n<p>Onneksi Juniori et al. tulivat, aikuisten my\u00f6t\u00e4halit l\u00e4mmittiv\u00e4t, ja pienten l\u00e4sn\u00e4olon \u00b4vaatimus\u00b4 (&#8221;mummi, kerro Tervahovista&#8221; \ud83d\ude42 )\u00a0 lohduttivat.<\/p>\n<p>Ja hyv\u00e4 ruoka, &#8212; tied\u00e4tteh\u00e4n:\u00a0 blinip\u00e4iv\u00e4llinen ja Nutella-laskiaispullat!<\/p>\n<p><a href=\"https:\/\/www.satokangas.fi\/blogi\/wp-content\/uploads\/2024\/01\/Tummiasavyja-7.jpg\"><img loading=\"lazy\" decoding=\"async\" data-attachment-id=\"48309\" data-permalink=\"https:\/\/www.satokangas.fi\/blogi\/2024\/01\/pinnalle-pyrkien\/tummiasavyja-7\/\" data-orig-file=\"https:\/\/www.satokangas.fi\/blogi\/wp-content\/uploads\/2024\/01\/Tummiasavyja-7.jpg\" data-orig-size=\"1000,667\" data-comments-opened=\"1\" data-image-title=\"Tummiasavyja-7\" data-image-description=\"\" data-image-caption=\"\" data-large-file=\"https:\/\/www.satokangas.fi\/blogi\/wp-content\/uploads\/2024\/01\/Tummiasavyja-7.jpg\" class=\"aligncenter size-full wp-image-48309\" src=\"https:\/\/www.satokangas.fi\/blogi\/wp-content\/uploads\/2024\/01\/Tummiasavyja-7.jpg\" alt=\"\" width=\"1000\" height=\"667\" srcset=\"https:\/\/www.satokangas.fi\/blogi\/wp-content\/uploads\/2024\/01\/Tummiasavyja-7.jpg 1000w, https:\/\/www.satokangas.fi\/blogi\/wp-content\/uploads\/2024\/01\/Tummiasavyja-7-600x400.jpg 600w, https:\/\/www.satokangas.fi\/blogi\/wp-content\/uploads\/2024\/01\/Tummiasavyja-7-300x200.jpg 300w, https:\/\/www.satokangas.fi\/blogi\/wp-content\/uploads\/2024\/01\/Tummiasavyja-7-768x512.jpg 768w, https:\/\/www.satokangas.fi\/blogi\/wp-content\/uploads\/2024\/01\/Tummiasavyja-7-90x60.jpg 90w\" sizes=\"auto, (max-width: 1000px) 100vw, 1000px\" \/><\/a><\/p>\n<p>&nbsp;<\/p>\n","protected":false},"excerpt":{"rendered":"<p>T\u00e4n\u00e4\u00e4n melkein elokuvallisesti vuosikymmeni\u00e4 virtasi muistoissa; hetki\u00e4, tuokioita, sanoja ja yhteisi\u00e4 kokemuksia. Aika levollisesti p\u00e4iv\u00e4 lipui, toki v\u00e4lill\u00e4 niin kyynelsilmin, etten mit\u00e4\u00e4n muuta kuin menneit\u00e4 mielikuvia n\u00e4hnyt. Niin paljon hyvi\u00e4 yhteisi\u00e4 muistoja&#8230; kaikkialta: J\u00e4\u00e4merelt\u00e4 Kataloniaan, Koivurannasta Arezzoon, Petrellist\u00e4 Roomaan, Hangasojalta Kyr\u00f6\u00f6n, yliopistolta kotiin &#8230; Muistoja arjesta enimm\u00e4kseen juhlaan tai ainakin lomiin. Hyvi\u00e4 muistoja, &#8211;\u00a0 ehk\u00e4 juuri siksi suru niin syv\u00e4 &hellip; <\/p>\n","protected":false},"author":1,"featured_media":48308,"comment_status":"open","ping_status":"open","sticky":false,"template":"","format":"standard","meta":{"_jetpack_newsletter_access":"","_jetpack_dont_email_post_to_subs":false,"_jetpack_newsletter_tier_id":0,"_jetpack_memberships_contains_paywalled_content":false,"_jetpack_feature_clip_id":0,"_jetpack_memberships_contains_paid_content":false,"footnotes":"","jetpack_publicize_message":"","jetpack_publicize_feature_enabled":true,"jetpack_social_post_already_shared":true,"jetpack_social_options":{"image_generator_settings":{"template":"highway","default_image_id":0,"font":"","enabled":false},"version":2},"jetpack_post_was_ever_published":false},"categories":[1],"tags":[],"class_list":["post-48307","post","type-post","status-publish","format-standard","has-post-thumbnail","hentry","category-aiheeton","latest_post"],"jetpack_publicize_connections":[],"jetpack_shortlink":"https:\/\/wp.me\/pr4p4-cz9","jetpack_sharing_enabled":true,"jetpack_likes_enabled":false,"jetpack-related-posts":[{"id":45430,"url":"https:\/\/www.satokangas.fi\/blogi\/2023\/05\/sumua-ja-muistoja\/","url_meta":{"origin":48307,"position":0},"title":"Sumua ja muistoja","author":"Reija","date":"1.5.2023","format":false,"excerpt":"Wappup\u00e4iv\u00e4n aamuna hyv\u00e4 vire l\u00e4hte\u00e4 kuvailemaan - semminkin kun oli ihan huippuhieno usva koko kaupungin yll\u00e4. Melkein maaginen tunnelma. Kummasti viihdyin hiljaisessa kaupungissa, - menneit\u00e4 vapppuja muistikuvissa. Ja taas: on hyv\u00e4 el\u00e4m\u00e4nvaihe nyt. Linnansaaressa (Oulun perinteinen vappupiknikin kokoontumispaikka) ei ollut kuin muutama \"ruokakunta\". Ja Teekkaritorvet. Ilo oli se! Vappup\u00e4iv\u00e4n (joskus\u2026","rel":"","context":"Kategoriassa &quot;Niit\u00e4 n\u00e4it\u00e4&quot;","block_context":{"text":"Niit\u00e4 n\u00e4it\u00e4","link":"https:\/\/www.satokangas.fi\/blogi\/category\/aiheeton\/"},"img":{"alt_text":"","src":"https:\/\/i0.wp.com\/www.satokangas.fi\/blogi\/wp-content\/uploads\/2023\/05\/vappuviikonloppu-17.jpg?resize=350%2C200&ssl=1","width":350,"height":200,"srcset":"https:\/\/i0.wp.com\/www.satokangas.fi\/blogi\/wp-content\/uploads\/2023\/05\/vappuviikonloppu-17.jpg?resize=350%2C200&ssl=1 1x, https:\/\/i0.wp.com\/www.satokangas.fi\/blogi\/wp-content\/uploads\/2023\/05\/vappuviikonloppu-17.jpg?resize=525%2C300&ssl=1 1.5x, https:\/\/i0.wp.com\/www.satokangas.fi\/blogi\/wp-content\/uploads\/2023\/05\/vappuviikonloppu-17.jpg?resize=700%2C400&ssl=1 2x"},"classes":[]},{"id":45909,"url":"https:\/\/www.satokangas.fi\/blogi\/2023\/06\/kouluvuosien-muistoissa\/","url_meta":{"origin":48307,"position":1},"title":"Kouluvuosien muistoissa","author":"Reija","date":"2.6.2023","format":false,"excerpt":"Olipa nostalginen, ajatuksia ja muistoja, kyyneleit\u00e4 ja ilon l\u00e4ik\u00e4hdyksi\u00e4 her\u00e4tt\u00e4v\u00e4 juhla t\u00e4n\u00e4\u00e4n. Koskettavia alumnien puheita, kohtaamisia, nuorten musiikkiesityksi\u00e4 ja lopuksi pianotaiteilija Risto Laurialan huikea Sibeliuksen oma sovitus Finlandiasta. En oikein tied\u00e4, mit\u00e4 odotin, mutta en ainakaan sit\u00e4, ett\u00e4 kyynelehdin ison ajan kahden tunnin juhlasta. Enk\u00e4 ollenkaan odottanut niin hienoja puheita.\u2026","rel":"","context":"Kategoriassa &quot;Historiaa&quot;","block_context":{"text":"Historiaa","link":"https:\/\/www.satokangas.fi\/blogi\/category\/historiaa\/"},"img":{"alt_text":"","src":"https:\/\/i0.wp.com\/www.satokangas.fi\/blogi\/wp-content\/uploads\/2023\/06\/3.jpg?resize=350%2C200&ssl=1","width":350,"height":200,"srcset":"https:\/\/i0.wp.com\/www.satokangas.fi\/blogi\/wp-content\/uploads\/2023\/06\/3.jpg?resize=350%2C200&ssl=1 1x, https:\/\/i0.wp.com\/www.satokangas.fi\/blogi\/wp-content\/uploads\/2023\/06\/3.jpg?resize=525%2C300&ssl=1 1.5x, https:\/\/i0.wp.com\/www.satokangas.fi\/blogi\/wp-content\/uploads\/2023\/06\/3.jpg?resize=700%2C400&ssl=1 2x, https:\/\/i0.wp.com\/www.satokangas.fi\/blogi\/wp-content\/uploads\/2023\/06\/3.jpg?resize=1050%2C600&ssl=1 3x, https:\/\/i0.wp.com\/www.satokangas.fi\/blogi\/wp-content\/uploads\/2023\/06\/3.jpg?resize=1400%2C800&ssl=1 4x"},"classes":[]},{"id":41794,"url":"https:\/\/www.satokangas.fi\/blogi\/2021\/10\/hetki-jonka-soisi-pysahtyvan\/","url_meta":{"origin":48307,"position":2},"title":"Hetki, jonka soisi pys\u00e4htyv\u00e4n","author":"Reija","date":"23.10.2021","format":false,"excerpt":"Tuntuu, varovaisesti ajatellen, ett\u00e4 koronan suurin kirous on jo ohi. Tuntuu hyv\u00e4lle, ett\u00e4 t\u00e4n\u00e4\u00e4n olemme viett\u00e4neet illan yst\u00e4vien parissa, k\u00e4telleet, unohtaneet maskit, istuneet l\u00e4hekk\u00e4in. Yhteisen aterian \u00e4\u00e4rell\u00e4. Hyvin sy\u00f6den, paljon kertoen, paljon kuunnellen. Sopivasti viini\u00e4 maistellen. Levollisesti monta tuntia yhteisen p\u00f6yd\u00e4n \u00e4\u00e4ress\u00e4 muistellen menneit\u00e4. Takana, mennein\u00e4 vuosikymmenin\u00e4 yli 300 tapaamista,\u2026","rel":"","context":"Kategoriassa &quot;Niit\u00e4 n\u00e4it\u00e4&quot;","block_context":{"text":"Niit\u00e4 n\u00e4it\u00e4","link":"https:\/\/www.satokangas.fi\/blogi\/category\/aiheeton\/"},"img":{"alt_text":"","src":"https:\/\/i0.wp.com\/www.satokangas.fi\/blogi\/wp-content\/uploads\/2016\/11\/BO-25-v-5.jpg?resize=350%2C200&ssl=1","width":350,"height":200,"srcset":"https:\/\/i0.wp.com\/www.satokangas.fi\/blogi\/wp-content\/uploads\/2016\/11\/BO-25-v-5.jpg?resize=350%2C200&ssl=1 1x, https:\/\/i0.wp.com\/www.satokangas.fi\/blogi\/wp-content\/uploads\/2016\/11\/BO-25-v-5.jpg?resize=525%2C300&ssl=1 1.5x, https:\/\/i0.wp.com\/www.satokangas.fi\/blogi\/wp-content\/uploads\/2016\/11\/BO-25-v-5.jpg?resize=700%2C400&ssl=1 2x"},"classes":[]},{"id":54199,"url":"https:\/\/www.satokangas.fi\/blogi\/2026\/03\/valilla-tuulee-kovempaa\/","url_meta":{"origin":48307,"position":3},"title":"V\u00e4lill\u00e4 tuulee kovempaa","author":"Reija","date":"27.3.2026","format":false,"excerpt":"\u201dJoskus tuulee v\u00e4h\u00e4n kovempaa\u201d, noin sanottiin jossain vast\u00b4ik\u00e4\u00e4n kuuntelemassani kirjassa kun siin\u00e4 oli puhetta surusta. T\u00e4n\u00e4\u00e4nkin on \u201dtuullut v\u00e4h\u00e4n kovempaa\u201d. Tuuli on minulle paljon muutakin kuin s\u00e4\u00e4ilmi\u00f6. Tuuli on suru, - toki muistoissa my\u00f6s ilo. Olenhan tuulen sisar, tuulen tyt\u00e4r, - tuuli itsekin. Suru muuttuu v\u00e4lill\u00e4, ehk\u00e4 lopulta, \u00b4vain\u00b4 ik\u00e4v\u00e4ksi.\u2026","rel":"","context":"Kategoriassa &quot;Niit\u00e4 n\u00e4it\u00e4&quot;","block_context":{"text":"Niit\u00e4 n\u00e4it\u00e4","link":"https:\/\/www.satokangas.fi\/blogi\/category\/aiheeton\/"},"img":{"alt_text":"","src":"https:\/\/i0.wp.com\/www.satokangas.fi\/blogi\/wp-content\/uploads\/2025\/05\/Lemmikit_R.jpg?resize=350%2C200&ssl=1","width":350,"height":200,"srcset":"https:\/\/i0.wp.com\/www.satokangas.fi\/blogi\/wp-content\/uploads\/2025\/05\/Lemmikit_R.jpg?resize=350%2C200&ssl=1 1x, https:\/\/i0.wp.com\/www.satokangas.fi\/blogi\/wp-content\/uploads\/2025\/05\/Lemmikit_R.jpg?resize=525%2C300&ssl=1 1.5x, https:\/\/i0.wp.com\/www.satokangas.fi\/blogi\/wp-content\/uploads\/2025\/05\/Lemmikit_R.jpg?resize=700%2C400&ssl=1 2x, https:\/\/i0.wp.com\/www.satokangas.fi\/blogi\/wp-content\/uploads\/2025\/05\/Lemmikit_R.jpg?resize=1050%2C600&ssl=1 3x"},"classes":[]},{"id":5147,"url":"https:\/\/www.satokangas.fi\/blogi\/2009\/11\/menneessa-taas\/","url_meta":{"origin":48307,"position":4},"title":"Menneess\u00e4 &#8211; taas","author":"Reija","date":"17.11.2009","format":false,"excerpt":"T\u00e4n\u00e4\u00e4n on tarvittu niit\u00e4 varastoja joita ker\u00e4t\u00e4\u00e4n kes\u00e4ll\u00e4: aurinkoisia aamuja, leppe\u00e4\u00e4 kes\u00e4tuulta iholla, luonnon \u00e4\u00e4ni\u00e4, Hangasojan solinaa, yst\u00e4vien naurua, meren tuoksua aamulenkill\u00e4, rullaluistelusta raukeiden lihasten rentoutta, grillist\u00e4 l\u00e4htevien tuoksujen her\u00e4tt\u00e4mi\u00e4 ennakkoaavistuksia tulevista makunautinnoista. T\u00e4n\u00e4\u00e4n olen viipyillyt niiss\u00e4 muistoissa, joita kes\u00e4ll\u00e4 tarkoituksella haettiin talvea varten: tuokio Visavuoren illansuussa, auringonlasku Rosesissa, hein\u00e4kuun\u2026","rel":"","context":"Kategoriassa &quot;Niit\u00e4 n\u00e4it\u00e4&quot;","block_context":{"text":"Niit\u00e4 n\u00e4it\u00e4","link":"https:\/\/www.satokangas.fi\/blogi\/category\/aiheeton\/"},"img":{"alt_text":"","src":"","width":0,"height":0},"classes":[]},{"id":50092,"url":"https:\/\/www.satokangas.fi\/blogi\/2024\/07\/viili-heratti-muistoja\/","url_meta":{"origin":48307,"position":5},"title":"Viili her\u00e4tti muistoja","author":"Reija","date":"17.7.2024","format":false,"excerpt":"Kes\u00e4fiilis. T\u00e4n\u00e4\u00e4n on Oulussa ollut oikea kaunis, l\u00e4mmin, melkein helteinen kes\u00e4p\u00e4iv\u00e4. Aamulenkille ei mit\u00e4\u00e4n pitk\u00e4hihasta tarvinnut, ei edes pahasti tuullut. T\u00e4ytel\u00e4ist\u00e4 vihre\u00e4\u00e4. En ole onko \u00b4vihanta\u00b4oikea sana, mutta se tuli mieleen monta kertaa. Ja kes\u00e4. Kes\u00e4fiilikseen kuuluu my\u00f6s viili. Sy\u00f6n sit\u00e4 nykyisin hyvin harvoin, mutta t\u00e4n\u00e4\u00e4n oli kes\u00e4viilin aika. Ja\u2026","rel":"","context":"Kategoriassa &quot;Niit\u00e4 n\u00e4it\u00e4&quot;","block_context":{"text":"Niit\u00e4 n\u00e4it\u00e4","link":"https:\/\/www.satokangas.fi\/blogi\/category\/aiheeton\/"},"img":{"alt_text":"","src":"https:\/\/i0.wp.com\/www.satokangas.fi\/blogi\/wp-content\/uploads\/2021\/06\/Kissankellot-2.jpg?resize=350%2C200&ssl=1","width":350,"height":200,"srcset":"https:\/\/i0.wp.com\/www.satokangas.fi\/blogi\/wp-content\/uploads\/2021\/06\/Kissankellot-2.jpg?resize=350%2C200&ssl=1 1x, https:\/\/i0.wp.com\/www.satokangas.fi\/blogi\/wp-content\/uploads\/2021\/06\/Kissankellot-2.jpg?resize=525%2C300&ssl=1 1.5x, https:\/\/i0.wp.com\/www.satokangas.fi\/blogi\/wp-content\/uploads\/2021\/06\/Kissankellot-2.jpg?resize=700%2C400&ssl=1 2x"},"classes":[]}],"jetpack_featured_media_url":"https:\/\/www.satokangas.fi\/blogi\/wp-content\/uploads\/2024\/01\/Tummiasavyja-6.jpg","_links":{"self":[{"href":"https:\/\/www.satokangas.fi\/blogi\/wp-json\/wp\/v2\/posts\/48307","targetHints":{"allow":["GET"]}}],"collection":[{"href":"https:\/\/www.satokangas.fi\/blogi\/wp-json\/wp\/v2\/posts"}],"about":[{"href":"https:\/\/www.satokangas.fi\/blogi\/wp-json\/wp\/v2\/types\/post"}],"author":[{"embeddable":true,"href":"https:\/\/www.satokangas.fi\/blogi\/wp-json\/wp\/v2\/users\/1"}],"replies":[{"embeddable":true,"href":"https:\/\/www.satokangas.fi\/blogi\/wp-json\/wp\/v2\/comments?post=48307"}],"version-history":[{"count":0,"href":"https:\/\/www.satokangas.fi\/blogi\/wp-json\/wp\/v2\/posts\/48307\/revisions"}],"wp:featuredmedia":[{"embeddable":true,"href":"https:\/\/www.satokangas.fi\/blogi\/wp-json\/wp\/v2\/media\/48308"}],"wp:attachment":[{"href":"https:\/\/www.satokangas.fi\/blogi\/wp-json\/wp\/v2\/media?parent=48307"}],"wp:term":[{"taxonomy":"category","embeddable":true,"href":"https:\/\/www.satokangas.fi\/blogi\/wp-json\/wp\/v2\/categories?post=48307"},{"taxonomy":"post_tag","embeddable":true,"href":"https:\/\/www.satokangas.fi\/blogi\/wp-json\/wp\/v2\/tags?post=48307"}],"curies":[{"name":"wp","href":"https:\/\/api.w.org\/{rel}","templated":true}]}}