{"id":48290,"date":"2024-01-18T20:53:54","date_gmt":"2024-01-18T18:53:54","guid":{"rendered":"https:\/\/www.satokangas.fi\/blogi\/?p=48290"},"modified":"2024-01-19T08:17:29","modified_gmt":"2024-01-19T06:17:29","slug":"pakkasella-mielellaan-sisalla","status":"publish","type":"post","link":"https:\/\/www.satokangas.fi\/blogi\/2024\/01\/pakkasella-mielellaan-sisalla\/","title":{"rendered":"Pakkasella mielell\u00e4\u00e4n sis\u00e4ll\u00e4"},"content":{"rendered":"<p style=\"text-align: left;\">P\u00e4iv\u00e4 kulunut paljolti koneella. Kuvapaketti onkin nyt valmis ja sill\u00e4 hyv\u00e4.<\/p>\n<p style=\"text-align: left;\">Keskeytinkin homman sent\u00e4\u00e4n v\u00e4lill\u00e4: oli tarve tehd\u00e4 lohtupullaa, ja sapuskankin kokkailin (<strong><a href=\"https:\/\/www.satokangas.fi\/blogi\/2023\/01\/kanaruokaa-maailmalla-ja-meilla\/\" target=\"_blank\" rel=\"noopener\">broilerin jauhelihapihvit<\/a> <\/strong>pitk\u00e4st\u00e4 aikaa. Edelleen voin suositella).<\/p>\n<p style=\"text-align: left;\">Uloskin oli p\u00e4\u00e4st\u00e4v\u00e4, tai siis ajattelin, ett\u00e4 voisi tehd\u00e4 hyv\u00e4\u00e4 v\u00e4h\u00e4n ulkoillakin. Ajattelin niin, koska on t\u00e4ss\u00e4 mennyt monta p\u00e4iv\u00e4\u00e4 sis\u00e4ll\u00e4. Ajelin Tuiraan, ja siit\u00e4 sitten jokirantaan ja kohti Ainolaa.<\/p>\n<p style=\"text-align: justify;\"><a href=\"https:\/\/www.satokangas.fi\/blogi\/wp-content\/uploads\/2024\/01\/pakkanen-1.jpg\"><img loading=\"lazy\" decoding=\"async\" data-attachment-id=\"48294\" data-permalink=\"https:\/\/www.satokangas.fi\/blogi\/2024\/01\/pakkasella-mielellaan-sisalla\/pakkanen-12\/\" data-orig-file=\"https:\/\/www.satokangas.fi\/blogi\/wp-content\/uploads\/2024\/01\/pakkanen-1.jpg\" data-orig-size=\"1000,727\" data-comments-opened=\"1\" data-image-title=\"pakkanen\" data-image-description=\"\" data-image-caption=\"\" data-large-file=\"https:\/\/www.satokangas.fi\/blogi\/wp-content\/uploads\/2024\/01\/pakkanen-1-917x667.jpg\" class=\"aligncenter size-large wp-image-48294\" src=\"https:\/\/www.satokangas.fi\/blogi\/wp-content\/uploads\/2024\/01\/pakkanen-1-917x667.jpg\" alt=\"\" width=\"780\" height=\"567\" srcset=\"https:\/\/www.satokangas.fi\/blogi\/wp-content\/uploads\/2024\/01\/pakkanen-1-917x667.jpg 917w, https:\/\/www.satokangas.fi\/blogi\/wp-content\/uploads\/2024\/01\/pakkanen-1-550x400.jpg 550w, https:\/\/www.satokangas.fi\/blogi\/wp-content\/uploads\/2024\/01\/pakkanen-1-275x200.jpg 275w, https:\/\/www.satokangas.fi\/blogi\/wp-content\/uploads\/2024\/01\/pakkanen-1-768x558.jpg 768w, https:\/\/www.satokangas.fi\/blogi\/wp-content\/uploads\/2024\/01\/pakkanen-1-83x60.jpg 83w, https:\/\/www.satokangas.fi\/blogi\/wp-content\/uploads\/2024\/01\/pakkanen-1.jpg 1000w\" sizes=\"auto, (max-width: 780px) 100vw, 780px\" \/><\/a><\/p>\n<p style=\"text-align: left;\">Mutta sep\u00e4 ei sitten ollutkaan mik\u00e4\u00e4n loisto idea: oli ihan hirmu viheli\u00e4inen, pist\u00e4v\u00e4 tuuli. Pakkasta ei en\u00e4\u00e4 kahtakymment\u00e4k\u00e4\u00e4n, mutta it\u00e4tuuli! Puolen tunnin ja muutaman kuvan j\u00e4lkeen palasin autolle ja huristelin kotiin. Ei oo pakko ulkoilla!<\/p>\n<p style=\"text-align: justify;\"><a href=\"https:\/\/www.satokangas.fi\/blogi\/wp-content\/uploads\/2024\/01\/pakkanen-2-1.jpg\"><img loading=\"lazy\" decoding=\"async\" data-attachment-id=\"48295\" data-permalink=\"https:\/\/www.satokangas.fi\/blogi\/2024\/01\/pakkasella-mielellaan-sisalla\/pakkanen-2-4\/\" data-orig-file=\"https:\/\/www.satokangas.fi\/blogi\/wp-content\/uploads\/2024\/01\/pakkanen-2-1.jpg\" data-orig-size=\"1000,667\" data-comments-opened=\"1\" data-image-title=\"pakkanen-2\" data-image-description=\"\" data-image-caption=\"\" data-large-file=\"https:\/\/www.satokangas.fi\/blogi\/wp-content\/uploads\/2024\/01\/pakkanen-2-1.jpg\" class=\"aligncenter size-full wp-image-48295\" src=\"https:\/\/www.satokangas.fi\/blogi\/wp-content\/uploads\/2024\/01\/pakkanen-2-1.jpg\" alt=\"\" width=\"1000\" height=\"667\" srcset=\"https:\/\/www.satokangas.fi\/blogi\/wp-content\/uploads\/2024\/01\/pakkanen-2-1.jpg 1000w, https:\/\/www.satokangas.fi\/blogi\/wp-content\/uploads\/2024\/01\/pakkanen-2-1-600x400.jpg 600w, https:\/\/www.satokangas.fi\/blogi\/wp-content\/uploads\/2024\/01\/pakkanen-2-1-300x200.jpg 300w, https:\/\/www.satokangas.fi\/blogi\/wp-content\/uploads\/2024\/01\/pakkanen-2-1-768x512.jpg 768w, https:\/\/www.satokangas.fi\/blogi\/wp-content\/uploads\/2024\/01\/pakkanen-2-1-90x60.jpg 90w\" sizes=\"auto, (max-width: 1000px) 100vw, 1000px\" \/><\/a><\/p>\n<p style=\"text-align: justify;\">Ja lehti viel\u00e4 puussa! T\u00e4m\u00e4n talven kummallinen ilmi\u00f6. Oikeastaan ihan kauniskin.<\/p>\n","protected":false},"excerpt":{"rendered":"<p>P\u00e4iv\u00e4 kulunut paljolti koneella. Kuvapaketti onkin nyt valmis ja sill\u00e4 hyv\u00e4. Keskeytinkin homman sent\u00e4\u00e4n v\u00e4lill\u00e4: oli tarve tehd\u00e4 lohtupullaa, ja sapuskankin kokkailin (broilerin jauhelihapihvit pitk\u00e4st\u00e4 aikaa. Edelleen voin suositella). Uloskin oli p\u00e4\u00e4st\u00e4v\u00e4, tai siis ajattelin, ett\u00e4 voisi tehd\u00e4 hyv\u00e4\u00e4 v\u00e4h\u00e4n ulkoillakin. Ajattelin niin, koska on t\u00e4ss\u00e4 mennyt monta p\u00e4iv\u00e4\u00e4 sis\u00e4ll\u00e4. Ajelin Tuiraan, ja siit\u00e4 sitten jokirantaan ja kohti Ainolaa. Mutta &hellip; <\/p>\n","protected":false},"author":1,"featured_media":48296,"comment_status":"open","ping_status":"open","sticky":false,"template":"","format":"standard","meta":{"_jetpack_newsletter_access":"","_jetpack_dont_email_post_to_subs":false,"_jetpack_newsletter_tier_id":0,"_jetpack_memberships_contains_paywalled_content":false,"_jetpack_feature_clip_id":0,"_jetpack_memberships_contains_paid_content":false,"footnotes":"","jetpack_publicize_message":"","jetpack_publicize_feature_enabled":true,"jetpack_social_post_already_shared":true,"jetpack_social_options":{"image_generator_settings":{"template":"highway","default_image_id":0,"font":"","enabled":false},"version":2},"jetpack_post_was_ever_published":false},"categories":[1],"tags":[],"class_list":["post-48290","post","type-post","status-publish","format-standard","has-post-thumbnail","hentry","category-aiheeton","latest_post"],"jetpack_publicize_connections":[],"jetpack_shortlink":"https:\/\/wp.me\/pr4p4-cyS","jetpack_sharing_enabled":true,"jetpack_likes_enabled":false,"jetpack-related-posts":[{"id":31510,"url":"https:\/\/www.satokangas.fi\/blogi\/2017\/08\/menneessa\/","url_meta":{"origin":48290,"position":0},"title":"Menneess\u00e4","author":"Reija","date":"4.8.2017","format":false,"excerpt":"M(in\u00e4): \u00a0Huomenta :) On ihana aamu. V(irastomestari): Kes\u00e4huomenta ... Niin on. M: Olisin niin hyvin voinut j\u00e4\u00e4d\u00e4 ulos. Sis\u00e4lle tuleminen ei oikeastaan innosta... Ahistaa t\u00e4m\u00e4 huono ilma... V: Ymm\u00e4rr\u00e4n. Min\u00e4kin olisin. M: Vaikka hyv\u00e4h\u00e4n se on, ett\u00e4 on t\u00f6it\u00e4. V: Niin ja tykk\u00e4\u00e4t kuitenkin. Kyll\u00e4 se t\u00e4st\u00e4. Kuinkahan monena elokuun\u2026","rel":"","context":"Kategoriassa &quot;Niit\u00e4 n\u00e4it\u00e4&quot;","block_context":{"text":"Niit\u00e4 n\u00e4it\u00e4","link":"https:\/\/www.satokangas.fi\/blogi\/category\/aiheeton\/"},"img":{"alt_text":"","src":"https:\/\/i0.wp.com\/www.satokangas.fi\/blogi\/wp-content\/uploads\/2017\/08\/Hetki-3.jpg?resize=350%2C200&ssl=1","width":350,"height":200,"srcset":"https:\/\/i0.wp.com\/www.satokangas.fi\/blogi\/wp-content\/uploads\/2017\/08\/Hetki-3.jpg?resize=350%2C200&ssl=1 1x, https:\/\/i0.wp.com\/www.satokangas.fi\/blogi\/wp-content\/uploads\/2017\/08\/Hetki-3.jpg?resize=525%2C300&ssl=1 1.5x, https:\/\/i0.wp.com\/www.satokangas.fi\/blogi\/wp-content\/uploads\/2017\/08\/Hetki-3.jpg?resize=700%2C400&ssl=1 2x"},"classes":[]},{"id":27353,"url":"https:\/\/www.satokangas.fi\/blogi\/2016\/01\/monta-hommaa\/","url_meta":{"origin":48290,"position":1},"title":"Monta hommaa","author":"Reija","date":"11.1.2016","format":false,"excerpt":"Kampaaja, Laanilan historia -palaveri, paistink\u00e4\u00e4nt\u00e4jien voutineuvoston kokous, laskut, posti, ja Oulun Kuvasta langattoman laukaisijan ostaminen, viherkasvien huolto ja joulun \"poisto\" kotoa on ollut reissun j\u00e4lkeisen maanantaina ohjelmassa. Ja jossain v\u00e4liss\u00e4, sauhutessa paikasta toiseen, mietin, ett\u00e4 miten min\u00e4 joskus mennein\u00e4 vuosina olen ehtinyt ollenkaan t\u00f6iss\u00e4 k\u00e4yd\u00e4. No en min\u00e4 ollutkaan joulun\u2026","rel":"","context":"Kategoriassa &quot;Valokuvaus&quot;","block_context":{"text":"Valokuvaus","link":"https:\/\/www.satokangas.fi\/blogi\/category\/valokuvaus\/"},"img":{"alt_text":"Reijat  (1)","src":"https:\/\/i0.wp.com\/www.satokangas.fi\/blogi\/wp-content\/uploads\/2016\/01\/Reijat-1-600x385.jpg?resize=350%2C200&ssl=1","width":350,"height":200,"srcset":"https:\/\/i0.wp.com\/www.satokangas.fi\/blogi\/wp-content\/uploads\/2016\/01\/Reijat-1-600x385.jpg?resize=350%2C200&ssl=1 1x, https:\/\/i0.wp.com\/www.satokangas.fi\/blogi\/wp-content\/uploads\/2016\/01\/Reijat-1-600x385.jpg?resize=525%2C300&ssl=1 1.5x"},"classes":[]},{"id":30231,"url":"https:\/\/www.satokangas.fi\/blogi\/2017\/02\/helmikuun-sunnuntaina-herkkuja\/","url_meta":{"origin":48290,"position":2},"title":"Helmikuun sunnuntaina herkkuja","author":"Reija","date":"5.2.2017","format":false,"excerpt":"Kuvia ja kokkaamista, siin\u00e4 t\u00e4m\u00e4n sunnuntain speksit. Ja k\u00e4vin ripe\u00e4n sauvak\u00e4velynkin keskip\u00e4iv\u00e4ll\u00e4, -- olkavarsi ei muuten kest\u00e4 n\u00e4it\u00e4 pitki\u00e4 kuvank\u00e4sittelyp\u00e4ivi\u00e4 koneella. Totaalisen kotiviikonlopun \"ateriaj\u00e4rjestyst\u00e4\" - kuten viel\u00e4 100 vuotta sitten asia ilmaistiin - miettiess\u00e4 ajattelin, ett\u00e4 olisi blinien aika. Nyt jos koskaan. Ja kuinka ollakkaan, juuri niit\u00e4 olivat my\u00f6s Mini\u00e4\u2026","rel":"","context":"Kategoriassa &quot;Ruoka ja viini&quot;","block_context":{"text":"Ruoka ja viini","link":"https:\/\/www.satokangas.fi\/blogi\/category\/ruoka_ja_viini\/"},"img":{"alt_text":"","src":"https:\/\/i0.wp.com\/www.satokangas.fi\/blogi\/wp-content\/uploads\/2017\/02\/b-4-400x400.jpg?resize=350%2C200&ssl=1","width":350,"height":200},"classes":[]},{"id":14943,"url":"https:\/\/www.satokangas.fi\/blogi\/2012\/07\/kuvista-asiaa\/","url_meta":{"origin":48290,"position":3},"title":"Kuvista asiaa","author":"Reija","date":"31.7.2012","format":false,"excerpt":"Viikon kuvat vaihdoin sivupalkkiin. Olen sinisell\u00e4 tuulella. (klikkaamalla pikkukuvia kahdesti p\u00e4\u00e4set n\u00e4kem\u00e4\u00e4n ne isompina) Edellisist\u00e4 kukkakuvista tein kollaasin. Ja samalla mietin, ett\u00e4 tavoitteeni kuvata muutakin kuin kukkia, ruokaa, maisemia ja rakennuksia tai niiden osia (ovet ja ikkunat ehdottomia suosikkeja kuvauskohteissani) en ole juuri tavoitteeseeni p\u00e4\u00e4ssyt. Enk\u00e4 edelleenk\u00e4\u00e4n juuri kuvaa sis\u00e4ll\u00e4.\u2026","rel":"","context":"Kategoriassa &quot;Valokuvaus&quot;","block_context":{"text":"Valokuvaus","link":"https:\/\/www.satokangas.fi\/blogi\/category\/valokuvaus\/"},"img":{"alt_text":"","src":"https:\/\/i0.wp.com\/www.satokangas.fi\/blogi\/wp-content\/uploads\/Viikon-kuva-kollaasi-400x400.jpg?resize=350%2C200&ssl=1","width":350,"height":200},"classes":[]},{"id":25340,"url":"https:\/\/www.satokangas.fi\/blogi\/2015\/07\/mokilla-enimmakseen-sisalla\/","url_meta":{"origin":48290,"position":4},"title":"M\u00f6kill\u00e4 enimm\u00e4kseen sis\u00e4ll\u00e4","author":"Reija","date":"25.7.2015","format":false,"excerpt":"Eih\u00e4n t\u00e4n\u00e4\u00e4n mik\u00e4\u00e4n huippus\u00e4\u00e4 ole m\u00f6kill\u00e4 ollut. Mik\u00e4 merkitsi, ett\u00e4 oli hyv\u00e4 tehd\u00e4 metsurihommia ja v\u00e4h\u00e4n leipoa. Sitruunakakusta tuli aurinko! Emme me kakkua kaksistaan sy\u00f6neet. VMP = varamiespalvelu = hyv\u00e4t yst\u00e4v\u00e4t, jotka tulivat t\u00e4nne seuraksemme viidennen - tai kymmenennen tai jotain silt\u00e4 v\u00e4lilt\u00e4 - kerran muutamaksi p\u00e4iv\u00e4ksi, olivat seuranamme ruokap\u00f6yd\u00e4ss\u00e4.\u2026","rel":"","context":"Kategoriassa &quot;Historiaa&quot;","block_context":{"text":"Historiaa","link":"https:\/\/www.satokangas.fi\/blogi\/category\/historiaa\/"},"img":{"alt_text":"Sis\u00e4el\u00e4m\u00e4\u00e4","src":"https:\/\/i0.wp.com\/www.satokangas.fi\/blogi\/wp-content\/uploads\/2015\/07\/Sis%C3%A4el%C3%A4m%C3%A4%C3%A4-267x400.jpg?resize=350%2C200&ssl=1","width":350,"height":200},"classes":[]},{"id":12788,"url":"https:\/\/www.satokangas.fi\/blogi\/2011\/11\/ulkona-ja-sisalla\/","url_meta":{"origin":48290,"position":5},"title":"Ulkona ja sis\u00e4ll\u00e4","author":"Reija","date":"6.11.2011","format":false,"excerpt":"Merenrannassa aamulla sorsat eiv\u00e4t halunneet kaislikosta l\u00e4hte\u00e4, lokitkin olivat hiljaa, lenteliv\u00e4t vain ilmavirran viem\u00e4n\u00e4 hiljalleen. Nallikarin aallonmurtajaa ei n\u00e4kynyt. Vaisua, kalseaa. Puistossa siltojen kannet liukkaita kosteudesta.\u00a0 Toppilassa talojen v\u00e4list\u00e4 tuuli puhalsi hyyt\u00e4v\u00e4sti. Ja siltikin oli hyv\u00e4 k\u00e4vell\u00e4. Reippaasti, paljon. Sain happea, raitista ilmaa, jolle osaa kyll\u00e4 Kiinan reissun j\u00e4lkeen kummasti\u2026","rel":"","context":"Kategoriassa &quot;Niit\u00e4 n\u00e4it\u00e4&quot;","block_context":{"text":"Niit\u00e4 n\u00e4it\u00e4","link":"https:\/\/www.satokangas.fi\/blogi\/category\/aiheeton\/"},"img":{"alt_text":"","src":"","width":0,"height":0},"classes":[]}],"jetpack_featured_media_url":"https:\/\/www.satokangas.fi\/blogi\/wp-content\/uploads\/2024\/01\/pakkanen-3-1.jpg","_links":{"self":[{"href":"https:\/\/www.satokangas.fi\/blogi\/wp-json\/wp\/v2\/posts\/48290","targetHints":{"allow":["GET"]}}],"collection":[{"href":"https:\/\/www.satokangas.fi\/blogi\/wp-json\/wp\/v2\/posts"}],"about":[{"href":"https:\/\/www.satokangas.fi\/blogi\/wp-json\/wp\/v2\/types\/post"}],"author":[{"embeddable":true,"href":"https:\/\/www.satokangas.fi\/blogi\/wp-json\/wp\/v2\/users\/1"}],"replies":[{"embeddable":true,"href":"https:\/\/www.satokangas.fi\/blogi\/wp-json\/wp\/v2\/comments?post=48290"}],"version-history":[{"count":0,"href":"https:\/\/www.satokangas.fi\/blogi\/wp-json\/wp\/v2\/posts\/48290\/revisions"}],"wp:featuredmedia":[{"embeddable":true,"href":"https:\/\/www.satokangas.fi\/blogi\/wp-json\/wp\/v2\/media\/48296"}],"wp:attachment":[{"href":"https:\/\/www.satokangas.fi\/blogi\/wp-json\/wp\/v2\/media?parent=48290"}],"wp:term":[{"taxonomy":"category","embeddable":true,"href":"https:\/\/www.satokangas.fi\/blogi\/wp-json\/wp\/v2\/categories?post=48290"},{"taxonomy":"post_tag","embeddable":true,"href":"https:\/\/www.satokangas.fi\/blogi\/wp-json\/wp\/v2\/tags?post=48290"}],"curies":[{"name":"wp","href":"https:\/\/api.w.org\/{rel}","templated":true}]}}