{"id":48082,"date":"2024-01-07T19:49:21","date_gmt":"2024-01-07T17:49:21","guid":{"rendered":"https:\/\/www.satokangas.fi\/blogi\/?p=48082"},"modified":"2024-01-15T09:09:06","modified_gmt":"2024-01-15T07:09:06","slug":"onnistumisia-ja-sitten-ei","status":"publish","type":"post","link":"https:\/\/www.satokangas.fi\/blogi\/2024\/01\/onnistumisia-ja-sitten-ei\/","title":{"rendered":"Onnistumisia &#8211; ja sitten ei&#8230;"},"content":{"rendered":"<p style=\"text-align: justify;\">Monille asioille piste t\u00e4n\u00e4\u00e4n.<\/p>\n<p style=\"text-align: justify;\">Joulun, m\u00f6kkielon, v\u00e4lip\u00e4ivien, uudenvuoden, taas v\u00e4lip\u00e4ivien, loppiaisen, ja nyt sen j\u00e4lkeisen sunnuntain pys\u00e4hdys! Ihan tuhannen hukassa olen ollut p\u00e4ivien, viikonp\u00e4ivien, jopa kellonaikojen kanssa, mutta t\u00e4n\u00e4\u00e4n. T\u00e4n\u00e4\u00e4n on ollut p\u00e4iv\u00e4, jolloin moni asia nyt valmis, p\u00e4\u00e4t\u00f6ksess\u00e4, tehty.<\/p>\n<p style=\"text-align: justify;\">Ja t\u00e4n\u00e4\u00e4n jo oli sopivasti pakkasta, ett\u00e4 lenkist\u00e4 tuli pitk\u00e4 ja nautittava. Huomenna jo niin lauhaa, ett\u00e4 ladulle?<\/p>\n<p style=\"text-align: justify;\"><a href=\"https:\/\/www.satokangas.fi\/blogi\/wp-content\/uploads\/2024\/01\/2024_1-16.jpg\"><img loading=\"lazy\" decoding=\"async\" data-attachment-id=\"48213\" data-permalink=\"https:\/\/www.satokangas.fi\/blogi\/2024\/01\/onnistumisia-ja-sitten-ei\/2024_1-16\/\" data-orig-file=\"https:\/\/www.satokangas.fi\/blogi\/wp-content\/uploads\/2024\/01\/2024_1-16.jpg\" data-orig-size=\"533,800\" data-comments-opened=\"1\" data-image-meta=\"{&quot;aperture&quot;:&quot;2.8&quot;,&quot;credit&quot;:&quot;&quot;,&quot;camera&quot;:&quot;Canon EOS R6m2&quot;,&quot;caption&quot;:&quot;&quot;,&quot;created_timestamp&quot;:&quot;1704631355&quot;,&quot;copyright&quot;:&quot;&quot;,&quot;focal_length&quot;:&quot;70&quot;,&quot;iso&quot;:&quot;1600&quot;,&quot;shutter_speed&quot;:&quot;0.00025&quot;,&quot;title&quot;:&quot;&quot;,&quot;orientation&quot;:&quot;0&quot;}\" data-image-title=\"2024_1-16\" data-image-description=\"\" data-image-caption=\"\" data-large-file=\"https:\/\/www.satokangas.fi\/blogi\/wp-content\/uploads\/2024\/01\/2024_1-16-444x667.jpg\" class=\"aligncenter size-large wp-image-48213\" src=\"https:\/\/www.satokangas.fi\/blogi\/wp-content\/uploads\/2024\/01\/2024_1-16-444x667.jpg\" alt=\"\" width=\"444\" height=\"667\" srcset=\"https:\/\/www.satokangas.fi\/blogi\/wp-content\/uploads\/2024\/01\/2024_1-16-444x667.jpg 444w, https:\/\/www.satokangas.fi\/blogi\/wp-content\/uploads\/2024\/01\/2024_1-16-267x400.jpg 267w, https:\/\/www.satokangas.fi\/blogi\/wp-content\/uploads\/2024\/01\/2024_1-16-133x200.jpg 133w, https:\/\/www.satokangas.fi\/blogi\/wp-content\/uploads\/2024\/01\/2024_1-16-40x60.jpg 40w, https:\/\/www.satokangas.fi\/blogi\/wp-content\/uploads\/2024\/01\/2024_1-16.jpg 533w\" sizes=\"auto, (max-width: 444px) 100vw, 444px\" \/><\/a><\/p>\n<p style=\"text-align: justify;\">Yl\u00e4kuva on noin kilometrin p\u00e4\u00e4ss\u00e4 kotoamme. Siin\u00e4 on minun kansakouluni ja kuvan keskell\u00e4 on ekan luokkani ikkuna.<\/p>\n<p style=\"text-align: justify;\"><a href=\"https:\/\/www.satokangas.fi\/blogi\/wp-content\/uploads\/2024\/01\/2024_1-19.jpg\"><img loading=\"lazy\" decoding=\"async\" data-attachment-id=\"48215\" data-permalink=\"https:\/\/www.satokangas.fi\/blogi\/2024\/01\/onnistumisia-ja-sitten-ei\/2024_1-19\/\" data-orig-file=\"https:\/\/www.satokangas.fi\/blogi\/wp-content\/uploads\/2024\/01\/2024_1-19.jpg\" data-orig-size=\"800,517\" data-comments-opened=\"1\" data-image-meta=\"{&quot;aperture&quot;:&quot;4&quot;,&quot;credit&quot;:&quot;&quot;,&quot;camera&quot;:&quot;Canon EOS R6m2&quot;,&quot;caption&quot;:&quot;&quot;,&quot;created_timestamp&quot;:&quot;1704632916&quot;,&quot;copyright&quot;:&quot;&quot;,&quot;focal_length&quot;:&quot;70&quot;,&quot;iso&quot;:&quot;800&quot;,&quot;shutter_speed&quot;:&quot;0.00125&quot;,&quot;title&quot;:&quot;&quot;,&quot;orientation&quot;:&quot;0&quot;}\" data-image-title=\"2024_1-19\" data-image-description=\"\" data-image-caption=\"\" data-large-file=\"https:\/\/www.satokangas.fi\/blogi\/wp-content\/uploads\/2024\/01\/2024_1-19.jpg\" class=\"aligncenter size-full wp-image-48215\" src=\"https:\/\/www.satokangas.fi\/blogi\/wp-content\/uploads\/2024\/01\/2024_1-19.jpg\" alt=\"\" width=\"800\" height=\"517\" srcset=\"https:\/\/www.satokangas.fi\/blogi\/wp-content\/uploads\/2024\/01\/2024_1-19.jpg 800w, https:\/\/www.satokangas.fi\/blogi\/wp-content\/uploads\/2024\/01\/2024_1-19-600x388.jpg 600w, https:\/\/www.satokangas.fi\/blogi\/wp-content\/uploads\/2024\/01\/2024_1-19-300x194.jpg 300w, https:\/\/www.satokangas.fi\/blogi\/wp-content\/uploads\/2024\/01\/2024_1-19-768x496.jpg 768w, https:\/\/www.satokangas.fi\/blogi\/wp-content\/uploads\/2024\/01\/2024_1-19-93x60.jpg 93w\" sizes=\"auto, (max-width: 800px) 100vw, 800px\" \/><\/a><\/p>\n<p style=\"text-align: justify;\">Merenrantaan kulkuni taas kerran vei. Kaunista on t\u00e4\u00e4ll\u00e4 alavilla maillakin. Maisema tasaannuttaa&#8230;<\/p>\n<p style=\"text-align: justify;\">Yksi t\u00e4n\u00e4\u00e4n valmistuneista jutuista on riddari (tai oikeammin mukaelma Kria\u00b4sta ~ Tiira) Emmiliinille. (Alkuper\u00e4inen villatakin ohje l\u00f6ytyy kirjasta <b><i>Islantilaisia neuleita<\/i><\/b>.) T\u00e4m\u00e4 taisi olla viidestoista islantilais-norjalainen kaarrokeneule, jonka sain valmiiksi, enk\u00e4 ole yht\u00e4k\u00e4\u00e4n kaarroketta aiemmin purkanut n\u00e4in monta kertaa. Sen siit\u00e4 saa kun taitamaton yritt\u00e4\u00e4 sovellella. Tosin Apsun <a href=\"https:\/\/www.satokangas.fi\/blogi\/2023\/04\/kylmaa-ja-lamminta\/\" target=\"_blank\" rel=\"noopener\">Mario-paita<\/a> jos joku oli sovellusta ja se onnistui ihan hyvin.<\/p>\n<p style=\"text-align: justify;\">T\u00e4ss\u00e4 kuitenkin kuva t\u00e4st\u00e4 pikkuisen neuleesta, jota aikaisintaan ehk\u00e4 ensi syksyn\u00e4 on kooltaan sopiva. Kauluksen tein tarkoituksella ison, n\u00e4in on helppo pukea vaikka hupullisen potkupuvun p\u00e4\u00e4lle. Valmis se kuitenkin on nyt.<\/p>\n<p style=\"text-align: justify;\"><a href=\"https:\/\/www.satokangas.fi\/blogi\/wp-content\/uploads\/2024\/01\/2024_1-13.jpg\"><img loading=\"lazy\" decoding=\"async\" data-attachment-id=\"48212\" data-permalink=\"https:\/\/www.satokangas.fi\/blogi\/2024\/01\/onnistumisia-ja-sitten-ei\/2024_1-13\/\" data-orig-file=\"https:\/\/www.satokangas.fi\/blogi\/wp-content\/uploads\/2024\/01\/2024_1-13.jpg\" data-orig-size=\"672,800\" data-comments-opened=\"1\" data-image-meta=\"{&quot;aperture&quot;:&quot;4&quot;,&quot;credit&quot;:&quot;&quot;,&quot;camera&quot;:&quot;Canon EOS R6m2&quot;,&quot;caption&quot;:&quot;&quot;,&quot;created_timestamp&quot;:&quot;1704642983&quot;,&quot;copyright&quot;:&quot;&quot;,&quot;focal_length&quot;:&quot;26&quot;,&quot;iso&quot;:&quot;2000&quot;,&quot;shutter_speed&quot;:&quot;0.16666666666667&quot;,&quot;title&quot;:&quot;&quot;,&quot;orientation&quot;:&quot;0&quot;}\" data-image-title=\"2024_1-13\" data-image-description=\"\" data-image-caption=\"\" data-large-file=\"https:\/\/www.satokangas.fi\/blogi\/wp-content\/uploads\/2024\/01\/2024_1-13-560x667.jpg\" class=\"aligncenter size-large wp-image-48212\" src=\"https:\/\/www.satokangas.fi\/blogi\/wp-content\/uploads\/2024\/01\/2024_1-13-560x667.jpg\" alt=\"\" width=\"560\" height=\"667\" srcset=\"https:\/\/www.satokangas.fi\/blogi\/wp-content\/uploads\/2024\/01\/2024_1-13-560x667.jpg 560w, https:\/\/www.satokangas.fi\/blogi\/wp-content\/uploads\/2024\/01\/2024_1-13-336x400.jpg 336w, https:\/\/www.satokangas.fi\/blogi\/wp-content\/uploads\/2024\/01\/2024_1-13-168x200.jpg 168w, https:\/\/www.satokangas.fi\/blogi\/wp-content\/uploads\/2024\/01\/2024_1-13-50x60.jpg 50w, https:\/\/www.satokangas.fi\/blogi\/wp-content\/uploads\/2024\/01\/2024_1-13.jpg 672w\" sizes=\"auto, (max-width: 560px) 100vw, 560px\" \/><\/a><\/p>\n<p style=\"text-align: justify;\">Olihan t\u00e4m\u00e4 tarkoitus saada joulupakettiin, mutta &#8230; Sattuipa aika iso, itseasiassa ehk\u00e4 ISOIN moka, jonka &#8221;neulontaurallani&#8221; olen tehnyt.<\/p>\n<p style=\"text-align: justify;\">Sattuipa nimitt\u00e4in n\u00e4in:<\/p>\n<p style=\"text-align: justify;\">Alkusyksyst\u00e4 kyselin j\u00e4lkikasvulta puoliskoineen, olisiko kenell\u00e4k\u00e4\u00e4n toivetta islantilaisvillapaidasta, mielell\u00e4ni tekisin joululahjaksi. R-mini\u00e4 toivoi saavansa &#8221;<a href=\"https:\/\/www.google.com\/search?q=issikka-neulepaita&amp;tbm=isch&amp;ved=2ahUKEwieqNDL6suDAxW1LBAIHUMBCc4Q2-cCegQIABAA&amp;oq=issikka-neulepaita&amp;gs_lcp=CgNpbWcQAzoECCMQJ1C_DVjQE2CVHWgAcAB4AIABWogB9wOSAQE2mAEAoAEBqgELZ3dzLXdpei1pbWfAAQE&amp;sclient=img&amp;ei=eOOaZZ6MObXZwPAPw4Kk8Aw&amp;bih=919&amp;biw=1920\" target=\"_blank\" rel=\"noopener\">issikka-paidan<\/a>&#8221;. H\u00e4n kun viime vuonna palasi nuoruutensa harrastuksen pariin ja k\u00e4y pari kertaa viikossa ratsastamassa ja paita olisi siell\u00e4 hyv\u00e4 ja tulisi k\u00e4ytt\u00f6\u00f6n. Lupasin tehd\u00e4. Yhdess\u00e4 etsittiin sopivaa mallia, ja sen l\u00f6ydytty\u00e4 (<a href=\"https:\/\/lankajengi.fi\/tuote\/tiu-kaarrokeneule\/\" target=\"_blank\" rel=\"noopener\">Tiu-neule<\/a>) annoin R:lle rahan ja l\u00e4hetin lankakauppaan valitsemaan mieluisat langat.<\/p>\n<p style=\"text-align: justify;\">Sain neuleen valmiiksi ennen Andalusian matkaa, vaikka mallissa hevosten jalat tuottivat v\u00e4h\u00e4n ongelmia ja aiheuttivat purkamista. Ja sitten valmis neule koneeseen (villaohjelmalla, villapesuainetta sekaan, v\u00e4h\u00e4n pyykkietikkaa, ja lempe\u00e4 linkous &#8211; sama proseduuri kuin niille noin tusinalle islantilaispaidalle, jotka olen aiemmin neulonut). JA!!!<\/p>\n<p style=\"text-align: justify;\">Kuvat kertonevat! Pusero huopui tasaiseksi, mutta!!! My\u00f6s pieneksi! Se on niin t\u00f6nkki, ettei sit\u00e4 voi ajatella Eepille tai edes Emmiliinille. Siit\u00e4 ehk\u00e4 tulee tyyny tai tonttu m\u00f6kille! Enk\u00f6s kerran aiemmin leuhkinutkin, kuinka hyv\u00e4ksi olen oppinut huovutuksessa. Silloin oli <a href=\"https:\/\/www.satokangas.fi\/blogi\/2023\/06\/mokin-sisustusta\/\" target=\"_blank\" rel=\"noopener\">TARKOITUSKIN huovuttaa<\/a>, t\u00e4ll\u00e4 kertaa ei todellakaan!<\/p>\n<p style=\"text-align: justify;\"><a href=\"https:\/\/www.satokangas.fi\/blogi\/wp-content\/uploads\/2023\/12\/2023-3.jpg\"><img loading=\"lazy\" decoding=\"async\" data-attachment-id=\"48088\" data-permalink=\"https:\/\/www.satokangas.fi\/blogi\/2024\/01\/onnistumisia-ja-sitten-ei\/2023-3\/\" data-orig-file=\"https:\/\/www.satokangas.fi\/blogi\/wp-content\/uploads\/2023\/12\/2023-3.jpg\" data-orig-size=\"1000,667\" data-comments-opened=\"1\" data-image-meta=\"{&quot;aperture&quot;:&quot;4&quot;,&quot;credit&quot;:&quot;&quot;,&quot;camera&quot;:&quot;Canon EOS R6m2&quot;,&quot;caption&quot;:&quot;&quot;,&quot;created_timestamp&quot;:&quot;1703234737&quot;,&quot;copyright&quot;:&quot;&quot;,&quot;focal_length&quot;:&quot;45&quot;,&quot;iso&quot;:&quot;1250&quot;,&quot;shutter_speed&quot;:&quot;0.1&quot;,&quot;title&quot;:&quot;&quot;,&quot;orientation&quot;:&quot;0&quot;}\" data-image-title=\"2023-3\" data-image-description=\"\" data-image-caption=\"\" data-large-file=\"https:\/\/www.satokangas.fi\/blogi\/wp-content\/uploads\/2023\/12\/2023-3.jpg\" class=\"aligncenter size-full wp-image-48088\" src=\"https:\/\/www.satokangas.fi\/blogi\/wp-content\/uploads\/2023\/12\/2023-3.jpg\" alt=\"\" width=\"1000\" height=\"667\" srcset=\"https:\/\/www.satokangas.fi\/blogi\/wp-content\/uploads\/2023\/12\/2023-3.jpg 1000w, https:\/\/www.satokangas.fi\/blogi\/wp-content\/uploads\/2023\/12\/2023-3-600x400.jpg 600w, https:\/\/www.satokangas.fi\/blogi\/wp-content\/uploads\/2023\/12\/2023-3-300x200.jpg 300w, https:\/\/www.satokangas.fi\/blogi\/wp-content\/uploads\/2023\/12\/2023-3-768x512.jpg 768w, https:\/\/www.satokangas.fi\/blogi\/wp-content\/uploads\/2023\/12\/2023-3-90x60.jpg 90w\" sizes=\"auto, (max-width: 1000px) 100vw, 1000px\" \/><\/a><\/p>\n<p style=\"text-align: justify;\">Ja ihan oma vika: huolimattomuuttani olin laittanut koneeseen hienopesun (40-astetta ja linkousnopeus 600), enk\u00e4 hell\u00e4varaista villanpesuohjelmaa liki olemattomalla linkouksella. Silloin ei naurattanut.<\/p>\n<p style=\"text-align: justify;\">Joten marraskuun lopussa, Andalusian reissulta palattua aloitin uuden Tiun, joka valmistui parahiksi jouluviikon alussa.\u00a0 Saaja oli oikein tyytyv\u00e4inen lahjaansa, joka on just sopiva.<\/p>\n<p style=\"text-align: justify;\">Kuinka ollakkaan perheen pienimm\u00e4n neuletta en sitten ehtinyt edes aloittaa; Kri\u00e1 oli vain lankakerin\u00e4 jouluna. Otin langat mukaan m\u00f6kile, jossa pusero melkein valmistui. T\u00e4n\u00e4\u00e4n en\u00e4\u00e4 p\u00e4\u00e4ttely, ja varovainen viimeistelypesu!! Emmiliinin nimip\u00e4iv\u00e4 on toukokuussa, joten hyvin ehtii nimpparipakettiin! \ud83d\ude42<\/p>\n<p style=\"text-align: justify;\">Sit\u00e4 ennen ehk\u00e4 jotain muutakin neuletta valmistuu&#8230;<\/p>\n","protected":false},"excerpt":{"rendered":"<p>Monille asioille piste t\u00e4n\u00e4\u00e4n. Joulun, m\u00f6kkielon, v\u00e4lip\u00e4ivien, uudenvuoden, taas v\u00e4lip\u00e4ivien, loppiaisen, ja nyt sen j\u00e4lkeisen sunnuntain pys\u00e4hdys! Ihan tuhannen hukassa olen ollut p\u00e4ivien, viikonp\u00e4ivien, jopa kellonaikojen kanssa, mutta t\u00e4n\u00e4\u00e4n. T\u00e4n\u00e4\u00e4n on ollut p\u00e4iv\u00e4, jolloin moni asia nyt valmis, p\u00e4\u00e4t\u00f6ksess\u00e4, tehty. Ja t\u00e4n\u00e4\u00e4n jo oli sopivasti pakkasta, ett\u00e4 lenkist\u00e4 tuli pitk\u00e4 ja nautittava. Huomenna jo niin lauhaa, ett\u00e4 ladulle? Yl\u00e4kuva on &hellip; <\/p>\n","protected":false},"author":1,"featured_media":48214,"comment_status":"open","ping_status":"open","sticky":false,"template":"","format":"standard","meta":{"jetpack_post_was_ever_published":false,"_jetpack_newsletter_access":"","_jetpack_dont_email_post_to_subs":false,"_jetpack_newsletter_tier_id":0,"_jetpack_memberships_contains_paywalled_content":false,"_jetpack_memberships_contains_paid_content":false,"footnotes":"","jetpack_publicize_message":"","jetpack_publicize_feature_enabled":true,"jetpack_social_post_already_shared":true,"jetpack_social_options":{"image_generator_settings":{"template":"highway","default_image_id":0,"font":"","enabled":false},"version":2}},"categories":[151,1],"tags":[],"class_list":["post-48082","post","type-post","status-publish","format-standard","has-post-thumbnail","hentry","category-neulottua","category-aiheeton","latest_post"],"jetpack_publicize_connections":[],"jetpack_featured_media_url":"https:\/\/www.satokangas.fi\/blogi\/wp-content\/uploads\/2024\/01\/2024_1-18.jpg","jetpack_shortlink":"https:\/\/wp.me\/pr4p4-cvw","jetpack_sharing_enabled":true,"jetpack_likes_enabled":false,"jetpack-related-posts":[{"id":14496,"url":"https:\/\/www.satokangas.fi\/blogi\/2012\/06\/valipaiva\/","url_meta":{"origin":48082,"position":0},"title":"V\u00e4lip\u00e4iv\u00e4","author":"Reija","date":"9.6.2012","format":false,"excerpt":"Joskus k\u00e4y niin ettei ehdi blogip\u00e4ivityst\u00e4 tehd\u00e4. T\u00e4n\u00e4\u00e4n ei ole ehtinyt.","rel":"","context":"Kategoriassa &quot;Niit\u00e4 n\u00e4it\u00e4&quot;","block_context":{"text":"Niit\u00e4 n\u00e4it\u00e4","link":"https:\/\/www.satokangas.fi\/blogi\/category\/aiheeton\/"},"img":{"alt_text":"","src":"","width":0,"height":0},"classes":[]},{"id":42606,"url":"https:\/\/www.satokangas.fi\/blogi\/2022\/03\/valipaiva-2\/","url_meta":{"origin":48082,"position":1},"title":"V\u00e4lip\u00e4iv\u00e4","author":"Reija","date":"23.3.2022","format":false,"excerpt":"On yhdistysten vuosikokousten aika. Eiv\u00e4tk\u00e4 ne, eiv\u00e4t ainakaan kaikki, t\u00e4n\u00e4 vuonna ole Teamsissa ja Zoomissa, eiv\u00e4t siis kotona koneen \u00e4\u00e4ress\u00e4. Min\u00e4 osallistuin eilen rotiss\u00f6\u00f6rien vuosikokoukseen, tapasin tuttuja ja suunnittelimme tulevia tapahtumia. Ja nautimme kakkua. Se oli tavattoman hyv\u00e4\u00e4 brita-kakkua. Siit\u00e4 tuo bannerikuva. Huolimatta siit\u00e4 ett\u00e4 ollut l\u00e4mmin ja aurinkoinen kev\u00e4ttalven\u2026","rel":"","context":"Kategoriassa &quot;Niit\u00e4 n\u00e4it\u00e4&quot;","block_context":{"text":"Niit\u00e4 n\u00e4it\u00e4","link":"https:\/\/www.satokangas.fi\/blogi\/category\/aiheeton\/"},"img":{"alt_text":"","src":"https:\/\/i0.wp.com\/www.satokangas.fi\/blogi\/wp-content\/uploads\/2022\/03\/piha.jpg?resize=350%2C200&ssl=1","width":350,"height":200,"srcset":"https:\/\/i0.wp.com\/www.satokangas.fi\/blogi\/wp-content\/uploads\/2022\/03\/piha.jpg?resize=350%2C200&ssl=1 1x, https:\/\/i0.wp.com\/www.satokangas.fi\/blogi\/wp-content\/uploads\/2022\/03\/piha.jpg?resize=525%2C300&ssl=1 1.5x, https:\/\/i0.wp.com\/www.satokangas.fi\/blogi\/wp-content\/uploads\/2022\/03\/piha.jpg?resize=700%2C400&ssl=1 2x"},"classes":[]},{"id":48885,"url":"https:\/\/www.satokangas.fi\/blogi\/2024\/03\/valipaiva-perhepaiva\/","url_meta":{"origin":48082,"position":2},"title":"V\u00e4lip\u00e4iv\u00e4, perhep\u00e4iv\u00e4","author":"Reija","date":"30.3.2024","format":false,"excerpt":"Kerta kaikkisen surkea s\u00e4\u00e4. Vesir\u00e4nt\u00e4\u00e4, loskaa, harmaata. No eip\u00e4 tarvinnut mietti\u00e4, k\u00e4yt\u00e4nk\u00f6 koko p\u00e4iv\u00e4n ruoan parissa puuhasteluun ja siit\u00e4 nauttimiseen parhaassa seurassa. K\u00e4ytin. - Hyv\u00e4 ett\u00e4 k\u00e4ytin. Tosin parantamisen varaa taas j\u00e4i, ei seurassa vaan ruokien onnistumisessa. Mutta kyll\u00e4 perheell\u00e4 n\u00e4lk\u00e4 l\u00e4hti. Ja ilo oli kun Juniori toi meid\u00e4n Lombardian\u2026","rel":"","context":"Kategoriassa &quot;Ruoka ja viini&quot;","block_context":{"text":"Ruoka ja viini","link":"https:\/\/www.satokangas.fi\/blogi\/category\/ruoka_ja_viini\/"},"img":{"alt_text":"","src":"https:\/\/i0.wp.com\/www.satokangas.fi\/blogi\/wp-content\/uploads\/2024\/03\/leinikit.jpg?resize=350%2C200&ssl=1","width":350,"height":200,"srcset":"https:\/\/i0.wp.com\/www.satokangas.fi\/blogi\/wp-content\/uploads\/2024\/03\/leinikit.jpg?resize=350%2C200&ssl=1 1x, https:\/\/i0.wp.com\/www.satokangas.fi\/blogi\/wp-content\/uploads\/2024\/03\/leinikit.jpg?resize=525%2C300&ssl=1 1.5x, https:\/\/i0.wp.com\/www.satokangas.fi\/blogi\/wp-content\/uploads\/2024\/03\/leinikit.jpg?resize=700%2C400&ssl=1 2x"},"classes":[]},{"id":44369,"url":"https:\/\/www.satokangas.fi\/blogi\/2022\/12\/valipaivana-taytta-elamaa\/","url_meta":{"origin":48082,"position":3},"title":"V\u00e4lip\u00e4iv\u00e4n\u00e4 t\u00e4ytt\u00e4 el\u00e4m\u00e4\u00e4","author":"Reija","date":"30.12.2022","format":false,"excerpt":"Kuten tavallista - silloin kun t\u00e4\u00e4ll\u00e4 on perhett\u00e4 tai yst\u00e4vi\u00e4 kanssamme\u00a0 - m\u00f6kkiaamiainen ei ollut vain pikainen puuro ja kahvi, vaan pitk\u00e4\u00e4n aamiaisp\u00f6yd\u00e4ss\u00e4 nauttimista ruoasta ja seurasta. Hiljalleen hankkiuduimme uloskin, kun yhdentoista aikoihin alkoi jo tuntureiden takaa pient\u00e4 valonkajoa n\u00e4ky\u00e4. Etsittiin Northern Light Villagen poroaitauksesta poroja, katseltiin husky-ajelijoita, tykkylumisia (jota\u2026","rel":"","context":"Kategoriassa &quot;M\u00f6kkiel\u00e4m\u00e4\u00e4&quot;","block_context":{"text":"M\u00f6kkiel\u00e4m\u00e4\u00e4","link":"https:\/\/www.satokangas.fi\/blogi\/category\/mokkielamaa\/"},"img":{"alt_text":"","src":"https:\/\/i0.wp.com\/www.satokangas.fi\/blogi\/wp-content\/uploads\/2022\/12\/mokillla-12.jpg?resize=350%2C200&ssl=1","width":350,"height":200,"srcset":"https:\/\/i0.wp.com\/www.satokangas.fi\/blogi\/wp-content\/uploads\/2022\/12\/mokillla-12.jpg?resize=350%2C200&ssl=1 1x, https:\/\/i0.wp.com\/www.satokangas.fi\/blogi\/wp-content\/uploads\/2022\/12\/mokillla-12.jpg?resize=525%2C300&ssl=1 1.5x, https:\/\/i0.wp.com\/www.satokangas.fi\/blogi\/wp-content\/uploads\/2022\/12\/mokillla-12.jpg?resize=700%2C400&ssl=1 2x"},"classes":[]},{"id":47812,"url":"https:\/\/www.satokangas.fi\/blogi\/2023\/11\/valipaivan-tuntua\/","url_meta":{"origin":48082,"position":4},"title":"V\u00e4lip\u00e4iv\u00e4n tuntua","author":"Reija","date":"25.11.2023","format":false,"excerpt":"Ihan touhun p\u00e4iv\u00e4 ollut. Mainitsemisen arvoista on, ett\u00e4 reissukuvat on ladattu koneelle, - sattuneesta syyst\u00e4 niit\u00e4 ei ole kahtatuhattakaan [edit: oli niit\u00e4 sittenkin melkein 3000]. Ja ehk\u00e4 samasta syyst\u00e4 tavallista enemm\u00e4n ihan pelkk\u00e4\u00e4 \"makulatuuria\", mutta kyll\u00e4 niiss\u00e4 ensi viikolle riitt\u00e4\u00e4 iltapuhdetta. Viikon aikana ja varsinkin t\u00e4n\u00e4\u00e4n tulleita joulukortti- ja kalenteritilauksia\u2026","rel":"","context":"Kategoriassa &quot;Andalusia&quot;","block_context":{"text":"Andalusia","link":"https:\/\/www.satokangas.fi\/blogi\/category\/reissut\/andalusia\/"},"img":{"alt_text":"","src":"https:\/\/i0.wp.com\/www.satokangas.fi\/blogi\/wp-content\/uploads\/2023\/11\/kotona-9.jpg?resize=350%2C200&ssl=1","width":350,"height":200,"srcset":"https:\/\/i0.wp.com\/www.satokangas.fi\/blogi\/wp-content\/uploads\/2023\/11\/kotona-9.jpg?resize=350%2C200&ssl=1 1x, https:\/\/i0.wp.com\/www.satokangas.fi\/blogi\/wp-content\/uploads\/2023\/11\/kotona-9.jpg?resize=525%2C300&ssl=1 1.5x, https:\/\/i0.wp.com\/www.satokangas.fi\/blogi\/wp-content\/uploads\/2023\/11\/kotona-9.jpg?resize=700%2C400&ssl=1 2x"},"classes":[]},{"id":42741,"url":"https:\/\/www.satokangas.fi\/blogi\/2022\/04\/valipaivan-puuhasteluja\/","url_meta":{"origin":48082,"position":5},"title":"V\u00e4lip\u00e4iv\u00e4n puuhasteluja","author":"Reija","date":"16.4.2022","format":false,"excerpt":"Valmistuluja, kokkailuja, imurointia, (ty\u00f6 :) ) s\u00e4hk\u00f6posteilua, kaikenmoista viivykett\u00e4 ennen ulos l\u00e4htemist\u00e4. Taskilantiell\u00e4 (Juniorin ja pienten luona) piipahdus ennen oikealle py\u00f6r\u00e4lenkille suuntaamista. Sitten Oulujokivarren lempparireitti Poikkimaantielle ja takaisin (kaupan kautta). Py\u00f6r\u00e4ilykausi on kunnolla avattu. Oulujoki ihan tyven. Ei viel\u00e4 kovinkaan l\u00e4mmint\u00e4, mutta niin kaunista, maaulauksellista, graafista, hyv\u00e4 hengitt\u00e4\u00e4, ilo kulkea.\u2026","rel":"","context":"Kategoriassa &quot;Ruoka ja viini&quot;","block_context":{"text":"Ruoka ja viini","link":"https:\/\/www.satokangas.fi\/blogi\/category\/ruoka_ja_viini\/"},"img":{"alt_text":"","src":"https:\/\/i0.wp.com\/www.satokangas.fi\/blogi\/wp-content\/uploads\/2022\/04\/paasiainen-9.jpg?resize=350%2C200&ssl=1","width":350,"height":200,"srcset":"https:\/\/i0.wp.com\/www.satokangas.fi\/blogi\/wp-content\/uploads\/2022\/04\/paasiainen-9.jpg?resize=350%2C200&ssl=1 1x, https:\/\/i0.wp.com\/www.satokangas.fi\/blogi\/wp-content\/uploads\/2022\/04\/paasiainen-9.jpg?resize=525%2C300&ssl=1 1.5x, https:\/\/i0.wp.com\/www.satokangas.fi\/blogi\/wp-content\/uploads\/2022\/04\/paasiainen-9.jpg?resize=700%2C400&ssl=1 2x"},"classes":[]}],"_links":{"self":[{"href":"https:\/\/www.satokangas.fi\/blogi\/wp-json\/wp\/v2\/posts\/48082","targetHints":{"allow":["GET"]}}],"collection":[{"href":"https:\/\/www.satokangas.fi\/blogi\/wp-json\/wp\/v2\/posts"}],"about":[{"href":"https:\/\/www.satokangas.fi\/blogi\/wp-json\/wp\/v2\/types\/post"}],"author":[{"embeddable":true,"href":"https:\/\/www.satokangas.fi\/blogi\/wp-json\/wp\/v2\/users\/1"}],"replies":[{"embeddable":true,"href":"https:\/\/www.satokangas.fi\/blogi\/wp-json\/wp\/v2\/comments?post=48082"}],"version-history":[{"count":0,"href":"https:\/\/www.satokangas.fi\/blogi\/wp-json\/wp\/v2\/posts\/48082\/revisions"}],"wp:featuredmedia":[{"embeddable":true,"href":"https:\/\/www.satokangas.fi\/blogi\/wp-json\/wp\/v2\/media\/48214"}],"wp:attachment":[{"href":"https:\/\/www.satokangas.fi\/blogi\/wp-json\/wp\/v2\/media?parent=48082"}],"wp:term":[{"taxonomy":"category","embeddable":true,"href":"https:\/\/www.satokangas.fi\/blogi\/wp-json\/wp\/v2\/categories?post=48082"},{"taxonomy":"post_tag","embeddable":true,"href":"https:\/\/www.satokangas.fi\/blogi\/wp-json\/wp\/v2\/tags?post=48082"}],"curies":[{"name":"wp","href":"https:\/\/api.w.org\/{rel}","templated":true}]}}