{"id":47548,"date":"2023-11-11T21:40:30","date_gmt":"2023-11-11T19:40:30","guid":{"rendered":"https:\/\/www.satokangas.fi\/blogi\/?p=47548"},"modified":"2023-11-12T14:36:05","modified_gmt":"2023-11-12T12:36:05","slug":"marraskuun-valoja","status":"publish","type":"post","link":"https:\/\/www.satokangas.fi\/blogi\/2023\/11\/marraskuun-valoja\/","title":{"rendered":"Marraskuun valopilkkuja"},"content":{"rendered":"\n<p>Aurinkoa, pikkupakkasta, kuivaa keli\u00e4, vapaata&#8230; miksenp\u00e4 l\u00e4htisi kameran kanssa jo aamup\u00e4iv\u00e4ll\u00e4 kiertelem\u00e4\u00e4n kaupungille. <\/p>\n\n\n\n<p>Ja miten hienon hienoa ulkona ja ulkoillessa olikaan. Nyt olen taas l\u00f6yt\u00e4nyt k\u00e4velemisen ilon.  Jo kotipihalla katselin, ett\u00e4 auringolla on kruunu tai jotain. V\u00e4h\u00e4n laajemmassa maisemassa n\u00e4kyi hieno hieno, ennen n\u00e4kem\u00e4t\u00f6n haloilmi\u00f6. Auringonhalo, joka ei ollutkaan tavanomainen 22 kaari vaan jotain ihan muuta. <\/p>\n\n\n\n<figure class=\"wp-block-image size-full\"><img loading=\"lazy\" decoding=\"async\" width=\"1000\" height=\"607\" data-attachment-id=\"47549\" data-permalink=\"https:\/\/www.satokangas.fi\/blogi\/2023\/11\/marraskuun-valoja\/marraskuunvalo-14\/\" data-orig-file=\"https:\/\/www.satokangas.fi\/blogi\/wp-content\/uploads\/2023\/11\/marraskuunvalo-14.jpg\" data-orig-size=\"1000,607\" data-comments-opened=\"1\" data-image-meta=\"{&quot;aperture&quot;:&quot;6.3&quot;,&quot;credit&quot;:&quot;&quot;,&quot;camera&quot;:&quot;Canon EOS R&quot;,&quot;caption&quot;:&quot;&quot;,&quot;created_timestamp&quot;:&quot;1699688593&quot;,&quot;copyright&quot;:&quot;&quot;,&quot;focal_length&quot;:&quot;16&quot;,&quot;iso&quot;:&quot;1000&quot;,&quot;shutter_speed&quot;:&quot;0.00015625&quot;,&quot;title&quot;:&quot;&quot;,&quot;orientation&quot;:&quot;0&quot;}\" data-image-title=\"marraskuunvalo-14\" data-image-description=\"\" data-image-caption=\"\" data-large-file=\"https:\/\/www.satokangas.fi\/blogi\/wp-content\/uploads\/2023\/11\/marraskuunvalo-14.jpg\" src=\"https:\/\/www.satokangas.fi\/blogi\/wp-content\/uploads\/2023\/11\/marraskuunvalo-14.jpg\" alt=\"\" class=\"wp-image-47549\" srcset=\"https:\/\/www.satokangas.fi\/blogi\/wp-content\/uploads\/2023\/11\/marraskuunvalo-14.jpg 1000w, https:\/\/www.satokangas.fi\/blogi\/wp-content\/uploads\/2023\/11\/marraskuunvalo-14-600x364.jpg 600w, https:\/\/www.satokangas.fi\/blogi\/wp-content\/uploads\/2023\/11\/marraskuunvalo-14-300x182.jpg 300w, https:\/\/www.satokangas.fi\/blogi\/wp-content\/uploads\/2023\/11\/marraskuunvalo-14-768x466.jpg 768w, https:\/\/www.satokangas.fi\/blogi\/wp-content\/uploads\/2023\/11\/marraskuunvalo-14-99x60.jpg 99w\" sizes=\"auto, (max-width: 1000px) 100vw, 1000px\" \/><\/figure>\n\n\n\n<p><\/p>\n\n\n\n<p>Halo n\u00e4kyi vain tietyst\u00e4 kulmasta katsoen, oisko ollut niin, ett\u00e4 vain pohjoisesta p\u00e4in katsoen tuo erottui? Kiertelin ja kaartelin, koetin etsi\u00e4 paikkaa, jossa olisin saanut my\u00f6s sivuauringot n\u00e4kyviin, mutta eih\u00e4n niit\u00e4 kaupunkirakentamisen keskell\u00e4 kahta saanut samaan kuvaan. Yll\u00e4olevassa oikealla kuitenkin n\u00e4kyy edes toinen. Varuilta ja selvitt\u00e4\u00e4kseni, mik\u00e4 t\u00e4m\u00e4 erikoinen valoilmi\u00f6 oikein oli, l\u00e4hetin kuvani my\u00f6s <a href=\"https:\/\/www.taivaanvahti.fi\/observations\/show\/119863\" data-type=\"link\" data-id=\"https:\/\/www.taivaanvahti.fi\/observations\/show\/119863\"><strong>Ursan Taivaanvahti-palveluun<\/strong><\/a>, ja silt\u00e4h\u00e4n tulikin pian vastaus: <\/p>\n\n\n\n<blockquote class=\"wp-block-quote is-layout-flow wp-block-quote-is-layout-flow\">\n<p><\/p>\n<cite>Hieno n\u00e4ky, onnittelut! Sivuaurinko on tuon l\u00e4himm\u00e4n kerrostalon takana piilossa ja v\u00e4ril\u00e4ikk\u00e4 kauempana, talorivin oikealla puolella on jotakin 46 &#8221;kamaa&#8221;. Varmaankin yhdistelm\u00e4 46 asteen yll\u00e4sivuavaa ja 46 asteen allasivuavaa. On tietysti mahdolisuus, ett\u00e4 olisikin todella harvinainen 44 asteen sivuaurinko, mutta sit\u00e4 ei ole syyt\u00e4 ruksia, kun ei ole varmuutta.<\/cite><\/blockquote>\n\n\n\n<p>Ett\u00e4 sellainen r\u00e4psy! \ud83d\ude42 Toka kertaa minun &#8221;<a href=\"https:\/\/www.taivaanvahti.fi\/observations\/show\/119863\" data-type=\"link\" data-id=\"https:\/\/www.taivaanvahti.fi\/observations\/show\/119863\"><strong>Taivaanvahti-historiassani<\/strong><\/a>&#8221; sain IV\/V-merkinn\u00e4n. Pienest\u00e4 jutusta onnistumisen ilo! <\/p>\n\n\n\n<h5 class=\"wp-block-heading\"><\/h5>\n\n\n<h4 class=\"wp-block-post-title\">Marraskuun valopilkkuja<\/h4>\n\n\n<figure class=\"wp-block-image size-large\"><img loading=\"lazy\" decoding=\"async\" width=\"518\" height=\"667\" data-attachment-id=\"47551\" data-permalink=\"https:\/\/www.satokangas.fi\/blogi\/2023\/11\/marraskuun-valoja\/marraskuunvalo-24\/\" data-orig-file=\"https:\/\/www.satokangas.fi\/blogi\/wp-content\/uploads\/2023\/11\/marraskuunvalo-24.jpg\" data-orig-size=\"776,1000\" data-comments-opened=\"1\" data-image-meta=\"{&quot;aperture&quot;:&quot;6.3&quot;,&quot;credit&quot;:&quot;&quot;,&quot;camera&quot;:&quot;Canon EOS R&quot;,&quot;caption&quot;:&quot;&quot;,&quot;created_timestamp&quot;:&quot;1699688883&quot;,&quot;copyright&quot;:&quot;&quot;,&quot;focal_length&quot;:&quot;17&quot;,&quot;iso&quot;:&quot;1000&quot;,&quot;shutter_speed&quot;:&quot;0.0008&quot;,&quot;title&quot;:&quot;&quot;,&quot;orientation&quot;:&quot;0&quot;}\" data-image-title=\"marraskuunvalo-24\" data-image-description=\"\" data-image-caption=\"\" data-large-file=\"https:\/\/www.satokangas.fi\/blogi\/wp-content\/uploads\/2023\/11\/marraskuunvalo-24-518x667.jpg\" src=\"https:\/\/www.satokangas.fi\/blogi\/wp-content\/uploads\/2023\/11\/marraskuunvalo-24-518x667.jpg\" alt=\"\" class=\"wp-image-47551\" srcset=\"https:\/\/www.satokangas.fi\/blogi\/wp-content\/uploads\/2023\/11\/marraskuunvalo-24-518x667.jpg 518w, https:\/\/www.satokangas.fi\/blogi\/wp-content\/uploads\/2023\/11\/marraskuunvalo-24-310x400.jpg 310w, https:\/\/www.satokangas.fi\/blogi\/wp-content\/uploads\/2023\/11\/marraskuunvalo-24-155x200.jpg 155w, https:\/\/www.satokangas.fi\/blogi\/wp-content\/uploads\/2023\/11\/marraskuunvalo-24-768x990.jpg 768w, https:\/\/www.satokangas.fi\/blogi\/wp-content\/uploads\/2023\/11\/marraskuunvalo-24-47x60.jpg 47w, https:\/\/www.satokangas.fi\/blogi\/wp-content\/uploads\/2023\/11\/marraskuunvalo-24.jpg 776w\" sizes=\"auto, (max-width: 518px) 100vw, 518px\" \/><\/figure>\n\n\n\n<p><\/p>\n\n\n\n<div class=\"wp-block-media-text is-stacked-on-mobile\"><figure class=\"wp-block-media-text__media\"><img loading=\"lazy\" decoding=\"async\" width=\"393\" height=\"667\" data-attachment-id=\"47550\" data-permalink=\"https:\/\/www.satokangas.fi\/blogi\/2023\/11\/marraskuun-valoja\/whatsapp-kuva-2023-11-11-klo-16-28-50_02e5c87f\/\" data-orig-file=\"https:\/\/www.satokangas.fi\/blogi\/wp-content\/uploads\/2023\/11\/WhatsApp-Kuva-2023-11-11-klo-16.28.50_02e5c87f.jpg\" data-orig-size=\"471,800\" data-comments-opened=\"1\" data-image-meta=\"{&quot;aperture&quot;:&quot;0&quot;,&quot;credit&quot;:&quot;&quot;,&quot;camera&quot;:&quot;&quot;,&quot;caption&quot;:&quot;&quot;,&quot;created_timestamp&quot;:&quot;0&quot;,&quot;copyright&quot;:&quot;&quot;,&quot;focal_length&quot;:&quot;0&quot;,&quot;iso&quot;:&quot;0&quot;,&quot;shutter_speed&quot;:&quot;0&quot;,&quot;title&quot;:&quot;&quot;,&quot;orientation&quot;:&quot;1&quot;}\" data-image-title=\"WhatsApp-Kuva-2023-11-11-klo-16.28.50_02e5c87f\" data-image-description=\"\" data-image-caption=\"\" data-large-file=\"https:\/\/www.satokangas.fi\/blogi\/wp-content\/uploads\/2023\/11\/WhatsApp-Kuva-2023-11-11-klo-16.28.50_02e5c87f-393x667.jpg\" src=\"https:\/\/www.satokangas.fi\/blogi\/wp-content\/uploads\/2023\/11\/WhatsApp-Kuva-2023-11-11-klo-16.28.50_02e5c87f-393x667.jpg\" alt=\"\" class=\"wp-image-47550 size-full\" srcset=\"https:\/\/www.satokangas.fi\/blogi\/wp-content\/uploads\/2023\/11\/WhatsApp-Kuva-2023-11-11-klo-16.28.50_02e5c87f-393x667.jpg 393w, https:\/\/www.satokangas.fi\/blogi\/wp-content\/uploads\/2023\/11\/WhatsApp-Kuva-2023-11-11-klo-16.28.50_02e5c87f-236x400.jpg 236w, https:\/\/www.satokangas.fi\/blogi\/wp-content\/uploads\/2023\/11\/WhatsApp-Kuva-2023-11-11-klo-16.28.50_02e5c87f-118x200.jpg 118w, https:\/\/www.satokangas.fi\/blogi\/wp-content\/uploads\/2023\/11\/WhatsApp-Kuva-2023-11-11-klo-16.28.50_02e5c87f-35x60.jpg 35w, https:\/\/www.satokangas.fi\/blogi\/wp-content\/uploads\/2023\/11\/WhatsApp-Kuva-2023-11-11-klo-16.28.50_02e5c87f.jpg 471w\" sizes=\"auto, (max-width: 393px) 100vw, 393px\" \/><\/figure><div class=\"wp-block-media-text__content\">\n<p>K\u00e4vin aamup\u00e4iv\u00e4ll\u00e4 heippaamassa my\u00f6s isk\u00e4\u00e4, is\u00e4np\u00e4iv\u00e4 heipat. Siis hautausmaalla taas kerran. On jo 19 vuotta siit\u00e4, kun is\u00e4ni kuoli, aika yll\u00e4tt\u00e4en l\u00e4hti silloin. Ja pian on kaksi vuotta siit\u00e4, kun \u00e4iti kuoli. Eik\u00e4 todellakaan yll\u00e4tt\u00e4en. Kuten ei sisarensakaan vuosi sitten. <\/p>\n\n\n\n<p>Ja  p\u00e4iv\u00e4lleen 80 vuotta siit\u00e4 kun \u00e4idin is\u00e4 hukkui Koiviston saaren edustalle. Marraskuu.  Marras*.  Juuri se.  <\/p>\n\n\n\n<p><\/p>\n\n\n\n<p><\/p>\n\n\n\n<p>*<sub> Marras. Sen alkuosa marras on hyvin vanha indoeurooppalainen lainasana, joka tarkoittaa&nbsp;<strong>kuollutta tai kuolemaisillaan olevaa<\/strong>. Marraskuu voisi siis viitata siihen, ett\u00e4 tuohon aikaan luonto kuolee tai oikeastaan asettuu talvilepoon. (Wikipedia)<\/sub> <\/p>\n<\/div><\/div>\n\n\n\n<p><\/p>\n\n\n\n<p>Is\u00e4np\u00e4iv\u00e4st\u00e4 puheenollen, lasteni is\u00e4 sai t\u00e4n\u00e4\u00e4n, etten sanoisi t\u00e4n\u00e4\u00e4nKIN, hyv\u00e4\u00e4 ruokaa. Tein nyt taas niit\u00e4 hirvenlihapullia, ja huomenna lupaan sen kirjailla t\u00e4nne. <\/p>\n","protected":false},"excerpt":{"rendered":"<p>Aurinkoa, pikkupakkasta, kuivaa keli\u00e4, vapaata&#8230; miksenp\u00e4 l\u00e4htisi kameran kanssa jo aamup\u00e4iv\u00e4ll\u00e4 kiertelem\u00e4\u00e4n kaupungille. Ja miten hienon hienoa ulkona ja ulkoillessa olikaan. Nyt olen taas l\u00f6yt\u00e4nyt k\u00e4velemisen ilon. Jo kotipihalla katselin, ett\u00e4 auringolla on kruunu tai jotain. V\u00e4h\u00e4n laajemmassa maisemassa n\u00e4kyi hieno hieno, ennen n\u00e4kem\u00e4t\u00f6n haloilmi\u00f6. Auringonhalo, joka ei ollutkaan tavanomainen 22 kaari vaan jotain ihan muuta. Halo n\u00e4kyi vain tietyst\u00e4 &hellip; <\/p>\n","protected":false},"author":1,"featured_media":47552,"comment_status":"open","ping_status":"open","sticky":false,"template":"","format":"standard","meta":{"jetpack_post_was_ever_published":false,"_jetpack_newsletter_access":"","_jetpack_dont_email_post_to_subs":false,"_jetpack_newsletter_tier_id":0,"_jetpack_memberships_contains_paywalled_content":false,"_jetpack_memberships_contains_paid_content":false,"footnotes":"","jetpack_publicize_message":"","jetpack_publicize_feature_enabled":true,"jetpack_social_post_already_shared":true,"jetpack_social_options":{"image_generator_settings":{"template":"highway","default_image_id":0,"font":"","enabled":false},"version":2}},"categories":[1],"tags":[],"class_list":["post-47548","post","type-post","status-publish","format-standard","has-post-thumbnail","hentry","category-aiheeton","latest_post"],"jetpack_publicize_connections":[],"jetpack_featured_media_url":"https:\/\/www.satokangas.fi\/blogi\/wp-content\/uploads\/2023\/11\/marraskuunvalo-10.jpg","jetpack_shortlink":"https:\/\/wp.me\/pr4p4-cmU","jetpack_sharing_enabled":true,"jetpack_likes_enabled":false,"jetpack-related-posts":[{"id":1741,"url":"https:\/\/www.satokangas.fi\/blogi\/2008\/11\/sukua\/","url_meta":{"origin":47548,"position":0},"title":"Sukua","author":"Reija","date":"29.11.2008","format":false,"excerpt":"Tuulia n\u00e4hty. Serkkuja ja t\u00e4tej\u00e4 ja lasten pikkuserkkuja. Sellainen on harvinaista. Siis suvun n\u00e4keminen. Kun molempien vanhempien sukujuuret ovat kaukana etel\u00e4ss\u00e4, Suomen laidalla (Oulusta katsoen Karjala\/Kymi\/Helsinki ja Perni\u00f6 ovat Suomen laidalla...) niin t\u00e4mm\u00f6inen suvun tapaaminen on harvinaista. \u201dOot sie niin \u00e4itis n\u00e4k\u00f6nen\u201d, sanoi noin kymmenen ihmist\u00e4. Oltaiskohan sukua? :) Kummit\u00e4din\u2026","rel":"","context":"Kategoriassa &quot;Niit\u00e4 n\u00e4it\u00e4&quot;","block_context":{"text":"Niit\u00e4 n\u00e4it\u00e4","link":"https:\/\/www.satokangas.fi\/blogi\/category\/aiheeton\/"},"img":{"alt_text":"","src":"","width":0,"height":0},"classes":[]},{"id":32743,"url":"https:\/\/www.satokangas.fi\/blogi\/2017\/12\/joulukortteja\/","url_meta":{"origin":47548,"position":1},"title":"Joulukortteja &#8230;","author":"Reija","date":"4.12.2017","format":false,"excerpt":"Koko p\u00e4iv\u00e4n koneella, kaikenlaista ajankohtaan liittyv\u00e4\u00e4 ty\u00f6stett\u00e4v\u00e4\u00e4 riitti iltap\u00e4iv\u00e4n lopulle asti. Sitten oli pakko p\u00e4\u00e4st\u00e4 ulos, ja l\u00e4hdin etsiskelem\u00e4\u00e4n, josko superkuun j\u00e4mi\u00e4 viel\u00e4 n\u00e4kyisi. Sen olemassaolon kyll\u00e4 tunsin aamuy\u00f6st\u00e4 - kuuhulluus vaivasi, uni ei pysynyt ... Mutta kaupungilla ja hautuumaalla oli hienoa, kuu m\u00f6ll\u00f6tti komeana. Melkein kolme tuntia kameran ja\u2026","rel":"","context":"Kategoriassa &quot;Joulu&quot;","block_context":{"text":"Joulu","link":"https:\/\/www.satokangas.fi\/blogi\/category\/joulu\/"},"img":{"alt_text":"","src":"https:\/\/i0.wp.com\/www.satokangas.fi\/blogi\/wp-content\/uploads\/2017\/12\/Hautausmaalla_.jpg?resize=350%2C200&ssl=1","width":350,"height":200,"srcset":"https:\/\/i0.wp.com\/www.satokangas.fi\/blogi\/wp-content\/uploads\/2017\/12\/Hautausmaalla_.jpg?resize=350%2C200&ssl=1 1x, https:\/\/i0.wp.com\/www.satokangas.fi\/blogi\/wp-content\/uploads\/2017\/12\/Hautausmaalla_.jpg?resize=525%2C300&ssl=1 1.5x, https:\/\/i0.wp.com\/www.satokangas.fi\/blogi\/wp-content\/uploads\/2017\/12\/Hautausmaalla_.jpg?resize=700%2C400&ssl=1 2x"},"classes":[]},{"id":17734,"url":"https:\/\/www.satokangas.fi\/blogi\/2013\/06\/valokuvalaksyja-meksikosta\/","url_meta":{"origin":47548,"position":2},"title":"Valokuval\u00e4ksyj\u00e4 Meksikosta","author":"Reija","date":"18.6.2013","format":false,"excerpt":"On n\u00e4iss\u00e4 hyyt\u00e4viss\u00e4 keleiss\u00e4 hyv\u00e4tkin puolensa: duunissa ei ole kuuma. Ja siell\u00e4 on k\u00e4sitt\u00e4m\u00e4tt\u00f6m\u00e4n hiljaista. Olisko t\u00e4n\u00e4\u00e4n piipahtanut korkeintaan viisi opiskelijaa..., ei kokouksia, ei puhelimen p\u00e4rin\u00e4\u00e4, - ehk\u00e4 voisin puhua ty\u00f6rauhasta. Se ei v\u00e4lill\u00e4 ole ollenkaan huono olotila. Nyt illan soitellut parit pitk\u00e4t puhelut ja \u00a0kuronut kiinni digikurssin luentoja ja\u2026","rel":"","context":"Kategoriassa &quot;Meksiko&quot;","block_context":{"text":"Meksiko","link":"https:\/\/www.satokangas.fi\/blogi\/category\/reissut\/meksiko\/"},"img":{"alt_text":"","src":"https:\/\/i0.wp.com\/www.satokangas.fi\/blogi\/wp-content\/uploads\/2013\/06\/pp32077-lunch-on-skyscraper-poster.jpg?resize=350%2C200&ssl=1","width":350,"height":200,"srcset":"https:\/\/i0.wp.com\/www.satokangas.fi\/blogi\/wp-content\/uploads\/2013\/06\/pp32077-lunch-on-skyscraper-poster.jpg?resize=350%2C200&ssl=1 1x, https:\/\/i0.wp.com\/www.satokangas.fi\/blogi\/wp-content\/uploads\/2013\/06\/pp32077-lunch-on-skyscraper-poster.jpg?resize=525%2C300&ssl=1 1.5x, https:\/\/i0.wp.com\/www.satokangas.fi\/blogi\/wp-content\/uploads\/2013\/06\/pp32077-lunch-on-skyscraper-poster.jpg?resize=700%2C400&ssl=1 2x"},"classes":[]},{"id":7667,"url":"https:\/\/www.satokangas.fi\/blogi\/2010\/06\/patikkaretki-pielpajarven-eramaakirkolle\/","url_meta":{"origin":47548,"position":3},"title":"Patikkaretki Pielpaj\u00e4rven er\u00e4maakirkolle","author":"Reija","date":"29.6.2010","format":false,"excerpt":"Eilisen turistip\u00e4iv\u00e4n alun (Ivalon Kenk\u00e4-Asu, Karhunpes\u00e4kivi-hiidenkirnu, Inarin kirkonkyl\u00e4, Siida) j\u00e4lkeen olimme kahdelta valmiina l\u00e4htem\u00e4\u00e4n patikkaretkelle kohti Pielpaj\u00e4rven er\u00e4maakirkkoa. Edess\u00e4 4,5 km suuntaansa. Noh, pehtoorille ei juttu eik\u00e4 mik\u00e4\u00e4n, ja enk\u00f6h\u00e4n min\u00e4kin jaksa. \u00a0Siis ei muuta kuin kamera reppuun ja kohti Pielpaj\u00e4rve\u00e4. Matkan alussa tulemme miettineeksi, mit\u00e4 tarkoittaa aarniomets\u00e4? Meist\u00e4 mets\u00e4\u2026","rel":"","context":"Kategoriassa &quot;Historiaa&quot;","block_context":{"text":"Historiaa","link":"https:\/\/www.satokangas.fi\/blogi\/category\/historiaa\/"},"img":{"alt_text":"","src":"https:\/\/i0.wp.com\/www.satokangas.fi\/blogi\/wp-content\/uploads\/2010\/06\/rakka.jpg?resize=350%2C200&ssl=1","width":350,"height":200,"srcset":"https:\/\/i0.wp.com\/www.satokangas.fi\/blogi\/wp-content\/uploads\/2010\/06\/rakka.jpg?resize=350%2C200&ssl=1 1x, https:\/\/i0.wp.com\/www.satokangas.fi\/blogi\/wp-content\/uploads\/2010\/06\/rakka.jpg?resize=525%2C300&ssl=1 1.5x, https:\/\/i0.wp.com\/www.satokangas.fi\/blogi\/wp-content\/uploads\/2010\/06\/rakka.jpg?resize=700%2C400&ssl=1 2x"},"classes":[]},{"id":20679,"url":"https:\/\/www.satokangas.fi\/blogi\/2014\/03\/naissa-maisemissa-naissa-tunnelmissa\/","url_meta":{"origin":47548,"position":4},"title":"N\u00e4iss\u00e4 maisemissa, n\u00e4iss\u00e4 tunnelmissa","author":"Reija","date":"28.3.2014","format":false,"excerpt":"Miten liittyv\u00e4t yhteen ja Pohjanmaan asutuksen synty, Kainuun v\u00e4h\u00e4v\u00e4kisten el\u00e4m\u00e4 1800-luvulla, \u00a0Suomen ja Japanin kauppasuhteet II ms:n j\u00e4lkeen, lestadiolaisuuden julkisuuskuva 1960 - 1985 ja paljon muuta (ainakin minun mielest\u00e4ni mielenkiintoista)? Miten kuvat ja nuo teemat liittyv\u00e4t yhteen? Liittyv\u00e4t yhteen siten, ett\u00e4 noista kaikista aiheista keskusteltiin kuvien maisemissa, Oulujoen rannalla Lasaretissa.\u2026","rel":"","context":"Kategoriassa &quot;Niit\u00e4 n\u00e4it\u00e4&quot;","block_context":{"text":"Niit\u00e4 n\u00e4it\u00e4","link":"https:\/\/www.satokangas.fi\/blogi\/category\/aiheeton\/"},"img":{"alt_text":"Virkasuhteen m\u00e4\u00e4rittely","src":"https:\/\/i0.wp.com\/www.satokangas.fi\/blogi\/wp-content\/uploads\/2014\/03\/Capture.png?resize=350%2C200&ssl=1","width":350,"height":200},"classes":[]},{"id":4874,"url":"https:\/\/www.satokangas.fi\/blogi\/2009\/10\/hyvantoivonnniemi\/","url_meta":{"origin":47548,"position":5},"title":"Hyv\u00e4ntoivonnniemi","author":"Reija","date":"22.10.2009","format":false,"excerpt":"Aurinko, tyyni s\u00e4\u00e4 ja sininen taivas. Bussi hotellin edest\u00e4 aamukahdeksalta kohti p\u00e4iv\u00e4n reitti\u00e4: kohti P\u00f6yt\u00e4vuoren hissi\u00e4 ja sen j\u00e4lkeen kohti Hyv\u00e4ntoivonnieme\u00e4. Odotukset korkealla, ja ohi ja yli meniv\u00e4t taas kirkkaasti. Hienon hieno p\u00e4iv\u00e4. P\u00f6yt\u00e4vuori, joka hallitsee koko Kapkaupungin n\u00e4kym\u00e4\u00e4, on 1085 metri\u00e4 korkea. Hissi oli nopea ja saimme viett\u00e4\u00e4 tunnin\u2026","rel":"","context":"Kategoriassa &quot;Niit\u00e4 n\u00e4it\u00e4&quot;","block_context":{"text":"Niit\u00e4 n\u00e4it\u00e4","link":"https:\/\/www.satokangas.fi\/blogi\/category\/aiheeton\/"},"img":{"alt_text":"Poytavuorelta","src":"https:\/\/i0.wp.com\/www.satokangas.fi\/blogi\/wp-content\/uploads\/2009\/10\/Poytavuorelta-500x322.jpg?resize=350%2C200&ssl=1","width":350,"height":200},"classes":[]}],"_links":{"self":[{"href":"https:\/\/www.satokangas.fi\/blogi\/wp-json\/wp\/v2\/posts\/47548","targetHints":{"allow":["GET"]}}],"collection":[{"href":"https:\/\/www.satokangas.fi\/blogi\/wp-json\/wp\/v2\/posts"}],"about":[{"href":"https:\/\/www.satokangas.fi\/blogi\/wp-json\/wp\/v2\/types\/post"}],"author":[{"embeddable":true,"href":"https:\/\/www.satokangas.fi\/blogi\/wp-json\/wp\/v2\/users\/1"}],"replies":[{"embeddable":true,"href":"https:\/\/www.satokangas.fi\/blogi\/wp-json\/wp\/v2\/comments?post=47548"}],"version-history":[{"count":0,"href":"https:\/\/www.satokangas.fi\/blogi\/wp-json\/wp\/v2\/posts\/47548\/revisions"}],"wp:featuredmedia":[{"embeddable":true,"href":"https:\/\/www.satokangas.fi\/blogi\/wp-json\/wp\/v2\/media\/47552"}],"wp:attachment":[{"href":"https:\/\/www.satokangas.fi\/blogi\/wp-json\/wp\/v2\/media?parent=47548"}],"wp:term":[{"taxonomy":"category","embeddable":true,"href":"https:\/\/www.satokangas.fi\/blogi\/wp-json\/wp\/v2\/categories?post=47548"},{"taxonomy":"post_tag","embeddable":true,"href":"https:\/\/www.satokangas.fi\/blogi\/wp-json\/wp\/v2\/tags?post=47548"}],"curies":[{"name":"wp","href":"https:\/\/api.w.org\/{rel}","templated":true}]}}