{"id":47544,"date":"2023-11-10T21:57:23","date_gmt":"2023-11-10T19:57:23","guid":{"rendered":"https:\/\/www.satokangas.fi\/blogi\/?p=47544"},"modified":"2023-11-11T09:26:51","modified_gmt":"2023-11-11T07:26:51","slug":"en-ja-martin-paiva","status":"publish","type":"post","link":"https:\/\/www.satokangas.fi\/blogi\/2023\/11\/en-ja-martin-paiva\/","title":{"rendered":"E:n ja Martin p\u00e4iv\u00e4"},"content":{"rendered":"<p style=\"text-align: justify;\">Meid\u00e4n p\u00e4iv\u00e4ss\u00e4 t\u00e4rkeysj\u00e4rjestys t\u00e4n\u00e4\u00e4n juuri noin: ensin E:n p\u00e4iv\u00e4 ja sitten Martinp\u00e4iv\u00e4. Ja t\u00e4n\u00e4 vuonna siihen kuului rauhan presidentin Martti Ahtisaaren hautaan siunaamisen p\u00e4iv\u00e4.<\/p>\n<p style=\"text-align: justify;\">Juhlan valmistelu, syntt\u00e4reiden puuhaaminen rakkaalle on mieluista, v\u00e4hint\u00e4\u00e4n yht\u00e4 mieluista kuin juhliminen. Jo eilen hankin ongintaan kaikille pienet saaliit, pienet lahjat. Suklaakalenterit ja kirjat ovat varmoja juttuja &#8211; kun ne ovat mieluisia, on niit\u00e4 ilo antaa.<\/p>\n<p style=\"text-align: justify;\">T\u00e4n\u00e4\u00e4n sitten sivusilm\u00e4ll\u00e4 iltap\u00e4iv\u00e4n seurasin Ahtisaaren hautajaismenoja ja laittelin perhep\u00e4iv\u00e4llist\u00e4. Mietin, ett\u00e4 olisipa maailmassa, vaikka naapurissa, sellaisia suurisyd\u00e4misi\u00e4, ihmiseen uskovia presidenttej\u00e4 enemm\u00e4n. Olisi tulevaisuus siten turvallisemman ja valoisamman oloinen, eik\u00e4 vain oloinen. Olisipa.<\/p>\n<p style=\"text-align: justify;\">Ja olihan t\u00e4n\u00e4\u00e4n v\u00e4h\u00e4n my\u00f6s is\u00e4np\u00e4iv\u00e4n juhlintaa. Juniori ja Pehtoori saivat tosin olla aika lailla sivurooleissa, koska Eepi oli kuitenkin p\u00e4\u00e4t\u00e4hti. Ja kuinka h\u00e4n olikaan ylpe\u00e4 kaikista viidest\u00e4 vuodestaan.<\/p>\n<p style=\"text-align: justify;\">Tortillat jauhelihalla ja nyht\u00f6possulla runsaine tyk\u00f6tarpeineen, joita oli aika moniakin, ehk\u00e4 siksikin kului kolmisen tuntia simppelin sapuskan tekoon, kelpasivat. Ja Nutella-kakku! Sankarikaan ei sanonut sanaakaan kun kohtuullisen suuri palanen upposi. Mutta hyviss\u00e4 ajoin ennen kakun tarjolle laittamista Eepi k\u00e4vi supattamassa, ett\u00e4 ei tarvi sitten laulaa. Mutta kun hiljaa hyr\u00e4ilimme, oli kuitenkin ihan mieliss\u00e4\u00e4n.\u00a0 Ja parasta oli, ett\u00e4 viisvee halusi ja istui paljon syliss\u00e4. Ja ett\u00e4 Apsu jo suunnitteli omia syntt\u00e4reit\u00e4\u00e4n (toukokuussa).<\/p>\n<p><a href=\"https:\/\/www.satokangas.fi\/blogi\/wp-content\/uploads\/2023\/11\/Nutella-kakku.jpg\"><img loading=\"lazy\" decoding=\"async\" data-attachment-id=\"47545\" data-permalink=\"https:\/\/www.satokangas.fi\/blogi\/2023\/11\/en-ja-martin-paiva\/nutella-kakku\/\" data-orig-file=\"https:\/\/www.satokangas.fi\/blogi\/wp-content\/uploads\/2023\/11\/Nutella-kakku.jpg\" data-orig-size=\"661,900\" data-comments-opened=\"1\" data-image-meta=\"{&quot;aperture&quot;:&quot;0&quot;,&quot;credit&quot;:&quot;&quot;,&quot;camera&quot;:&quot;&quot;,&quot;caption&quot;:&quot;&quot;,&quot;created_timestamp&quot;:&quot;0&quot;,&quot;copyright&quot;:&quot;&quot;,&quot;focal_length&quot;:&quot;0&quot;,&quot;iso&quot;:&quot;0&quot;,&quot;shutter_speed&quot;:&quot;0&quot;,&quot;title&quot;:&quot;&quot;,&quot;orientation&quot;:&quot;0&quot;}\" data-image-title=\"Nutella-kakku\" data-image-description=\"\" data-image-caption=\"\" data-large-file=\"https:\/\/www.satokangas.fi\/blogi\/wp-content\/uploads\/2023\/11\/Nutella-kakku-490x667.jpg\" class=\"aligncenter size-full wp-image-47545\" src=\"https:\/\/www.satokangas.fi\/blogi\/wp-content\/uploads\/2023\/11\/Nutella-kakku.jpg\" alt=\"\" width=\"661\" height=\"900\" srcset=\"https:\/\/www.satokangas.fi\/blogi\/wp-content\/uploads\/2023\/11\/Nutella-kakku.jpg 661w, https:\/\/www.satokangas.fi\/blogi\/wp-content\/uploads\/2023\/11\/Nutella-kakku-294x400.jpg 294w, https:\/\/www.satokangas.fi\/blogi\/wp-content\/uploads\/2023\/11\/Nutella-kakku-490x667.jpg 490w, https:\/\/www.satokangas.fi\/blogi\/wp-content\/uploads\/2023\/11\/Nutella-kakku-147x200.jpg 147w, https:\/\/www.satokangas.fi\/blogi\/wp-content\/uploads\/2023\/11\/Nutella-kakku-44x60.jpg 44w\" sizes=\"auto, (max-width: 661px) 100vw, 661px\" \/><\/a><\/p>\n","protected":false},"excerpt":{"rendered":"<p>Meid\u00e4n p\u00e4iv\u00e4ss\u00e4 t\u00e4rkeysj\u00e4rjestys t\u00e4n\u00e4\u00e4n juuri noin: ensin E:n p\u00e4iv\u00e4 ja sitten Martinp\u00e4iv\u00e4. Ja t\u00e4n\u00e4 vuonna siihen kuului rauhan presidentin Martti Ahtisaaren hautaan siunaamisen p\u00e4iv\u00e4. Juhlan valmistelu, syntt\u00e4reiden puuhaaminen rakkaalle on mieluista, v\u00e4hint\u00e4\u00e4n yht\u00e4 mieluista kuin juhliminen. Jo eilen hankin ongintaan kaikille pienet saaliit, pienet lahjat. Suklaakalenterit ja kirjat ovat varmoja juttuja &#8211; kun ne ovat mieluisia, on niit\u00e4 ilo antaa. &hellip; <\/p>\n","protected":false},"author":1,"featured_media":47545,"comment_status":"open","ping_status":"open","sticky":false,"template":"","format":"standard","meta":{"jetpack_post_was_ever_published":false,"_jetpack_newsletter_access":"","_jetpack_dont_email_post_to_subs":false,"_jetpack_newsletter_tier_id":0,"_jetpack_memberships_contains_paywalled_content":false,"_jetpack_memberships_contains_paid_content":false,"footnotes":"","jetpack_publicize_message":"","jetpack_publicize_feature_enabled":true,"jetpack_social_post_already_shared":true,"jetpack_social_options":{"image_generator_settings":{"template":"highway","default_image_id":0,"font":"","enabled":false},"version":2}},"categories":[75],"tags":[],"class_list":["post-47544","post","type-post","status-publish","format-standard","has-post-thumbnail","hentry","category-isovanhemmuus","latest_post"],"jetpack_publicize_connections":[],"jetpack_featured_media_url":"https:\/\/www.satokangas.fi\/blogi\/wp-content\/uploads\/2023\/11\/Nutella-kakku.jpg","jetpack_shortlink":"https:\/\/wp.me\/pr4p4-cmQ","jetpack_sharing_enabled":true,"jetpack_likes_enabled":false,"jetpack-related-posts":[{"id":29552,"url":"https:\/\/www.satokangas.fi\/blogi\/2016\/11\/lasaretin-historiaa-ja-sinne-juhlimaan\/","url_meta":{"origin":47544,"position":0},"title":"Lasaretin historiaa &#8211; ja sinne juhlimaan","author":"Reija","date":"5.11.2016","format":false,"excerpt":"[kuva kirjasta \u00b4Ty\u00f6n j\u00e4ljet. Lasaretin saaren vaiheita\u00b4] Olemme l\u00e4hd\u00f6ss\u00e4 tuonne. Lasaretinsaareen. Se on ihan Oulun keskustan tuntumassa ja se on minulle hyvinkin tuttu paikka. Siell\u00e4 olen ollut karonkassa, neuvotteluissa, historiatoimikunnassa, tutkijaseminaarissa, kuvauskeikalla, kokouksissa kymmeni\u00e4 kertoja, monissa, monissa tiedekunnan Miss\u00e4 menn\u00e4\u00e4n -tilaisuuksissa, is\u00e4n hautajaisissa, sy\u00f6m\u00e4ss\u00e4 hienosti ja lounaalla, kasaribileiss\u00e4, luokkakokouksessa ja\u2026","rel":"","context":"Kategoriassa &quot;Historiaa&quot;","block_context":{"text":"Historiaa","link":"https:\/\/www.satokangas.fi\/blogi\/category\/historiaa\/"},"img":{"alt_text":"2","src":"https:\/\/i0.wp.com\/www.satokangas.fi\/blogi\/wp-content\/uploads\/2016\/11\/2-600x345.jpg?resize=350%2C200&ssl=1","width":350,"height":200,"srcset":"https:\/\/i0.wp.com\/www.satokangas.fi\/blogi\/wp-content\/uploads\/2016\/11\/2-600x345.jpg?resize=350%2C200&ssl=1 1x, https:\/\/i0.wp.com\/www.satokangas.fi\/blogi\/wp-content\/uploads\/2016\/11\/2-600x345.jpg?resize=525%2C300&ssl=1 1.5x"},"classes":[]},{"id":7566,"url":"https:\/\/www.satokangas.fi\/blogi\/2010\/06\/veistoksellinen-lauantai\/","url_meta":{"origin":47544,"position":1},"title":"Veistoksellinen lauantai","author":"Reija","date":"19.6.2010","format":false,"excerpt":"Poikkeuksellisen pitk\u00e4n y\u00f6unen j\u00e4lkeen leppoisa aamiainen ja sitten pitk\u00e4lle (py\u00f6r\u00e4)lenkille. Oulu on hyv\u00e4 kaupunki, se pit\u00e4isi muistaa. L\u00f6ysin kameran kanssa paljon uusia puolia kotikaupungista. Kerrankin aikaa ja halua pys\u00e4hty\u00e4 kameran kanssa Sanna Koiviston \u00a0\"Ajan kulku\" - veistoksen viereen. Kaupungintalon takana olevan 32 pienoisveistoksen sarjasta koostuvassa teoksessa on aina jotain uutta.\u2026","rel":"","context":"Kategoriassa &quot;Niit\u00e4 n\u00e4it\u00e4&quot;","block_context":{"text":"Niit\u00e4 n\u00e4it\u00e4","link":"https:\/\/www.satokangas.fi\/blogi\/category\/aiheeton\/"},"img":{"alt_text":"","src":"https:\/\/i0.wp.com\/www.satokangas.fi\/blogi\/wp-content\/uploads\/2010\/06\/Martti-21.jpg?resize=350%2C200&ssl=1","width":350,"height":200,"srcset":"https:\/\/i0.wp.com\/www.satokangas.fi\/blogi\/wp-content\/uploads\/2010\/06\/Martti-21.jpg?resize=350%2C200&ssl=1 1x, https:\/\/i0.wp.com\/www.satokangas.fi\/blogi\/wp-content\/uploads\/2010\/06\/Martti-21.jpg?resize=525%2C300&ssl=1 1.5x"},"classes":[]},{"id":45532,"url":"https:\/\/www.satokangas.fi\/blogi\/2023\/05\/voidaanhan-rallatella\/","url_meta":{"origin":47544,"position":2},"title":"Voidaanhan rallatella","author":"Reija","date":"13.5.2023","format":false,"excerpt":"Mukava p\u00e4iv\u00e4. T\u00e4n\u00e4\u00e4n monta rastia kierrett\u00e4v\u00e4n\u00e4: postipaketteja haettavana, ruokap\u00f6yt\u00e4\u00e4n pieni\u00e4 t\u00e4ydennyksi\u00e4, \u00e4itienp\u00e4iv\u00e4tervehdys haudalla, Knuutilankankaan vakiokohde kuvattavana, linnunlaulusta ja kev\u00e4\u00e4st\u00e4 nauttien ja kulkien siell\u00e4 sun t\u00e4\u00e4ll\u00e4. Ja k\u00e4vinp\u00e4 ottamassa oikealla kameralla p\u00e4iv\u00e4nvalossa kunnon kuvan my\u00f6s Martista (my\u00f6s eilisess\u00e4 postauksessa kuva). Marttikin on liittynyt K\u00e4\u00e4rij\u00e4n fanijoukkoon! Martti on osa Sanna Koiviston \"Ajan\u2026","rel":"","context":"Kategoriassa &quot;Niit\u00e4 n\u00e4it\u00e4&quot;","block_context":{"text":"Niit\u00e4 n\u00e4it\u00e4","link":"https:\/\/www.satokangas.fi\/blogi\/category\/aiheeton\/"},"img":{"alt_text":"","src":"https:\/\/i0.wp.com\/www.satokangas.fi\/blogi\/wp-content\/uploads\/2023\/05\/444.jpg?resize=350%2C200&ssl=1","width":350,"height":200,"srcset":"https:\/\/i0.wp.com\/www.satokangas.fi\/blogi\/wp-content\/uploads\/2023\/05\/444.jpg?resize=350%2C200&ssl=1 1x, https:\/\/i0.wp.com\/www.satokangas.fi\/blogi\/wp-content\/uploads\/2023\/05\/444.jpg?resize=525%2C300&ssl=1 1.5x, https:\/\/i0.wp.com\/www.satokangas.fi\/blogi\/wp-content\/uploads\/2023\/05\/444.jpg?resize=700%2C400&ssl=1 2x, https:\/\/i0.wp.com\/www.satokangas.fi\/blogi\/wp-content\/uploads\/2023\/05\/444.jpg?resize=1050%2C600&ssl=1 3x"},"classes":[]},{"id":49709,"url":"https:\/\/www.satokangas.fi\/blogi\/2024\/06\/garden-partyt-ja-pyorailyn-vaarallisuudesta\/","url_meta":{"origin":47544,"position":3},"title":"Garden Partyt ja py\u00f6r\u00e4ilyn vaarallisuudesta","author":"Reija","date":"6.6.2024","format":false,"excerpt":"Malcesine, kotiin, flunssa, yo-juhlat kuvauksineen, lapsenlasten kes\u00e4lomaviikko, Kalajoki, paluu, mietin, mik\u00e4 p\u00e4iv\u00e4, garden partyt, pakkaaminen. ... Aivan kuin olisin liikkeess\u00e4 koko ajan. T\u00e4n\u00e4\u00e4n Garden Partyt\u00a0 Kun t\u00e4m\u00e4n p\u00e4iv\u00e4n yhteisest\u00e4 ruokahetkest\u00e4 eilen paluumatkalla Kalajoelta kotiin juteltiin, pojanpoika ilmoitti, \"etten halua mit\u00e4\u00e4n puutarhajuhlia. Te vaan Eepin kans kastelette kukkia, ...\" Noh, tehtiin\u2026","rel":"","context":"Kategoriassa &quot;Isovanhemmuus&quot;","block_context":{"text":"Isovanhemmuus","link":"https:\/\/www.satokangas.fi\/blogi\/category\/isovanhemmuus\/"},"img":{"alt_text":"","src":"https:\/\/i0.wp.com\/www.satokangas.fi\/blogi\/wp-content\/uploads\/2024\/06\/6-6-2.jpg?resize=350%2C200&ssl=1","width":350,"height":200,"srcset":"https:\/\/i0.wp.com\/www.satokangas.fi\/blogi\/wp-content\/uploads\/2024\/06\/6-6-2.jpg?resize=350%2C200&ssl=1 1x, https:\/\/i0.wp.com\/www.satokangas.fi\/blogi\/wp-content\/uploads\/2024\/06\/6-6-2.jpg?resize=525%2C300&ssl=1 1.5x, https:\/\/i0.wp.com\/www.satokangas.fi\/blogi\/wp-content\/uploads\/2024\/06\/6-6-2.jpg?resize=700%2C400&ssl=1 2x"},"classes":[]},{"id":17248,"url":"https:\/\/www.satokangas.fi\/blogi\/2013\/04\/mummo-ankan-omenapiiras-pyorailya-photailua\/","url_meta":{"origin":47544,"position":4},"title":"Mummo Ankan omenapiiras, py\u00f6r\u00e4ily\u00e4, photailua","author":"Reija","date":"28.4.2013","format":false,"excerpt":"Lunta?!! Aamuvarhain satoi lunta. Orvokit eiv\u00e4t onneksi olleet mill\u00e4ns\u00e4k\u00e4\u00e4n... Aamuksi keksin kaikenmoista kotihommaa ja j\u00e4rjestely\u00e4, siivoilua ja v\u00e4h\u00e4n leipomustakin [huomiseksi tein cupcakeja, enp\u00e4 ole ennen tehnyt... jos kelpaavat, postailen ohjeen] - odottelin s\u00e4\u00e4n l\u00e4mpenemist\u00e4. Olin p\u00e4\u00e4tt\u00e4nyt l\u00e4hte\u00e4 py\u00f6r\u00e4illen viem\u00e4\u00e4n murmelille eilisi\u00e4 r\u00e4\u00e4ppi\u00e4isi\u00e4 ja vappuherkkuja ja juuri kun astuin pihalle \u00e4mp\u00e4rin\u2026","rel":"","context":"Kategoriassa &quot;Bloggailu&quot;","block_context":{"text":"Bloggailu","link":"https:\/\/www.satokangas.fi\/blogi\/category\/bloggailu\/"},"img":{"alt_text":"Lumiorvokit","src":"https:\/\/i0.wp.com\/www.satokangas.fi\/blogi\/wp-content\/uploads\/2013\/04\/Lumiorvokit-600x400.jpg?resize=350%2C200&ssl=1","width":350,"height":200,"srcset":"https:\/\/i0.wp.com\/www.satokangas.fi\/blogi\/wp-content\/uploads\/2013\/04\/Lumiorvokit-600x400.jpg?resize=350%2C200&ssl=1 1x, https:\/\/i0.wp.com\/www.satokangas.fi\/blogi\/wp-content\/uploads\/2013\/04\/Lumiorvokit-600x400.jpg?resize=525%2C300&ssl=1 1.5x"},"classes":[]},{"id":42633,"url":"https:\/\/www.satokangas.fi\/blogi\/2022\/03\/palkkioksi-pizzalle\/","url_meta":{"origin":47544,"position":5},"title":"Palkkioksi pizzalle","author":"Reija","date":"31.3.2022","format":false,"excerpt":"T\u00e4n\u00e4\u00e4n palavereiden p\u00e4iv\u00e4. Tietojen hakemisen, saamisen ja jakamisen p\u00e4iv\u00e4, lopulta aika helpottavakin. Nyt on v\u00e4h\u00e4n takki tyhj\u00e4. Illansuussa hommieni j\u00e4lkeen p\u00e4\u00e4timme Pehtoorin kanssa menn\u00e4 pizzalle. Kauppurienkadulle on kai jo ennen joulua avattu uusi, uudenlainen pizzeria: Levanto On tullut sy\u00f6ty\u00e4 pizzoja jos jonkinlaisia, ymp\u00e4ri maailmaa maisteltua ja koettua erilaisia versioita. Italiassa\u2026","rel":"","context":"Kategoriassa &quot;Niit\u00e4 n\u00e4it\u00e4&quot;","block_context":{"text":"Niit\u00e4 n\u00e4it\u00e4","link":"https:\/\/www.satokangas.fi\/blogi\/category\/aiheeton\/"},"img":{"alt_text":"","src":"https:\/\/i0.wp.com\/www.satokangas.fi\/blogi\/wp-content\/uploads\/2022\/03\/Levanto-3.jpg?resize=350%2C200&ssl=1","width":350,"height":200},"classes":[]}],"_links":{"self":[{"href":"https:\/\/www.satokangas.fi\/blogi\/wp-json\/wp\/v2\/posts\/47544","targetHints":{"allow":["GET"]}}],"collection":[{"href":"https:\/\/www.satokangas.fi\/blogi\/wp-json\/wp\/v2\/posts"}],"about":[{"href":"https:\/\/www.satokangas.fi\/blogi\/wp-json\/wp\/v2\/types\/post"}],"author":[{"embeddable":true,"href":"https:\/\/www.satokangas.fi\/blogi\/wp-json\/wp\/v2\/users\/1"}],"replies":[{"embeddable":true,"href":"https:\/\/www.satokangas.fi\/blogi\/wp-json\/wp\/v2\/comments?post=47544"}],"version-history":[{"count":0,"href":"https:\/\/www.satokangas.fi\/blogi\/wp-json\/wp\/v2\/posts\/47544\/revisions"}],"wp:featuredmedia":[{"embeddable":true,"href":"https:\/\/www.satokangas.fi\/blogi\/wp-json\/wp\/v2\/media\/47545"}],"wp:attachment":[{"href":"https:\/\/www.satokangas.fi\/blogi\/wp-json\/wp\/v2\/media?parent=47544"}],"wp:term":[{"taxonomy":"category","embeddable":true,"href":"https:\/\/www.satokangas.fi\/blogi\/wp-json\/wp\/v2\/categories?post=47544"},{"taxonomy":"post_tag","embeddable":true,"href":"https:\/\/www.satokangas.fi\/blogi\/wp-json\/wp\/v2\/tags?post=47544"}],"curies":[{"name":"wp","href":"https:\/\/api.w.org\/{rel}","templated":true}]}}