{"id":47481,"date":"2023-11-04T20:37:49","date_gmt":"2023-11-04T18:37:49","guid":{"rendered":"https:\/\/www.satokangas.fi\/blogi\/?p=47481"},"modified":"2023-11-05T09:01:41","modified_gmt":"2023-11-05T07:01:41","slug":"iati-alati-muistoissa","status":"publish","type":"post","link":"https:\/\/www.satokangas.fi\/blogi\/2023\/11\/iati-alati-muistoissa\/","title":{"rendered":"&#8221;I\u00e4ti, alati, muistoissa&#8221;"},"content":{"rendered":"<p style=\"text-align: justify;\">Pyh\u00e4inp\u00e4iv\u00e4. Ket\u00e4\u00e4n ei h\u00e4mm\u00e4stytt\u00e4ne, ett\u00e4 suuntasin t\u00e4n\u00e4\u00e4nkin kulkuni hautausmaalle. Tuuli kolkosti, pakkanen ei ollut pureva, mutta s\u00e4\u00e4 kaikkinensa apaattinen.<\/p>\n<p style=\"text-align: justify;\">Koska oli piipahdettava kaupassa hakemassa yrttej\u00e4, l\u00e4hdinkin autolla kaupunkiin. Ja pakkasin reppuun hautakynttil\u00f6it\u00e4: k\u00e4velin keskustasta Inti\u00f6n hautuumaalle. T\u00e4n\u00e4\u00e4n kiertelin, k\u00e4velin pitk\u00e4\u00e4n, yst\u00e4vien ja muualle haudattujen muistopaikoilla viiv\u00e4hdin, tietysti viel\u00e4 vanhempienkin haudalla k\u00e4vin ja lopuksi viel\u00e4 viem\u00e4\u00e4n kynttil\u00e4n Karjalaan j\u00e4\u00e4neiden vainajien muistolle. L\u00e4heisin joka minulta sinne on j\u00e4\u00e4nyt on pappani, <a href=\"https:\/\/www.satokangas.fi\/blogi\/2010\/12\/itsenaisyyspaivana-mennyt-minussa\/\" target=\"_blank\" rel=\"noopener\">\u00e4idin is\u00e4<\/a>, joka hukkui Suomenlahdelle myrskyis\u00e4n\u00e4 syysy\u00f6n\u00e4 11.11.1943. Enh\u00e4n min\u00e4 tietenk\u00e4\u00e4n h\u00e4nt\u00e4 koskaan tavannut, mutta geeniperim\u00e4ss\u00e4ni on kuitenkin puolet karjalaista sukujuurta.<\/p>\n<p style=\"text-align: justify;\"><img loading=\"lazy\" decoding=\"async\" data-attachment-id=\"47485\" data-permalink=\"https:\/\/www.satokangas.fi\/blogi\/2023\/11\/iati-alati-muistoissa\/karjalaan-6\/\" data-orig-file=\"https:\/\/www.satokangas.fi\/blogi\/wp-content\/uploads\/2023\/11\/Karjalaan-6.jpg\" data-orig-size=\"467,700\" data-comments-opened=\"1\" data-image-title=\"Karjalaan-6\" data-image-description=\"\" data-image-caption=\"\" data-large-file=\"https:\/\/www.satokangas.fi\/blogi\/wp-content\/uploads\/2023\/11\/Karjalaan-6-445x667.jpg\" class=\"aligncenter size-full wp-image-47485\" src=\"https:\/\/www.satokangas.fi\/blogi\/wp-content\/uploads\/2023\/11\/Karjalaan-6.jpg\" alt=\"\" width=\"467\" height=\"700\" srcset=\"https:\/\/www.satokangas.fi\/blogi\/wp-content\/uploads\/2023\/11\/Karjalaan-6.jpg 467w, https:\/\/www.satokangas.fi\/blogi\/wp-content\/uploads\/2023\/11\/Karjalaan-6-267x400.jpg 267w, https:\/\/www.satokangas.fi\/blogi\/wp-content\/uploads\/2023\/11\/Karjalaan-6-445x667.jpg 445w, https:\/\/www.satokangas.fi\/blogi\/wp-content\/uploads\/2023\/11\/Karjalaan-6-133x200.jpg 133w, https:\/\/www.satokangas.fi\/blogi\/wp-content\/uploads\/2023\/11\/Karjalaan-6-40x60.jpg 40w\" sizes=\"auto, (max-width: 467px) 100vw, 467px\" \/><\/p>\n<p style=\"text-align: justify;\">N\u00e4in\u00e4 aikoina, kun en juuri en\u00e4\u00e4, taaskaan en, lue uutisia, kun tunnen, ett\u00e4 rauhan saavuttaminen maailmaan on saavuttamattomissa, kun loputtomat, ikiaikaiset taistelut vallasta, rahasta, oikeasta uskosta ovat taas pelottavia, koskettavia, ahdistavia, kiertelen ja mietin, sytyttelen kynttil\u00f6it\u00e4 ja kuljen hiljaa.<\/p>\n<p style=\"text-align: justify;\">Karjalaan j\u00e4\u00e4neiden muistomerkille menness\u00e4 kohtaan yst\u00e4v\u00e4n, juuriltaan karjalainen h\u00e4nkin. Monet teist\u00e4 blogia pitk\u00e4\u00e4n seuranneet muistanevat ahkeran kommentoijan &#8221;Koivun&#8221;, ja juuri h\u00e4n oli matkalla samaan paikkaan.<\/p>\n<p><a href=\"https:\/\/www.satokangas.fi\/blogi\/wp-content\/uploads\/2023\/11\/Karjalaan-2.jpg\"><img loading=\"lazy\" decoding=\"async\" data-attachment-id=\"47488\" data-permalink=\"https:\/\/www.satokangas.fi\/blogi\/2023\/11\/iati-alati-muistoissa\/karjalaan-2\/\" data-orig-file=\"https:\/\/www.satokangas.fi\/blogi\/wp-content\/uploads\/2023\/11\/Karjalaan-2.jpg\" data-orig-size=\"1200,1131\" data-comments-opened=\"1\" data-image-title=\"Karjalaan-2\" data-image-description=\"\" data-image-caption=\"\" data-large-file=\"https:\/\/www.satokangas.fi\/blogi\/wp-content\/uploads\/2023\/11\/Karjalaan-2-708x667.jpg\" class=\"aligncenter wp-image-47488\" src=\"https:\/\/www.satokangas.fi\/blogi\/wp-content\/uploads\/2023\/11\/Karjalaan-2.jpg\" alt=\"\" width=\"1000\" height=\"942\" srcset=\"https:\/\/www.satokangas.fi\/blogi\/wp-content\/uploads\/2023\/11\/Karjalaan-2.jpg 1200w, https:\/\/www.satokangas.fi\/blogi\/wp-content\/uploads\/2023\/11\/Karjalaan-2-424x400.jpg 424w, https:\/\/www.satokangas.fi\/blogi\/wp-content\/uploads\/2023\/11\/Karjalaan-2-708x667.jpg 708w, https:\/\/www.satokangas.fi\/blogi\/wp-content\/uploads\/2023\/11\/Karjalaan-2-212x200.jpg 212w, https:\/\/www.satokangas.fi\/blogi\/wp-content\/uploads\/2023\/11\/Karjalaan-2-768x724.jpg 768w, https:\/\/www.satokangas.fi\/blogi\/wp-content\/uploads\/2023\/11\/Karjalaan-2-64x60.jpg 64w\" sizes=\"auto, (max-width: 1000px) 100vw, 1000px\" \/><\/a><\/p>\n<p style=\"text-align: justify;\">Matkalla sinne koskapa siell\u00e4 oli puoleltap\u00e4ivin Oulun Karjalaseuran pieni muistopalvelus, <em><a href=\"https:\/\/www.ortodoksi.net\/index.php\/Vainajien_muistelu\" target=\"_blank\" rel=\"noopener\">panihida<\/a><\/em>: ortodoksipappi, is\u00e4 Kari Paakkola ja kanttori Leena Lomu lauloivat muistolitanian. Lampukka\u00f6ljyn tuoksussa pieni parinkymmenen hengen ryhm\u00e4 lauloi lopuksi (\u00e4idin hautajaisvirren) &#8221;Maa on niin kaunis&#8221;. Kyll\u00e4 se taas oli kaunis: maa\u00a0 ja virsi, &#8211; hetki hyv\u00e4. Hyvin satuin paikalle.<\/p>\n<p style=\"text-align: justify;\">~~~~~~~~~~~~~~~~~~~~<\/p>\n<p style=\"text-align: justify;\">T\u00e4m\u00e4n postauksen otsikkokuvassa on kivipaasi.\u00a0 Se on Karjalaan j\u00e4\u00e4neiden -muistomerkin vieress\u00e4 ja se on siihen vastik\u00e4\u00e4n tuotu Oulunsalosta. Kivess\u00e4 on Karjalan vaakunasta kaksi k\u00e4tt\u00e4. Moni tunnistaa vaakunakuvion varmaankin olutt\u00f6lkin kyljest\u00e4, mutta mit\u00e4 tuo aika sotainen heraldinen kuvio tarkoittaakaan? Karjalan vaakunan kuviossa on<\/p>\n<blockquote>\n<p style=\"text-align: justify;\">Kultakruunu ja kaksi hopeak\u00e4tt\u00e4, jotka ovat valmiita iskem\u00e4\u00e4n, sijaitsevat punaisella kilvell\u00e4 varjagilaisen muodon mukaan. Samalla oikea (l\u00e4ntinen) k\u00e4si on pantu haarniskaan ja siin\u00e4 on suora miekka ja vasen (it\u00e4inen) k\u00e4si on rautapaidan ja sapelin turvissa. Vaakunan p\u00e4\u00e4ajatus on monivuosisatainen taistelu Karjalan alueesta Ven\u00e4j\u00e4n ja Ruotsin v\u00e4lill\u00e4.<\/p>\n<\/blockquote>\n<p style=\"text-align: justify;\">Miten t\u00e4m\u00e4nvuotiseen pyh\u00e4inp\u00e4iv\u00e4\u00e4n tulvahtaakaan n\u00e4in paljon kaikkea sotaista?<\/p>\n<p style=\"text-align: justify;\">\n","protected":false},"excerpt":{"rendered":"<p>Pyh\u00e4inp\u00e4iv\u00e4. Ket\u00e4\u00e4n ei h\u00e4mm\u00e4stytt\u00e4ne, ett\u00e4 suuntasin t\u00e4n\u00e4\u00e4nkin kulkuni hautausmaalle. Tuuli kolkosti, pakkanen ei ollut pureva, mutta s\u00e4\u00e4 kaikkinensa apaattinen. Koska oli piipahdettava kaupassa hakemassa yrttej\u00e4, l\u00e4hdinkin autolla kaupunkiin. Ja pakkasin reppuun hautakynttil\u00f6it\u00e4: k\u00e4velin keskustasta Inti\u00f6n hautuumaalle. T\u00e4n\u00e4\u00e4n kiertelin, k\u00e4velin pitk\u00e4\u00e4n, yst\u00e4vien ja muualle haudattujen muistopaikoilla viiv\u00e4hdin, tietysti viel\u00e4 vanhempienkin haudalla k\u00e4vin ja lopuksi viel\u00e4 viem\u00e4\u00e4n kynttil\u00e4n Karjalaan j\u00e4\u00e4neiden vainajien muistolle. &hellip; <\/p>\n","protected":false},"author":1,"featured_media":47487,"comment_status":"open","ping_status":"open","sticky":false,"template":"","format":"standard","meta":{"_jetpack_newsletter_access":"","_jetpack_dont_email_post_to_subs":false,"_jetpack_newsletter_tier_id":0,"_jetpack_memberships_contains_paywalled_content":false,"_jetpack_feature_clip_id":0,"_jetpack_memberships_contains_paid_content":false,"footnotes":"","jetpack_publicize_message":"","jetpack_publicize_feature_enabled":true,"jetpack_social_post_already_shared":true,"jetpack_social_options":{"image_generator_settings":{"template":"highway","default_image_id":0,"font":"","enabled":false},"version":2},"jetpack_post_was_ever_published":false},"categories":[13],"tags":[],"class_list":["post-47481","post","type-post","status-publish","format-standard","has-post-thumbnail","hentry","category-historiaa","latest_post"],"jetpack_publicize_connections":[],"jetpack_shortlink":"https:\/\/wp.me\/pr4p4-clP","jetpack_sharing_enabled":true,"jetpack_likes_enabled":false,"jetpack-related-posts":[{"id":30717,"url":"https:\/\/www.satokangas.fi\/blogi\/2017\/05\/mennytta-tulevaa-muistoja-kyyneleita-iloa-ja-itkua\/","url_meta":{"origin":47481,"position":0},"title":"Mennytt\u00e4, tulevaa, muistoja, kyyneleit\u00e4, iloa ja itkua&#8230;","author":"Reija","date":"25.5.2017","format":false,"excerpt":"Yhdelle helatorstaille paljon... Meid\u00e4n piti t\u00e4n\u00e4\u00e4n l\u00e4hte\u00e4 Lappiin. M\u00f6kille pesem\u00e4\u00e4n ikkunoita, saunaa, terasseja, tekem\u00e4\u00e4n vuosisiivous m\u00f6kiss\u00e4. Ja patikoimaan kev\u00e4isill\u00e4 tuntureilla. Mutta kun tosiasia on se, ett\u00e4 siell\u00e4 on edelleen v\u00e4hint\u00e4\u00e4n 30 sentti\u00e4 lunta, ja lis\u00e4\u00e4 on luvattu, eik\u00e4 viikonlopuksi, viikoksi luvannut muutamaa astetta enemp\u00e4\u00e4 l\u00e4mmint\u00e4, ja koska t\u00e4m\u00e4 puolikuntoisuus (ja\u2026","rel":"","context":"Kategoriassa &quot;Niit\u00e4 n\u00e4it\u00e4&quot;","block_context":{"text":"Niit\u00e4 n\u00e4it\u00e4","link":"https:\/\/www.satokangas.fi\/blogi\/category\/aiheeton\/"},"img":{"alt_text":"","src":"https:\/\/i0.wp.com\/www.tuulestatemmattua.fi\/wp-content\/uploads\/2017\/05\/T%C3%A4n%C3%A4%C3%A4n-1024x722.jpg?resize=350%2C200","width":350,"height":200,"srcset":"https:\/\/i0.wp.com\/www.tuulestatemmattua.fi\/wp-content\/uploads\/2017\/05\/T%C3%A4n%C3%A4%C3%A4n-1024x722.jpg?resize=350%2C200 1x, https:\/\/i0.wp.com\/www.tuulestatemmattua.fi\/wp-content\/uploads\/2017\/05\/T%C3%A4n%C3%A4%C3%A4n-1024x722.jpg?resize=525%2C300 1.5x, https:\/\/i0.wp.com\/www.tuulestatemmattua.fi\/wp-content\/uploads\/2017\/05\/T%C3%A4n%C3%A4%C3%A4n-1024x722.jpg?resize=700%2C400 2x"},"classes":[]},{"id":26694,"url":"https:\/\/www.satokangas.fi\/blogi\/2015\/10\/karjala\/","url_meta":{"origin":47481,"position":1},"title":"Karjala!","author":"Reija","date":"31.10.2015","format":false,"excerpt":"Pyh\u00e4inp\u00e4iv\u00e4 on t\u00e4n\u00e4\u00e4n ollut minulle Karjala-p\u00e4iv\u00e4. Pyh\u00e4inp\u00e4iv\u00e4n\u00e4 k\u00e4yd\u00e4\u00e4n haudoilla, muistellaan edesmenneit\u00e4 l\u00e4heisi\u00e4, suomalais-kansalliseen tapaan sopivasti synkistell\u00e4\u00e4n, ollaan sentimentaalisia ja lokakuun lopun sumusateinen keli - ainakin Oulussa - on luonut moiselle taas kerran oivalliset puitteet. Ja kyll\u00e4, kyll\u00e4 min\u00e4kin (Pehtoorin kanssa) jo p\u00e4iv\u00e4ll\u00e4 k\u00e4vin haudalla, - ihan niin kuin k\u00e4yn melkein\u2026","rel":"","context":"Kategoriassa &quot;Historiaa&quot;","block_context":{"text":"Historiaa","link":"https:\/\/www.satokangas.fi\/blogi\/category\/historiaa\/"},"img":{"alt_text":"","src":"","width":0,"height":0},"classes":[]},{"id":51129,"url":"https:\/\/www.satokangas.fi\/blogi\/2024\/11\/menneessa-taas-2\/","url_meta":{"origin":47481,"position":2},"title":"Menneess\u00e4 taas &#8230;","author":"Reija","date":"13.11.2024","format":false,"excerpt":"Hieman arveluttava, tai ainakin outo, juttu sattui t\u00e4n\u00e4\u00e4n silmiin kauppareissulla. Ruskon Cittarissa Pirkka-kimppua valitessani hoksasin suunnilleen ik\u00e4iseni naisen valitsevan pitk\u00e4\u00e4n ja huolellisesti irtiksi\u00e4, ker\u00e4si niit\u00e4 pienen pussillisen, ja tuli sitten h\u00e4nkin katselemaan kukka\u00e4mp\u00e4reit\u00e4 - ja samalla vaivihkaa sy\u00f6m\u00e4\u00e4n niit\u00e4 karkkeja! Tovi siin\u00e4 oltiin yht\u00e4 aikaa ja h\u00e4n mutusteli karkin toisensa\u2026","rel":"","context":"Kategoriassa &quot;Niit\u00e4 n\u00e4it\u00e4&quot;","block_context":{"text":"Niit\u00e4 n\u00e4it\u00e4","link":"https:\/\/www.satokangas.fi\/blogi\/category\/aiheeton\/"},"img":{"alt_text":"","src":"https:\/\/i0.wp.com\/www.satokangas.fi\/blogi\/wp-content\/uploads\/2024\/11\/silloilla.jpg?resize=350%2C200&ssl=1","width":350,"height":200,"srcset":"https:\/\/i0.wp.com\/www.satokangas.fi\/blogi\/wp-content\/uploads\/2024\/11\/silloilla.jpg?resize=350%2C200&ssl=1 1x, https:\/\/i0.wp.com\/www.satokangas.fi\/blogi\/wp-content\/uploads\/2024\/11\/silloilla.jpg?resize=525%2C300&ssl=1 1.5x, https:\/\/i0.wp.com\/www.satokangas.fi\/blogi\/wp-content\/uploads\/2024\/11\/silloilla.jpg?resize=700%2C400&ssl=1 2x"},"classes":[]},{"id":44620,"url":"https:\/\/www.satokangas.fi\/blogi\/2023\/01\/surutyota-tallakin-tavoin-evakkomatka-vol-i\/","url_meta":{"origin":47481,"position":3},"title":"Suruty\u00f6t\u00e4 t\u00e4ll\u00e4kin tavoin (Evakkomatka vol. I)","author":"Reija","date":"22.1.2023","format":false,"excerpt":"On kulunut vuosi. Sanotaanhan sit\u00e4, ett\u00e4 surun on k\u00e4yt\u00e4v\u00e4 l\u00e4pi vuodenkierto, kaikki yhteiset juhlap\u00e4iv\u00e4t ja vuodenajat, vuosittain toistuvat merkkip\u00e4iv\u00e4t tai vuodenkierron yhteiset hetket, jotka on yhdess\u00e4 koettu; mit\u00e4 ne itse kullakin ovat, - joulu, \u00e4itienp\u00e4iv\u00e4 tai kes\u00e4loma. Ne hetket on surun aikana elett\u00e4v\u00e4 ilman menetetty\u00e4 ihmist\u00e4, ja v\u00e4h\u00e4n kuin tietoisesti\u2026","rel":"","context":"Kategoriassa &quot;Historiaa&quot;","block_context":{"text":"Historiaa","link":"https:\/\/www.satokangas.fi\/blogi\/category\/historiaa\/"},"img":{"alt_text":"","src":"https:\/\/i0.wp.com\/www.satokangas.fi\/blogi\/wp-content\/uploads\/2023\/01\/Koiviston_kartta.jpg?resize=350%2C200&ssl=1","width":350,"height":200,"srcset":"https:\/\/i0.wp.com\/www.satokangas.fi\/blogi\/wp-content\/uploads\/2023\/01\/Koiviston_kartta.jpg?resize=350%2C200&ssl=1 1x, https:\/\/i0.wp.com\/www.satokangas.fi\/blogi\/wp-content\/uploads\/2023\/01\/Koiviston_kartta.jpg?resize=525%2C300&ssl=1 1.5x, https:\/\/i0.wp.com\/www.satokangas.fi\/blogi\/wp-content\/uploads\/2023\/01\/Koiviston_kartta.jpg?resize=700%2C400&ssl=1 2x, https:\/\/i0.wp.com\/www.satokangas.fi\/blogi\/wp-content\/uploads\/2023\/01\/Koiviston_kartta.jpg?resize=1050%2C600&ssl=1 3x"},"classes":[]},{"id":47290,"url":"https:\/\/www.satokangas.fi\/blogi\/2023\/10\/kuvista-muistoihin-ja-takaisin\/","url_meta":{"origin":47481,"position":4},"title":"Kuvista muistoihin ja takaisin","author":"Reija","date":"9.10.2023","format":false,"excerpt":"Viime vuonna loka- ja marraskuussa elin paljon 30- ja 40-luvun Karjalassa ja S\u00e4rkisalossa ja 50-luvun Kotkassa ja Oulussakin; \u00e4idin evakkomatka-kirja oli intensiivisen, liki jokap\u00e4iv\u00e4isen tekemisen ja kirjoittamisen aihe. Mieless\u00e4 py\u00f6riv\u00e4t ajatukset, suruty\u00f6, tunnelmat. Ja nyt on pari viime p\u00e4iv\u00e4\u00e4 hyvin intensiivisesti, aamuviidest\u00e4 l\u00e4htien tullut eletty\u00e4 omassa menneess\u00e4 vuodesta 2009 t\u00e4h\u00e4n\u2026","rel":"","context":"Kategoriassa &quot;Muistikuvia&quot;","block_context":{"text":"Muistikuvia","link":"https:\/\/www.satokangas.fi\/blogi\/category\/muistikuvia\/"},"img":{"alt_text":"","src":"https:\/\/i0.wp.com\/www.satokangas.fi\/blogi\/wp-content\/uploads\/2017\/09\/Syksy-3.jpg?resize=350%2C200&ssl=1","width":350,"height":200,"srcset":"https:\/\/i0.wp.com\/www.satokangas.fi\/blogi\/wp-content\/uploads\/2017\/09\/Syksy-3.jpg?resize=350%2C200&ssl=1 1x, https:\/\/i0.wp.com\/www.satokangas.fi\/blogi\/wp-content\/uploads\/2017\/09\/Syksy-3.jpg?resize=525%2C300&ssl=1 1.5x, https:\/\/i0.wp.com\/www.satokangas.fi\/blogi\/wp-content\/uploads\/2017\/09\/Syksy-3.jpg?resize=700%2C400&ssl=1 2x"},"classes":[]},{"id":41184,"url":"https:\/\/www.satokangas.fi\/blogi\/2021\/07\/kesalomamatkalla-jossain-ita-suomessa\/","url_meta":{"origin":47481,"position":5},"title":"Kes\u00e4lomamatkalla jossain It\u00e4-Suomessa","author":"Reija","date":"8.7.2021","format":false,"excerpt":"Kes\u00e4aamut ja kes\u00e4illatkin tuntuvat olevan vaikeita nukkua. Illalla ei malta, aamulla her\u00e4\u00e4 kuin on niin valoisaa, aurinkoista ja tiet\u00e4\u00e4 tulevan l\u00e4mpim\u00e4n p\u00e4iv\u00e4n. T\u00e4n\u00e4\u00e4n on kyll\u00e4 ollut melkoinen tuuli, ei kyll\u00e4k\u00e4\u00e4n kylm\u00e4. l\u00e4hes koko p\u00e4iv\u00e4n olen ollut ulkona, illansuussa istahdin vihdoin koneelle ja nyt on kes\u00e4lomareissumme kuvakansiot jotensakaan kuosissa. \"Kuvatekstit\" ovat\u2026","rel":"","context":"Kategoriassa &quot;Niit\u00e4 n\u00e4it\u00e4&quot;","block_context":{"text":"Niit\u00e4 n\u00e4it\u00e4","link":"https:\/\/www.satokangas.fi\/blogi\/category\/aiheeton\/"},"img":{"alt_text":"","src":"https:\/\/i0.wp.com\/www.satokangas.fi\/blogi\/wp-content\/uploads\/2021\/07\/Sinivuokko-scaled.jpg?resize=350%2C200&ssl=1","width":350,"height":200,"srcset":"https:\/\/i0.wp.com\/www.satokangas.fi\/blogi\/wp-content\/uploads\/2021\/07\/Sinivuokko-scaled.jpg?resize=350%2C200&ssl=1 1x, https:\/\/i0.wp.com\/www.satokangas.fi\/blogi\/wp-content\/uploads\/2021\/07\/Sinivuokko-scaled.jpg?resize=525%2C300&ssl=1 1.5x, https:\/\/i0.wp.com\/www.satokangas.fi\/blogi\/wp-content\/uploads\/2021\/07\/Sinivuokko-scaled.jpg?resize=700%2C400&ssl=1 2x, https:\/\/i0.wp.com\/www.satokangas.fi\/blogi\/wp-content\/uploads\/2021\/07\/Sinivuokko-scaled.jpg?resize=1050%2C600&ssl=1 3x, https:\/\/i0.wp.com\/www.satokangas.fi\/blogi\/wp-content\/uploads\/2021\/07\/Sinivuokko-scaled.jpg?resize=1400%2C800&ssl=1 4x"},"classes":[]}],"jetpack_featured_media_url":"https:\/\/www.satokangas.fi\/blogi\/wp-content\/uploads\/2023\/11\/Karjalaan-9.jpg","_links":{"self":[{"href":"https:\/\/www.satokangas.fi\/blogi\/wp-json\/wp\/v2\/posts\/47481","targetHints":{"allow":["GET"]}}],"collection":[{"href":"https:\/\/www.satokangas.fi\/blogi\/wp-json\/wp\/v2\/posts"}],"about":[{"href":"https:\/\/www.satokangas.fi\/blogi\/wp-json\/wp\/v2\/types\/post"}],"author":[{"embeddable":true,"href":"https:\/\/www.satokangas.fi\/blogi\/wp-json\/wp\/v2\/users\/1"}],"replies":[{"embeddable":true,"href":"https:\/\/www.satokangas.fi\/blogi\/wp-json\/wp\/v2\/comments?post=47481"}],"version-history":[{"count":0,"href":"https:\/\/www.satokangas.fi\/blogi\/wp-json\/wp\/v2\/posts\/47481\/revisions"}],"wp:featuredmedia":[{"embeddable":true,"href":"https:\/\/www.satokangas.fi\/blogi\/wp-json\/wp\/v2\/media\/47487"}],"wp:attachment":[{"href":"https:\/\/www.satokangas.fi\/blogi\/wp-json\/wp\/v2\/media?parent=47481"}],"wp:term":[{"taxonomy":"category","embeddable":true,"href":"https:\/\/www.satokangas.fi\/blogi\/wp-json\/wp\/v2\/categories?post=47481"},{"taxonomy":"post_tag","embeddable":true,"href":"https:\/\/www.satokangas.fi\/blogi\/wp-json\/wp\/v2\/tags?post=47481"}],"curies":[{"name":"wp","href":"https:\/\/api.w.org\/{rel}","templated":true}]}}